{"id":19997,"date":"2025-07-14T13:43:56","date_gmt":"2025-07-14T19:43:56","guid":{"rendered":"https:\/\/elpuucnoticias.com\/?p=19997"},"modified":"2025-07-14T13:43:57","modified_gmt":"2025-07-14T19:43:57","slug":"pesista-quintanarroense-convocado-para-competir-en-el-campeonato-panamericano-de-halterofilia","status":"publish","type":"post","link":"https:\/\/elpuucnoticias.com\/?p=19997","title":{"rendered":"Pesista quintanarroense convocado para competir en el Campeonato Panamericano de Halterofilia"},"content":{"rendered":"\n<p>Luego de tener una destacada actuaci\u00f3n en la pasada Olimpiada Nacional CONADE 2025, donde conquist\u00f3 dos oros y una plata, el pesista quintanarroense Herseleid Carrasco Cetz viaj\u00f3 con destino a la Ciudad de M\u00e9xico, para integrarse con la Selecci\u00f3n Mexicana de Levantamiento de Pesas, que competir\u00e1 en el Campeonato Panamericano de Mayores de la especialidad, mismo que se realizar\u00e1 en la ciudad de Cali, Colombia, del 12 al 18 de julio.<\/p>\n\n\n\n<figure class=\"wp-block-image is-style-default\"><a href=\"https:\/\/cgc.qroo.gob.mx\/cjg\/wp-content\/uploads\/2025\/07\/WhatsApp-Image-2025-07-12-at-19.06.50.jpeg\"><img decoding=\"async\" src=\"https:\/\/cgc.qroo.gob.mx\/cjg\/wp-content\/uploads\/2025\/07\/WhatsApp-Image-2025-07-12-at-19.06.50-585x780.jpeg\" alt=\"\" title=\"WhatsApp Image 2025-07-12 at 19.06.50\"\/><\/a><\/figure>\n\n\n\n<p>Con el respaldo de la Comisi\u00f3n del Deporte de Quintana Roo (CODEQ), presidida por Jacobo Arzate Hop, el atleta chetumale\u00f1o se ha desarrollado dentro de la disciplina de halterofilia, donde ha sido un constante con el equipo nacional y una vez m\u00e1s mostrar\u00e1 su calidad en un certamen de talla internacional, esto cumpliendo con las acciones que enmarca el Nuevo Acuerdo por el Bienestar y Desarrollo, que impulsa la gobernadora Mara Lezama Espinosa.<\/p>\n\n\n\n<p>El chetumale\u00f1o, quien ya ha sido llamado en otras ocasiones, en esta ocasi\u00f3n logr\u00f3 su convocatoria gracias a sus excelentes resultados en diferentes competencias y se\u00f1al\u00f3 que ser\u00e1 una gran experiencia en su camino personal, pues esto representa tambi\u00e9n el inicio del ciclo ol\u00edmpico rumbo a Los \u00c1ngeles 2028.<\/p>\n\n\n\n<figure class=\"wp-block-image is-style-default\"><a href=\"https:\/\/cgc.qroo.gob.mx\/cjg\/wp-content\/uploads\/2025\/07\/WhatsApp-Image-2025-07-12-at-19.06.50-1.jpeg\"><img decoding=\"async\" src=\"https:\/\/cgc.qroo.gob.mx\/cjg\/wp-content\/uploads\/2025\/07\/WhatsApp-Image-2025-07-12-at-19.06.50-1-585x329.jpeg\" alt=\"\" title=\"WhatsApp Image 2025-07-12 at 19.06.50 (1)\"\/><\/a><\/figure>\n\n\n\n<p>\u201cMe siento muy contento de formar parte de la Selecci\u00f3n Mexicana para este importante evento, la Olimpiada Nacional me sirvi\u00f3 como preparaci\u00f3n para este compromiso y pude afianzarme como campe\u00f3n nacional por s\u00e9ptima vez, as\u00ed que viajo muy motivado y en busca de medallas para el pa\u00eds\u201d, coment\u00f3 Herseleid Carrasco.<\/p>\n\n\n\n<p>Reconoci\u00f3 que ser\u00e1 una competencia completamente distinta, pues ah\u00ed se enfrentar\u00e1 a atletas mayores y con una amplia experiencia, pero conf\u00eda en traer buenos resultados, ya que se encuentra motivado para hacer m\u00e9ritos, seguir prepar\u00e1ndose y crear la oportunidad para lo que ser\u00edan sus primeros Juegos Ol\u00edmpicos.<\/p>\n","protected":false},"excerpt":{"rendered":"<p>Luego de tener una destacada actuaci\u00f3n en la pasada Olimpiada Nacional CONADE 2025, donde conquist\u00f3 dos oros y<\/p>\n","protected":false},"author":1,"featured_media":19998,"comment_status":"closed","ping_status":"open","sticky":false,"template":"","format":"standard","meta":{"_monsterinsights_skip_tracking":false,"_monsterinsights_sitenote_active":false,"_monsterinsights_sitenote_note":"","_monsterinsights_sitenote_category":0,"footnotes":""},"categories":[11,24],"tags":[],"class_list":["post-19997","post","type-post","status-publish","format-standard","has-post-thumbnail","hentry","category-noticias","category-quintana-roo"],"yoast_head":"<!-- This site is optimized with the Yoast SEO plugin v18.3 - https:\/\/yoast.com\/wordpress\/plugins\/seo\/ -->\n<title>Pesista quintanarroense convocado para competir en el Campeonato Panamericano de Halterofilia - El Puuc Noticias<\/title>\n<meta name=\"robots\" content=\"index, follow, max-snippet:-1, max-image-preview:large, max-video-preview:-1\" \/>\n<link rel=\"canonical\" href=\"https:\/\/elpuucnoticias.com\/?p=19997\" \/>\n<meta property=\"og:locale\" content=\"es_ES\" \/>\n<meta property=\"og:type\" content=\"article\" \/>\n<meta property=\"og:title\" content=\"Pesista quintanarroense convocado para competir en el Campeonato Panamericano de Halterofilia - El Puuc Noticias\" \/>\n<meta property=\"og:description\" content=\"Luego de tener una destacada actuaci\u00f3n en la pasada Olimpiada Nacional CONADE 2025, donde conquist\u00f3 dos oros y\" \/>\n<meta property=\"og:url\" content=\"https:\/\/elpuucnoticias.com\/?p=19997\" \/>\n<meta property=\"og:site_name\" content=\"El Puuc Noticias\" \/>\n<meta property=\"article:published_time\" content=\"2025-07-14T19:43:56+00:00\" \/>\n<meta property=\"article:modified_time\" content=\"2025-07-14T19:43:57+00:00\" \/>\n<meta property=\"og:image\" content=\"https:\/\/elpuucnoticias.com\/wp-content\/uploads\/2025\/07\/whatsapp-image-2025-07-12-at-19.06.50-2.jpeg\" \/>\n\t<meta property=\"og:image:width\" content=\"2560\" \/>\n\t<meta property=\"og:image:height\" content=\"1440\" \/>\n\t<meta property=\"og:image:type\" content=\"image\/jpeg\" \/>\n<meta name=\"twitter:card\" content=\"summary_large_image\" \/>\n<meta name=\"twitter:label1\" content=\"Escrito por\" \/>\n\t<meta name=\"twitter:data1\" content=\"elpuucnoticias\" \/>\n\t<meta name=\"twitter:label2\" content=\"Tiempo de lectura\" \/>\n\t<meta name=\"twitter:data2\" content=\"2 minutos\" \/>\n<script type=\"application\/ld+json\" class=\"yoast-schema-graph\">{\"@context\":\"https:\/\/schema.org\",\"@graph\":[{\"@type\":\"WebSite\",\"@id\":\"https:\/\/elpuucnoticias.com\/#website\",\"url\":\"https:\/\/elpuucnoticias.com\/\",\"name\":\"El Puuc Noticias\",\"description\":\"Noticias - Entretenimiento - Deportes\",\"potentialAction\":[{\"@type\":\"SearchAction\",\"target\":{\"@type\":\"EntryPoint\",\"urlTemplate\":\"https:\/\/elpuucnoticias.com\/?s={search_term_string}\"},\"query-input\":\"required name=search_term_string\"}],\"inLanguage\":\"es\"},{\"@type\":\"ImageObject\",\"@id\":\"https:\/\/elpuucnoticias.com\/?p=19997#primaryimage\",\"inLanguage\":\"es\",\"url\":\"https:\/\/elpuucnoticias.com\/wp-content\/uploads\/2025\/07\/whatsapp-image-2025-07-12-at-19.06.50-2.jpeg\",\"contentUrl\":\"https:\/\/elpuucnoticias.com\/wp-content\/uploads\/2025\/07\/whatsapp-image-2025-07-12-at-19.06.50-2.jpeg\",\"width\":2560,\"height\":1440},{\"@type\":\"WebPage\",\"@id\":\"https:\/\/elpuucnoticias.com\/?p=19997#webpage\",\"url\":\"https:\/\/elpuucnoticias.com\/?p=19997\",\"name\":\"Pesista quintanarroense convocado para competir en el Campeonato Panamericano de Halterofilia - El Puuc Noticias\",\"isPartOf\":{\"@id\":\"https:\/\/elpuucnoticias.com\/#website\"},\"primaryImageOfPage\":{\"@id\":\"https:\/\/elpuucnoticias.com\/?p=19997#primaryimage\"},\"datePublished\":\"2025-07-14T19:43:56+00:00\",\"dateModified\":\"2025-07-14T19:43:57+00:00\",\"author\":{\"@id\":\"https:\/\/elpuucnoticias.com\/#\/schema\/person\/d2ea09e4c97f0160b11cdfb1d856bd9e\"},\"breadcrumb\":{\"@id\":\"https:\/\/elpuucnoticias.com\/?p=19997#breadcrumb\"},\"inLanguage\":\"es\",\"potentialAction\":[{\"@type\":\"ReadAction\",\"target\":[\"https:\/\/elpuucnoticias.com\/?p=19997\"]}]},{\"@type\":\"BreadcrumbList\",\"@id\":\"https:\/\/elpuucnoticias.com\/?p=19997#breadcrumb\",\"itemListElement\":[{\"@type\":\"ListItem\",\"position\":1,\"name\":\"Portada\",\"item\":\"https:\/\/elpuucnoticias.com\/\"},{\"@type\":\"ListItem\",\"position\":2,\"name\":\"Pesista quintanarroense convocado para competir en el Campeonato Panamericano de Halterofilia\"}]},{\"@type\":\"Person\",\"@id\":\"https:\/\/elpuucnoticias.com\/#\/schema\/person\/d2ea09e4c97f0160b11cdfb1d856bd9e\",\"name\":\"elpuucnoticias\",\"image\":{\"@type\":\"ImageObject\",\"@id\":\"https:\/\/elpuucnoticias.com\/#personlogo\",\"inLanguage\":\"es\",\"url\":\"https:\/\/secure.gravatar.com\/avatar\/5290a43657c74ffa15701dbe5b846bd85cc71930d803c84e91046a7333de6ce2?s=96&d=mm&r=g\",\"contentUrl\":\"https:\/\/secure.gravatar.com\/avatar\/5290a43657c74ffa15701dbe5b846bd85cc71930d803c84e91046a7333de6ce2?s=96&d=mm&r=g\",\"caption\":\"elpuucnoticias\"},\"sameAs\":[\"https:\/\/elpuucnoticias.com\"],\"url\":\"https:\/\/elpuucnoticias.com\/?author=1\"}]}<\/script>\n<!-- \/ Yoast SEO plugin. -->","yoast_head_json":{"title":"Pesista quintanarroense convocado para competir en el Campeonato Panamericano de Halterofilia - El Puuc Noticias","robots":{"index":"index","follow":"follow","max-snippet":"max-snippet:-1","max-image-preview":"max-image-preview:large","max-video-preview":"max-video-preview:-1"},"canonical":"https:\/\/elpuucnoticias.com\/?p=19997","og_locale":"es_ES","og_type":"article","og_title":"Pesista quintanarroense convocado para competir en el Campeonato Panamericano de Halterofilia - El Puuc Noticias","og_description":"Luego de tener una destacada actuaci\u00f3n en la pasada Olimpiada Nacional CONADE 2025, donde conquist\u00f3 dos oros y","og_url":"https:\/\/elpuucnoticias.com\/?p=19997","og_site_name":"El Puuc Noticias","article_published_time":"2025-07-14T19:43:56+00:00","article_modified_time":"2025-07-14T19:43:57+00:00","og_image":[{"width":2560,"height":1440,"url":"https:\/\/elpuucnoticias.com\/wp-content\/uploads\/2025\/07\/whatsapp-image-2025-07-12-at-19.06.50-2.jpeg","type":"image\/jpeg"}],"twitter_card":"summary_large_image","twitter_misc":{"Escrito por":"elpuucnoticias","Tiempo de lectura":"2 minutos"},"schema":{"@context":"https:\/\/schema.org","@graph":[{"@type":"WebSite","@id":"https:\/\/elpuucnoticias.com\/#website","url":"https:\/\/elpuucnoticias.com\/","name":"El Puuc Noticias","description":"Noticias - Entretenimiento - Deportes","potentialAction":[{"@type":"SearchAction","target":{"@type":"EntryPoint","urlTemplate":"https:\/\/elpuucnoticias.com\/?s={search_term_string}"},"query-input":"required name=search_term_string"}],"inLanguage":"es"},{"@type":"ImageObject","@id":"https:\/\/elpuucnoticias.com\/?p=19997#primaryimage","inLanguage":"es","url":"https:\/\/elpuucnoticias.com\/wp-content\/uploads\/2025\/07\/whatsapp-image-2025-07-12-at-19.06.50-2.jpeg","contentUrl":"https:\/\/elpuucnoticias.com\/wp-content\/uploads\/2025\/07\/whatsapp-image-2025-07-12-at-19.06.50-2.jpeg","width":2560,"height":1440},{"@type":"WebPage","@id":"https:\/\/elpuucnoticias.com\/?p=19997#webpage","url":"https:\/\/elpuucnoticias.com\/?p=19997","name":"Pesista quintanarroense convocado para competir en el Campeonato Panamericano de Halterofilia - El Puuc Noticias","isPartOf":{"@id":"https:\/\/elpuucnoticias.com\/#website"},"primaryImageOfPage":{"@id":"https:\/\/elpuucnoticias.com\/?p=19997#primaryimage"},"datePublished":"2025-07-14T19:43:56+00:00","dateModified":"2025-07-14T19:43:57+00:00","author":{"@id":"https:\/\/elpuucnoticias.com\/#\/schema\/person\/d2ea09e4c97f0160b11cdfb1d856bd9e"},"breadcrumb":{"@id":"https:\/\/elpuucnoticias.com\/?p=19997#breadcrumb"},"inLanguage":"es","potentialAction":[{"@type":"ReadAction","target":["https:\/\/elpuucnoticias.com\/?p=19997"]}]},{"@type":"BreadcrumbList","@id":"https:\/\/elpuucnoticias.com\/?p=19997#breadcrumb","itemListElement":[{"@type":"ListItem","position":1,"name":"Portada","item":"https:\/\/elpuucnoticias.com\/"},{"@type":"ListItem","position":2,"name":"Pesista quintanarroense convocado para competir en el Campeonato Panamericano de Halterofilia"}]},{"@type":"Person","@id":"https:\/\/elpuucnoticias.com\/#\/schema\/person\/d2ea09e4c97f0160b11cdfb1d856bd9e","name":"elpuucnoticias","image":{"@type":"ImageObject","@id":"https:\/\/elpuucnoticias.com\/#personlogo","inLanguage":"es","url":"https:\/\/secure.gravatar.com\/avatar\/5290a43657c74ffa15701dbe5b846bd85cc71930d803c84e91046a7333de6ce2?s=96&d=mm&r=g","contentUrl":"https:\/\/secure.gravatar.com\/avatar\/5290a43657c74ffa15701dbe5b846bd85cc71930d803c84e91046a7333de6ce2?s=96&d=mm&r=g","caption":"elpuucnoticias"},"sameAs":["https:\/\/elpuucnoticias.com"],"url":"https:\/\/elpuucnoticias.com\/?author=1"}]}},"_links":{"self":[{"href":"https:\/\/elpuucnoticias.com\/index.php?rest_route=\/wp\/v2\/posts\/19997","targetHints":{"allow":["GET"]}}],"collection":[{"href":"https:\/\/elpuucnoticias.com\/index.php?rest_route=\/wp\/v2\/posts"}],"about":[{"href":"https:\/\/elpuucnoticias.com\/index.php?rest_route=\/wp\/v2\/types\/post"}],"author":[{"embeddable":true,"href":"https:\/\/elpuucnoticias.com\/index.php?rest_route=\/wp\/v2\/users\/1"}],"replies":[{"embeddable":true,"href":"https:\/\/elpuucnoticias.com\/index.php?rest_route=%2Fwp%2Fv2%2Fcomments&post=19997"}],"version-history":[{"count":1,"href":"https:\/\/elpuucnoticias.com\/index.php?rest_route=\/wp\/v2\/posts\/19997\/revisions"}],"predecessor-version":[{"id":19999,"href":"https:\/\/elpuucnoticias.com\/index.php?rest_route=\/wp\/v2\/posts\/19997\/revisions\/19999"}],"wp:featuredmedia":[{"embeddable":true,"href":"https:\/\/elpuucnoticias.com\/index.php?rest_route=\/wp\/v2\/media\/19998"}],"wp:attachment":[{"href":"https:\/\/elpuucnoticias.com\/index.php?rest_route=%2Fwp%2Fv2%2Fmedia&parent=19997"}],"wp:term":[{"taxonomy":"category","embeddable":true,"href":"https:\/\/elpuucnoticias.com\/index.php?rest_route=%2Fwp%2Fv2%2Fcategories&post=19997"},{"taxonomy":"post_tag","embeddable":true,"href":"https:\/\/elpuucnoticias.com\/index.php?rest_route=%2Fwp%2Fv2%2Ftags&post=19997"}],"curies":[{"name":"wp","href":"https:\/\/api.w.org\/{rel}","templated":true}]}}