{"id":20000,"date":"2025-07-14T13:47:52","date_gmt":"2025-07-14T19:47:52","guid":{"rendered":"https:\/\/elpuucnoticias.com\/?p=20000"},"modified":"2025-07-14T13:47:52","modified_gmt":"2025-07-14T19:47:52","slug":"recibe-el-centro-de-conciliacion-laboral-de-quintana-roo-segundo-distintivo-de-excelencia-en-el-servicio-publico","status":"publish","type":"post","link":"https:\/\/elpuucnoticias.com\/?p=20000","title":{"rendered":"Recibe el Centro de Conciliaci\u00f3n Laboral de Quintana Roo segundo Distintivo de Excelencia en el Servicio P\u00fablico"},"content":{"rendered":"\n<p>En un acto significativo para la administraci\u00f3n p\u00fablica del estado, el pasado viernes el Centro de Conciliaci\u00f3n Laboral de Quintana Roo (CCLQROO), recibi\u00f3 su segunda placa del Distintivo de Excelencia en el Servicio P\u00fablico, al cumplir con todos los est\u00e1ndares en servicio, seguridad, transparencia, eficiencia y eficacia, entre otros en beneficio de las y los usuarios.<\/p>\n\n\n\n<figure class=\"wp-block-image is-style-default\"><a href=\"https:\/\/cgc.qroo.gob.mx\/cjg\/wp-content\/uploads\/2025\/07\/Imagen-de-WhatsApp-2025-07-12-a-las-19.39.05_95deb9d2.jpg\"><img decoding=\"async\" src=\"https:\/\/cgc.qroo.gob.mx\/cjg\/wp-content\/uploads\/2025\/07\/Imagen-de-WhatsApp-2025-07-12-a-las-19.39.05_95deb9d2-585x439.jpg\" alt=\"\" title=\"Imagen de WhatsApp 2025-07-12 a las 19.39.05_95deb9d2\"\/><\/a><\/figure>\n\n\n\n<p>En esta ocasi\u00f3n la delegaci\u00f3n en Benito Ju\u00e1rez recibi\u00f3 este reconocimiento, el cual forma parte del Programa de Excelencia en el Servicio P\u00fablico, y destaca el compromiso, eficiencia y profesionalismo del personal de este Centro en su labor de conciliaci\u00f3n laboral, para el beneficio de trabajadores y empleadores de Quintana Roo.<\/p>\n\n\n\n<p>El evento estuvo encabezado por F\u00e9lix D\u00edaz Villalobos, de la Secretar\u00eda Anticorrupci\u00f3n y Buen Gobierno; \u00c1ngel Ram\u00edrez Florescano y Blanca Aguilar Mart\u00edn en calidad de testigos ciudadanos, as\u00ed como el director general del CCLQROO, Iv\u00e1n Andr\u00e9s Figueroa y Naim Nazim Fern\u00e1ndez como responsable y testigo respectivamente.<\/p>\n\n\n\n<figure class=\"wp-block-image is-style-default\"><a href=\"https:\/\/cgc.qroo.gob.mx\/cjg\/wp-content\/uploads\/2025\/07\/Imagen-de-WhatsApp-2025-07-12-a-las-19.39.04_637cbbc5.jpg\"><img decoding=\"async\" src=\"https:\/\/cgc.qroo.gob.mx\/cjg\/wp-content\/uploads\/2025\/07\/Imagen-de-WhatsApp-2025-07-12-a-las-19.39.04_637cbbc5-585x780.jpg\" alt=\"\" title=\"Imagen de WhatsApp 2025-07-12 a las 19.39.04_637cbbc5\"\/><\/a><\/figure>\n\n\n\n<p>Luego de que el Grupo Interdisciplinario Evaluador, as\u00ed como los Guardianes de la Transformaci\u00f3n verificaran rigurosamente el cumplimiento de todos los lineamientos y obligaciones establecidos por el programa, el director general del CCLQROO, Iv\u00e1n Andr\u00e9s Figueroa recibi\u00f3 el distintivo cinco estrellas de manos de F\u00e9lix D\u00edaz Villalobos.<\/p>\n\n\n\n<p>Este logro forma parte del esfuerzo institucional por alinearse con el Nuevo Acuerdo por el Bienestar y Desarrollo de Quintana Roo, promovido por la gobernadora Mara Lezama Espinosa, que impulsa una administraci\u00f3n p\u00fablica m\u00e1s eficiente, transparente y orientada al bienestar de la poblaci\u00f3n.<\/p>\n","protected":false},"excerpt":{"rendered":"<p>En un acto significativo para la administraci\u00f3n p\u00fablica del estado, el pasado viernes el Centro de Conciliaci\u00f3n Laboral<\/p>\n","protected":false},"author":1,"featured_media":20001,"comment_status":"closed","ping_status":"open","sticky":false,"template":"","format":"standard","meta":{"_monsterinsights_skip_tracking":false,"_monsterinsights_sitenote_active":false,"_monsterinsights_sitenote_note":"","_monsterinsights_sitenote_category":0,"footnotes":""},"categories":[11,24],"tags":[],"class_list":["post-20000","post","type-post","status-publish","format-standard","has-post-thumbnail","hentry","category-noticias","category-quintana-roo"],"yoast_head":"<!-- This site is optimized with the Yoast SEO plugin v18.3 - https:\/\/yoast.com\/wordpress\/plugins\/seo\/ -->\n<title>Recibe el Centro de Conciliaci\u00f3n Laboral de Quintana Roo segundo Distintivo de Excelencia en el Servicio P\u00fablico - El Puuc Noticias<\/title>\n<meta name=\"robots\" content=\"index, follow, max-snippet:-1, max-image-preview:large, max-video-preview:-1\" \/>\n<link rel=\"canonical\" href=\"https:\/\/elpuucnoticias.com\/?p=20000\" \/>\n<meta property=\"og:locale\" content=\"es_ES\" \/>\n<meta property=\"og:type\" content=\"article\" \/>\n<meta property=\"og:title\" content=\"Recibe el Centro de Conciliaci\u00f3n Laboral de Quintana Roo segundo Distintivo de Excelencia en el Servicio P\u00fablico - El Puuc Noticias\" \/>\n<meta property=\"og:description\" content=\"En un acto significativo para la administraci\u00f3n p\u00fablica del estado, el pasado viernes el Centro de Conciliaci\u00f3n Laboral\" \/>\n<meta property=\"og:url\" content=\"https:\/\/elpuucnoticias.com\/?p=20000\" \/>\n<meta property=\"og:site_name\" content=\"El Puuc Noticias\" \/>\n<meta property=\"article:published_time\" content=\"2025-07-14T19:47:52+00:00\" \/>\n<meta property=\"og:image\" content=\"https:\/\/elpuucnoticias.com\/wp-content\/uploads\/2025\/07\/imagen-de-whatsapp-2025-07-12-a-las-19.39.04_4cc823b0.jpg\" \/>\n\t<meta property=\"og:image:width\" content=\"1280\" \/>\n\t<meta property=\"og:image:height\" content=\"960\" \/>\n\t<meta property=\"og:image:type\" content=\"image\/jpeg\" \/>\n<meta name=\"twitter:card\" content=\"summary_large_image\" \/>\n<meta name=\"twitter:label1\" content=\"Escrito por\" \/>\n\t<meta name=\"twitter:data1\" content=\"elpuucnoticias\" \/>\n\t<meta name=\"twitter:label2\" content=\"Tiempo de lectura\" \/>\n\t<meta name=\"twitter:data2\" content=\"1 minuto\" \/>\n<script type=\"application\/ld+json\" class=\"yoast-schema-graph\">{\"@context\":\"https:\/\/schema.org\",\"@graph\":[{\"@type\":\"WebSite\",\"@id\":\"https:\/\/elpuucnoticias.com\/#website\",\"url\":\"https:\/\/elpuucnoticias.com\/\",\"name\":\"El Puuc Noticias\",\"description\":\"Noticias - Entretenimiento - Deportes\",\"potentialAction\":[{\"@type\":\"SearchAction\",\"target\":{\"@type\":\"EntryPoint\",\"urlTemplate\":\"https:\/\/elpuucnoticias.com\/?s={search_term_string}\"},\"query-input\":\"required name=search_term_string\"}],\"inLanguage\":\"es\"},{\"@type\":\"ImageObject\",\"@id\":\"https:\/\/elpuucnoticias.com\/?p=20000#primaryimage\",\"inLanguage\":\"es\",\"url\":\"https:\/\/elpuucnoticias.com\/wp-content\/uploads\/2025\/07\/imagen-de-whatsapp-2025-07-12-a-las-19.39.04_4cc823b0.jpg\",\"contentUrl\":\"https:\/\/elpuucnoticias.com\/wp-content\/uploads\/2025\/07\/imagen-de-whatsapp-2025-07-12-a-las-19.39.04_4cc823b0.jpg\",\"width\":1280,\"height\":960},{\"@type\":\"WebPage\",\"@id\":\"https:\/\/elpuucnoticias.com\/?p=20000#webpage\",\"url\":\"https:\/\/elpuucnoticias.com\/?p=20000\",\"name\":\"Recibe el Centro de Conciliaci\u00f3n Laboral de Quintana Roo segundo Distintivo de Excelencia en el Servicio P\u00fablico - El Puuc Noticias\",\"isPartOf\":{\"@id\":\"https:\/\/elpuucnoticias.com\/#website\"},\"primaryImageOfPage\":{\"@id\":\"https:\/\/elpuucnoticias.com\/?p=20000#primaryimage\"},\"datePublished\":\"2025-07-14T19:47:52+00:00\",\"dateModified\":\"2025-07-14T19:47:52+00:00\",\"author\":{\"@id\":\"https:\/\/elpuucnoticias.com\/#\/schema\/person\/d2ea09e4c97f0160b11cdfb1d856bd9e\"},\"breadcrumb\":{\"@id\":\"https:\/\/elpuucnoticias.com\/?p=20000#breadcrumb\"},\"inLanguage\":\"es\",\"potentialAction\":[{\"@type\":\"ReadAction\",\"target\":[\"https:\/\/elpuucnoticias.com\/?p=20000\"]}]},{\"@type\":\"BreadcrumbList\",\"@id\":\"https:\/\/elpuucnoticias.com\/?p=20000#breadcrumb\",\"itemListElement\":[{\"@type\":\"ListItem\",\"position\":1,\"name\":\"Portada\",\"item\":\"https:\/\/elpuucnoticias.com\/\"},{\"@type\":\"ListItem\",\"position\":2,\"name\":\"Recibe el Centro de Conciliaci\u00f3n Laboral de Quintana Roo segundo Distintivo de Excelencia en el Servicio P\u00fablico\"}]},{\"@type\":\"Person\",\"@id\":\"https:\/\/elpuucnoticias.com\/#\/schema\/person\/d2ea09e4c97f0160b11cdfb1d856bd9e\",\"name\":\"elpuucnoticias\",\"image\":{\"@type\":\"ImageObject\",\"@id\":\"https:\/\/elpuucnoticias.com\/#personlogo\",\"inLanguage\":\"es\",\"url\":\"https:\/\/secure.gravatar.com\/avatar\/5290a43657c74ffa15701dbe5b846bd85cc71930d803c84e91046a7333de6ce2?s=96&d=mm&r=g\",\"contentUrl\":\"https:\/\/secure.gravatar.com\/avatar\/5290a43657c74ffa15701dbe5b846bd85cc71930d803c84e91046a7333de6ce2?s=96&d=mm&r=g\",\"caption\":\"elpuucnoticias\"},\"sameAs\":[\"https:\/\/elpuucnoticias.com\"],\"url\":\"https:\/\/elpuucnoticias.com\/?author=1\"}]}<\/script>\n<!-- \/ Yoast SEO plugin. -->","yoast_head_json":{"title":"Recibe el Centro de Conciliaci\u00f3n Laboral de Quintana Roo segundo Distintivo de Excelencia en el Servicio P\u00fablico - El Puuc Noticias","robots":{"index":"index","follow":"follow","max-snippet":"max-snippet:-1","max-image-preview":"max-image-preview:large","max-video-preview":"max-video-preview:-1"},"canonical":"https:\/\/elpuucnoticias.com\/?p=20000","og_locale":"es_ES","og_type":"article","og_title":"Recibe el Centro de Conciliaci\u00f3n Laboral de Quintana Roo segundo Distintivo de Excelencia en el Servicio P\u00fablico - El Puuc Noticias","og_description":"En un acto significativo para la administraci\u00f3n p\u00fablica del estado, el pasado viernes el Centro de Conciliaci\u00f3n Laboral","og_url":"https:\/\/elpuucnoticias.com\/?p=20000","og_site_name":"El Puuc Noticias","article_published_time":"2025-07-14T19:47:52+00:00","og_image":[{"width":1280,"height":960,"url":"https:\/\/elpuucnoticias.com\/wp-content\/uploads\/2025\/07\/imagen-de-whatsapp-2025-07-12-a-las-19.39.04_4cc823b0.jpg","type":"image\/jpeg"}],"twitter_card":"summary_large_image","twitter_misc":{"Escrito por":"elpuucnoticias","Tiempo de lectura":"1 minuto"},"schema":{"@context":"https:\/\/schema.org","@graph":[{"@type":"WebSite","@id":"https:\/\/elpuucnoticias.com\/#website","url":"https:\/\/elpuucnoticias.com\/","name":"El Puuc Noticias","description":"Noticias - Entretenimiento - Deportes","potentialAction":[{"@type":"SearchAction","target":{"@type":"EntryPoint","urlTemplate":"https:\/\/elpuucnoticias.com\/?s={search_term_string}"},"query-input":"required name=search_term_string"}],"inLanguage":"es"},{"@type":"ImageObject","@id":"https:\/\/elpuucnoticias.com\/?p=20000#primaryimage","inLanguage":"es","url":"https:\/\/elpuucnoticias.com\/wp-content\/uploads\/2025\/07\/imagen-de-whatsapp-2025-07-12-a-las-19.39.04_4cc823b0.jpg","contentUrl":"https:\/\/elpuucnoticias.com\/wp-content\/uploads\/2025\/07\/imagen-de-whatsapp-2025-07-12-a-las-19.39.04_4cc823b0.jpg","width":1280,"height":960},{"@type":"WebPage","@id":"https:\/\/elpuucnoticias.com\/?p=20000#webpage","url":"https:\/\/elpuucnoticias.com\/?p=20000","name":"Recibe el Centro de Conciliaci\u00f3n Laboral de Quintana Roo segundo Distintivo de Excelencia en el Servicio P\u00fablico - El Puuc Noticias","isPartOf":{"@id":"https:\/\/elpuucnoticias.com\/#website"},"primaryImageOfPage":{"@id":"https:\/\/elpuucnoticias.com\/?p=20000#primaryimage"},"datePublished":"2025-07-14T19:47:52+00:00","dateModified":"2025-07-14T19:47:52+00:00","author":{"@id":"https:\/\/elpuucnoticias.com\/#\/schema\/person\/d2ea09e4c97f0160b11cdfb1d856bd9e"},"breadcrumb":{"@id":"https:\/\/elpuucnoticias.com\/?p=20000#breadcrumb"},"inLanguage":"es","potentialAction":[{"@type":"ReadAction","target":["https:\/\/elpuucnoticias.com\/?p=20000"]}]},{"@type":"BreadcrumbList","@id":"https:\/\/elpuucnoticias.com\/?p=20000#breadcrumb","itemListElement":[{"@type":"ListItem","position":1,"name":"Portada","item":"https:\/\/elpuucnoticias.com\/"},{"@type":"ListItem","position":2,"name":"Recibe el Centro de Conciliaci\u00f3n Laboral de Quintana Roo segundo Distintivo de Excelencia en el Servicio P\u00fablico"}]},{"@type":"Person","@id":"https:\/\/elpuucnoticias.com\/#\/schema\/person\/d2ea09e4c97f0160b11cdfb1d856bd9e","name":"elpuucnoticias","image":{"@type":"ImageObject","@id":"https:\/\/elpuucnoticias.com\/#personlogo","inLanguage":"es","url":"https:\/\/secure.gravatar.com\/avatar\/5290a43657c74ffa15701dbe5b846bd85cc71930d803c84e91046a7333de6ce2?s=96&d=mm&r=g","contentUrl":"https:\/\/secure.gravatar.com\/avatar\/5290a43657c74ffa15701dbe5b846bd85cc71930d803c84e91046a7333de6ce2?s=96&d=mm&r=g","caption":"elpuucnoticias"},"sameAs":["https:\/\/elpuucnoticias.com"],"url":"https:\/\/elpuucnoticias.com\/?author=1"}]}},"_links":{"self":[{"href":"https:\/\/elpuucnoticias.com\/index.php?rest_route=\/wp\/v2\/posts\/20000","targetHints":{"allow":["GET"]}}],"collection":[{"href":"https:\/\/elpuucnoticias.com\/index.php?rest_route=\/wp\/v2\/posts"}],"about":[{"href":"https:\/\/elpuucnoticias.com\/index.php?rest_route=\/wp\/v2\/types\/post"}],"author":[{"embeddable":true,"href":"https:\/\/elpuucnoticias.com\/index.php?rest_route=\/wp\/v2\/users\/1"}],"replies":[{"embeddable":true,"href":"https:\/\/elpuucnoticias.com\/index.php?rest_route=%2Fwp%2Fv2%2Fcomments&post=20000"}],"version-history":[{"count":1,"href":"https:\/\/elpuucnoticias.com\/index.php?rest_route=\/wp\/v2\/posts\/20000\/revisions"}],"predecessor-version":[{"id":20002,"href":"https:\/\/elpuucnoticias.com\/index.php?rest_route=\/wp\/v2\/posts\/20000\/revisions\/20002"}],"wp:featuredmedia":[{"embeddable":true,"href":"https:\/\/elpuucnoticias.com\/index.php?rest_route=\/wp\/v2\/media\/20001"}],"wp:attachment":[{"href":"https:\/\/elpuucnoticias.com\/index.php?rest_route=%2Fwp%2Fv2%2Fmedia&parent=20000"}],"wp:term":[{"taxonomy":"category","embeddable":true,"href":"https:\/\/elpuucnoticias.com\/index.php?rest_route=%2Fwp%2Fv2%2Fcategories&post=20000"},{"taxonomy":"post_tag","embeddable":true,"href":"https:\/\/elpuucnoticias.com\/index.php?rest_route=%2Fwp%2Fv2%2Ftags&post=20000"}],"curies":[{"name":"wp","href":"https:\/\/api.w.org\/{rel}","templated":true}]}}