{"id":20015,"date":"2025-07-16T13:01:15","date_gmt":"2025-07-16T19:01:15","guid":{"rendered":"https:\/\/elpuucnoticias.com\/?p=20015"},"modified":"2025-07-16T13:01:15","modified_gmt":"2025-07-16T19:01:15","slug":"mara-lezama-lleva-justicia-social-y-prosperidad-compartida-a-habitantes-de-xul-ha-con-la-caravana-del-bienestar","status":"publish","type":"post","link":"https:\/\/elpuucnoticias.com\/?p=20015","title":{"rendered":"Mara Lezama lleva justicia social y prosperidad compartida a habitantes de Xul-Ha con la Caravana del Bienestar"},"content":{"rendered":"\n<p>Con un gobierno humanista, con coraz\u00f3n feminista y cercano a la gente, la gobernadora Mara Lezama Espinosa entreg\u00f3 diversos apoyos a las y los habitantes de esta localidad a trav\u00e9s de la \u201cCaravana del Bienestar\u201d, donde tambi\u00e9n se ofrecieron tr\u00e1mites y servicios gratuitos que permiten que la justicia social y la prosperidad lleguen a todos los hogares de Quintana Roo.<\/p>\n\n\n\n<figure class=\"wp-block-image is-style-default\"><a href=\"https:\/\/cgc.qroo.gob.mx\/cjg\/wp-content\/uploads\/2025\/07\/22869ad2-3ded-4f5d-8181-765c4619c90f-scaled.jpg\"><img decoding=\"async\" src=\"https:\/\/cgc.qroo.gob.mx\/cjg\/wp-content\/uploads\/2025\/07\/22869ad2-3ded-4f5d-8181-765c4619c90f-585x390.jpg\" alt=\"\" title=\"22869ad2-3ded-4f5d-8181-765c4619c90f\"\/><\/a><\/figure>\n\n\n\n<p>Acompa\u00f1ada por la presidenta honoraria del Sistema DIF Quintana Roo, Ver\u00f3nica Lezama Espinosa, y el secretario del Bienestar en el estado, Pablo Bustamante, la gobernadora lleg\u00f3 al domo de la comunidad, donde fue recibida por las y los habitantes, quienes agradecieron su apoyo por los m\u00e1s de 60 servicios y atenciones gratuitas brindadas para mejorar su calidad de vida.<\/p>\n\n\n\n<figure class=\"wp-block-image is-style-default\"><a href=\"https:\/\/cgc.qroo.gob.mx\/cjg\/wp-content\/uploads\/2025\/07\/3c596b52-84c6-4911-8af4-a8f87b883245-scaled.jpg\"><img decoding=\"async\" src=\"https:\/\/cgc.qroo.gob.mx\/cjg\/wp-content\/uploads\/2025\/07\/3c596b52-84c6-4911-8af4-a8f87b883245-585x390.jpg\" alt=\"\" title=\"3c596b52-84c6-4911-8af4-a8f87b883245\"\/><\/a><\/figure>\n\n\n\n<p>La gobernadora expres\u00f3 que, en esta nueva forma de gobernar, se trabaja 24\/7 recorriendo cada rinc\u00f3n de Quintana Roo para conocer las necesidades de la ciudadan\u00eda y llevar soluciones que permitan mejorar su calidad de vida. \u201cDe eso se trata el segundo piso de la transformaci\u00f3n de la Cuarta Transformaci\u00f3n: de que la prosperidad sea compartida y de combatir la corrupci\u00f3n\u201d, se\u00f1al\u00f3.<\/p>\n\n\n\n<p>\u201cEstoy hoy aqu\u00ed, en territorio, para escucharlos y resolver sus necesidades, porque en este gobierno humanista con coraz\u00f3n feminista se pone en el centro de las decisiones a la gente. Esta es la nueva forma de gobernar: cercana a la ciudadan\u00eda, como lo establece el Nuevo Acuerdo por el Bienestar y Desarrollo de Quintana Roo\u201d, agreg\u00f3.<\/p>\n\n\n\n<p>Durante esta edici\u00f3n en la localidad de Xul-Ha, se brindaron 483 servicios gratuitos a un total de 562 personas, de las cuales 332 fueron mujeres y 230 hombres.<\/p>\n\n\n\n<figure class=\"wp-block-image is-style-default\"><a href=\"https:\/\/cgc.qroo.gob.mx\/cjg\/wp-content\/uploads\/2025\/07\/794c58db-cd86-4ad1-8bdb-a2c3d0ac067e-scaled.jpg\"><img decoding=\"async\" src=\"https:\/\/cgc.qroo.gob.mx\/cjg\/wp-content\/uploads\/2025\/07\/794c58db-cd86-4ad1-8bdb-a2c3d0ac067e-585x390.jpg\" alt=\"\" title=\"794c58db-cd86-4ad1-8bdb-a2c3d0ac067e\"\/><\/a><\/figure>\n\n\n\n<p>Por su parte, el titular de la Secretar\u00eda del Bienestar (SEBIEN), Pablo Bustamante, explic\u00f3 que participan un total de 20 dependencias del Gobierno del Estado, del Gobierno Federal y del Ayuntamiento, que atienden de manera directa las necesidades de la poblaci\u00f3n, otorgando m\u00e1s de 60 servicios institucionales gratuitos.<\/p>\n\n\n\n<p>Durante su recorrido por los distintos stands, la gobernadora entreg\u00f3 apoyos como paquetes alimentarios, semillas para huertos de traspatio, carretillas, picos, palas, machetes, tinacos, l\u00e1minas, bicicletas, cartas de antecedentes registrales, actas de nacimiento y certificados m\u00e9dicos. Adem\u00e1s, se ofreci\u00f3 atenci\u00f3n m\u00e9dica y oft\u00e1lmica.<\/p>\n\n\n\n<figure class=\"wp-block-image is-style-default\"><a href=\"https:\/\/cgc.qroo.gob.mx\/cjg\/wp-content\/uploads\/2025\/07\/988c4ea3-eced-402b-8a87-071759961281-scaled.jpg\"><img decoding=\"async\" src=\"https:\/\/cgc.qroo.gob.mx\/cjg\/wp-content\/uploads\/2025\/07\/988c4ea3-eced-402b-8a87-071759961281-585x390.jpg\" alt=\"\" title=\"988c4ea3-eced-402b-8a87-071759961281\"\/><\/a><\/figure>\n\n\n\n<p>Las familias tambi\u00e9n recibieron consultas m\u00e9dicas y dentales, vacunaci\u00f3n, pruebas de detecci\u00f3n de diabetes, hipertensi\u00f3n y obesidad; atenci\u00f3n jur\u00eddica y psicol\u00f3gica, cortes de cabello, entre otros servicios, todos de manera gratuita.<\/p>\n\n\n\n<p>Bustamante a\u00f1adi\u00f3 que, con este programa, se han atendido a 62,133 quintanarroenses \u201438,718 mujeres y 23,415 hombres\u2014 a trav\u00e9s de un total de 37 caravanas realizadas durante la presente administraci\u00f3n.<\/p>\n\n\n\n<p>Al evento asistieron la presidenta municipal de Oth\u00f3n P. Blanco, Yensunni Mart\u00ednez Hern\u00e1ndez; el diputado de la XVIII Legislatura y presidente de la Comisi\u00f3n de Educaci\u00f3n, Ciencia y Tecnolog\u00eda, Saulo Aguilar Bern\u00e9s; as\u00ed como titulares de diversas dependencias y organismos del Gobierno del Estado.<\/p>\n","protected":false},"excerpt":{"rendered":"<p>Con un gobierno humanista, con coraz\u00f3n feminista y cercano a la gente, la gobernadora Mara Lezama Espinosa entreg\u00f3<\/p>\n","protected":false},"author":1,"featured_media":20016,"comment_status":"closed","ping_status":"open","sticky":false,"template":"","format":"standard","meta":{"_monsterinsights_skip_tracking":false,"_monsterinsights_sitenote_active":false,"_monsterinsights_sitenote_note":"","_monsterinsights_sitenote_category":0,"footnotes":""},"categories":[11,24],"tags":[],"class_list":["post-20015","post","type-post","status-publish","format-standard","has-post-thumbnail","hentry","category-noticias","category-quintana-roo"],"yoast_head":"<!-- This site is optimized with the Yoast SEO plugin v18.3 - https:\/\/yoast.com\/wordpress\/plugins\/seo\/ -->\n<title>Mara Lezama lleva justicia social y prosperidad compartida a habitantes de Xul-Ha con la Caravana del Bienestar - El Puuc Noticias<\/title>\n<meta name=\"robots\" content=\"index, follow, max-snippet:-1, max-image-preview:large, max-video-preview:-1\" \/>\n<link rel=\"canonical\" href=\"https:\/\/elpuucnoticias.com\/?p=20015\" \/>\n<meta property=\"og:locale\" content=\"es_ES\" \/>\n<meta property=\"og:type\" content=\"article\" \/>\n<meta property=\"og:title\" content=\"Mara Lezama lleva justicia social y prosperidad compartida a habitantes de Xul-Ha con la Caravana del Bienestar - El Puuc Noticias\" \/>\n<meta property=\"og:description\" content=\"Con un gobierno humanista, con coraz\u00f3n feminista y cercano a la gente, la gobernadora Mara Lezama Espinosa entreg\u00f3\" \/>\n<meta property=\"og:url\" content=\"https:\/\/elpuucnoticias.com\/?p=20015\" \/>\n<meta property=\"og:site_name\" content=\"El Puuc Noticias\" \/>\n<meta property=\"article:published_time\" content=\"2025-07-16T19:01:15+00:00\" \/>\n<meta property=\"og:image\" content=\"https:\/\/elpuucnoticias.com\/wp-content\/uploads\/2025\/07\/adb58b3f-645d-4b6d-9514-fbf39fc3797e-scaled-1.jpg\" \/>\n\t<meta property=\"og:image:width\" content=\"2560\" \/>\n\t<meta property=\"og:image:height\" content=\"1707\" \/>\n\t<meta property=\"og:image:type\" content=\"image\/jpeg\" \/>\n<meta name=\"twitter:card\" content=\"summary_large_image\" \/>\n<meta name=\"twitter:label1\" content=\"Escrito por\" \/>\n\t<meta name=\"twitter:data1\" content=\"elpuucnoticias\" \/>\n\t<meta name=\"twitter:label2\" content=\"Tiempo de lectura\" \/>\n\t<meta name=\"twitter:data2\" content=\"2 minutos\" \/>\n<script type=\"application\/ld+json\" class=\"yoast-schema-graph\">{\"@context\":\"https:\/\/schema.org\",\"@graph\":[{\"@type\":\"WebSite\",\"@id\":\"https:\/\/elpuucnoticias.com\/#website\",\"url\":\"https:\/\/elpuucnoticias.com\/\",\"name\":\"El Puuc Noticias\",\"description\":\"Noticias - Entretenimiento - Deportes\",\"potentialAction\":[{\"@type\":\"SearchAction\",\"target\":{\"@type\":\"EntryPoint\",\"urlTemplate\":\"https:\/\/elpuucnoticias.com\/?s={search_term_string}\"},\"query-input\":\"required name=search_term_string\"}],\"inLanguage\":\"es\"},{\"@type\":\"ImageObject\",\"@id\":\"https:\/\/elpuucnoticias.com\/?p=20015#primaryimage\",\"inLanguage\":\"es\",\"url\":\"https:\/\/elpuucnoticias.com\/wp-content\/uploads\/2025\/07\/adb58b3f-645d-4b6d-9514-fbf39fc3797e-scaled-1.jpg\",\"contentUrl\":\"https:\/\/elpuucnoticias.com\/wp-content\/uploads\/2025\/07\/adb58b3f-645d-4b6d-9514-fbf39fc3797e-scaled-1.jpg\",\"width\":2560,\"height\":1707},{\"@type\":\"WebPage\",\"@id\":\"https:\/\/elpuucnoticias.com\/?p=20015#webpage\",\"url\":\"https:\/\/elpuucnoticias.com\/?p=20015\",\"name\":\"Mara Lezama lleva justicia social y prosperidad compartida a habitantes de Xul-Ha con la Caravana del Bienestar - El Puuc Noticias\",\"isPartOf\":{\"@id\":\"https:\/\/elpuucnoticias.com\/#website\"},\"primaryImageOfPage\":{\"@id\":\"https:\/\/elpuucnoticias.com\/?p=20015#primaryimage\"},\"datePublished\":\"2025-07-16T19:01:15+00:00\",\"dateModified\":\"2025-07-16T19:01:15+00:00\",\"author\":{\"@id\":\"https:\/\/elpuucnoticias.com\/#\/schema\/person\/d2ea09e4c97f0160b11cdfb1d856bd9e\"},\"breadcrumb\":{\"@id\":\"https:\/\/elpuucnoticias.com\/?p=20015#breadcrumb\"},\"inLanguage\":\"es\",\"potentialAction\":[{\"@type\":\"ReadAction\",\"target\":[\"https:\/\/elpuucnoticias.com\/?p=20015\"]}]},{\"@type\":\"BreadcrumbList\",\"@id\":\"https:\/\/elpuucnoticias.com\/?p=20015#breadcrumb\",\"itemListElement\":[{\"@type\":\"ListItem\",\"position\":1,\"name\":\"Portada\",\"item\":\"https:\/\/elpuucnoticias.com\/\"},{\"@type\":\"ListItem\",\"position\":2,\"name\":\"Mara Lezama lleva justicia social y prosperidad compartida a habitantes de Xul-Ha con la Caravana del Bienestar\"}]},{\"@type\":\"Person\",\"@id\":\"https:\/\/elpuucnoticias.com\/#\/schema\/person\/d2ea09e4c97f0160b11cdfb1d856bd9e\",\"name\":\"elpuucnoticias\",\"image\":{\"@type\":\"ImageObject\",\"@id\":\"https:\/\/elpuucnoticias.com\/#personlogo\",\"inLanguage\":\"es\",\"url\":\"https:\/\/secure.gravatar.com\/avatar\/5290a43657c74ffa15701dbe5b846bd85cc71930d803c84e91046a7333de6ce2?s=96&d=mm&r=g\",\"contentUrl\":\"https:\/\/secure.gravatar.com\/avatar\/5290a43657c74ffa15701dbe5b846bd85cc71930d803c84e91046a7333de6ce2?s=96&d=mm&r=g\",\"caption\":\"elpuucnoticias\"},\"sameAs\":[\"https:\/\/elpuucnoticias.com\"],\"url\":\"https:\/\/elpuucnoticias.com\/?author=1\"}]}<\/script>\n<!-- \/ Yoast SEO plugin. -->","yoast_head_json":{"title":"Mara Lezama lleva justicia social y prosperidad compartida a habitantes de Xul-Ha con la Caravana del Bienestar - El Puuc Noticias","robots":{"index":"index","follow":"follow","max-snippet":"max-snippet:-1","max-image-preview":"max-image-preview:large","max-video-preview":"max-video-preview:-1"},"canonical":"https:\/\/elpuucnoticias.com\/?p=20015","og_locale":"es_ES","og_type":"article","og_title":"Mara Lezama lleva justicia social y prosperidad compartida a habitantes de Xul-Ha con la Caravana del Bienestar - El Puuc Noticias","og_description":"Con un gobierno humanista, con coraz\u00f3n feminista y cercano a la gente, la gobernadora Mara Lezama Espinosa entreg\u00f3","og_url":"https:\/\/elpuucnoticias.com\/?p=20015","og_site_name":"El Puuc Noticias","article_published_time":"2025-07-16T19:01:15+00:00","og_image":[{"width":2560,"height":1707,"url":"https:\/\/elpuucnoticias.com\/wp-content\/uploads\/2025\/07\/adb58b3f-645d-4b6d-9514-fbf39fc3797e-scaled-1.jpg","type":"image\/jpeg"}],"twitter_card":"summary_large_image","twitter_misc":{"Escrito por":"elpuucnoticias","Tiempo de lectura":"2 minutos"},"schema":{"@context":"https:\/\/schema.org","@graph":[{"@type":"WebSite","@id":"https:\/\/elpuucnoticias.com\/#website","url":"https:\/\/elpuucnoticias.com\/","name":"El Puuc Noticias","description":"Noticias - Entretenimiento - Deportes","potentialAction":[{"@type":"SearchAction","target":{"@type":"EntryPoint","urlTemplate":"https:\/\/elpuucnoticias.com\/?s={search_term_string}"},"query-input":"required name=search_term_string"}],"inLanguage":"es"},{"@type":"ImageObject","@id":"https:\/\/elpuucnoticias.com\/?p=20015#primaryimage","inLanguage":"es","url":"https:\/\/elpuucnoticias.com\/wp-content\/uploads\/2025\/07\/adb58b3f-645d-4b6d-9514-fbf39fc3797e-scaled-1.jpg","contentUrl":"https:\/\/elpuucnoticias.com\/wp-content\/uploads\/2025\/07\/adb58b3f-645d-4b6d-9514-fbf39fc3797e-scaled-1.jpg","width":2560,"height":1707},{"@type":"WebPage","@id":"https:\/\/elpuucnoticias.com\/?p=20015#webpage","url":"https:\/\/elpuucnoticias.com\/?p=20015","name":"Mara Lezama lleva justicia social y prosperidad compartida a habitantes de Xul-Ha con la Caravana del Bienestar - El Puuc Noticias","isPartOf":{"@id":"https:\/\/elpuucnoticias.com\/#website"},"primaryImageOfPage":{"@id":"https:\/\/elpuucnoticias.com\/?p=20015#primaryimage"},"datePublished":"2025-07-16T19:01:15+00:00","dateModified":"2025-07-16T19:01:15+00:00","author":{"@id":"https:\/\/elpuucnoticias.com\/#\/schema\/person\/d2ea09e4c97f0160b11cdfb1d856bd9e"},"breadcrumb":{"@id":"https:\/\/elpuucnoticias.com\/?p=20015#breadcrumb"},"inLanguage":"es","potentialAction":[{"@type":"ReadAction","target":["https:\/\/elpuucnoticias.com\/?p=20015"]}]},{"@type":"BreadcrumbList","@id":"https:\/\/elpuucnoticias.com\/?p=20015#breadcrumb","itemListElement":[{"@type":"ListItem","position":1,"name":"Portada","item":"https:\/\/elpuucnoticias.com\/"},{"@type":"ListItem","position":2,"name":"Mara Lezama lleva justicia social y prosperidad compartida a habitantes de Xul-Ha con la Caravana del Bienestar"}]},{"@type":"Person","@id":"https:\/\/elpuucnoticias.com\/#\/schema\/person\/d2ea09e4c97f0160b11cdfb1d856bd9e","name":"elpuucnoticias","image":{"@type":"ImageObject","@id":"https:\/\/elpuucnoticias.com\/#personlogo","inLanguage":"es","url":"https:\/\/secure.gravatar.com\/avatar\/5290a43657c74ffa15701dbe5b846bd85cc71930d803c84e91046a7333de6ce2?s=96&d=mm&r=g","contentUrl":"https:\/\/secure.gravatar.com\/avatar\/5290a43657c74ffa15701dbe5b846bd85cc71930d803c84e91046a7333de6ce2?s=96&d=mm&r=g","caption":"elpuucnoticias"},"sameAs":["https:\/\/elpuucnoticias.com"],"url":"https:\/\/elpuucnoticias.com\/?author=1"}]}},"_links":{"self":[{"href":"https:\/\/elpuucnoticias.com\/index.php?rest_route=\/wp\/v2\/posts\/20015","targetHints":{"allow":["GET"]}}],"collection":[{"href":"https:\/\/elpuucnoticias.com\/index.php?rest_route=\/wp\/v2\/posts"}],"about":[{"href":"https:\/\/elpuucnoticias.com\/index.php?rest_route=\/wp\/v2\/types\/post"}],"author":[{"embeddable":true,"href":"https:\/\/elpuucnoticias.com\/index.php?rest_route=\/wp\/v2\/users\/1"}],"replies":[{"embeddable":true,"href":"https:\/\/elpuucnoticias.com\/index.php?rest_route=%2Fwp%2Fv2%2Fcomments&post=20015"}],"version-history":[{"count":1,"href":"https:\/\/elpuucnoticias.com\/index.php?rest_route=\/wp\/v2\/posts\/20015\/revisions"}],"predecessor-version":[{"id":20017,"href":"https:\/\/elpuucnoticias.com\/index.php?rest_route=\/wp\/v2\/posts\/20015\/revisions\/20017"}],"wp:featuredmedia":[{"embeddable":true,"href":"https:\/\/elpuucnoticias.com\/index.php?rest_route=\/wp\/v2\/media\/20016"}],"wp:attachment":[{"href":"https:\/\/elpuucnoticias.com\/index.php?rest_route=%2Fwp%2Fv2%2Fmedia&parent=20015"}],"wp:term":[{"taxonomy":"category","embeddable":true,"href":"https:\/\/elpuucnoticias.com\/index.php?rest_route=%2Fwp%2Fv2%2Fcategories&post=20015"},{"taxonomy":"post_tag","embeddable":true,"href":"https:\/\/elpuucnoticias.com\/index.php?rest_route=%2Fwp%2Fv2%2Ftags&post=20015"}],"curies":[{"name":"wp","href":"https:\/\/api.w.org\/{rel}","templated":true}]}}