{"id":20018,"date":"2025-07-16T13:07:14","date_gmt":"2025-07-16T19:07:14","guid":{"rendered":"https:\/\/elpuucnoticias.com\/?p=20018"},"modified":"2025-07-16T13:07:15","modified_gmt":"2025-07-16T19:07:15","slug":"invita-la-fpmc-a-la-inauguracion-de-la-exposicion-huellas-de-obscuridad-y-tiempo-de-veronica-ochoa","status":"publish","type":"post","link":"https:\/\/elpuucnoticias.com\/?p=20018","title":{"rendered":"Invita la FPMC a la inauguraci\u00f3n de la exposici\u00f3n \u201cHuellas de Obscuridad y Tiempo\u201d, de Ver\u00f3nica Ochoa"},"content":{"rendered":"\n<p>El pr\u00f3ximo viernes 18 de julio, a las 20:00 horas, la Fundaci\u00f3n de Parques y Museos de Cozumel (FPMC) inaugurar\u00e1 en el Museo de la Isla la exposici\u00f3n pict\u00f3rica y digital \u201cHuellas de Obscuridad y Tiempo\u201d, de la artista visual Ver\u00f3nica Ochoa Guarneros. La entrada es libre y el evento est\u00e1 abierto a toda la comunidad y visitantes.<\/p>\n\n\n\n<p>Para la directora general de la FPMC, Juanita Alonso Marrufo, es una prioridad seguir posicionando el centro museogr\u00e1fico como el epicentro cultural m\u00e1s importante de la isla, en sinton\u00eda con el Nuevo Acuerdo por el Bienestar y Desarrollo de Quintana Roo, liderado por la gobernadora Mara Lezama Espinosa, donde tanto los cozumele\u00f1os como los visitantes puedan disfrutar de las diferentes expresiones art\u00edsticas.<\/p>\n\n\n\n<figure class=\"wp-block-image is-style-default\"><a href=\"https:\/\/cgc.qroo.gob.mx\/cjg\/wp-content\/uploads\/2025\/07\/WhatsApp-Image-2025-07-15-at-12.28.27-2.jpeg\"><img decoding=\"async\" src=\"https:\/\/cgc.qroo.gob.mx\/cjg\/wp-content\/uploads\/2025\/07\/WhatsApp-Image-2025-07-15-at-12.28.27-2-585x585.jpeg\" alt=\"\" title=\"WhatsApp Image 2025-07-15 at 12.28.27 (2)\"\/><\/a><\/figure>\n\n\n\n<p>Por su parte, la directora del Museo de la Isla, Isela Carrillo Cupul, destac\u00f3 la trayectoria de Ver\u00f3nica Ochoa, originaria de M\u00e9rida, Yucat\u00e1n, quien encontr\u00f3 en Cozumel el punto de partida para entregarse por completo al muralismo y la pintura. Su impulso creativo la llev\u00f3 a fundar el colectivo La Quinta de Cozumel, con el que ha logrado difundir su obra a nivel nacional e internacional.<\/p>\n\n\n\n<figure class=\"wp-block-image is-style-default\"><a href=\"https:\/\/cgc.qroo.gob.mx\/cjg\/wp-content\/uploads\/2025\/07\/WhatsApp-Image-2025-07-15-at-12.28.26-1.jpeg\"><img decoding=\"async\" src=\"https:\/\/cgc.qroo.gob.mx\/cjg\/wp-content\/uploads\/2025\/07\/WhatsApp-Image-2025-07-15-at-12.28.26-1-585x390.jpeg\" alt=\"\" title=\"WhatsApp Image 2025-07-15 at 12.28.26 (1)\"\/><\/a><\/figure>\n\n\n\n<p>Mencion\u00f3 que, con la exposici\u00f3n pict\u00f3rica y digital \u201cHuellas de Obscuridad y Tiempo\u201d, integrada por 15 obras que combinan t\u00e9cnicas pict\u00f3ricas y digitales, la artista plasma emociones profundas como la tristeza, la esperanza y la soledad. La muestra tambi\u00e9n aborda tem\u00e1ticas como la igualdad de g\u00e9nero, la feminidad, los duelos y los procesos de transformaci\u00f3n personal.<\/p>\n\n\n\n<figure class=\"wp-block-image is-style-default\"><a href=\"https:\/\/cgc.qroo.gob.mx\/cjg\/wp-content\/uploads\/2025\/07\/WhatsApp-Image-2025-07-15-at-12.28.27-1.jpeg\"><img decoding=\"async\" src=\"https:\/\/cgc.qroo.gob.mx\/cjg\/wp-content\/uploads\/2025\/07\/WhatsApp-Image-2025-07-15-at-12.28.27-1-585x585.jpeg\" alt=\"\" title=\"WhatsApp Image 2025-07-15 at 12.28.27 (1)\"\/><\/a><\/figure>\n\n\n\n<p>Finalmente, Isela Carrillo extendi\u00f3 una cordial invitaci\u00f3n a asistir a esta velada art\u00edstica, acompa\u00f1ar a la artista en la apertura de su exposici\u00f3n y disfrutar de una experiencia visual cargada de sensibilidad y simbolismo, este viernes 18 de julio, a las 20:00 horas, en el Museo de la Isla.<\/p>\n","protected":false},"excerpt":{"rendered":"<p>El pr\u00f3ximo viernes 18 de julio, a las 20:00 horas, la Fundaci\u00f3n de Parques y Museos de Cozumel<\/p>\n","protected":false},"author":1,"featured_media":20019,"comment_status":"closed","ping_status":"open","sticky":false,"template":"","format":"standard","meta":{"_monsterinsights_skip_tracking":false,"_monsterinsights_sitenote_active":false,"_monsterinsights_sitenote_note":"","_monsterinsights_sitenote_category":0,"footnotes":""},"categories":[11,24],"tags":[],"class_list":["post-20018","post","type-post","status-publish","format-standard","has-post-thumbnail","hentry","category-noticias","category-quintana-roo"],"yoast_head":"<!-- This site is optimized with the Yoast SEO plugin v18.3 - https:\/\/yoast.com\/wordpress\/plugins\/seo\/ -->\n<title>Invita la FPMC a la inauguraci\u00f3n de la exposici\u00f3n \u201cHuellas de Obscuridad y Tiempo\u201d, de Ver\u00f3nica Ochoa - El Puuc Noticias<\/title>\n<meta name=\"robots\" content=\"index, follow, max-snippet:-1, max-image-preview:large, max-video-preview:-1\" \/>\n<link rel=\"canonical\" href=\"https:\/\/elpuucnoticias.com\/?p=20018\" \/>\n<meta property=\"og:locale\" content=\"es_ES\" \/>\n<meta property=\"og:type\" content=\"article\" \/>\n<meta property=\"og:title\" content=\"Invita la FPMC a la inauguraci\u00f3n de la exposici\u00f3n \u201cHuellas de Obscuridad y Tiempo\u201d, de Ver\u00f3nica Ochoa - El Puuc Noticias\" \/>\n<meta property=\"og:description\" content=\"El pr\u00f3ximo viernes 18 de julio, a las 20:00 horas, la Fundaci\u00f3n de Parques y Museos de Cozumel\" \/>\n<meta property=\"og:url\" content=\"https:\/\/elpuucnoticias.com\/?p=20018\" \/>\n<meta property=\"og:site_name\" content=\"El Puuc Noticias\" \/>\n<meta property=\"article:published_time\" content=\"2025-07-16T19:07:14+00:00\" \/>\n<meta property=\"article:modified_time\" content=\"2025-07-16T19:07:15+00:00\" \/>\n<meta property=\"og:image\" content=\"https:\/\/elpuucnoticias.com\/wp-content\/uploads\/2025\/07\/whatsapp-image-2025-07-15-at-12.28.27.jpeg\" \/>\n\t<meta property=\"og:image:width\" content=\"1600\" \/>\n\t<meta property=\"og:image:height\" content=\"1560\" \/>\n\t<meta property=\"og:image:type\" content=\"image\/jpeg\" \/>\n<meta name=\"twitter:card\" content=\"summary_large_image\" \/>\n<meta name=\"twitter:label1\" content=\"Escrito por\" \/>\n\t<meta name=\"twitter:data1\" content=\"elpuucnoticias\" \/>\n\t<meta name=\"twitter:label2\" content=\"Tiempo de lectura\" \/>\n\t<meta name=\"twitter:data2\" content=\"2 minutos\" \/>\n<script type=\"application\/ld+json\" class=\"yoast-schema-graph\">{\"@context\":\"https:\/\/schema.org\",\"@graph\":[{\"@type\":\"WebSite\",\"@id\":\"https:\/\/elpuucnoticias.com\/#website\",\"url\":\"https:\/\/elpuucnoticias.com\/\",\"name\":\"El Puuc Noticias\",\"description\":\"Noticias - Entretenimiento - Deportes\",\"potentialAction\":[{\"@type\":\"SearchAction\",\"target\":{\"@type\":\"EntryPoint\",\"urlTemplate\":\"https:\/\/elpuucnoticias.com\/?s={search_term_string}\"},\"query-input\":\"required name=search_term_string\"}],\"inLanguage\":\"es\"},{\"@type\":\"ImageObject\",\"@id\":\"https:\/\/elpuucnoticias.com\/?p=20018#primaryimage\",\"inLanguage\":\"es\",\"url\":\"https:\/\/elpuucnoticias.com\/wp-content\/uploads\/2025\/07\/whatsapp-image-2025-07-15-at-12.28.27.jpeg\",\"contentUrl\":\"https:\/\/elpuucnoticias.com\/wp-content\/uploads\/2025\/07\/whatsapp-image-2025-07-15-at-12.28.27.jpeg\",\"width\":1600,\"height\":1560},{\"@type\":\"WebPage\",\"@id\":\"https:\/\/elpuucnoticias.com\/?p=20018#webpage\",\"url\":\"https:\/\/elpuucnoticias.com\/?p=20018\",\"name\":\"Invita la FPMC a la inauguraci\u00f3n de la exposici\u00f3n \u201cHuellas de Obscuridad y Tiempo\u201d, de Ver\u00f3nica Ochoa - El Puuc Noticias\",\"isPartOf\":{\"@id\":\"https:\/\/elpuucnoticias.com\/#website\"},\"primaryImageOfPage\":{\"@id\":\"https:\/\/elpuucnoticias.com\/?p=20018#primaryimage\"},\"datePublished\":\"2025-07-16T19:07:14+00:00\",\"dateModified\":\"2025-07-16T19:07:15+00:00\",\"author\":{\"@id\":\"https:\/\/elpuucnoticias.com\/#\/schema\/person\/d2ea09e4c97f0160b11cdfb1d856bd9e\"},\"breadcrumb\":{\"@id\":\"https:\/\/elpuucnoticias.com\/?p=20018#breadcrumb\"},\"inLanguage\":\"es\",\"potentialAction\":[{\"@type\":\"ReadAction\",\"target\":[\"https:\/\/elpuucnoticias.com\/?p=20018\"]}]},{\"@type\":\"BreadcrumbList\",\"@id\":\"https:\/\/elpuucnoticias.com\/?p=20018#breadcrumb\",\"itemListElement\":[{\"@type\":\"ListItem\",\"position\":1,\"name\":\"Portada\",\"item\":\"https:\/\/elpuucnoticias.com\/\"},{\"@type\":\"ListItem\",\"position\":2,\"name\":\"Invita la FPMC a la inauguraci\u00f3n de la exposici\u00f3n \u201cHuellas de Obscuridad y Tiempo\u201d, de Ver\u00f3nica Ochoa\"}]},{\"@type\":\"Person\",\"@id\":\"https:\/\/elpuucnoticias.com\/#\/schema\/person\/d2ea09e4c97f0160b11cdfb1d856bd9e\",\"name\":\"elpuucnoticias\",\"image\":{\"@type\":\"ImageObject\",\"@id\":\"https:\/\/elpuucnoticias.com\/#personlogo\",\"inLanguage\":\"es\",\"url\":\"https:\/\/secure.gravatar.com\/avatar\/5290a43657c74ffa15701dbe5b846bd85cc71930d803c84e91046a7333de6ce2?s=96&d=mm&r=g\",\"contentUrl\":\"https:\/\/secure.gravatar.com\/avatar\/5290a43657c74ffa15701dbe5b846bd85cc71930d803c84e91046a7333de6ce2?s=96&d=mm&r=g\",\"caption\":\"elpuucnoticias\"},\"sameAs\":[\"https:\/\/elpuucnoticias.com\"],\"url\":\"https:\/\/elpuucnoticias.com\/?author=1\"}]}<\/script>\n<!-- \/ Yoast SEO plugin. -->","yoast_head_json":{"title":"Invita la FPMC a la inauguraci\u00f3n de la exposici\u00f3n \u201cHuellas de Obscuridad y Tiempo\u201d, de Ver\u00f3nica Ochoa - El Puuc Noticias","robots":{"index":"index","follow":"follow","max-snippet":"max-snippet:-1","max-image-preview":"max-image-preview:large","max-video-preview":"max-video-preview:-1"},"canonical":"https:\/\/elpuucnoticias.com\/?p=20018","og_locale":"es_ES","og_type":"article","og_title":"Invita la FPMC a la inauguraci\u00f3n de la exposici\u00f3n \u201cHuellas de Obscuridad y Tiempo\u201d, de Ver\u00f3nica Ochoa - El Puuc Noticias","og_description":"El pr\u00f3ximo viernes 18 de julio, a las 20:00 horas, la Fundaci\u00f3n de Parques y Museos de Cozumel","og_url":"https:\/\/elpuucnoticias.com\/?p=20018","og_site_name":"El Puuc Noticias","article_published_time":"2025-07-16T19:07:14+00:00","article_modified_time":"2025-07-16T19:07:15+00:00","og_image":[{"width":1600,"height":1560,"url":"https:\/\/elpuucnoticias.com\/wp-content\/uploads\/2025\/07\/whatsapp-image-2025-07-15-at-12.28.27.jpeg","type":"image\/jpeg"}],"twitter_card":"summary_large_image","twitter_misc":{"Escrito por":"elpuucnoticias","Tiempo de lectura":"2 minutos"},"schema":{"@context":"https:\/\/schema.org","@graph":[{"@type":"WebSite","@id":"https:\/\/elpuucnoticias.com\/#website","url":"https:\/\/elpuucnoticias.com\/","name":"El Puuc Noticias","description":"Noticias - Entretenimiento - Deportes","potentialAction":[{"@type":"SearchAction","target":{"@type":"EntryPoint","urlTemplate":"https:\/\/elpuucnoticias.com\/?s={search_term_string}"},"query-input":"required name=search_term_string"}],"inLanguage":"es"},{"@type":"ImageObject","@id":"https:\/\/elpuucnoticias.com\/?p=20018#primaryimage","inLanguage":"es","url":"https:\/\/elpuucnoticias.com\/wp-content\/uploads\/2025\/07\/whatsapp-image-2025-07-15-at-12.28.27.jpeg","contentUrl":"https:\/\/elpuucnoticias.com\/wp-content\/uploads\/2025\/07\/whatsapp-image-2025-07-15-at-12.28.27.jpeg","width":1600,"height":1560},{"@type":"WebPage","@id":"https:\/\/elpuucnoticias.com\/?p=20018#webpage","url":"https:\/\/elpuucnoticias.com\/?p=20018","name":"Invita la FPMC a la inauguraci\u00f3n de la exposici\u00f3n \u201cHuellas de Obscuridad y Tiempo\u201d, de Ver\u00f3nica Ochoa - El Puuc Noticias","isPartOf":{"@id":"https:\/\/elpuucnoticias.com\/#website"},"primaryImageOfPage":{"@id":"https:\/\/elpuucnoticias.com\/?p=20018#primaryimage"},"datePublished":"2025-07-16T19:07:14+00:00","dateModified":"2025-07-16T19:07:15+00:00","author":{"@id":"https:\/\/elpuucnoticias.com\/#\/schema\/person\/d2ea09e4c97f0160b11cdfb1d856bd9e"},"breadcrumb":{"@id":"https:\/\/elpuucnoticias.com\/?p=20018#breadcrumb"},"inLanguage":"es","potentialAction":[{"@type":"ReadAction","target":["https:\/\/elpuucnoticias.com\/?p=20018"]}]},{"@type":"BreadcrumbList","@id":"https:\/\/elpuucnoticias.com\/?p=20018#breadcrumb","itemListElement":[{"@type":"ListItem","position":1,"name":"Portada","item":"https:\/\/elpuucnoticias.com\/"},{"@type":"ListItem","position":2,"name":"Invita la FPMC a la inauguraci\u00f3n de la exposici\u00f3n \u201cHuellas de Obscuridad y Tiempo\u201d, de Ver\u00f3nica Ochoa"}]},{"@type":"Person","@id":"https:\/\/elpuucnoticias.com\/#\/schema\/person\/d2ea09e4c97f0160b11cdfb1d856bd9e","name":"elpuucnoticias","image":{"@type":"ImageObject","@id":"https:\/\/elpuucnoticias.com\/#personlogo","inLanguage":"es","url":"https:\/\/secure.gravatar.com\/avatar\/5290a43657c74ffa15701dbe5b846bd85cc71930d803c84e91046a7333de6ce2?s=96&d=mm&r=g","contentUrl":"https:\/\/secure.gravatar.com\/avatar\/5290a43657c74ffa15701dbe5b846bd85cc71930d803c84e91046a7333de6ce2?s=96&d=mm&r=g","caption":"elpuucnoticias"},"sameAs":["https:\/\/elpuucnoticias.com"],"url":"https:\/\/elpuucnoticias.com\/?author=1"}]}},"_links":{"self":[{"href":"https:\/\/elpuucnoticias.com\/index.php?rest_route=\/wp\/v2\/posts\/20018","targetHints":{"allow":["GET"]}}],"collection":[{"href":"https:\/\/elpuucnoticias.com\/index.php?rest_route=\/wp\/v2\/posts"}],"about":[{"href":"https:\/\/elpuucnoticias.com\/index.php?rest_route=\/wp\/v2\/types\/post"}],"author":[{"embeddable":true,"href":"https:\/\/elpuucnoticias.com\/index.php?rest_route=\/wp\/v2\/users\/1"}],"replies":[{"embeddable":true,"href":"https:\/\/elpuucnoticias.com\/index.php?rest_route=%2Fwp%2Fv2%2Fcomments&post=20018"}],"version-history":[{"count":1,"href":"https:\/\/elpuucnoticias.com\/index.php?rest_route=\/wp\/v2\/posts\/20018\/revisions"}],"predecessor-version":[{"id":20020,"href":"https:\/\/elpuucnoticias.com\/index.php?rest_route=\/wp\/v2\/posts\/20018\/revisions\/20020"}],"wp:featuredmedia":[{"embeddable":true,"href":"https:\/\/elpuucnoticias.com\/index.php?rest_route=\/wp\/v2\/media\/20019"}],"wp:attachment":[{"href":"https:\/\/elpuucnoticias.com\/index.php?rest_route=%2Fwp%2Fv2%2Fmedia&parent=20018"}],"wp:term":[{"taxonomy":"category","embeddable":true,"href":"https:\/\/elpuucnoticias.com\/index.php?rest_route=%2Fwp%2Fv2%2Fcategories&post=20018"},{"taxonomy":"post_tag","embeddable":true,"href":"https:\/\/elpuucnoticias.com\/index.php?rest_route=%2Fwp%2Fv2%2Ftags&post=20018"}],"curies":[{"name":"wp","href":"https:\/\/api.w.org\/{rel}","templated":true}]}}