{"id":20027,"date":"2025-07-16T13:17:50","date_gmt":"2025-07-16T19:17:50","guid":{"rendered":"https:\/\/elpuucnoticias.com\/?p=20027"},"modified":"2025-07-16T13:17:51","modified_gmt":"2025-07-16T19:17:51","slug":"salen-de-vacaciones-285-mil-460-alumnas-y-alumnos-de-educacion-basica-de-escuelas-publicas-al-concluir-el-ciclo-escolar-2024-2025","status":"publish","type":"post","link":"https:\/\/elpuucnoticias.com\/?p=20027","title":{"rendered":"Salen de vacaciones 285 mil 460 alumnas y alumnos de educaci\u00f3n b\u00e1sica de escuelas p\u00fablicas al concluir el ciclo escolar 2024-2025"},"content":{"rendered":"\n<p>A partir de hoy 16 de julio, concluye el ciclo escolar 2024-2025 de educaci\u00f3n b\u00e1sica, por lo que un total de 285 mil 460 alumnas y alumnos que estudian en 1 mil 797 escuelas p\u00fablicas y 13 mil 163 docentes gozar\u00e1n del periodo vacacional, recordando que el ciclo lectivo 2025-2026 inicia el pr\u00f3ximo 1 de septiembre, seg\u00fan establece el Calendario Escolar de la Secretar\u00eda de Educaci\u00f3n P\u00fablica (SEP).<\/p>\n\n\n\n<figure class=\"wp-block-image is-style-default\"><a href=\"https:\/\/cgc.qroo.gob.mx\/cjg\/wp-content\/uploads\/2025\/07\/WhatsApp-Image-2025-07-16-at-10.38.34-1-scaled.jpeg\"><img decoding=\"async\" src=\"https:\/\/cgc.qroo.gob.mx\/cjg\/wp-content\/uploads\/2025\/07\/WhatsApp-Image-2025-07-16-at-10.38.34-1-585x390.jpeg\" alt=\"\" title=\"WhatsApp Image 2025-07-16 at 10.38.34 (1)\"\/><\/a><\/figure>\n\n\n\n<p>A trav\u00e9s del Nuevo Acuerdo por el Bienestar y Desarrollo de Quintana Roo, que impulsa la gobernadora Mara Lezama Espinosa, se brinda una educaci\u00f3n de calidad, integral, humanista, solidaria, comunitaria e incluyente, en beneficio de nuestras ni\u00f1as, ni\u00f1os, j\u00f3venes y adolescentes, contribuyendo as\u00ed a la mejora de sus aprendizajes educativos.<\/p>\n\n\n\n<figure class=\"wp-block-image is-style-default\"><a href=\"https:\/\/cgc.qroo.gob.mx\/cjg\/wp-content\/uploads\/2025\/07\/WhatsApp-Image-2025-07-16-at-10.38.34-scaled.jpeg\"><img decoding=\"async\" src=\"https:\/\/cgc.qroo.gob.mx\/cjg\/wp-content\/uploads\/2025\/07\/WhatsApp-Image-2025-07-16-at-10.38.34-585x390.jpeg\" alt=\"\" title=\"WhatsApp Image 2025-07-16 at 10.38.34\"\/><\/a><\/figure>\n\n\n\n<p>Cabe mencionar que 48 mil 209 alumnas y alumnos de nivel b\u00e1sico estudian en 449 escuelas particulares de todo el estado, quienes de igual manera tomar\u00e1n los mismos d\u00edas de vacaciones.<\/p>\n\n\n\n<figure class=\"wp-block-image is-style-default\"><a href=\"https:\/\/cgc.qroo.gob.mx\/cjg\/wp-content\/uploads\/2025\/07\/WhatsApp-Image-2025-07-16-at-10.38.35-scaled.jpeg\"><img decoding=\"async\" src=\"https:\/\/cgc.qroo.gob.mx\/cjg\/wp-content\/uploads\/2025\/07\/WhatsApp-Image-2025-07-16-at-10.38.35-585x390.jpeg\" alt=\"\" title=\"WhatsApp Image 2025-07-16 at 10.38.35\"\/><\/a><\/figure>\n\n\n\n<p>Los maestros directivos, as\u00ed como jefas y jefes de sector y supervisoras y supervisores, tomar\u00e1n el Taller del Consejo T\u00e9cnico Escolar del 25 al 29 de agosto de 2025, con base en el Calendario Escolar de la SEP.<\/p>\n\n\n\n<p>El 26 de agosto de 2024 inici\u00f3 el ciclo escolar 2024-2025, para finalizar el 16 de julio del presente a\u00f1o, destacando la importante labor de las figuras educativas y personal administrativo de los centros escolares, quienes cumplen con un trabajo fundamental en beneficio de las ni\u00f1as y ni\u00f1os de educaci\u00f3n b\u00e1sica.<\/p>\n","protected":false},"excerpt":{"rendered":"<p>A partir de hoy 16 de julio, concluye el ciclo escolar 2024-2025 de educaci\u00f3n b\u00e1sica, por lo que<\/p>\n","protected":false},"author":1,"featured_media":20028,"comment_status":"closed","ping_status":"open","sticky":false,"template":"","format":"standard","meta":{"_monsterinsights_skip_tracking":false,"_monsterinsights_sitenote_active":false,"_monsterinsights_sitenote_note":"","_monsterinsights_sitenote_category":0,"footnotes":""},"categories":[11,24],"tags":[],"class_list":["post-20027","post","type-post","status-publish","format-standard","has-post-thumbnail","hentry","category-noticias","category-quintana-roo"],"yoast_head":"<!-- This site is optimized with the Yoast SEO plugin v18.3 - https:\/\/yoast.com\/wordpress\/plugins\/seo\/ -->\n<title>Salen de vacaciones 285 mil 460 alumnas y alumnos de educaci\u00f3n b\u00e1sica de escuelas p\u00fablicas al concluir el ciclo escolar 2024-2025 - El Puuc Noticias<\/title>\n<meta name=\"robots\" content=\"index, follow, max-snippet:-1, max-image-preview:large, max-video-preview:-1\" \/>\n<link rel=\"canonical\" href=\"https:\/\/elpuucnoticias.com\/?p=20027\" \/>\n<meta property=\"og:locale\" content=\"es_ES\" \/>\n<meta property=\"og:type\" content=\"article\" \/>\n<meta property=\"og:title\" content=\"Salen de vacaciones 285 mil 460 alumnas y alumnos de educaci\u00f3n b\u00e1sica de escuelas p\u00fablicas al concluir el ciclo escolar 2024-2025 - El Puuc Noticias\" \/>\n<meta property=\"og:description\" content=\"A partir de hoy 16 de julio, concluye el ciclo escolar 2024-2025 de educaci\u00f3n b\u00e1sica, por lo que\" \/>\n<meta property=\"og:url\" content=\"https:\/\/elpuucnoticias.com\/?p=20027\" \/>\n<meta property=\"og:site_name\" content=\"El Puuc Noticias\" \/>\n<meta property=\"article:published_time\" content=\"2025-07-16T19:17:50+00:00\" \/>\n<meta property=\"article:modified_time\" content=\"2025-07-16T19:17:51+00:00\" \/>\n<meta property=\"og:image\" content=\"https:\/\/elpuucnoticias.com\/wp-content\/uploads\/2025\/07\/whatsapp-image-2025-07-16-at-10.38.34-2-scaled-1.jpeg\" \/>\n\t<meta property=\"og:image:width\" content=\"2560\" \/>\n\t<meta property=\"og:image:height\" content=\"1707\" \/>\n\t<meta property=\"og:image:type\" content=\"image\/jpeg\" \/>\n<meta name=\"twitter:card\" content=\"summary_large_image\" \/>\n<meta name=\"twitter:label1\" content=\"Escrito por\" \/>\n\t<meta name=\"twitter:data1\" content=\"elpuucnoticias\" \/>\n\t<meta name=\"twitter:label2\" content=\"Tiempo de lectura\" \/>\n\t<meta name=\"twitter:data2\" content=\"1 minuto\" \/>\n<script type=\"application\/ld+json\" class=\"yoast-schema-graph\">{\"@context\":\"https:\/\/schema.org\",\"@graph\":[{\"@type\":\"WebSite\",\"@id\":\"https:\/\/elpuucnoticias.com\/#website\",\"url\":\"https:\/\/elpuucnoticias.com\/\",\"name\":\"El Puuc Noticias\",\"description\":\"Noticias - Entretenimiento - Deportes\",\"potentialAction\":[{\"@type\":\"SearchAction\",\"target\":{\"@type\":\"EntryPoint\",\"urlTemplate\":\"https:\/\/elpuucnoticias.com\/?s={search_term_string}\"},\"query-input\":\"required name=search_term_string\"}],\"inLanguage\":\"es\"},{\"@type\":\"ImageObject\",\"@id\":\"https:\/\/elpuucnoticias.com\/?p=20027#primaryimage\",\"inLanguage\":\"es\",\"url\":\"https:\/\/elpuucnoticias.com\/wp-content\/uploads\/2025\/07\/whatsapp-image-2025-07-16-at-10.38.34-2-scaled-1.jpeg\",\"contentUrl\":\"https:\/\/elpuucnoticias.com\/wp-content\/uploads\/2025\/07\/whatsapp-image-2025-07-16-at-10.38.34-2-scaled-1.jpeg\",\"width\":2560,\"height\":1707},{\"@type\":\"WebPage\",\"@id\":\"https:\/\/elpuucnoticias.com\/?p=20027#webpage\",\"url\":\"https:\/\/elpuucnoticias.com\/?p=20027\",\"name\":\"Salen de vacaciones 285 mil 460 alumnas y alumnos de educaci\u00f3n b\u00e1sica de escuelas p\u00fablicas al concluir el ciclo escolar 2024-2025 - El Puuc Noticias\",\"isPartOf\":{\"@id\":\"https:\/\/elpuucnoticias.com\/#website\"},\"primaryImageOfPage\":{\"@id\":\"https:\/\/elpuucnoticias.com\/?p=20027#primaryimage\"},\"datePublished\":\"2025-07-16T19:17:50+00:00\",\"dateModified\":\"2025-07-16T19:17:51+00:00\",\"author\":{\"@id\":\"https:\/\/elpuucnoticias.com\/#\/schema\/person\/d2ea09e4c97f0160b11cdfb1d856bd9e\"},\"breadcrumb\":{\"@id\":\"https:\/\/elpuucnoticias.com\/?p=20027#breadcrumb\"},\"inLanguage\":\"es\",\"potentialAction\":[{\"@type\":\"ReadAction\",\"target\":[\"https:\/\/elpuucnoticias.com\/?p=20027\"]}]},{\"@type\":\"BreadcrumbList\",\"@id\":\"https:\/\/elpuucnoticias.com\/?p=20027#breadcrumb\",\"itemListElement\":[{\"@type\":\"ListItem\",\"position\":1,\"name\":\"Portada\",\"item\":\"https:\/\/elpuucnoticias.com\/\"},{\"@type\":\"ListItem\",\"position\":2,\"name\":\"Salen de vacaciones 285 mil 460 alumnas y alumnos de educaci\u00f3n b\u00e1sica de escuelas p\u00fablicas al concluir el ciclo escolar 2024-2025\"}]},{\"@type\":\"Person\",\"@id\":\"https:\/\/elpuucnoticias.com\/#\/schema\/person\/d2ea09e4c97f0160b11cdfb1d856bd9e\",\"name\":\"elpuucnoticias\",\"image\":{\"@type\":\"ImageObject\",\"@id\":\"https:\/\/elpuucnoticias.com\/#personlogo\",\"inLanguage\":\"es\",\"url\":\"https:\/\/secure.gravatar.com\/avatar\/5290a43657c74ffa15701dbe5b846bd85cc71930d803c84e91046a7333de6ce2?s=96&d=mm&r=g\",\"contentUrl\":\"https:\/\/secure.gravatar.com\/avatar\/5290a43657c74ffa15701dbe5b846bd85cc71930d803c84e91046a7333de6ce2?s=96&d=mm&r=g\",\"caption\":\"elpuucnoticias\"},\"sameAs\":[\"https:\/\/elpuucnoticias.com\"],\"url\":\"https:\/\/elpuucnoticias.com\/?author=1\"}]}<\/script>\n<!-- \/ Yoast SEO plugin. -->","yoast_head_json":{"title":"Salen de vacaciones 285 mil 460 alumnas y alumnos de educaci\u00f3n b\u00e1sica de escuelas p\u00fablicas al concluir el ciclo escolar 2024-2025 - El Puuc Noticias","robots":{"index":"index","follow":"follow","max-snippet":"max-snippet:-1","max-image-preview":"max-image-preview:large","max-video-preview":"max-video-preview:-1"},"canonical":"https:\/\/elpuucnoticias.com\/?p=20027","og_locale":"es_ES","og_type":"article","og_title":"Salen de vacaciones 285 mil 460 alumnas y alumnos de educaci\u00f3n b\u00e1sica de escuelas p\u00fablicas al concluir el ciclo escolar 2024-2025 - El Puuc Noticias","og_description":"A partir de hoy 16 de julio, concluye el ciclo escolar 2024-2025 de educaci\u00f3n b\u00e1sica, por lo que","og_url":"https:\/\/elpuucnoticias.com\/?p=20027","og_site_name":"El Puuc Noticias","article_published_time":"2025-07-16T19:17:50+00:00","article_modified_time":"2025-07-16T19:17:51+00:00","og_image":[{"width":2560,"height":1707,"url":"https:\/\/elpuucnoticias.com\/wp-content\/uploads\/2025\/07\/whatsapp-image-2025-07-16-at-10.38.34-2-scaled-1.jpeg","type":"image\/jpeg"}],"twitter_card":"summary_large_image","twitter_misc":{"Escrito por":"elpuucnoticias","Tiempo de lectura":"1 minuto"},"schema":{"@context":"https:\/\/schema.org","@graph":[{"@type":"WebSite","@id":"https:\/\/elpuucnoticias.com\/#website","url":"https:\/\/elpuucnoticias.com\/","name":"El Puuc Noticias","description":"Noticias - Entretenimiento - Deportes","potentialAction":[{"@type":"SearchAction","target":{"@type":"EntryPoint","urlTemplate":"https:\/\/elpuucnoticias.com\/?s={search_term_string}"},"query-input":"required name=search_term_string"}],"inLanguage":"es"},{"@type":"ImageObject","@id":"https:\/\/elpuucnoticias.com\/?p=20027#primaryimage","inLanguage":"es","url":"https:\/\/elpuucnoticias.com\/wp-content\/uploads\/2025\/07\/whatsapp-image-2025-07-16-at-10.38.34-2-scaled-1.jpeg","contentUrl":"https:\/\/elpuucnoticias.com\/wp-content\/uploads\/2025\/07\/whatsapp-image-2025-07-16-at-10.38.34-2-scaled-1.jpeg","width":2560,"height":1707},{"@type":"WebPage","@id":"https:\/\/elpuucnoticias.com\/?p=20027#webpage","url":"https:\/\/elpuucnoticias.com\/?p=20027","name":"Salen de vacaciones 285 mil 460 alumnas y alumnos de educaci\u00f3n b\u00e1sica de escuelas p\u00fablicas al concluir el ciclo escolar 2024-2025 - El Puuc Noticias","isPartOf":{"@id":"https:\/\/elpuucnoticias.com\/#website"},"primaryImageOfPage":{"@id":"https:\/\/elpuucnoticias.com\/?p=20027#primaryimage"},"datePublished":"2025-07-16T19:17:50+00:00","dateModified":"2025-07-16T19:17:51+00:00","author":{"@id":"https:\/\/elpuucnoticias.com\/#\/schema\/person\/d2ea09e4c97f0160b11cdfb1d856bd9e"},"breadcrumb":{"@id":"https:\/\/elpuucnoticias.com\/?p=20027#breadcrumb"},"inLanguage":"es","potentialAction":[{"@type":"ReadAction","target":["https:\/\/elpuucnoticias.com\/?p=20027"]}]},{"@type":"BreadcrumbList","@id":"https:\/\/elpuucnoticias.com\/?p=20027#breadcrumb","itemListElement":[{"@type":"ListItem","position":1,"name":"Portada","item":"https:\/\/elpuucnoticias.com\/"},{"@type":"ListItem","position":2,"name":"Salen de vacaciones 285 mil 460 alumnas y alumnos de educaci\u00f3n b\u00e1sica de escuelas p\u00fablicas al concluir el ciclo escolar 2024-2025"}]},{"@type":"Person","@id":"https:\/\/elpuucnoticias.com\/#\/schema\/person\/d2ea09e4c97f0160b11cdfb1d856bd9e","name":"elpuucnoticias","image":{"@type":"ImageObject","@id":"https:\/\/elpuucnoticias.com\/#personlogo","inLanguage":"es","url":"https:\/\/secure.gravatar.com\/avatar\/5290a43657c74ffa15701dbe5b846bd85cc71930d803c84e91046a7333de6ce2?s=96&d=mm&r=g","contentUrl":"https:\/\/secure.gravatar.com\/avatar\/5290a43657c74ffa15701dbe5b846bd85cc71930d803c84e91046a7333de6ce2?s=96&d=mm&r=g","caption":"elpuucnoticias"},"sameAs":["https:\/\/elpuucnoticias.com"],"url":"https:\/\/elpuucnoticias.com\/?author=1"}]}},"_links":{"self":[{"href":"https:\/\/elpuucnoticias.com\/index.php?rest_route=\/wp\/v2\/posts\/20027","targetHints":{"allow":["GET"]}}],"collection":[{"href":"https:\/\/elpuucnoticias.com\/index.php?rest_route=\/wp\/v2\/posts"}],"about":[{"href":"https:\/\/elpuucnoticias.com\/index.php?rest_route=\/wp\/v2\/types\/post"}],"author":[{"embeddable":true,"href":"https:\/\/elpuucnoticias.com\/index.php?rest_route=\/wp\/v2\/users\/1"}],"replies":[{"embeddable":true,"href":"https:\/\/elpuucnoticias.com\/index.php?rest_route=%2Fwp%2Fv2%2Fcomments&post=20027"}],"version-history":[{"count":1,"href":"https:\/\/elpuucnoticias.com\/index.php?rest_route=\/wp\/v2\/posts\/20027\/revisions"}],"predecessor-version":[{"id":20029,"href":"https:\/\/elpuucnoticias.com\/index.php?rest_route=\/wp\/v2\/posts\/20027\/revisions\/20029"}],"wp:featuredmedia":[{"embeddable":true,"href":"https:\/\/elpuucnoticias.com\/index.php?rest_route=\/wp\/v2\/media\/20028"}],"wp:attachment":[{"href":"https:\/\/elpuucnoticias.com\/index.php?rest_route=%2Fwp%2Fv2%2Fmedia&parent=20027"}],"wp:term":[{"taxonomy":"category","embeddable":true,"href":"https:\/\/elpuucnoticias.com\/index.php?rest_route=%2Fwp%2Fv2%2Fcategories&post=20027"},{"taxonomy":"post_tag","embeddable":true,"href":"https:\/\/elpuucnoticias.com\/index.php?rest_route=%2Fwp%2Fv2%2Ftags&post=20027"}],"curies":[{"name":"wp","href":"https:\/\/api.w.org\/{rel}","templated":true}]}}