{"id":20047,"date":"2025-07-17T11:58:46","date_gmt":"2025-07-17T17:58:46","guid":{"rendered":"https:\/\/elpuucnoticias.com\/?p=20047"},"modified":"2025-07-17T11:58:47","modified_gmt":"2025-07-17T17:58:47","slug":"quintana-roo-robustece-politicas-publicas-para-atencion-y-proteccion-de-personas-migrantes","status":"publish","type":"post","link":"https:\/\/elpuucnoticias.com\/?p=20047","title":{"rendered":"Quintana Roo robustece pol\u00edticas p\u00fablicas para atenci\u00f3n y protecci\u00f3n de personas migrantes"},"content":{"rendered":"\n<p>Como parte del compromiso para garantizar la protecci\u00f3n y respeto a los derechos de las personas migrantes residentes en la entidad, se presentaron los resultados del \u201cEstudio de las acciones de colaboraci\u00f3n para el fortalecimiento de la pol\u00edtica migratoria nacional de protecci\u00f3n por parte del estado de Quintana Roo\u201d.<\/p>\n\n\n\n<p>Este estudio es resultado de los acuerdos de colaboraci\u00f3n establecidos con la Organizaci\u00f3n Internacional para las Migraciones (OIM) como parte del Nuevo Acuerdo por el Bienestar y Desarrollo que impulsa la gobernadora Mara Lezama Espinosa.<\/p>\n\n\n\n<figure class=\"wp-block-image is-style-default\"><a href=\"https:\/\/cgc.qroo.gob.mx\/cjg\/wp-content\/uploads\/2025\/07\/aa0d8ad1-943e-430d-af3c-2daadd730188.jpg\"><img decoding=\"async\" src=\"https:\/\/cgc.qroo.gob.mx\/cjg\/wp-content\/uploads\/2025\/07\/aa0d8ad1-943e-430d-af3c-2daadd730188-585x390.jpg\" alt=\"\" title=\"aa0d8ad1-943e-430d-af3c-2daadd730188\"\/><\/a><\/figure>\n\n\n\n<p>La secretaria de Gobierno, Cristina Torres G\u00f3mez, afirm\u00f3 que, en Quintana Roo, el tema de la atenci\u00f3n a migrantes se asume como eje fundamental de los derechos humanos, ya que todas las personas merecen trato justo e igualitario.<\/p>\n\n\n\n<p>Dado que la migraci\u00f3n ocurre por necesidad o desplazamiento forzado, la Secretaria de Gobierno dijo que se atender\u00e1n todas las recomendaciones realizadas por las instancias que participaron en el estudio, como es el caso de la OIM.<\/p>\n\n\n\n<p>Como se sabe, la OIM apoya la implementaci\u00f3n de programas migratorios, especialmente aquellos que promueven la migraci\u00f3n regular, segura y ordenada, y la protecci\u00f3n de los derechos de los migrantes, mejorando la capacidad de los estados para abordar los desaf\u00edos migratorios.<\/p>\n\n\n\n<figure class=\"wp-block-image is-style-default\"><a href=\"https:\/\/cgc.qroo.gob.mx\/cjg\/wp-content\/uploads\/2025\/07\/76a27111-1e1a-4bc2-a704-b0e828ed786e.jpg\"><img decoding=\"async\" src=\"https:\/\/cgc.qroo.gob.mx\/cjg\/wp-content\/uploads\/2025\/07\/76a27111-1e1a-4bc2-a704-b0e828ed786e-585x390.jpg\" alt=\"\" title=\"76a27111-1e1a-4bc2-a704-b0e828ed786e\"\/><\/a><\/figure>\n\n\n\n<p>En tal sentido, el gobierno de la transformaci\u00f3n, humanista con coraz\u00f3n feminista, comprometido con las personas Migrantes y las vulnerabilidades que enfrentan, inici\u00f3 voluntariamente en mayo de 2025, los trabajos de consulta con el fin de elaborar una estrategia para el fortalecimiento de su pol\u00edtica migratoria.<\/p>\n\n\n\n<p>Para su elaboraci\u00f3n, cont\u00f3 con el apoyo t\u00e9cnico de la propia OIM; de la Unidad de Pol\u00edtica Migratoria, Registro e Identidad de Personas (UPMRIP) de la Secretar\u00eda de Gobernaci\u00f3n; de expertos del Instituto Nacional de Migraci\u00f3n (INM) y consulados de Colombia y Belice.<\/p>\n\n\n\n<p>Tambi\u00e9n participaron El Colegio de la Frontera Sur (ECOSUR), c\u00e1maras empresariales y la Oficina Especializada de Atenci\u00f3n al Migrante del Estado de Quintana Roo, con el objetivo de visibilizar y atender de manera adecuada e integral a las personas en situaci\u00f3n migratoria.<\/p>\n\n\n\n<figure class=\"wp-block-image is-style-default\"><a href=\"https:\/\/cgc.qroo.gob.mx\/cjg\/wp-content\/uploads\/2025\/07\/391f2251-00e3-403d-a58b-20b2f7c4263e.jpg\"><img decoding=\"async\" src=\"https:\/\/cgc.qroo.gob.mx\/cjg\/wp-content\/uploads\/2025\/07\/391f2251-00e3-403d-a58b-20b2f7c4263e-585x390.jpg\" alt=\"\" title=\"391f2251-00e3-403d-a58b-20b2f7c4263e\"\/><\/a><\/figure>\n\n\n\n<p>En este marco, la OIM ha reconocido los cambios que en materia migratoria se han implementado en el \u00e1mbito estatal, como la creaci\u00f3n de la Direcci\u00f3n de Atenci\u00f3n a Migrantes y Asuntos Internacionales de la Secretar\u00eda de Gobierno.<\/p>\n\n\n\n<p>Esta acci\u00f3n es percibida como una transformaci\u00f3n integral positiva, de \u00edndole institucional, que refleja un avance en la consolidaci\u00f3n de una estructura estatal especializada para responder a las necesidades de la poblaci\u00f3n migrante.<\/p>\n\n\n\n<p>Asimismo, se destaca la creaci\u00f3n de grupo interinstitucional de actuaci\u00f3n en materia de pol\u00edticas migratorias, liderado por la Secretar\u00eda de Gobierno, el cual desarrolla un programa de trabajo y v\u00ednculos operativos con las autoridades federales, estatales y municipales.<\/p>\n\n\n\n<p>Con todas estas acciones, se robustece el compromiso de este gobierno de transformaci\u00f3n profunda, de fortalecer, impulsar y dar seguimiento a pol\u00edticas p\u00fablicas en materia migratoria y de movilidad humana bajo una perspectiva de g\u00e9nero, de ni\u00f1as, ni\u00f1os y adolescentes, y respeto a los principios elementales de los Derechos Humanos.<\/p>\n","protected":false},"excerpt":{"rendered":"<p>Como parte del compromiso para garantizar la protecci\u00f3n y respeto a los derechos de las personas migrantes residentes<\/p>\n","protected":false},"author":1,"featured_media":20048,"comment_status":"closed","ping_status":"open","sticky":false,"template":"","format":"standard","meta":{"_monsterinsights_skip_tracking":false,"_monsterinsights_sitenote_active":false,"_monsterinsights_sitenote_note":"","_monsterinsights_sitenote_category":0,"footnotes":""},"categories":[11,24],"tags":[],"class_list":["post-20047","post","type-post","status-publish","format-standard","has-post-thumbnail","hentry","category-noticias","category-quintana-roo"],"yoast_head":"<!-- This site is optimized with the Yoast SEO plugin v18.3 - https:\/\/yoast.com\/wordpress\/plugins\/seo\/ -->\n<title>Quintana Roo robustece pol\u00edticas p\u00fablicas para atenci\u00f3n y protecci\u00f3n de personas migrantes - El Puuc Noticias<\/title>\n<meta name=\"robots\" content=\"index, follow, max-snippet:-1, max-image-preview:large, max-video-preview:-1\" \/>\n<link rel=\"canonical\" href=\"https:\/\/elpuucnoticias.com\/?p=20047\" \/>\n<meta property=\"og:locale\" content=\"es_ES\" \/>\n<meta property=\"og:type\" content=\"article\" \/>\n<meta property=\"og:title\" content=\"Quintana Roo robustece pol\u00edticas p\u00fablicas para atenci\u00f3n y protecci\u00f3n de personas migrantes - El Puuc Noticias\" \/>\n<meta property=\"og:description\" content=\"Como parte del compromiso para garantizar la protecci\u00f3n y respeto a los derechos de las personas migrantes residentes\" \/>\n<meta property=\"og:url\" content=\"https:\/\/elpuucnoticias.com\/?p=20047\" \/>\n<meta property=\"og:site_name\" content=\"El Puuc Noticias\" \/>\n<meta property=\"article:published_time\" content=\"2025-07-17T17:58:46+00:00\" \/>\n<meta property=\"article:modified_time\" content=\"2025-07-17T17:58:47+00:00\" \/>\n<meta property=\"og:image\" content=\"https:\/\/elpuucnoticias.com\/wp-content\/uploads\/2025\/07\/b3863e32-8b98-4cc6-abfd-9acd6603af22.jpg\" \/>\n\t<meta property=\"og:image:width\" content=\"1600\" \/>\n\t<meta property=\"og:image:height\" content=\"1066\" \/>\n\t<meta property=\"og:image:type\" content=\"image\/jpeg\" \/>\n<meta name=\"twitter:card\" content=\"summary_large_image\" \/>\n<meta name=\"twitter:label1\" content=\"Escrito por\" \/>\n\t<meta name=\"twitter:data1\" content=\"elpuucnoticias\" \/>\n\t<meta name=\"twitter:label2\" content=\"Tiempo de lectura\" \/>\n\t<meta name=\"twitter:data2\" content=\"3 minutos\" \/>\n<script type=\"application\/ld+json\" class=\"yoast-schema-graph\">{\"@context\":\"https:\/\/schema.org\",\"@graph\":[{\"@type\":\"WebSite\",\"@id\":\"https:\/\/elpuucnoticias.com\/#website\",\"url\":\"https:\/\/elpuucnoticias.com\/\",\"name\":\"El Puuc Noticias\",\"description\":\"Noticias - Entretenimiento - Deportes\",\"potentialAction\":[{\"@type\":\"SearchAction\",\"target\":{\"@type\":\"EntryPoint\",\"urlTemplate\":\"https:\/\/elpuucnoticias.com\/?s={search_term_string}\"},\"query-input\":\"required name=search_term_string\"}],\"inLanguage\":\"es\"},{\"@type\":\"ImageObject\",\"@id\":\"https:\/\/elpuucnoticias.com\/?p=20047#primaryimage\",\"inLanguage\":\"es\",\"url\":\"https:\/\/elpuucnoticias.com\/wp-content\/uploads\/2025\/07\/b3863e32-8b98-4cc6-abfd-9acd6603af22.jpg\",\"contentUrl\":\"https:\/\/elpuucnoticias.com\/wp-content\/uploads\/2025\/07\/b3863e32-8b98-4cc6-abfd-9acd6603af22.jpg\",\"width\":1600,\"height\":1066},{\"@type\":\"WebPage\",\"@id\":\"https:\/\/elpuucnoticias.com\/?p=20047#webpage\",\"url\":\"https:\/\/elpuucnoticias.com\/?p=20047\",\"name\":\"Quintana Roo robustece pol\u00edticas p\u00fablicas para atenci\u00f3n y protecci\u00f3n de personas migrantes - El Puuc Noticias\",\"isPartOf\":{\"@id\":\"https:\/\/elpuucnoticias.com\/#website\"},\"primaryImageOfPage\":{\"@id\":\"https:\/\/elpuucnoticias.com\/?p=20047#primaryimage\"},\"datePublished\":\"2025-07-17T17:58:46+00:00\",\"dateModified\":\"2025-07-17T17:58:47+00:00\",\"author\":{\"@id\":\"https:\/\/elpuucnoticias.com\/#\/schema\/person\/d2ea09e4c97f0160b11cdfb1d856bd9e\"},\"breadcrumb\":{\"@id\":\"https:\/\/elpuucnoticias.com\/?p=20047#breadcrumb\"},\"inLanguage\":\"es\",\"potentialAction\":[{\"@type\":\"ReadAction\",\"target\":[\"https:\/\/elpuucnoticias.com\/?p=20047\"]}]},{\"@type\":\"BreadcrumbList\",\"@id\":\"https:\/\/elpuucnoticias.com\/?p=20047#breadcrumb\",\"itemListElement\":[{\"@type\":\"ListItem\",\"position\":1,\"name\":\"Portada\",\"item\":\"https:\/\/elpuucnoticias.com\/\"},{\"@type\":\"ListItem\",\"position\":2,\"name\":\"Quintana Roo robustece pol\u00edticas p\u00fablicas para atenci\u00f3n y protecci\u00f3n de personas migrantes\"}]},{\"@type\":\"Person\",\"@id\":\"https:\/\/elpuucnoticias.com\/#\/schema\/person\/d2ea09e4c97f0160b11cdfb1d856bd9e\",\"name\":\"elpuucnoticias\",\"image\":{\"@type\":\"ImageObject\",\"@id\":\"https:\/\/elpuucnoticias.com\/#personlogo\",\"inLanguage\":\"es\",\"url\":\"https:\/\/secure.gravatar.com\/avatar\/5290a43657c74ffa15701dbe5b846bd85cc71930d803c84e91046a7333de6ce2?s=96&d=mm&r=g\",\"contentUrl\":\"https:\/\/secure.gravatar.com\/avatar\/5290a43657c74ffa15701dbe5b846bd85cc71930d803c84e91046a7333de6ce2?s=96&d=mm&r=g\",\"caption\":\"elpuucnoticias\"},\"sameAs\":[\"https:\/\/elpuucnoticias.com\"],\"url\":\"https:\/\/elpuucnoticias.com\/?author=1\"}]}<\/script>\n<!-- \/ Yoast SEO plugin. -->","yoast_head_json":{"title":"Quintana Roo robustece pol\u00edticas p\u00fablicas para atenci\u00f3n y protecci\u00f3n de personas migrantes - El Puuc Noticias","robots":{"index":"index","follow":"follow","max-snippet":"max-snippet:-1","max-image-preview":"max-image-preview:large","max-video-preview":"max-video-preview:-1"},"canonical":"https:\/\/elpuucnoticias.com\/?p=20047","og_locale":"es_ES","og_type":"article","og_title":"Quintana Roo robustece pol\u00edticas p\u00fablicas para atenci\u00f3n y protecci\u00f3n de personas migrantes - El Puuc Noticias","og_description":"Como parte del compromiso para garantizar la protecci\u00f3n y respeto a los derechos de las personas migrantes residentes","og_url":"https:\/\/elpuucnoticias.com\/?p=20047","og_site_name":"El Puuc Noticias","article_published_time":"2025-07-17T17:58:46+00:00","article_modified_time":"2025-07-17T17:58:47+00:00","og_image":[{"width":1600,"height":1066,"url":"https:\/\/elpuucnoticias.com\/wp-content\/uploads\/2025\/07\/b3863e32-8b98-4cc6-abfd-9acd6603af22.jpg","type":"image\/jpeg"}],"twitter_card":"summary_large_image","twitter_misc":{"Escrito por":"elpuucnoticias","Tiempo de lectura":"3 minutos"},"schema":{"@context":"https:\/\/schema.org","@graph":[{"@type":"WebSite","@id":"https:\/\/elpuucnoticias.com\/#website","url":"https:\/\/elpuucnoticias.com\/","name":"El Puuc Noticias","description":"Noticias - Entretenimiento - Deportes","potentialAction":[{"@type":"SearchAction","target":{"@type":"EntryPoint","urlTemplate":"https:\/\/elpuucnoticias.com\/?s={search_term_string}"},"query-input":"required name=search_term_string"}],"inLanguage":"es"},{"@type":"ImageObject","@id":"https:\/\/elpuucnoticias.com\/?p=20047#primaryimage","inLanguage":"es","url":"https:\/\/elpuucnoticias.com\/wp-content\/uploads\/2025\/07\/b3863e32-8b98-4cc6-abfd-9acd6603af22.jpg","contentUrl":"https:\/\/elpuucnoticias.com\/wp-content\/uploads\/2025\/07\/b3863e32-8b98-4cc6-abfd-9acd6603af22.jpg","width":1600,"height":1066},{"@type":"WebPage","@id":"https:\/\/elpuucnoticias.com\/?p=20047#webpage","url":"https:\/\/elpuucnoticias.com\/?p=20047","name":"Quintana Roo robustece pol\u00edticas p\u00fablicas para atenci\u00f3n y protecci\u00f3n de personas migrantes - El Puuc Noticias","isPartOf":{"@id":"https:\/\/elpuucnoticias.com\/#website"},"primaryImageOfPage":{"@id":"https:\/\/elpuucnoticias.com\/?p=20047#primaryimage"},"datePublished":"2025-07-17T17:58:46+00:00","dateModified":"2025-07-17T17:58:47+00:00","author":{"@id":"https:\/\/elpuucnoticias.com\/#\/schema\/person\/d2ea09e4c97f0160b11cdfb1d856bd9e"},"breadcrumb":{"@id":"https:\/\/elpuucnoticias.com\/?p=20047#breadcrumb"},"inLanguage":"es","potentialAction":[{"@type":"ReadAction","target":["https:\/\/elpuucnoticias.com\/?p=20047"]}]},{"@type":"BreadcrumbList","@id":"https:\/\/elpuucnoticias.com\/?p=20047#breadcrumb","itemListElement":[{"@type":"ListItem","position":1,"name":"Portada","item":"https:\/\/elpuucnoticias.com\/"},{"@type":"ListItem","position":2,"name":"Quintana Roo robustece pol\u00edticas p\u00fablicas para atenci\u00f3n y protecci\u00f3n de personas migrantes"}]},{"@type":"Person","@id":"https:\/\/elpuucnoticias.com\/#\/schema\/person\/d2ea09e4c97f0160b11cdfb1d856bd9e","name":"elpuucnoticias","image":{"@type":"ImageObject","@id":"https:\/\/elpuucnoticias.com\/#personlogo","inLanguage":"es","url":"https:\/\/secure.gravatar.com\/avatar\/5290a43657c74ffa15701dbe5b846bd85cc71930d803c84e91046a7333de6ce2?s=96&d=mm&r=g","contentUrl":"https:\/\/secure.gravatar.com\/avatar\/5290a43657c74ffa15701dbe5b846bd85cc71930d803c84e91046a7333de6ce2?s=96&d=mm&r=g","caption":"elpuucnoticias"},"sameAs":["https:\/\/elpuucnoticias.com"],"url":"https:\/\/elpuucnoticias.com\/?author=1"}]}},"_links":{"self":[{"href":"https:\/\/elpuucnoticias.com\/index.php?rest_route=\/wp\/v2\/posts\/20047","targetHints":{"allow":["GET"]}}],"collection":[{"href":"https:\/\/elpuucnoticias.com\/index.php?rest_route=\/wp\/v2\/posts"}],"about":[{"href":"https:\/\/elpuucnoticias.com\/index.php?rest_route=\/wp\/v2\/types\/post"}],"author":[{"embeddable":true,"href":"https:\/\/elpuucnoticias.com\/index.php?rest_route=\/wp\/v2\/users\/1"}],"replies":[{"embeddable":true,"href":"https:\/\/elpuucnoticias.com\/index.php?rest_route=%2Fwp%2Fv2%2Fcomments&post=20047"}],"version-history":[{"count":1,"href":"https:\/\/elpuucnoticias.com\/index.php?rest_route=\/wp\/v2\/posts\/20047\/revisions"}],"predecessor-version":[{"id":20049,"href":"https:\/\/elpuucnoticias.com\/index.php?rest_route=\/wp\/v2\/posts\/20047\/revisions\/20049"}],"wp:featuredmedia":[{"embeddable":true,"href":"https:\/\/elpuucnoticias.com\/index.php?rest_route=\/wp\/v2\/media\/20048"}],"wp:attachment":[{"href":"https:\/\/elpuucnoticias.com\/index.php?rest_route=%2Fwp%2Fv2%2Fmedia&parent=20047"}],"wp:term":[{"taxonomy":"category","embeddable":true,"href":"https:\/\/elpuucnoticias.com\/index.php?rest_route=%2Fwp%2Fv2%2Fcategories&post=20047"},{"taxonomy":"post_tag","embeddable":true,"href":"https:\/\/elpuucnoticias.com\/index.php?rest_route=%2Fwp%2Fv2%2Ftags&post=20047"}],"curies":[{"name":"wp","href":"https:\/\/api.w.org\/{rel}","templated":true}]}}