{"id":20053,"date":"2025-07-17T12:11:14","date_gmt":"2025-07-17T18:11:14","guid":{"rendered":"https:\/\/elpuucnoticias.com\/?p=20053"},"modified":"2025-07-17T12:11:14","modified_gmt":"2025-07-17T18:11:14","slug":"coordinan-sema-y-ppa-aseguramiento-de-pipas-implicadas-en-descarga-ilegal-de-aguas-negras-en-chetumal","status":"publish","type":"post","link":"https:\/\/elpuucnoticias.com\/?p=20053","title":{"rendered":"Coordinan SEMA y PPA aseguramiento de pipas implicadas en descarga ilegal de aguas negras en Chetumal"},"content":{"rendered":"\n<p>En el marco de la pol\u00edtica ambiental que impulsa la gobernadora Mara Lezama Espinosa, orientada a garantizar justicia social y sostenibilidad en todas las regiones del estado, la Secretar\u00eda de Ecolog\u00eda y Medio Ambiente (SEMA) y la Procuradur\u00eda de Protecci\u00f3n al Ambiente (PPA) llevaron a cabo un operativo conjunto que deriv\u00f3 en el aseguramiento de varias pipas de transporte de agua, tras ser detectadas descargando aguas negras en un terreno bald\u00edo en el cruce de avenida Venustiano Carranza con Palermo de la capital del estado.<\/p>\n\n\n\n<figure class=\"wp-block-image is-style-default\"><a href=\"https:\/\/cgc.qroo.gob.mx\/cjg\/wp-content\/uploads\/2025\/07\/8948fa39-7163-431e-bf9c-1699e71c0578.jpg\"><img decoding=\"async\" src=\"https:\/\/cgc.qroo.gob.mx\/cjg\/wp-content\/uploads\/2025\/07\/8948fa39-7163-431e-bf9c-1699e71c0578-585x780.jpg\" alt=\"\" title=\"8948fa39-7163-431e-bf9c-1699e71c0578\"\/><\/a><\/figure>\n\n\n\n<p>El secretario de Ecolog\u00eda y Medio Ambiente, \u00d3scar R\u00e9bora, inform\u00f3 que esta acci\u00f3n es resultado de un esfuerzo interinstitucional enfocado en combatir con firmeza los delitos ambientales, especialmente aquellos que afectan la salud de la ciudadan\u00eda y los ecosistemas urbanos.<\/p>\n\n\n\n<p>\u201cLa gobernadora Mara Lezama ha sido muy clara: cuidar el medio ambiente es cuidar a nuestra gente. Por eso, desde la SEMA coordinamos acciones con la PPA para asegurar que nadie se sienta con el derecho de contaminar impunemente. Estos actos no pueden ni deben normalizarse\u201d, declar\u00f3 R\u00e9bora.<\/p>\n\n\n\n<figure class=\"wp-block-image is-style-default\"><a href=\"https:\/\/cgc.qroo.gob.mx\/cjg\/wp-content\/uploads\/2025\/07\/0e2ef0c2-b775-46b7-8e5d-73671ae53722.jpg\"><img decoding=\"async\" src=\"https:\/\/cgc.qroo.gob.mx\/cjg\/wp-content\/uploads\/2025\/07\/0e2ef0c2-b775-46b7-8e5d-73671ae53722-585x780.jpg\" alt=\"\" title=\"0e2ef0c2-b775-46b7-8e5d-73671ae53722\"\/><\/a><\/figure>\n\n\n\n<p>El punto de descarga ilegal se localiz\u00f3 a escasos metros de una zona comercial, cerca de la tienda Bodega Aurrer\u00e1, en la calle Constituyentes con Erick Paolo Mart\u00ednez. Seg\u00fan la investigaci\u00f3n preliminar, un empleado de una empresa privada evadi\u00f3 la disposici\u00f3n adecuada de aguas residuales y las verti\u00f3 directamente en el suelo, lo que representa una falta grave a la normatividad ambiental vigente.<\/p>\n\n\n\n<p>Las pipas involucradas fueron aseguradas por la PPA y se inici\u00f3 el proceso correspondiente para sancionar a los responsables, conforme a lo establecido por la Ley de Equilibrio Ecol\u00f3gico y Protecci\u00f3n al Ambiente del Estado de Quintana Roo.<\/p>\n\n\n\n<p>La SEMA hace un llamado urgente a las empresas que manejan aguas residuales a cumplir con los protocolos ambientales y evitar conductas que pongan en riesgo la biodiversidad y el bienestar colectivo.<\/p>\n\n\n\n<figure class=\"wp-block-image is-style-default\"><a href=\"https:\/\/cgc.qroo.gob.mx\/cjg\/wp-content\/uploads\/2025\/07\/1b48ee94-b336-4f5b-8095-dc9f3b5e582e.jpg\"><img decoding=\"async\" src=\"https:\/\/cgc.qroo.gob.mx\/cjg\/wp-content\/uploads\/2025\/07\/1b48ee94-b336-4f5b-8095-dc9f3b5e582e-585x780.jpg\" alt=\"\" title=\"1b48ee94-b336-4f5b-8095-dc9f3b5e582e\"\/><\/a><\/figure>\n\n\n\n<p>Asimismo, se reitera la importancia de la denuncia ciudadana como herramienta clave para proteger el entorno, e invita a reportar cualquier hecho similar a trav\u00e9s de los canales oficiales de la PPA y las redes sociales de la SEMA.<\/p>\n\n\n\n<p>\u201cEstamos construyendo un Quintana Roo m\u00e1s limpio, m\u00e1s justo y m\u00e1s consciente. No vamos a tolerar acciones que pongan en riesgo el futuro de nuestras comunidades\u201d, concluy\u00f3 el secretario \u00d3scar R\u00e9bora.<\/p>\n","protected":false},"excerpt":{"rendered":"<p>En el marco de la pol\u00edtica ambiental que impulsa la gobernadora Mara Lezama Espinosa, orientada a garantizar justicia<\/p>\n","protected":false},"author":1,"featured_media":20054,"comment_status":"closed","ping_status":"open","sticky":false,"template":"","format":"standard","meta":{"_monsterinsights_skip_tracking":false,"_monsterinsights_sitenote_active":false,"_monsterinsights_sitenote_note":"","_monsterinsights_sitenote_category":0,"footnotes":""},"categories":[11,24],"tags":[],"class_list":["post-20053","post","type-post","status-publish","format-standard","has-post-thumbnail","hentry","category-noticias","category-quintana-roo"],"yoast_head":"<!-- This site is optimized with the Yoast SEO plugin v18.3 - https:\/\/yoast.com\/wordpress\/plugins\/seo\/ -->\n<title>Coordinan SEMA y PPA aseguramiento de pipas implicadas en descarga ilegal de aguas negras en Chetumal - El Puuc Noticias<\/title>\n<meta name=\"robots\" content=\"index, follow, max-snippet:-1, max-image-preview:large, max-video-preview:-1\" \/>\n<link rel=\"canonical\" href=\"https:\/\/elpuucnoticias.com\/?p=20053\" \/>\n<meta property=\"og:locale\" content=\"es_ES\" \/>\n<meta property=\"og:type\" content=\"article\" \/>\n<meta property=\"og:title\" content=\"Coordinan SEMA y PPA aseguramiento de pipas implicadas en descarga ilegal de aguas negras en Chetumal - El Puuc Noticias\" \/>\n<meta property=\"og:description\" content=\"En el marco de la pol\u00edtica ambiental que impulsa la gobernadora Mara Lezama Espinosa, orientada a garantizar justicia\" \/>\n<meta property=\"og:url\" content=\"https:\/\/elpuucnoticias.com\/?p=20053\" \/>\n<meta property=\"og:site_name\" content=\"El Puuc Noticias\" \/>\n<meta property=\"article:published_time\" content=\"2025-07-17T18:11:14+00:00\" \/>\n<meta property=\"og:image\" content=\"https:\/\/elpuucnoticias.com\/wp-content\/uploads\/2025\/07\/91bb1dee-1c89-474e-a14d-ad9662fa7f7a.jpg\" \/>\n\t<meta property=\"og:image:width\" content=\"1280\" \/>\n\t<meta property=\"og:image:height\" content=\"960\" \/>\n\t<meta property=\"og:image:type\" content=\"image\/jpeg\" \/>\n<meta name=\"twitter:card\" content=\"summary_large_image\" \/>\n<meta name=\"twitter:label1\" content=\"Escrito por\" \/>\n\t<meta name=\"twitter:data1\" content=\"elpuucnoticias\" \/>\n\t<meta name=\"twitter:label2\" content=\"Tiempo de lectura\" \/>\n\t<meta name=\"twitter:data2\" content=\"2 minutos\" \/>\n<script type=\"application\/ld+json\" class=\"yoast-schema-graph\">{\"@context\":\"https:\/\/schema.org\",\"@graph\":[{\"@type\":\"WebSite\",\"@id\":\"https:\/\/elpuucnoticias.com\/#website\",\"url\":\"https:\/\/elpuucnoticias.com\/\",\"name\":\"El Puuc Noticias\",\"description\":\"Noticias - Entretenimiento - Deportes\",\"potentialAction\":[{\"@type\":\"SearchAction\",\"target\":{\"@type\":\"EntryPoint\",\"urlTemplate\":\"https:\/\/elpuucnoticias.com\/?s={search_term_string}\"},\"query-input\":\"required name=search_term_string\"}],\"inLanguage\":\"es\"},{\"@type\":\"ImageObject\",\"@id\":\"https:\/\/elpuucnoticias.com\/?p=20053#primaryimage\",\"inLanguage\":\"es\",\"url\":\"https:\/\/elpuucnoticias.com\/wp-content\/uploads\/2025\/07\/91bb1dee-1c89-474e-a14d-ad9662fa7f7a.jpg\",\"contentUrl\":\"https:\/\/elpuucnoticias.com\/wp-content\/uploads\/2025\/07\/91bb1dee-1c89-474e-a14d-ad9662fa7f7a.jpg\",\"width\":1280,\"height\":960},{\"@type\":\"WebPage\",\"@id\":\"https:\/\/elpuucnoticias.com\/?p=20053#webpage\",\"url\":\"https:\/\/elpuucnoticias.com\/?p=20053\",\"name\":\"Coordinan SEMA y PPA aseguramiento de pipas implicadas en descarga ilegal de aguas negras en Chetumal - El Puuc Noticias\",\"isPartOf\":{\"@id\":\"https:\/\/elpuucnoticias.com\/#website\"},\"primaryImageOfPage\":{\"@id\":\"https:\/\/elpuucnoticias.com\/?p=20053#primaryimage\"},\"datePublished\":\"2025-07-17T18:11:14+00:00\",\"dateModified\":\"2025-07-17T18:11:14+00:00\",\"author\":{\"@id\":\"https:\/\/elpuucnoticias.com\/#\/schema\/person\/d2ea09e4c97f0160b11cdfb1d856bd9e\"},\"breadcrumb\":{\"@id\":\"https:\/\/elpuucnoticias.com\/?p=20053#breadcrumb\"},\"inLanguage\":\"es\",\"potentialAction\":[{\"@type\":\"ReadAction\",\"target\":[\"https:\/\/elpuucnoticias.com\/?p=20053\"]}]},{\"@type\":\"BreadcrumbList\",\"@id\":\"https:\/\/elpuucnoticias.com\/?p=20053#breadcrumb\",\"itemListElement\":[{\"@type\":\"ListItem\",\"position\":1,\"name\":\"Portada\",\"item\":\"https:\/\/elpuucnoticias.com\/\"},{\"@type\":\"ListItem\",\"position\":2,\"name\":\"Coordinan SEMA y PPA aseguramiento de pipas implicadas en descarga ilegal de aguas negras en Chetumal\"}]},{\"@type\":\"Person\",\"@id\":\"https:\/\/elpuucnoticias.com\/#\/schema\/person\/d2ea09e4c97f0160b11cdfb1d856bd9e\",\"name\":\"elpuucnoticias\",\"image\":{\"@type\":\"ImageObject\",\"@id\":\"https:\/\/elpuucnoticias.com\/#personlogo\",\"inLanguage\":\"es\",\"url\":\"https:\/\/secure.gravatar.com\/avatar\/5290a43657c74ffa15701dbe5b846bd85cc71930d803c84e91046a7333de6ce2?s=96&d=mm&r=g\",\"contentUrl\":\"https:\/\/secure.gravatar.com\/avatar\/5290a43657c74ffa15701dbe5b846bd85cc71930d803c84e91046a7333de6ce2?s=96&d=mm&r=g\",\"caption\":\"elpuucnoticias\"},\"sameAs\":[\"https:\/\/elpuucnoticias.com\"],\"url\":\"https:\/\/elpuucnoticias.com\/?author=1\"}]}<\/script>\n<!-- \/ Yoast SEO plugin. -->","yoast_head_json":{"title":"Coordinan SEMA y PPA aseguramiento de pipas implicadas en descarga ilegal de aguas negras en Chetumal - El Puuc Noticias","robots":{"index":"index","follow":"follow","max-snippet":"max-snippet:-1","max-image-preview":"max-image-preview:large","max-video-preview":"max-video-preview:-1"},"canonical":"https:\/\/elpuucnoticias.com\/?p=20053","og_locale":"es_ES","og_type":"article","og_title":"Coordinan SEMA y PPA aseguramiento de pipas implicadas en descarga ilegal de aguas negras en Chetumal - El Puuc Noticias","og_description":"En el marco de la pol\u00edtica ambiental que impulsa la gobernadora Mara Lezama Espinosa, orientada a garantizar justicia","og_url":"https:\/\/elpuucnoticias.com\/?p=20053","og_site_name":"El Puuc Noticias","article_published_time":"2025-07-17T18:11:14+00:00","og_image":[{"width":1280,"height":960,"url":"https:\/\/elpuucnoticias.com\/wp-content\/uploads\/2025\/07\/91bb1dee-1c89-474e-a14d-ad9662fa7f7a.jpg","type":"image\/jpeg"}],"twitter_card":"summary_large_image","twitter_misc":{"Escrito por":"elpuucnoticias","Tiempo de lectura":"2 minutos"},"schema":{"@context":"https:\/\/schema.org","@graph":[{"@type":"WebSite","@id":"https:\/\/elpuucnoticias.com\/#website","url":"https:\/\/elpuucnoticias.com\/","name":"El Puuc Noticias","description":"Noticias - Entretenimiento - Deportes","potentialAction":[{"@type":"SearchAction","target":{"@type":"EntryPoint","urlTemplate":"https:\/\/elpuucnoticias.com\/?s={search_term_string}"},"query-input":"required name=search_term_string"}],"inLanguage":"es"},{"@type":"ImageObject","@id":"https:\/\/elpuucnoticias.com\/?p=20053#primaryimage","inLanguage":"es","url":"https:\/\/elpuucnoticias.com\/wp-content\/uploads\/2025\/07\/91bb1dee-1c89-474e-a14d-ad9662fa7f7a.jpg","contentUrl":"https:\/\/elpuucnoticias.com\/wp-content\/uploads\/2025\/07\/91bb1dee-1c89-474e-a14d-ad9662fa7f7a.jpg","width":1280,"height":960},{"@type":"WebPage","@id":"https:\/\/elpuucnoticias.com\/?p=20053#webpage","url":"https:\/\/elpuucnoticias.com\/?p=20053","name":"Coordinan SEMA y PPA aseguramiento de pipas implicadas en descarga ilegal de aguas negras en Chetumal - El Puuc Noticias","isPartOf":{"@id":"https:\/\/elpuucnoticias.com\/#website"},"primaryImageOfPage":{"@id":"https:\/\/elpuucnoticias.com\/?p=20053#primaryimage"},"datePublished":"2025-07-17T18:11:14+00:00","dateModified":"2025-07-17T18:11:14+00:00","author":{"@id":"https:\/\/elpuucnoticias.com\/#\/schema\/person\/d2ea09e4c97f0160b11cdfb1d856bd9e"},"breadcrumb":{"@id":"https:\/\/elpuucnoticias.com\/?p=20053#breadcrumb"},"inLanguage":"es","potentialAction":[{"@type":"ReadAction","target":["https:\/\/elpuucnoticias.com\/?p=20053"]}]},{"@type":"BreadcrumbList","@id":"https:\/\/elpuucnoticias.com\/?p=20053#breadcrumb","itemListElement":[{"@type":"ListItem","position":1,"name":"Portada","item":"https:\/\/elpuucnoticias.com\/"},{"@type":"ListItem","position":2,"name":"Coordinan SEMA y PPA aseguramiento de pipas implicadas en descarga ilegal de aguas negras en Chetumal"}]},{"@type":"Person","@id":"https:\/\/elpuucnoticias.com\/#\/schema\/person\/d2ea09e4c97f0160b11cdfb1d856bd9e","name":"elpuucnoticias","image":{"@type":"ImageObject","@id":"https:\/\/elpuucnoticias.com\/#personlogo","inLanguage":"es","url":"https:\/\/secure.gravatar.com\/avatar\/5290a43657c74ffa15701dbe5b846bd85cc71930d803c84e91046a7333de6ce2?s=96&d=mm&r=g","contentUrl":"https:\/\/secure.gravatar.com\/avatar\/5290a43657c74ffa15701dbe5b846bd85cc71930d803c84e91046a7333de6ce2?s=96&d=mm&r=g","caption":"elpuucnoticias"},"sameAs":["https:\/\/elpuucnoticias.com"],"url":"https:\/\/elpuucnoticias.com\/?author=1"}]}},"_links":{"self":[{"href":"https:\/\/elpuucnoticias.com\/index.php?rest_route=\/wp\/v2\/posts\/20053","targetHints":{"allow":["GET"]}}],"collection":[{"href":"https:\/\/elpuucnoticias.com\/index.php?rest_route=\/wp\/v2\/posts"}],"about":[{"href":"https:\/\/elpuucnoticias.com\/index.php?rest_route=\/wp\/v2\/types\/post"}],"author":[{"embeddable":true,"href":"https:\/\/elpuucnoticias.com\/index.php?rest_route=\/wp\/v2\/users\/1"}],"replies":[{"embeddable":true,"href":"https:\/\/elpuucnoticias.com\/index.php?rest_route=%2Fwp%2Fv2%2Fcomments&post=20053"}],"version-history":[{"count":1,"href":"https:\/\/elpuucnoticias.com\/index.php?rest_route=\/wp\/v2\/posts\/20053\/revisions"}],"predecessor-version":[{"id":20055,"href":"https:\/\/elpuucnoticias.com\/index.php?rest_route=\/wp\/v2\/posts\/20053\/revisions\/20055"}],"wp:featuredmedia":[{"embeddable":true,"href":"https:\/\/elpuucnoticias.com\/index.php?rest_route=\/wp\/v2\/media\/20054"}],"wp:attachment":[{"href":"https:\/\/elpuucnoticias.com\/index.php?rest_route=%2Fwp%2Fv2%2Fmedia&parent=20053"}],"wp:term":[{"taxonomy":"category","embeddable":true,"href":"https:\/\/elpuucnoticias.com\/index.php?rest_route=%2Fwp%2Fv2%2Fcategories&post=20053"},{"taxonomy":"post_tag","embeddable":true,"href":"https:\/\/elpuucnoticias.com\/index.php?rest_route=%2Fwp%2Fv2%2Ftags&post=20053"}],"curies":[{"name":"wp","href":"https:\/\/api.w.org\/{rel}","templated":true}]}}