{"id":20062,"date":"2025-07-17T12:31:55","date_gmt":"2025-07-17T18:31:55","guid":{"rendered":"https:\/\/elpuucnoticias.com\/?p=20062"},"modified":"2025-07-17T12:31:55","modified_gmt":"2025-07-17T18:31:55","slug":"lanza-la-secretaria-de-turismo-de-quintana-roo-la-convocatoria-al-premio-estatal-de-turismo-2025","status":"publish","type":"post","link":"https:\/\/elpuucnoticias.com\/?p=20062","title":{"rendered":"Lanza la Secretar\u00eda de Turismo de Quintana Roo la convocatoria al Premio Estatal de Turismo 2025"},"content":{"rendered":"\n<p>Con el firme prop\u00f3sito de reconocer a quienes, con su dedicaci\u00f3n y creatividad, han contribuido a impulsar un turismo m\u00e1s sostenible, inclusivo, justo e innovador, el Gobierno del Estado de Quintana Roo, a trav\u00e9s de la Secretar\u00eda de Turismo, anuncia la apertura de la convocatoria para el Premio Estatal de Turismo 2025.<\/p>\n\n\n\n<p>Este galard\u00f3n, instaurado por decreto en 2024, busca visibilizar y enaltecer las iniciativas que transforman positivamente la actividad tur\u00edstica en nuestra entidad, y forma parte del compromiso del gobierno que encabeza la gobernadora Mara Lezama Espinosa por construir un Nuevo Acuerdo por el Bienestar y Desarrollo de Quintana Roo.<\/p>\n\n\n\n<p>La convocatoria est\u00e1 dirigida a personas f\u00edsicas, empresas, colectivos, instituciones educativas y comunidades que hayan desarrollado acciones relevantes en favor del turismo en cualquiera de sus dimensiones: ambiental, econ\u00f3mica, social o cultural.<\/p>\n\n\n\n<p>Las propuestas deber\u00e1n registrar su candidatura a trav\u00e9s del siguiente enlace: https:\/\/es.surveymonkey.com\/r\/VLH3TZ2. El periodo de postulaci\u00f3n estar\u00e1 abierto del 11 de julio al 30 de agosto de 2025.<\/p>\n\n\n\n<p>El proceso de evaluaci\u00f3n estar\u00e1 a cargo del Consejo Consultivo de Turismo del Estado, que valorar\u00e1 cada iniciativa bajo criterios de impacto, originalidad, sostenibilidad y replicabilidad.<\/p>\n\n\n\n<p>Los resultados se dar\u00e1n a conocer en el marco del D\u00eda Mundial del Turismo, durante una ceremonia oficial que se celebrar\u00e1 el pr\u00f3ximo 27 de septiembre de 2025, presidida por autoridades estatales y del sector tur\u00edstico.<\/p>\n\n\n\n<p>Con esta iniciativa, se reafirma el compromiso por seguir construyendo un turismo transformador, que priorice el bienestar de las personas, el respeto por las comunidades y la conservaci\u00f3n de la riqueza natural y cultural del Caribe Mexicano.<\/p>\n","protected":false},"excerpt":{"rendered":"<p>Con el firme prop\u00f3sito de reconocer a quienes, con su dedicaci\u00f3n y creatividad, han contribuido a impulsar un<\/p>\n","protected":false},"author":1,"featured_media":20063,"comment_status":"closed","ping_status":"open","sticky":false,"template":"","format":"standard","meta":{"_monsterinsights_skip_tracking":false,"_monsterinsights_sitenote_active":false,"_monsterinsights_sitenote_note":"","_monsterinsights_sitenote_category":0,"footnotes":""},"categories":[11,24],"tags":[],"class_list":["post-20062","post","type-post","status-publish","format-standard","has-post-thumbnail","hentry","category-noticias","category-quintana-roo"],"yoast_head":"<!-- This site is optimized with the Yoast SEO plugin v18.3 - https:\/\/yoast.com\/wordpress\/plugins\/seo\/ -->\n<title>Lanza la Secretar\u00eda de Turismo de Quintana Roo la convocatoria al Premio Estatal de Turismo 2025 - El Puuc Noticias<\/title>\n<meta name=\"robots\" content=\"index, follow, max-snippet:-1, max-image-preview:large, max-video-preview:-1\" \/>\n<link rel=\"canonical\" href=\"https:\/\/elpuucnoticias.com\/?p=20062\" \/>\n<meta property=\"og:locale\" content=\"es_ES\" \/>\n<meta property=\"og:type\" content=\"article\" \/>\n<meta property=\"og:title\" content=\"Lanza la Secretar\u00eda de Turismo de Quintana Roo la convocatoria al Premio Estatal de Turismo 2025 - El Puuc Noticias\" \/>\n<meta property=\"og:description\" content=\"Con el firme prop\u00f3sito de reconocer a quienes, con su dedicaci\u00f3n y creatividad, han contribuido a impulsar un\" \/>\n<meta property=\"og:url\" content=\"https:\/\/elpuucnoticias.com\/?p=20062\" \/>\n<meta property=\"og:site_name\" content=\"El Puuc Noticias\" \/>\n<meta property=\"article:published_time\" content=\"2025-07-17T18:31:55+00:00\" \/>\n<meta property=\"og:image\" content=\"https:\/\/elpuucnoticias.com\/wp-content\/uploads\/2025\/07\/whatsapp-image-2025-07-17-at-11.25.30.jpeg\" \/>\n\t<meta property=\"og:image:width\" content=\"1280\" \/>\n\t<meta property=\"og:image:height\" content=\"1600\" \/>\n\t<meta property=\"og:image:type\" content=\"image\/jpeg\" \/>\n<meta name=\"twitter:card\" content=\"summary_large_image\" \/>\n<meta name=\"twitter:label1\" content=\"Escrito por\" \/>\n\t<meta name=\"twitter:data1\" content=\"elpuucnoticias\" \/>\n\t<meta name=\"twitter:label2\" content=\"Tiempo de lectura\" \/>\n\t<meta name=\"twitter:data2\" content=\"1 minuto\" \/>\n<script type=\"application\/ld+json\" class=\"yoast-schema-graph\">{\"@context\":\"https:\/\/schema.org\",\"@graph\":[{\"@type\":\"WebSite\",\"@id\":\"https:\/\/elpuucnoticias.com\/#website\",\"url\":\"https:\/\/elpuucnoticias.com\/\",\"name\":\"El Puuc Noticias\",\"description\":\"Noticias - Entretenimiento - Deportes\",\"potentialAction\":[{\"@type\":\"SearchAction\",\"target\":{\"@type\":\"EntryPoint\",\"urlTemplate\":\"https:\/\/elpuucnoticias.com\/?s={search_term_string}\"},\"query-input\":\"required name=search_term_string\"}],\"inLanguage\":\"es\"},{\"@type\":\"ImageObject\",\"@id\":\"https:\/\/elpuucnoticias.com\/?p=20062#primaryimage\",\"inLanguage\":\"es\",\"url\":\"https:\/\/elpuucnoticias.com\/wp-content\/uploads\/2025\/07\/whatsapp-image-2025-07-17-at-11.25.30.jpeg\",\"contentUrl\":\"https:\/\/elpuucnoticias.com\/wp-content\/uploads\/2025\/07\/whatsapp-image-2025-07-17-at-11.25.30.jpeg\",\"width\":1280,\"height\":1600},{\"@type\":\"WebPage\",\"@id\":\"https:\/\/elpuucnoticias.com\/?p=20062#webpage\",\"url\":\"https:\/\/elpuucnoticias.com\/?p=20062\",\"name\":\"Lanza la Secretar\u00eda de Turismo de Quintana Roo la convocatoria al Premio Estatal de Turismo 2025 - El Puuc Noticias\",\"isPartOf\":{\"@id\":\"https:\/\/elpuucnoticias.com\/#website\"},\"primaryImageOfPage\":{\"@id\":\"https:\/\/elpuucnoticias.com\/?p=20062#primaryimage\"},\"datePublished\":\"2025-07-17T18:31:55+00:00\",\"dateModified\":\"2025-07-17T18:31:55+00:00\",\"author\":{\"@id\":\"https:\/\/elpuucnoticias.com\/#\/schema\/person\/d2ea09e4c97f0160b11cdfb1d856bd9e\"},\"breadcrumb\":{\"@id\":\"https:\/\/elpuucnoticias.com\/?p=20062#breadcrumb\"},\"inLanguage\":\"es\",\"potentialAction\":[{\"@type\":\"ReadAction\",\"target\":[\"https:\/\/elpuucnoticias.com\/?p=20062\"]}]},{\"@type\":\"BreadcrumbList\",\"@id\":\"https:\/\/elpuucnoticias.com\/?p=20062#breadcrumb\",\"itemListElement\":[{\"@type\":\"ListItem\",\"position\":1,\"name\":\"Portada\",\"item\":\"https:\/\/elpuucnoticias.com\/\"},{\"@type\":\"ListItem\",\"position\":2,\"name\":\"Lanza la Secretar\u00eda de Turismo de Quintana Roo la convocatoria al Premio Estatal de Turismo 2025\"}]},{\"@type\":\"Person\",\"@id\":\"https:\/\/elpuucnoticias.com\/#\/schema\/person\/d2ea09e4c97f0160b11cdfb1d856bd9e\",\"name\":\"elpuucnoticias\",\"image\":{\"@type\":\"ImageObject\",\"@id\":\"https:\/\/elpuucnoticias.com\/#personlogo\",\"inLanguage\":\"es\",\"url\":\"https:\/\/secure.gravatar.com\/avatar\/5290a43657c74ffa15701dbe5b846bd85cc71930d803c84e91046a7333de6ce2?s=96&d=mm&r=g\",\"contentUrl\":\"https:\/\/secure.gravatar.com\/avatar\/5290a43657c74ffa15701dbe5b846bd85cc71930d803c84e91046a7333de6ce2?s=96&d=mm&r=g\",\"caption\":\"elpuucnoticias\"},\"sameAs\":[\"https:\/\/elpuucnoticias.com\"],\"url\":\"https:\/\/elpuucnoticias.com\/?author=1\"}]}<\/script>\n<!-- \/ Yoast SEO plugin. -->","yoast_head_json":{"title":"Lanza la Secretar\u00eda de Turismo de Quintana Roo la convocatoria al Premio Estatal de Turismo 2025 - El Puuc Noticias","robots":{"index":"index","follow":"follow","max-snippet":"max-snippet:-1","max-image-preview":"max-image-preview:large","max-video-preview":"max-video-preview:-1"},"canonical":"https:\/\/elpuucnoticias.com\/?p=20062","og_locale":"es_ES","og_type":"article","og_title":"Lanza la Secretar\u00eda de Turismo de Quintana Roo la convocatoria al Premio Estatal de Turismo 2025 - El Puuc Noticias","og_description":"Con el firme prop\u00f3sito de reconocer a quienes, con su dedicaci\u00f3n y creatividad, han contribuido a impulsar un","og_url":"https:\/\/elpuucnoticias.com\/?p=20062","og_site_name":"El Puuc Noticias","article_published_time":"2025-07-17T18:31:55+00:00","og_image":[{"width":1280,"height":1600,"url":"https:\/\/elpuucnoticias.com\/wp-content\/uploads\/2025\/07\/whatsapp-image-2025-07-17-at-11.25.30.jpeg","type":"image\/jpeg"}],"twitter_card":"summary_large_image","twitter_misc":{"Escrito por":"elpuucnoticias","Tiempo de lectura":"1 minuto"},"schema":{"@context":"https:\/\/schema.org","@graph":[{"@type":"WebSite","@id":"https:\/\/elpuucnoticias.com\/#website","url":"https:\/\/elpuucnoticias.com\/","name":"El Puuc Noticias","description":"Noticias - Entretenimiento - Deportes","potentialAction":[{"@type":"SearchAction","target":{"@type":"EntryPoint","urlTemplate":"https:\/\/elpuucnoticias.com\/?s={search_term_string}"},"query-input":"required name=search_term_string"}],"inLanguage":"es"},{"@type":"ImageObject","@id":"https:\/\/elpuucnoticias.com\/?p=20062#primaryimage","inLanguage":"es","url":"https:\/\/elpuucnoticias.com\/wp-content\/uploads\/2025\/07\/whatsapp-image-2025-07-17-at-11.25.30.jpeg","contentUrl":"https:\/\/elpuucnoticias.com\/wp-content\/uploads\/2025\/07\/whatsapp-image-2025-07-17-at-11.25.30.jpeg","width":1280,"height":1600},{"@type":"WebPage","@id":"https:\/\/elpuucnoticias.com\/?p=20062#webpage","url":"https:\/\/elpuucnoticias.com\/?p=20062","name":"Lanza la Secretar\u00eda de Turismo de Quintana Roo la convocatoria al Premio Estatal de Turismo 2025 - El Puuc Noticias","isPartOf":{"@id":"https:\/\/elpuucnoticias.com\/#website"},"primaryImageOfPage":{"@id":"https:\/\/elpuucnoticias.com\/?p=20062#primaryimage"},"datePublished":"2025-07-17T18:31:55+00:00","dateModified":"2025-07-17T18:31:55+00:00","author":{"@id":"https:\/\/elpuucnoticias.com\/#\/schema\/person\/d2ea09e4c97f0160b11cdfb1d856bd9e"},"breadcrumb":{"@id":"https:\/\/elpuucnoticias.com\/?p=20062#breadcrumb"},"inLanguage":"es","potentialAction":[{"@type":"ReadAction","target":["https:\/\/elpuucnoticias.com\/?p=20062"]}]},{"@type":"BreadcrumbList","@id":"https:\/\/elpuucnoticias.com\/?p=20062#breadcrumb","itemListElement":[{"@type":"ListItem","position":1,"name":"Portada","item":"https:\/\/elpuucnoticias.com\/"},{"@type":"ListItem","position":2,"name":"Lanza la Secretar\u00eda de Turismo de Quintana Roo la convocatoria al Premio Estatal de Turismo 2025"}]},{"@type":"Person","@id":"https:\/\/elpuucnoticias.com\/#\/schema\/person\/d2ea09e4c97f0160b11cdfb1d856bd9e","name":"elpuucnoticias","image":{"@type":"ImageObject","@id":"https:\/\/elpuucnoticias.com\/#personlogo","inLanguage":"es","url":"https:\/\/secure.gravatar.com\/avatar\/5290a43657c74ffa15701dbe5b846bd85cc71930d803c84e91046a7333de6ce2?s=96&d=mm&r=g","contentUrl":"https:\/\/secure.gravatar.com\/avatar\/5290a43657c74ffa15701dbe5b846bd85cc71930d803c84e91046a7333de6ce2?s=96&d=mm&r=g","caption":"elpuucnoticias"},"sameAs":["https:\/\/elpuucnoticias.com"],"url":"https:\/\/elpuucnoticias.com\/?author=1"}]}},"_links":{"self":[{"href":"https:\/\/elpuucnoticias.com\/index.php?rest_route=\/wp\/v2\/posts\/20062","targetHints":{"allow":["GET"]}}],"collection":[{"href":"https:\/\/elpuucnoticias.com\/index.php?rest_route=\/wp\/v2\/posts"}],"about":[{"href":"https:\/\/elpuucnoticias.com\/index.php?rest_route=\/wp\/v2\/types\/post"}],"author":[{"embeddable":true,"href":"https:\/\/elpuucnoticias.com\/index.php?rest_route=\/wp\/v2\/users\/1"}],"replies":[{"embeddable":true,"href":"https:\/\/elpuucnoticias.com\/index.php?rest_route=%2Fwp%2Fv2%2Fcomments&post=20062"}],"version-history":[{"count":1,"href":"https:\/\/elpuucnoticias.com\/index.php?rest_route=\/wp\/v2\/posts\/20062\/revisions"}],"predecessor-version":[{"id":20064,"href":"https:\/\/elpuucnoticias.com\/index.php?rest_route=\/wp\/v2\/posts\/20062\/revisions\/20064"}],"wp:featuredmedia":[{"embeddable":true,"href":"https:\/\/elpuucnoticias.com\/index.php?rest_route=\/wp\/v2\/media\/20063"}],"wp:attachment":[{"href":"https:\/\/elpuucnoticias.com\/index.php?rest_route=%2Fwp%2Fv2%2Fmedia&parent=20062"}],"wp:term":[{"taxonomy":"category","embeddable":true,"href":"https:\/\/elpuucnoticias.com\/index.php?rest_route=%2Fwp%2Fv2%2Fcategories&post=20062"},{"taxonomy":"post_tag","embeddable":true,"href":"https:\/\/elpuucnoticias.com\/index.php?rest_route=%2Fwp%2Fv2%2Ftags&post=20062"}],"curies":[{"name":"wp","href":"https:\/\/api.w.org\/{rel}","templated":true}]}}