{"id":20096,"date":"2025-07-18T12:00:02","date_gmt":"2025-07-18T18:00:02","guid":{"rendered":"https:\/\/elpuucnoticias.com\/?p=20096"},"modified":"2025-07-18T12:00:03","modified_gmt":"2025-07-18T18:00:03","slug":"firma-inmaya-acuerdo-historico-con-comunidades-indigenas-para-fortalecer-la-cultura-los-derechos-y-la-identidad-del-pueblo-maya","status":"publish","type":"post","link":"https:\/\/elpuucnoticias.com\/?p=20096","title":{"rendered":"Firma INMAYA acuerdo hist\u00f3rico con comunidades ind\u00edgenas para fortalecer la cultura, los derechos y la identidad del pueblo maya"},"content":{"rendered":"\n<p>En un hecho trascendental para el reconocimiento y fortalecimiento de los derechos ling\u00fc\u00edsticos y culturales en Quintana Roo, el Instituto para el Desarrollo del Pueblo Maya y las Comunidades Ind\u00edgenas del Estado de Quintana Roo (INMAYA) llev\u00f3 a cabo la firma del Nuevo Acuerdo por el Bienestar y Desarrollo con comunidades ind\u00edgenas del estado.<\/p>\n\n\n\n<figure class=\"wp-block-image is-style-default\"><img decoding=\"async\" src=\"https:\/\/cgc.qroo.gob.mx\/cjg\/wp-content\/uploads\/2025\/07\/c14b14ea-8be8-473b-8bef-f5e2fc6294fa-585x390.jpg\" alt=\"\" title=\"c14b14ea-8be8-473b-8bef-f5e2fc6294fa\"\/><\/figure>\n\n\n\n<p>El evento tuvo lugar en las instalaciones de la Universidad Aut\u00f3noma de Quintana Roo (UAQROO), donde tambi\u00e9n se realiz\u00f3 la entrega de certificados a personas maya hablantes que acreditaron competencias b\u00e1sicas comunicativas orales biling\u00fces e interpretaci\u00f3n en lengua ind\u00edgena, resultado de una gesti\u00f3n realizada por el INMAYA ante el Instituto Nacional de Lenguas Ind\u00edgenas (INALI).<\/p>\n\n\n\n<p>Este esfuerzo se inscribe en el marco del Nuevo Acuerdo por el Bienestar y Desarrollo de Quintana Roo, promovido por la gobernadora Mara Lezama Espinosa, que tiene como eje principal trabajar por la justicia social y el reconocimiento de los pueblos ind\u00edgenas, rescatando sus saberes, fortaleciendo sus lenguas y promoviendo un gobierno con rostro humano, incluyente y comprometido con las causas del pueblo.<\/p>\n\n\n\n<figure class=\"wp-block-image is-style-default\"><img decoding=\"async\" src=\"https:\/\/cgc.qroo.gob.mx\/cjg\/wp-content\/uploads\/2025\/07\/151da23a-2dd3-4a5a-bd8f-1e1ea709c55f-585x390.jpg\" alt=\"\" title=\"151da23a-2dd3-4a5a-bd8f-1e1ea709c55f\"\/><\/figure>\n\n\n\n<p>El director general del INMAYA, Enrique Chuc Cen, encabez\u00f3 la firma de este Acuerdo, suscribi\u00e9ndolo en representaci\u00f3n del Instituto, mientras que Laurentina Manz\u00f3n Che lo hizo en representaci\u00f3n de las comunidades ind\u00edgenas del estado de Quintana Roo.<\/p>\n\n\n\n<p>Durante el evento, el director general tambi\u00e9n particip\u00f3 en la ceremonia de certificaci\u00f3n, donde recibi\u00f3 su constancia como servidor p\u00fablico maya hablante acreditado. \u201cEste Acuerdo no solo es un compromiso formal, sino una ruta de trabajo conjunto para que la lengua maya y toda nuestra herencia cultural se ejerzan con dignidad en todos los espacios de la vida p\u00fablica y comunitaria\u201d, destac\u00f3 Chuc Cen.<\/p>\n\n\n\n<p>A trav\u00e9s de la gesti\u00f3n del INMAYA ante el INALI, 15 personas maya hablantes \u2014entre ellas, nueve servidores p\u00fablicos del Instituto\u2014 recibieron su certificado conforme al Modelo de Profesionalizaci\u00f3n Integral en Lenguas Ind\u00edgenas Nacionales, en cumplimiento de la Ley General de Derechos Ling\u00fc\u00edsticos de los Pueblos Ind\u00edgenas. Esta acci\u00f3n representa un avance hacia la institucionalizaci\u00f3n del uso de la lengua maya en la administraci\u00f3n p\u00fablica y los espacios de atenci\u00f3n ciudadana.<\/p>\n\n\n\n<figure class=\"wp-block-image is-style-default\"><img decoding=\"async\" src=\"https:\/\/cgc.qroo.gob.mx\/cjg\/wp-content\/uploads\/2025\/07\/7af27660-575e-434d-b472-6794bd77b68a-585x390.jpg\" alt=\"\" title=\"7af27660-575e-434d-b472-6794bd77b68a\"\/><\/figure>\n\n\n\n<p>A este importante acto asistieron: Carmen Garc\u00eda Guevara, directora general de Desarrollo Social del H. Ayuntamiento de Oth\u00f3n P. Blanco; Laurentina Manz\u00f3n Che, certificada en Competencias Comunicativas por el INALI; Ezequiel Hern\u00e1ndez Mendoza, jefe de Departamento de Lengua y Cultura de la UAQROO; Jos\u00e9 Mar\u00eda Chac\u00f3n Chabl\u00e9, diputado del H. Congreso del Estado de Quintana Roo; y Sim\u00f3n Caamal Coh, presidente del Gran Consejo Maya; as\u00ed como autoridades tradicionales, servidores p\u00fablicos, acad\u00e9micos y representantes de comunidades ind\u00edgenas.<\/p>\n","protected":false},"excerpt":{"rendered":"<p>En un hecho trascendental para el reconocimiento y fortalecimiento de los derechos ling\u00fc\u00edsticos y culturales en Quintana Roo,<\/p>\n","protected":false},"author":1,"featured_media":20097,"comment_status":"closed","ping_status":"open","sticky":false,"template":"","format":"standard","meta":{"_monsterinsights_skip_tracking":false,"_monsterinsights_sitenote_active":false,"_monsterinsights_sitenote_note":"","_monsterinsights_sitenote_category":0,"footnotes":""},"categories":[11,24],"tags":[],"class_list":["post-20096","post","type-post","status-publish","format-standard","has-post-thumbnail","hentry","category-noticias","category-quintana-roo"],"yoast_head":"<!-- This site is optimized with the Yoast SEO plugin v18.3 - https:\/\/yoast.com\/wordpress\/plugins\/seo\/ -->\n<title>Firma INMAYA acuerdo hist\u00f3rico con comunidades ind\u00edgenas para fortalecer la cultura, los derechos y la identidad del pueblo maya - El Puuc Noticias<\/title>\n<meta name=\"robots\" content=\"index, follow, max-snippet:-1, max-image-preview:large, max-video-preview:-1\" \/>\n<link rel=\"canonical\" href=\"https:\/\/elpuucnoticias.com\/?p=20096\" \/>\n<meta property=\"og:locale\" content=\"es_ES\" \/>\n<meta property=\"og:type\" content=\"article\" \/>\n<meta property=\"og:title\" content=\"Firma INMAYA acuerdo hist\u00f3rico con comunidades ind\u00edgenas para fortalecer la cultura, los derechos y la identidad del pueblo maya - El Puuc Noticias\" \/>\n<meta property=\"og:description\" content=\"En un hecho trascendental para el reconocimiento y fortalecimiento de los derechos ling\u00fc\u00edsticos y culturales en Quintana Roo,\" \/>\n<meta property=\"og:url\" content=\"https:\/\/elpuucnoticias.com\/?p=20096\" \/>\n<meta property=\"og:site_name\" content=\"El Puuc Noticias\" \/>\n<meta property=\"article:published_time\" content=\"2025-07-18T18:00:02+00:00\" \/>\n<meta property=\"article:modified_time\" content=\"2025-07-18T18:00:03+00:00\" \/>\n<meta property=\"og:image\" content=\"https:\/\/elpuucnoticias.com\/wp-content\/uploads\/2025\/07\/499877d9-6541-40ff-8cdf-cef4e027c4cc.jpg\" \/>\n\t<meta property=\"og:image:width\" content=\"1201\" \/>\n\t<meta property=\"og:image:height\" content=\"801\" \/>\n\t<meta property=\"og:image:type\" content=\"image\/jpeg\" \/>\n<meta name=\"twitter:card\" content=\"summary_large_image\" \/>\n<meta name=\"twitter:label1\" content=\"Escrito por\" \/>\n\t<meta name=\"twitter:data1\" content=\"elpuucnoticias\" \/>\n\t<meta name=\"twitter:label2\" content=\"Tiempo de lectura\" \/>\n\t<meta name=\"twitter:data2\" content=\"2 minutos\" \/>\n<script type=\"application\/ld+json\" class=\"yoast-schema-graph\">{\"@context\":\"https:\/\/schema.org\",\"@graph\":[{\"@type\":\"WebSite\",\"@id\":\"https:\/\/elpuucnoticias.com\/#website\",\"url\":\"https:\/\/elpuucnoticias.com\/\",\"name\":\"El Puuc Noticias\",\"description\":\"Noticias - Entretenimiento - Deportes\",\"potentialAction\":[{\"@type\":\"SearchAction\",\"target\":{\"@type\":\"EntryPoint\",\"urlTemplate\":\"https:\/\/elpuucnoticias.com\/?s={search_term_string}\"},\"query-input\":\"required name=search_term_string\"}],\"inLanguage\":\"es\"},{\"@type\":\"ImageObject\",\"@id\":\"https:\/\/elpuucnoticias.com\/?p=20096#primaryimage\",\"inLanguage\":\"es\",\"url\":\"https:\/\/elpuucnoticias.com\/wp-content\/uploads\/2025\/07\/499877d9-6541-40ff-8cdf-cef4e027c4cc.jpg\",\"contentUrl\":\"https:\/\/elpuucnoticias.com\/wp-content\/uploads\/2025\/07\/499877d9-6541-40ff-8cdf-cef4e027c4cc.jpg\",\"width\":1201,\"height\":801},{\"@type\":\"WebPage\",\"@id\":\"https:\/\/elpuucnoticias.com\/?p=20096#webpage\",\"url\":\"https:\/\/elpuucnoticias.com\/?p=20096\",\"name\":\"Firma INMAYA acuerdo hist\u00f3rico con comunidades ind\u00edgenas para fortalecer la cultura, los derechos y la identidad del pueblo maya - El Puuc Noticias\",\"isPartOf\":{\"@id\":\"https:\/\/elpuucnoticias.com\/#website\"},\"primaryImageOfPage\":{\"@id\":\"https:\/\/elpuucnoticias.com\/?p=20096#primaryimage\"},\"datePublished\":\"2025-07-18T18:00:02+00:00\",\"dateModified\":\"2025-07-18T18:00:03+00:00\",\"author\":{\"@id\":\"https:\/\/elpuucnoticias.com\/#\/schema\/person\/d2ea09e4c97f0160b11cdfb1d856bd9e\"},\"breadcrumb\":{\"@id\":\"https:\/\/elpuucnoticias.com\/?p=20096#breadcrumb\"},\"inLanguage\":\"es\",\"potentialAction\":[{\"@type\":\"ReadAction\",\"target\":[\"https:\/\/elpuucnoticias.com\/?p=20096\"]}]},{\"@type\":\"BreadcrumbList\",\"@id\":\"https:\/\/elpuucnoticias.com\/?p=20096#breadcrumb\",\"itemListElement\":[{\"@type\":\"ListItem\",\"position\":1,\"name\":\"Portada\",\"item\":\"https:\/\/elpuucnoticias.com\/\"},{\"@type\":\"ListItem\",\"position\":2,\"name\":\"Firma INMAYA acuerdo hist\u00f3rico con comunidades ind\u00edgenas para fortalecer la cultura, los derechos y la identidad del pueblo maya\"}]},{\"@type\":\"Person\",\"@id\":\"https:\/\/elpuucnoticias.com\/#\/schema\/person\/d2ea09e4c97f0160b11cdfb1d856bd9e\",\"name\":\"elpuucnoticias\",\"image\":{\"@type\":\"ImageObject\",\"@id\":\"https:\/\/elpuucnoticias.com\/#personlogo\",\"inLanguage\":\"es\",\"url\":\"https:\/\/secure.gravatar.com\/avatar\/5290a43657c74ffa15701dbe5b846bd85cc71930d803c84e91046a7333de6ce2?s=96&d=mm&r=g\",\"contentUrl\":\"https:\/\/secure.gravatar.com\/avatar\/5290a43657c74ffa15701dbe5b846bd85cc71930d803c84e91046a7333de6ce2?s=96&d=mm&r=g\",\"caption\":\"elpuucnoticias\"},\"sameAs\":[\"https:\/\/elpuucnoticias.com\"],\"url\":\"https:\/\/elpuucnoticias.com\/?author=1\"}]}<\/script>\n<!-- \/ Yoast SEO plugin. -->","yoast_head_json":{"title":"Firma INMAYA acuerdo hist\u00f3rico con comunidades ind\u00edgenas para fortalecer la cultura, los derechos y la identidad del pueblo maya - El Puuc Noticias","robots":{"index":"index","follow":"follow","max-snippet":"max-snippet:-1","max-image-preview":"max-image-preview:large","max-video-preview":"max-video-preview:-1"},"canonical":"https:\/\/elpuucnoticias.com\/?p=20096","og_locale":"es_ES","og_type":"article","og_title":"Firma INMAYA acuerdo hist\u00f3rico con comunidades ind\u00edgenas para fortalecer la cultura, los derechos y la identidad del pueblo maya - El Puuc Noticias","og_description":"En un hecho trascendental para el reconocimiento y fortalecimiento de los derechos ling\u00fc\u00edsticos y culturales en Quintana Roo,","og_url":"https:\/\/elpuucnoticias.com\/?p=20096","og_site_name":"El Puuc Noticias","article_published_time":"2025-07-18T18:00:02+00:00","article_modified_time":"2025-07-18T18:00:03+00:00","og_image":[{"width":1201,"height":801,"url":"https:\/\/elpuucnoticias.com\/wp-content\/uploads\/2025\/07\/499877d9-6541-40ff-8cdf-cef4e027c4cc.jpg","type":"image\/jpeg"}],"twitter_card":"summary_large_image","twitter_misc":{"Escrito por":"elpuucnoticias","Tiempo de lectura":"2 minutos"},"schema":{"@context":"https:\/\/schema.org","@graph":[{"@type":"WebSite","@id":"https:\/\/elpuucnoticias.com\/#website","url":"https:\/\/elpuucnoticias.com\/","name":"El Puuc Noticias","description":"Noticias - Entretenimiento - Deportes","potentialAction":[{"@type":"SearchAction","target":{"@type":"EntryPoint","urlTemplate":"https:\/\/elpuucnoticias.com\/?s={search_term_string}"},"query-input":"required name=search_term_string"}],"inLanguage":"es"},{"@type":"ImageObject","@id":"https:\/\/elpuucnoticias.com\/?p=20096#primaryimage","inLanguage":"es","url":"https:\/\/elpuucnoticias.com\/wp-content\/uploads\/2025\/07\/499877d9-6541-40ff-8cdf-cef4e027c4cc.jpg","contentUrl":"https:\/\/elpuucnoticias.com\/wp-content\/uploads\/2025\/07\/499877d9-6541-40ff-8cdf-cef4e027c4cc.jpg","width":1201,"height":801},{"@type":"WebPage","@id":"https:\/\/elpuucnoticias.com\/?p=20096#webpage","url":"https:\/\/elpuucnoticias.com\/?p=20096","name":"Firma INMAYA acuerdo hist\u00f3rico con comunidades ind\u00edgenas para fortalecer la cultura, los derechos y la identidad del pueblo maya - El Puuc Noticias","isPartOf":{"@id":"https:\/\/elpuucnoticias.com\/#website"},"primaryImageOfPage":{"@id":"https:\/\/elpuucnoticias.com\/?p=20096#primaryimage"},"datePublished":"2025-07-18T18:00:02+00:00","dateModified":"2025-07-18T18:00:03+00:00","author":{"@id":"https:\/\/elpuucnoticias.com\/#\/schema\/person\/d2ea09e4c97f0160b11cdfb1d856bd9e"},"breadcrumb":{"@id":"https:\/\/elpuucnoticias.com\/?p=20096#breadcrumb"},"inLanguage":"es","potentialAction":[{"@type":"ReadAction","target":["https:\/\/elpuucnoticias.com\/?p=20096"]}]},{"@type":"BreadcrumbList","@id":"https:\/\/elpuucnoticias.com\/?p=20096#breadcrumb","itemListElement":[{"@type":"ListItem","position":1,"name":"Portada","item":"https:\/\/elpuucnoticias.com\/"},{"@type":"ListItem","position":2,"name":"Firma INMAYA acuerdo hist\u00f3rico con comunidades ind\u00edgenas para fortalecer la cultura, los derechos y la identidad del pueblo maya"}]},{"@type":"Person","@id":"https:\/\/elpuucnoticias.com\/#\/schema\/person\/d2ea09e4c97f0160b11cdfb1d856bd9e","name":"elpuucnoticias","image":{"@type":"ImageObject","@id":"https:\/\/elpuucnoticias.com\/#personlogo","inLanguage":"es","url":"https:\/\/secure.gravatar.com\/avatar\/5290a43657c74ffa15701dbe5b846bd85cc71930d803c84e91046a7333de6ce2?s=96&d=mm&r=g","contentUrl":"https:\/\/secure.gravatar.com\/avatar\/5290a43657c74ffa15701dbe5b846bd85cc71930d803c84e91046a7333de6ce2?s=96&d=mm&r=g","caption":"elpuucnoticias"},"sameAs":["https:\/\/elpuucnoticias.com"],"url":"https:\/\/elpuucnoticias.com\/?author=1"}]}},"_links":{"self":[{"href":"https:\/\/elpuucnoticias.com\/index.php?rest_route=\/wp\/v2\/posts\/20096","targetHints":{"allow":["GET"]}}],"collection":[{"href":"https:\/\/elpuucnoticias.com\/index.php?rest_route=\/wp\/v2\/posts"}],"about":[{"href":"https:\/\/elpuucnoticias.com\/index.php?rest_route=\/wp\/v2\/types\/post"}],"author":[{"embeddable":true,"href":"https:\/\/elpuucnoticias.com\/index.php?rest_route=\/wp\/v2\/users\/1"}],"replies":[{"embeddable":true,"href":"https:\/\/elpuucnoticias.com\/index.php?rest_route=%2Fwp%2Fv2%2Fcomments&post=20096"}],"version-history":[{"count":1,"href":"https:\/\/elpuucnoticias.com\/index.php?rest_route=\/wp\/v2\/posts\/20096\/revisions"}],"predecessor-version":[{"id":20098,"href":"https:\/\/elpuucnoticias.com\/index.php?rest_route=\/wp\/v2\/posts\/20096\/revisions\/20098"}],"wp:featuredmedia":[{"embeddable":true,"href":"https:\/\/elpuucnoticias.com\/index.php?rest_route=\/wp\/v2\/media\/20097"}],"wp:attachment":[{"href":"https:\/\/elpuucnoticias.com\/index.php?rest_route=%2Fwp%2Fv2%2Fmedia&parent=20096"}],"wp:term":[{"taxonomy":"category","embeddable":true,"href":"https:\/\/elpuucnoticias.com\/index.php?rest_route=%2Fwp%2Fv2%2Fcategories&post=20096"},{"taxonomy":"post_tag","embeddable":true,"href":"https:\/\/elpuucnoticias.com\/index.php?rest_route=%2Fwp%2Fv2%2Ftags&post=20096"}],"curies":[{"name":"wp","href":"https:\/\/api.w.org\/{rel}","templated":true}]}}