{"id":20118,"date":"2025-07-18T12:30:55","date_gmt":"2025-07-18T18:30:55","guid":{"rendered":"https:\/\/elpuucnoticias.com\/?p=20118"},"modified":"2025-07-18T12:30:56","modified_gmt":"2025-07-18T18:30:56","slug":"comprometida-la-secretaria-de-infraestructura-comunicaciones-y-transportes-con-la-seguridad-en-carreteras","status":"publish","type":"post","link":"https:\/\/elpuucnoticias.com\/?p=20118","title":{"rendered":"Comprometida la Secretar\u00eda de Infraestructura Comunicaciones y Transportes con la seguridad en carreteras"},"content":{"rendered":"\n<p>La Secretar\u00eda de Infraestructura, Comunicaciones y Transportes (SICT) del Gobierno de M\u00e9xico est\u00e1 comprometida con la seguridad en las carreteras al impulsar pol\u00edticas p\u00fablicas integrales enfocadas en la prevenci\u00f3n de accidentes, afirm\u00f3 el subsecretario de Infraestructura, Juan Carlos Fuentes Orrala.<\/p>\n\n\n\n<p>El funcionario asisti\u00f3 en representaci\u00f3n del secretario Jes\u00fas Antonio Esteva Medina a la inauguraci\u00f3n del XIV Seminario de Ingenier\u00eda Vial, organizado por la Asociaci\u00f3n Mexicana de Ingenier\u00eda de V\u00edas Terrestres (AMIVTAC) y que inaugur\u00f3 el gobernador de Hidalgo, Julio Ram\u00f3n Menchaca Salazar.<\/p>\n\n\n\n<figure class=\"wp-block-gallery has-nested-images columns-default is-cropped wp-block-gallery-1 is-layout-flex wp-block-gallery-is-layout-flex\">\n<figure class=\"wp-block-image size-large is-style-default\"><img loading=\"lazy\" decoding=\"async\" width=\"1024\" height=\"683\" data-id=\"20119\" src=\"https:\/\/elpuucnoticias.com\/wp-content\/uploads\/2025\/07\/whatsapp-image-2025-07-18-at-11.50.25-am-2-1024x683.jpeg\" alt=\"\" class=\"wp-image-20119\" srcset=\"https:\/\/elpuucnoticias.com\/wp-content\/uploads\/2025\/07\/whatsapp-image-2025-07-18-at-11.50.25-am-2-1024x683.jpeg 1024w, https:\/\/elpuucnoticias.com\/wp-content\/uploads\/2025\/07\/whatsapp-image-2025-07-18-at-11.50.25-am-2-300x200.jpeg 300w, https:\/\/elpuucnoticias.com\/wp-content\/uploads\/2025\/07\/whatsapp-image-2025-07-18-at-11.50.25-am-2-768x512.jpeg 768w, https:\/\/elpuucnoticias.com\/wp-content\/uploads\/2025\/07\/whatsapp-image-2025-07-18-at-11.50.25-am-2-600x400.jpeg 600w, https:\/\/elpuucnoticias.com\/wp-content\/uploads\/2025\/07\/whatsapp-image-2025-07-18-at-11.50.25-am-2-320x214.jpeg 320w, https:\/\/elpuucnoticias.com\/wp-content\/uploads\/2025\/07\/whatsapp-image-2025-07-18-at-11.50.25-am-2.jpeg 1280w\" sizes=\"auto, (max-width: 1024px) 100vw, 1024px\" \/><\/figure>\n\n\n\n<figure class=\"wp-block-image size-large is-style-default\"><img loading=\"lazy\" decoding=\"async\" width=\"1024\" height=\"450\" data-id=\"20120\" src=\"https:\/\/elpuucnoticias.com\/wp-content\/uploads\/2025\/07\/whatsapp-image-2025-07-18-at-11.50.25-am-1024x450.jpeg\" alt=\"\" class=\"wp-image-20120\" srcset=\"https:\/\/elpuucnoticias.com\/wp-content\/uploads\/2025\/07\/whatsapp-image-2025-07-18-at-11.50.25-am-1024x450.jpeg 1024w, https:\/\/elpuucnoticias.com\/wp-content\/uploads\/2025\/07\/whatsapp-image-2025-07-18-at-11.50.25-am-300x132.jpeg 300w, https:\/\/elpuucnoticias.com\/wp-content\/uploads\/2025\/07\/whatsapp-image-2025-07-18-at-11.50.25-am-768x338.jpeg 768w, https:\/\/elpuucnoticias.com\/wp-content\/uploads\/2025\/07\/whatsapp-image-2025-07-18-at-11.50.25-am-320x141.jpeg 320w, https:\/\/elpuucnoticias.com\/wp-content\/uploads\/2025\/07\/whatsapp-image-2025-07-18-at-11.50.25-am.jpeg 1455w\" sizes=\"auto, (max-width: 1024px) 100vw, 1024px\" \/><\/figure>\n<\/figure>\n\n\n\n<p>Acompa\u00f1ado por la subsecretaria de Comunicaciones y Transportes, Tania Carro Toledo, Fuentes Orrala dijo que \u201cla SICT seguir\u00e1 trabajando para que M\u00e9xico avance hacia una movilidad m\u00e1s humana, m\u00e1s segura y m\u00e1s sostenible\u201d.<\/p>\n\n\n\n<p>Enfatiz\u00f3 que hoy enfrentamos el reto de dise\u00f1ar carreteras seguras, donde cada kil\u00f3metro recorrido proteja la vida, porque \u201cla seguridad vial no es solo una meta t\u00e9cnica: es un compromiso humano de conciencia social\u201d.&nbsp;<\/p>\n\n\n\n<p>El subsecretario de Infraestructura destac\u00f3 diversas acciones que buscan garantizar seguridad y sostenibilidad vial. A finales del a\u00f1o 2020 se reform\u00f3 el art\u00edculo 4\u00b0 Constitucional, estableciendo \u201cel derecho de todas las personas a una movilidad en condiciones de seguridad vial, accesibilidad, eficiencia, sostenibilidad, calidad, inclusi\u00f3n e igualdad\u201d.&nbsp;<\/p>\n\n\n\n<p>Es por eso que la Ley General de Movilidad y Seguridad Vial no solo salva vidas, tambi\u00e9n promueve una cultura de respeto y responsabilidad compartida entre todos los actores viales.<\/p>\n\n\n\n<figure class=\"wp-block-gallery has-nested-images columns-default is-cropped wp-block-gallery-2 is-layout-flex wp-block-gallery-is-layout-flex\">\n<figure class=\"wp-block-image size-large is-style-default\"><img loading=\"lazy\" decoding=\"async\" width=\"1024\" height=\"610\" data-id=\"20121\" src=\"https:\/\/elpuucnoticias.com\/wp-content\/uploads\/2025\/07\/whatsapp-image-2025-07-18-at-11.50.26-am-1024x610.jpeg\" alt=\"\" class=\"wp-image-20121\" srcset=\"https:\/\/elpuucnoticias.com\/wp-content\/uploads\/2025\/07\/whatsapp-image-2025-07-18-at-11.50.26-am-1024x610.jpeg 1024w, https:\/\/elpuucnoticias.com\/wp-content\/uploads\/2025\/07\/whatsapp-image-2025-07-18-at-11.50.26-am-300x179.jpeg 300w, https:\/\/elpuucnoticias.com\/wp-content\/uploads\/2025\/07\/whatsapp-image-2025-07-18-at-11.50.26-am-768x458.jpeg 768w, https:\/\/elpuucnoticias.com\/wp-content\/uploads\/2025\/07\/whatsapp-image-2025-07-18-at-11.50.26-am-320x191.jpeg 320w, https:\/\/elpuucnoticias.com\/wp-content\/uploads\/2025\/07\/whatsapp-image-2025-07-18-at-11.50.26-am.jpeg 1280w\" sizes=\"auto, (max-width: 1024px) 100vw, 1024px\" \/><\/figure>\n\n\n\n<figure class=\"wp-block-image size-large is-style-default\"><img loading=\"lazy\" decoding=\"async\" width=\"1024\" height=\"683\" data-id=\"20122\" src=\"https:\/\/elpuucnoticias.com\/wp-content\/uploads\/2025\/07\/whatsapp-image-2025-07-18-at-11.50.25-am-4-1024x683.jpeg\" alt=\"\" class=\"wp-image-20122\" srcset=\"https:\/\/elpuucnoticias.com\/wp-content\/uploads\/2025\/07\/whatsapp-image-2025-07-18-at-11.50.25-am-4-1024x683.jpeg 1024w, https:\/\/elpuucnoticias.com\/wp-content\/uploads\/2025\/07\/whatsapp-image-2025-07-18-at-11.50.25-am-4-300x200.jpeg 300w, https:\/\/elpuucnoticias.com\/wp-content\/uploads\/2025\/07\/whatsapp-image-2025-07-18-at-11.50.25-am-4-768x512.jpeg 768w, https:\/\/elpuucnoticias.com\/wp-content\/uploads\/2025\/07\/whatsapp-image-2025-07-18-at-11.50.25-am-4-600x400.jpeg 600w, https:\/\/elpuucnoticias.com\/wp-content\/uploads\/2025\/07\/whatsapp-image-2025-07-18-at-11.50.25-am-4-320x214.jpeg 320w, https:\/\/elpuucnoticias.com\/wp-content\/uploads\/2025\/07\/whatsapp-image-2025-07-18-at-11.50.25-am-4.jpeg 1280w\" sizes=\"auto, (max-width: 1024px) 100vw, 1024px\" \/><\/figure>\n<\/figure>\n\n\n\n<p>En coordinaci\u00f3n interinstitucional con otras dependencias se estableci\u00f3 un instrumento que sienta las bases para la Estrategia Nacional de Movilidad y Seguridad Vial con un horizonte de planeaci\u00f3n a corto, mediano y largo plazo.<\/p>\n\n\n\n<p>Asimismo, se fortalece la normatividad ya existente y se incorporan criterios de seguridad en la planeaci\u00f3n, proyectos, construcci\u00f3n y conservaci\u00f3n de la infraestructura carretera de nuestro pa\u00eds.&nbsp;<\/p>\n\n\n\n<p>Estamos comprometidos con las obras de construcci\u00f3n, modernizaci\u00f3n y conservaci\u00f3n de carreteras que puedan resistir tanto a los efectos del cambio clim\u00e1tico, como a los fen\u00f3menos hidrometeorol\u00f3gicos, y otras amenazas naturales, a\u00f1adi\u00f3.&nbsp;<\/p>\n\n\n\n<p>Esto implica el uso de tecnolog\u00edas sostenibles, materiales innovadores, sistemas de drenaje eficientes, que aseguren la continuidad, incluso en condiciones adversas.&nbsp;<\/p>\n\n\n\n<p>\u201cLa visi\u00f3n es clara: una red de carreteras moderna, resiliente y al servicio de las personas y del medio ambiente\u201d, recalc\u00f3.&nbsp;<\/p>\n\n\n\n<p>En su oportunidad, el presidente de la AMIVTAC, Juan Jos\u00e9 Orozco y Orozco, se\u00f1al\u00f3 que el XIV Semanario de Ingenier\u00eda Vial es un espacio que reafirma nuestro compromiso en el desarrollo de una infraestructura de transporte moderno, seguro, resiliente y, sobre todo, centrada en las personas.<\/p>\n\n\n\n<p>\u201cSon temas que reflejan una visi\u00f3n m\u00e1s humana y responsable de la ingenier\u00eda vial. Hoy m\u00e1s que nunca debemos entender que la infraestructura no es un fin en s\u00ed mismo, sino una herramienta al servicio de la sociedad: ponemos al centro a las personas\u201d.<\/p>\n\n\n\n<p>En el evento estuvo presente el coordinador de Centros SICT, Carlo Emmanuel Ben\u00edtez Ojeda, y el director general del Centro SICT Hidalgo, Pablo Octavio Olvera S\u00e1nchez.&nbsp;&nbsp;<\/p>\n","protected":false},"excerpt":{"rendered":"<p>La Secretar\u00eda de Infraestructura, Comunicaciones y Transportes (SICT) del Gobierno de M\u00e9xico est\u00e1 comprometida con la seguridad en<\/p>\n","protected":false},"author":1,"featured_media":20123,"comment_status":"closed","ping_status":"open","sticky":false,"template":"","format":"standard","meta":{"_monsterinsights_skip_tracking":false,"_monsterinsights_sitenote_active":false,"_monsterinsights_sitenote_note":"","_monsterinsights_sitenote_category":0,"footnotes":""},"categories":[42,11],"tags":[],"class_list":["post-20118","post","type-post","status-publish","format-standard","has-post-thumbnail","hentry","category-nacional","category-noticias"],"yoast_head":"<!-- This site is optimized with the Yoast SEO plugin v18.3 - https:\/\/yoast.com\/wordpress\/plugins\/seo\/ -->\n<title>Comprometida la Secretar\u00eda de Infraestructura Comunicaciones y Transportes con la seguridad en carreteras - El Puuc Noticias<\/title>\n<meta name=\"robots\" content=\"index, follow, max-snippet:-1, max-image-preview:large, max-video-preview:-1\" \/>\n<link rel=\"canonical\" href=\"https:\/\/elpuucnoticias.com\/?p=20118\" \/>\n<meta property=\"og:locale\" content=\"es_ES\" \/>\n<meta property=\"og:type\" content=\"article\" \/>\n<meta property=\"og:title\" content=\"Comprometida la Secretar\u00eda de Infraestructura Comunicaciones y Transportes con la seguridad en carreteras - El Puuc Noticias\" \/>\n<meta property=\"og:description\" content=\"La Secretar\u00eda de Infraestructura, Comunicaciones y Transportes (SICT) del Gobierno de M\u00e9xico est\u00e1 comprometida con la seguridad en\" \/>\n<meta property=\"og:url\" content=\"https:\/\/elpuucnoticias.com\/?p=20118\" \/>\n<meta property=\"og:site_name\" content=\"El Puuc Noticias\" \/>\n<meta property=\"article:published_time\" content=\"2025-07-18T18:30:55+00:00\" \/>\n<meta property=\"article:modified_time\" content=\"2025-07-18T18:30:56+00:00\" \/>\n<meta property=\"og:image\" content=\"https:\/\/elpuucnoticias.com\/wp-content\/uploads\/2025\/07\/whatsapp-image-2025-07-18-at-11.50.25-am-1.jpeg\" \/>\n\t<meta property=\"og:image:width\" content=\"1600\" \/>\n\t<meta property=\"og:image:height\" content=\"1067\" \/>\n\t<meta property=\"og:image:type\" content=\"image\/jpeg\" \/>\n<meta name=\"twitter:card\" content=\"summary_large_image\" \/>\n<meta name=\"twitter:label1\" content=\"Escrito por\" \/>\n\t<meta name=\"twitter:data1\" content=\"elpuucnoticias\" \/>\n\t<meta name=\"twitter:label2\" content=\"Tiempo de lectura\" \/>\n\t<meta name=\"twitter:data2\" content=\"3 minutos\" \/>\n<script type=\"application\/ld+json\" class=\"yoast-schema-graph\">{\"@context\":\"https:\/\/schema.org\",\"@graph\":[{\"@type\":\"WebSite\",\"@id\":\"https:\/\/elpuucnoticias.com\/#website\",\"url\":\"https:\/\/elpuucnoticias.com\/\",\"name\":\"El Puuc Noticias\",\"description\":\"Noticias - Entretenimiento - Deportes\",\"potentialAction\":[{\"@type\":\"SearchAction\",\"target\":{\"@type\":\"EntryPoint\",\"urlTemplate\":\"https:\/\/elpuucnoticias.com\/?s={search_term_string}\"},\"query-input\":\"required name=search_term_string\"}],\"inLanguage\":\"es\"},{\"@type\":\"ImageObject\",\"@id\":\"https:\/\/elpuucnoticias.com\/?p=20118#primaryimage\",\"inLanguage\":\"es\",\"url\":\"https:\/\/elpuucnoticias.com\/wp-content\/uploads\/2025\/07\/whatsapp-image-2025-07-18-at-11.50.25-am-1.jpeg\",\"contentUrl\":\"https:\/\/elpuucnoticias.com\/wp-content\/uploads\/2025\/07\/whatsapp-image-2025-07-18-at-11.50.25-am-1.jpeg\",\"width\":1600,\"height\":1067},{\"@type\":\"WebPage\",\"@id\":\"https:\/\/elpuucnoticias.com\/?p=20118#webpage\",\"url\":\"https:\/\/elpuucnoticias.com\/?p=20118\",\"name\":\"Comprometida la Secretar\u00eda de Infraestructura Comunicaciones y Transportes con la seguridad en carreteras - El Puuc Noticias\",\"isPartOf\":{\"@id\":\"https:\/\/elpuucnoticias.com\/#website\"},\"primaryImageOfPage\":{\"@id\":\"https:\/\/elpuucnoticias.com\/?p=20118#primaryimage\"},\"datePublished\":\"2025-07-18T18:30:55+00:00\",\"dateModified\":\"2025-07-18T18:30:56+00:00\",\"author\":{\"@id\":\"https:\/\/elpuucnoticias.com\/#\/schema\/person\/d2ea09e4c97f0160b11cdfb1d856bd9e\"},\"breadcrumb\":{\"@id\":\"https:\/\/elpuucnoticias.com\/?p=20118#breadcrumb\"},\"inLanguage\":\"es\",\"potentialAction\":[{\"@type\":\"ReadAction\",\"target\":[\"https:\/\/elpuucnoticias.com\/?p=20118\"]}]},{\"@type\":\"BreadcrumbList\",\"@id\":\"https:\/\/elpuucnoticias.com\/?p=20118#breadcrumb\",\"itemListElement\":[{\"@type\":\"ListItem\",\"position\":1,\"name\":\"Portada\",\"item\":\"https:\/\/elpuucnoticias.com\/\"},{\"@type\":\"ListItem\",\"position\":2,\"name\":\"Comprometida la Secretar\u00eda de Infraestructura Comunicaciones y Transportes con la seguridad en carreteras\"}]},{\"@type\":\"Person\",\"@id\":\"https:\/\/elpuucnoticias.com\/#\/schema\/person\/d2ea09e4c97f0160b11cdfb1d856bd9e\",\"name\":\"elpuucnoticias\",\"image\":{\"@type\":\"ImageObject\",\"@id\":\"https:\/\/elpuucnoticias.com\/#personlogo\",\"inLanguage\":\"es\",\"url\":\"https:\/\/secure.gravatar.com\/avatar\/5290a43657c74ffa15701dbe5b846bd85cc71930d803c84e91046a7333de6ce2?s=96&d=mm&r=g\",\"contentUrl\":\"https:\/\/secure.gravatar.com\/avatar\/5290a43657c74ffa15701dbe5b846bd85cc71930d803c84e91046a7333de6ce2?s=96&d=mm&r=g\",\"caption\":\"elpuucnoticias\"},\"sameAs\":[\"https:\/\/elpuucnoticias.com\"],\"url\":\"https:\/\/elpuucnoticias.com\/?author=1\"}]}<\/script>\n<!-- \/ Yoast SEO plugin. -->","yoast_head_json":{"title":"Comprometida la Secretar\u00eda de Infraestructura Comunicaciones y Transportes con la seguridad en carreteras - El Puuc Noticias","robots":{"index":"index","follow":"follow","max-snippet":"max-snippet:-1","max-image-preview":"max-image-preview:large","max-video-preview":"max-video-preview:-1"},"canonical":"https:\/\/elpuucnoticias.com\/?p=20118","og_locale":"es_ES","og_type":"article","og_title":"Comprometida la Secretar\u00eda de Infraestructura Comunicaciones y Transportes con la seguridad en carreteras - El Puuc Noticias","og_description":"La Secretar\u00eda de Infraestructura, Comunicaciones y Transportes (SICT) del Gobierno de M\u00e9xico est\u00e1 comprometida con la seguridad en","og_url":"https:\/\/elpuucnoticias.com\/?p=20118","og_site_name":"El Puuc Noticias","article_published_time":"2025-07-18T18:30:55+00:00","article_modified_time":"2025-07-18T18:30:56+00:00","og_image":[{"width":1600,"height":1067,"url":"https:\/\/elpuucnoticias.com\/wp-content\/uploads\/2025\/07\/whatsapp-image-2025-07-18-at-11.50.25-am-1.jpeg","type":"image\/jpeg"}],"twitter_card":"summary_large_image","twitter_misc":{"Escrito por":"elpuucnoticias","Tiempo de lectura":"3 minutos"},"schema":{"@context":"https:\/\/schema.org","@graph":[{"@type":"WebSite","@id":"https:\/\/elpuucnoticias.com\/#website","url":"https:\/\/elpuucnoticias.com\/","name":"El Puuc Noticias","description":"Noticias - Entretenimiento - Deportes","potentialAction":[{"@type":"SearchAction","target":{"@type":"EntryPoint","urlTemplate":"https:\/\/elpuucnoticias.com\/?s={search_term_string}"},"query-input":"required name=search_term_string"}],"inLanguage":"es"},{"@type":"ImageObject","@id":"https:\/\/elpuucnoticias.com\/?p=20118#primaryimage","inLanguage":"es","url":"https:\/\/elpuucnoticias.com\/wp-content\/uploads\/2025\/07\/whatsapp-image-2025-07-18-at-11.50.25-am-1.jpeg","contentUrl":"https:\/\/elpuucnoticias.com\/wp-content\/uploads\/2025\/07\/whatsapp-image-2025-07-18-at-11.50.25-am-1.jpeg","width":1600,"height":1067},{"@type":"WebPage","@id":"https:\/\/elpuucnoticias.com\/?p=20118#webpage","url":"https:\/\/elpuucnoticias.com\/?p=20118","name":"Comprometida la Secretar\u00eda de Infraestructura Comunicaciones y Transportes con la seguridad en carreteras - El Puuc Noticias","isPartOf":{"@id":"https:\/\/elpuucnoticias.com\/#website"},"primaryImageOfPage":{"@id":"https:\/\/elpuucnoticias.com\/?p=20118#primaryimage"},"datePublished":"2025-07-18T18:30:55+00:00","dateModified":"2025-07-18T18:30:56+00:00","author":{"@id":"https:\/\/elpuucnoticias.com\/#\/schema\/person\/d2ea09e4c97f0160b11cdfb1d856bd9e"},"breadcrumb":{"@id":"https:\/\/elpuucnoticias.com\/?p=20118#breadcrumb"},"inLanguage":"es","potentialAction":[{"@type":"ReadAction","target":["https:\/\/elpuucnoticias.com\/?p=20118"]}]},{"@type":"BreadcrumbList","@id":"https:\/\/elpuucnoticias.com\/?p=20118#breadcrumb","itemListElement":[{"@type":"ListItem","position":1,"name":"Portada","item":"https:\/\/elpuucnoticias.com\/"},{"@type":"ListItem","position":2,"name":"Comprometida la Secretar\u00eda de Infraestructura Comunicaciones y Transportes con la seguridad en carreteras"}]},{"@type":"Person","@id":"https:\/\/elpuucnoticias.com\/#\/schema\/person\/d2ea09e4c97f0160b11cdfb1d856bd9e","name":"elpuucnoticias","image":{"@type":"ImageObject","@id":"https:\/\/elpuucnoticias.com\/#personlogo","inLanguage":"es","url":"https:\/\/secure.gravatar.com\/avatar\/5290a43657c74ffa15701dbe5b846bd85cc71930d803c84e91046a7333de6ce2?s=96&d=mm&r=g","contentUrl":"https:\/\/secure.gravatar.com\/avatar\/5290a43657c74ffa15701dbe5b846bd85cc71930d803c84e91046a7333de6ce2?s=96&d=mm&r=g","caption":"elpuucnoticias"},"sameAs":["https:\/\/elpuucnoticias.com"],"url":"https:\/\/elpuucnoticias.com\/?author=1"}]}},"_links":{"self":[{"href":"https:\/\/elpuucnoticias.com\/index.php?rest_route=\/wp\/v2\/posts\/20118","targetHints":{"allow":["GET"]}}],"collection":[{"href":"https:\/\/elpuucnoticias.com\/index.php?rest_route=\/wp\/v2\/posts"}],"about":[{"href":"https:\/\/elpuucnoticias.com\/index.php?rest_route=\/wp\/v2\/types\/post"}],"author":[{"embeddable":true,"href":"https:\/\/elpuucnoticias.com\/index.php?rest_route=\/wp\/v2\/users\/1"}],"replies":[{"embeddable":true,"href":"https:\/\/elpuucnoticias.com\/index.php?rest_route=%2Fwp%2Fv2%2Fcomments&post=20118"}],"version-history":[{"count":1,"href":"https:\/\/elpuucnoticias.com\/index.php?rest_route=\/wp\/v2\/posts\/20118\/revisions"}],"predecessor-version":[{"id":20124,"href":"https:\/\/elpuucnoticias.com\/index.php?rest_route=\/wp\/v2\/posts\/20118\/revisions\/20124"}],"wp:featuredmedia":[{"embeddable":true,"href":"https:\/\/elpuucnoticias.com\/index.php?rest_route=\/wp\/v2\/media\/20123"}],"wp:attachment":[{"href":"https:\/\/elpuucnoticias.com\/index.php?rest_route=%2Fwp%2Fv2%2Fmedia&parent=20118"}],"wp:term":[{"taxonomy":"category","embeddable":true,"href":"https:\/\/elpuucnoticias.com\/index.php?rest_route=%2Fwp%2Fv2%2Fcategories&post=20118"},{"taxonomy":"post_tag","embeddable":true,"href":"https:\/\/elpuucnoticias.com\/index.php?rest_route=%2Fwp%2Fv2%2Ftags&post=20118"}],"curies":[{"name":"wp","href":"https:\/\/api.w.org\/{rel}","templated":true}]}}