{"id":20125,"date":"2025-07-21T11:49:30","date_gmt":"2025-07-21T17:49:30","guid":{"rendered":"https:\/\/elpuucnoticias.com\/?p=20125"},"modified":"2025-07-21T11:49:31","modified_gmt":"2025-07-21T17:49:31","slug":"mara-lezama-cumple-y-concluye-la-basificacion-de-personal-de-vectores-en-quintana-roo","status":"publish","type":"post","link":"https:\/\/elpuucnoticias.com\/?p=20125","title":{"rendered":"Mara Lezama cumple y concluye la basificaci\u00f3n de personal de Vectores en Quintana Roo"},"content":{"rendered":"\n<p>Para fortalecer el cuidado de la salud de las y los quintanarroenses, as\u00ed como de quienes visitan el estado, la gobernadora Mara Lezama Espinosa entreg\u00f3 39 bases laborales al personal del Programa de Vectores de los Servicios Estatales de Salud, refrendando su compromiso con la justicia social y la dignificaci\u00f3n del trabajo en el sector salud.<\/p>\n\n\n\n<figure class=\"wp-block-image is-style-default\"><a href=\"https:\/\/cgc.qroo.gob.mx\/cjg\/wp-content\/uploads\/2025\/07\/WhatsApp-Image-2025-07-18-at-14.56.56-5-scaled.jpeg\"><img decoding=\"async\" src=\"https:\/\/cgc.qroo.gob.mx\/cjg\/wp-content\/uploads\/2025\/07\/WhatsApp-Image-2025-07-18-at-14.56.56-5-585x390.jpeg\" alt=\"\" title=\"WhatsApp Image 2025-07-18 at 14.56.56 (5)\"\/><\/a><\/figure>\n\n\n\n<p>Acompa\u00f1ada por la presidenta honoraria del Sistema DIF Quintana Roo, Ver\u00f3nica Lezama Espinosa, y el secretario de Salud en el estado, Flavio Carlos Rosado, la mandataria destac\u00f3 que, tras varios a\u00f1os de espera, hoy 39 trabajadoras y trabajadores reciben certeza laboral como un acto de justicia social que reconoce su esfuerzo, dignifica su labor y contribuye a la consolidaci\u00f3n de un sistema de salud m\u00e1s s\u00f3lido.<\/p>\n\n\n\n<figure class=\"wp-block-image is-style-default\"><a href=\"https:\/\/cgc.qroo.gob.mx\/cjg\/wp-content\/uploads\/2025\/07\/WhatsApp-Image-2025-07-18-at-14.56.56-1.jpeg\"><img decoding=\"async\" src=\"https:\/\/cgc.qroo.gob.mx\/cjg\/wp-content\/uploads\/2025\/07\/WhatsApp-Image-2025-07-18-at-14.56.56-1-585x585.jpeg\" alt=\"\" title=\"WhatsApp Image 2025-07-18 at 14.56.56 (1)\"\/><\/a><\/figure>\n\n\n\n<p>Se\u00f1al\u00f3 que, en coordinaci\u00f3n con el Gobierno de M\u00e9xico, se realiz\u00f3 una inversi\u00f3n de m\u00e1s de 10.9 millones de pesos. Del total de nuevas plazas, el 53.8 % corresponde a mujeres y el 46.15 % a hombres. \u201cEsto es justicia social\u201d, afirm\u00f3.<\/p>\n\n\n\n<p>Mara Lezama subray\u00f3 que esta acci\u00f3n responde a una nueva forma de gobernar, en la que se combate la corrupci\u00f3n para que el dinero del pueblo regrese al pueblo. Reconoci\u00f3 el trabajo del personal de vectores, que d\u00eda con d\u00eda, sin importar las condiciones clim\u00e1ticas, contribuye a mantener a la poblaci\u00f3n libre de enfermedades como el dengue, zika, chikungunya y paludismo.<\/p>\n\n\n\n<p>\u201cUstedes no solo controlan vectores, tambi\u00e9n ense\u00f1an, acompa\u00f1an y salvan vidas. Lo hacen en escuelas, hoteles, comunidades rurales y grandes avenidas. No hay barreras cuando se trata de proteger la salud. Por eso, hoy queremos que trabajen con seguridad, con derechos y en condiciones dignas. As\u00ed se fortalece el sistema de salud y se honra el esfuerzo de cada familia quintanarroense\u201d, expres\u00f3.<\/p>\n\n\n\n<figure class=\"wp-block-image is-style-default\"><a href=\"https:\/\/cgc.qroo.gob.mx\/cjg\/wp-content\/uploads\/2025\/07\/WhatsApp-Image-2025-07-18-at-14.56.55-scaled.jpeg\"><img decoding=\"async\" src=\"https:\/\/cgc.qroo.gob.mx\/cjg\/wp-content\/uploads\/2025\/07\/WhatsApp-Image-2025-07-18-at-14.56.55-585x390.jpeg\" alt=\"\" title=\"WhatsApp Image 2025-07-18 at 14.56.55\"\/><\/a><\/figure>\n\n\n\n<p>La Gobernadora reiter\u00f3 que, junto con el personal de salud, seguir\u00e1 construyendo un Quintana Roo m\u00e1s sano, fuerte y justo, con pasos firmes, visi\u00f3n y compromiso para las y los quintanarroenses y quienes visitan la entidad.<\/p>\n\n\n\n<p>Asimismo, enfatiz\u00f3 que esta tercera etapa de entrega de bases responde a una demanda hist\u00f3rica del personal del programa de vectores. Con estas 39 nuevas plazas se alcanza un total de 145 personas basificadas, quienes durante m\u00e1s de cinco a\u00f1os han trabajado con entrega, vocaci\u00f3n y compromiso.<\/p>\n\n\n\n<p>Por su parte, el titular de la Secretar\u00eda Estatal de Salud, Flavio Carlos Rosado, inform\u00f3 que estas nuevas bases se distribuyen de la siguiente manera: 3 en la Oficina Central de Chetumal, 7 en la Jurisdicci\u00f3n Sanitaria No. 1, 24 en la Jurisdicci\u00f3n Sanitaria de Canc\u00fan y 5 en Felipe Carrillo Puerto.<\/p>\n\n\n\n<figure class=\"wp-block-image is-style-default\"><a href=\"https:\/\/cgc.qroo.gob.mx\/cjg\/wp-content\/uploads\/2025\/07\/WhatsApp-Image-2025-07-18-at-14.56.56-2-scaled.jpeg\"><img decoding=\"async\" src=\"https:\/\/cgc.qroo.gob.mx\/cjg\/wp-content\/uploads\/2025\/07\/WhatsApp-Image-2025-07-18-at-14.56.56-2-585x390.jpeg\" alt=\"\" title=\"WhatsApp Image 2025-07-18 at 14.56.56 (2)\"\/><\/a><\/figure>\n\n\n\n<p>Destac\u00f3 que esta entrega es resultado del trabajo coordinado entre el Gobierno del Estado y el Gobierno de M\u00e9xico, as\u00ed como de la oportuna gesti\u00f3n de la Subdirecci\u00f3n de Vigilancia Epidemiol\u00f3gica de los Servicios Estatales de Salud.<\/p>\n\n\n\n<p>Agreg\u00f3 que, gracias a estas acciones, Quintana Roo logr\u00f3 una significativa reducci\u00f3n de casos de dengue: en el primer semestre de 2024 se registraron 841 casos, mientras que en el mismo periodo de 2025 se reportan \u00fanicamente 76.<br>\u201cHoy podemos decir con orgullo que cerramos el a\u00f1o pasado en el lugar n\u00famero 24 a nivel nacional entre los estados con menor n\u00famero de casos\u201d, subray\u00f3.<\/p>\n\n\n\n<figure class=\"wp-block-image is-style-default\"><a href=\"https:\/\/cgc.qroo.gob.mx\/cjg\/wp-content\/uploads\/2025\/07\/WhatsApp-Image-2025-07-18-at-14.56.56-3-scaled.jpeg\"><img decoding=\"async\" src=\"https:\/\/cgc.qroo.gob.mx\/cjg\/wp-content\/uploads\/2025\/07\/WhatsApp-Image-2025-07-18-at-14.56.56-3-585x390.jpeg\" alt=\"\" title=\"WhatsApp Image 2025-07-18 at 14.56.56 (3)\"\/><\/a><\/figure>\n\n\n\n<p>Durante el evento, Antonio de Jes\u00fas Manrique, trabajador del programa de vectores, comparti\u00f3 el sentir colectivo del personal beneficiado. \u201cEn representaci\u00f3n del personal de vectores, hoy recibimos una noticia que transforma nuestras vidas: la asignaci\u00f3n de nuestras bases laborales. Representa mucho m\u00e1s que una mejora en nuestras condiciones; simboliza el justo reconocimiento a nuestra entrega, esfuerzo y vocaci\u00f3n por proteger la salud de nuestras comunidades\u201d, expres\u00f3.<\/p>\n\n\n\n<p>Finalmente, se reiter\u00f3 el llamado a la poblaci\u00f3n para continuar con las acciones de prevenci\u00f3n y control del dengue, zika y chikungunya, ante las condiciones que en la entidad favorecen la reproducci\u00f3n del vector.<\/p>\n\n\n\n<p>En el evento estuvieron presentes la presidenta municipal de Benito Ju\u00e1rez, Ana Paty Peralta de la Pe\u00f1a; el secretario general de la Secci\u00f3n 45 del Sindicato Nacional de Trabajadores de la Secretar\u00eda de Salud, Barbaciano Sansores Matos; el secretario general de la Subsecci\u00f3n 68 del Sindicato de Vectores, Oscar Omar M\u00e9ndez Beteta, as\u00ed como la trabajadora Karol Vanesa Mart\u00ednez Sosa.<\/p>\n","protected":false},"excerpt":{"rendered":"<p>Para fortalecer el cuidado de la salud de las y los quintanarroenses, as\u00ed como de quienes visitan el<\/p>\n","protected":false},"author":1,"featured_media":20126,"comment_status":"closed","ping_status":"open","sticky":false,"template":"","format":"standard","meta":{"_monsterinsights_skip_tracking":false,"_monsterinsights_sitenote_active":false,"_monsterinsights_sitenote_note":"","_monsterinsights_sitenote_category":0,"footnotes":""},"categories":[11,24],"tags":[],"class_list":["post-20125","post","type-post","status-publish","format-standard","has-post-thumbnail","hentry","category-noticias","category-quintana-roo"],"yoast_head":"<!-- This site is optimized with the Yoast SEO plugin v18.3 - https:\/\/yoast.com\/wordpress\/plugins\/seo\/ -->\n<title>Mara Lezama cumple y concluye la basificaci\u00f3n de personal de Vectores en Quintana Roo - El Puuc Noticias<\/title>\n<meta name=\"robots\" content=\"index, follow, max-snippet:-1, max-image-preview:large, max-video-preview:-1\" \/>\n<link rel=\"canonical\" href=\"https:\/\/elpuucnoticias.com\/?p=20125\" \/>\n<meta property=\"og:locale\" content=\"es_ES\" \/>\n<meta property=\"og:type\" content=\"article\" \/>\n<meta property=\"og:title\" content=\"Mara Lezama cumple y concluye la basificaci\u00f3n de personal de Vectores en Quintana Roo - El Puuc Noticias\" \/>\n<meta property=\"og:description\" content=\"Para fortalecer el cuidado de la salud de las y los quintanarroenses, as\u00ed como de quienes visitan el\" \/>\n<meta property=\"og:url\" content=\"https:\/\/elpuucnoticias.com\/?p=20125\" \/>\n<meta property=\"og:site_name\" content=\"El Puuc Noticias\" \/>\n<meta property=\"article:published_time\" content=\"2025-07-21T17:49:30+00:00\" \/>\n<meta property=\"article:modified_time\" content=\"2025-07-21T17:49:31+00:00\" \/>\n<meta property=\"og:image\" content=\"https:\/\/cgc.qroo.gob.mx\/cjg\/wp-content\/uploads\/2025\/07\/WhatsApp-Image-2025-07-18-at-14.56.56-5-585x390.jpeg\" \/>\n<meta name=\"twitter:card\" content=\"summary_large_image\" \/>\n<meta name=\"twitter:label1\" content=\"Escrito por\" \/>\n\t<meta name=\"twitter:data1\" content=\"elpuucnoticias\" \/>\n\t<meta name=\"twitter:label2\" content=\"Tiempo de lectura\" \/>\n\t<meta name=\"twitter:data2\" content=\"4 minutos\" \/>\n<script type=\"application\/ld+json\" class=\"yoast-schema-graph\">{\"@context\":\"https:\/\/schema.org\",\"@graph\":[{\"@type\":\"WebSite\",\"@id\":\"https:\/\/elpuucnoticias.com\/#website\",\"url\":\"https:\/\/elpuucnoticias.com\/\",\"name\":\"El Puuc Noticias\",\"description\":\"Noticias - Entretenimiento - Deportes\",\"potentialAction\":[{\"@type\":\"SearchAction\",\"target\":{\"@type\":\"EntryPoint\",\"urlTemplate\":\"https:\/\/elpuucnoticias.com\/?s={search_term_string}\"},\"query-input\":\"required name=search_term_string\"}],\"inLanguage\":\"es\"},{\"@type\":\"ImageObject\",\"@id\":\"https:\/\/elpuucnoticias.com\/?p=20125#primaryimage\",\"inLanguage\":\"es\",\"url\":\"https:\/\/elpuucnoticias.com\/wp-content\/uploads\/2025\/07\/whatsapp-image-2025-07-18-at-14.56.56-4-scaled-1.jpeg\",\"contentUrl\":\"https:\/\/elpuucnoticias.com\/wp-content\/uploads\/2025\/07\/whatsapp-image-2025-07-18-at-14.56.56-4-scaled-1.jpeg\",\"width\":2560,\"height\":1707},{\"@type\":\"WebPage\",\"@id\":\"https:\/\/elpuucnoticias.com\/?p=20125#webpage\",\"url\":\"https:\/\/elpuucnoticias.com\/?p=20125\",\"name\":\"Mara Lezama cumple y concluye la basificaci\u00f3n de personal de Vectores en Quintana Roo - El Puuc Noticias\",\"isPartOf\":{\"@id\":\"https:\/\/elpuucnoticias.com\/#website\"},\"primaryImageOfPage\":{\"@id\":\"https:\/\/elpuucnoticias.com\/?p=20125#primaryimage\"},\"datePublished\":\"2025-07-21T17:49:30+00:00\",\"dateModified\":\"2025-07-21T17:49:31+00:00\",\"author\":{\"@id\":\"https:\/\/elpuucnoticias.com\/#\/schema\/person\/d2ea09e4c97f0160b11cdfb1d856bd9e\"},\"breadcrumb\":{\"@id\":\"https:\/\/elpuucnoticias.com\/?p=20125#breadcrumb\"},\"inLanguage\":\"es\",\"potentialAction\":[{\"@type\":\"ReadAction\",\"target\":[\"https:\/\/elpuucnoticias.com\/?p=20125\"]}]},{\"@type\":\"BreadcrumbList\",\"@id\":\"https:\/\/elpuucnoticias.com\/?p=20125#breadcrumb\",\"itemListElement\":[{\"@type\":\"ListItem\",\"position\":1,\"name\":\"Portada\",\"item\":\"https:\/\/elpuucnoticias.com\/\"},{\"@type\":\"ListItem\",\"position\":2,\"name\":\"Mara Lezama cumple y concluye la basificaci\u00f3n de personal de Vectores en Quintana Roo\"}]},{\"@type\":\"Person\",\"@id\":\"https:\/\/elpuucnoticias.com\/#\/schema\/person\/d2ea09e4c97f0160b11cdfb1d856bd9e\",\"name\":\"elpuucnoticias\",\"image\":{\"@type\":\"ImageObject\",\"@id\":\"https:\/\/elpuucnoticias.com\/#personlogo\",\"inLanguage\":\"es\",\"url\":\"https:\/\/secure.gravatar.com\/avatar\/5290a43657c74ffa15701dbe5b846bd85cc71930d803c84e91046a7333de6ce2?s=96&d=mm&r=g\",\"contentUrl\":\"https:\/\/secure.gravatar.com\/avatar\/5290a43657c74ffa15701dbe5b846bd85cc71930d803c84e91046a7333de6ce2?s=96&d=mm&r=g\",\"caption\":\"elpuucnoticias\"},\"sameAs\":[\"https:\/\/elpuucnoticias.com\"],\"url\":\"https:\/\/elpuucnoticias.com\/?author=1\"}]}<\/script>\n<!-- \/ Yoast SEO plugin. -->","yoast_head_json":{"title":"Mara Lezama cumple y concluye la basificaci\u00f3n de personal de Vectores en Quintana Roo - El Puuc Noticias","robots":{"index":"index","follow":"follow","max-snippet":"max-snippet:-1","max-image-preview":"max-image-preview:large","max-video-preview":"max-video-preview:-1"},"canonical":"https:\/\/elpuucnoticias.com\/?p=20125","og_locale":"es_ES","og_type":"article","og_title":"Mara Lezama cumple y concluye la basificaci\u00f3n de personal de Vectores en Quintana Roo - El Puuc Noticias","og_description":"Para fortalecer el cuidado de la salud de las y los quintanarroenses, as\u00ed como de quienes visitan el","og_url":"https:\/\/elpuucnoticias.com\/?p=20125","og_site_name":"El Puuc Noticias","article_published_time":"2025-07-21T17:49:30+00:00","article_modified_time":"2025-07-21T17:49:31+00:00","og_image":[{"url":"https:\/\/cgc.qroo.gob.mx\/cjg\/wp-content\/uploads\/2025\/07\/WhatsApp-Image-2025-07-18-at-14.56.56-5-585x390.jpeg"}],"twitter_card":"summary_large_image","twitter_misc":{"Escrito por":"elpuucnoticias","Tiempo de lectura":"4 minutos"},"schema":{"@context":"https:\/\/schema.org","@graph":[{"@type":"WebSite","@id":"https:\/\/elpuucnoticias.com\/#website","url":"https:\/\/elpuucnoticias.com\/","name":"El Puuc Noticias","description":"Noticias - Entretenimiento - Deportes","potentialAction":[{"@type":"SearchAction","target":{"@type":"EntryPoint","urlTemplate":"https:\/\/elpuucnoticias.com\/?s={search_term_string}"},"query-input":"required name=search_term_string"}],"inLanguage":"es"},{"@type":"ImageObject","@id":"https:\/\/elpuucnoticias.com\/?p=20125#primaryimage","inLanguage":"es","url":"https:\/\/elpuucnoticias.com\/wp-content\/uploads\/2025\/07\/whatsapp-image-2025-07-18-at-14.56.56-4-scaled-1.jpeg","contentUrl":"https:\/\/elpuucnoticias.com\/wp-content\/uploads\/2025\/07\/whatsapp-image-2025-07-18-at-14.56.56-4-scaled-1.jpeg","width":2560,"height":1707},{"@type":"WebPage","@id":"https:\/\/elpuucnoticias.com\/?p=20125#webpage","url":"https:\/\/elpuucnoticias.com\/?p=20125","name":"Mara Lezama cumple y concluye la basificaci\u00f3n de personal de Vectores en Quintana Roo - El Puuc Noticias","isPartOf":{"@id":"https:\/\/elpuucnoticias.com\/#website"},"primaryImageOfPage":{"@id":"https:\/\/elpuucnoticias.com\/?p=20125#primaryimage"},"datePublished":"2025-07-21T17:49:30+00:00","dateModified":"2025-07-21T17:49:31+00:00","author":{"@id":"https:\/\/elpuucnoticias.com\/#\/schema\/person\/d2ea09e4c97f0160b11cdfb1d856bd9e"},"breadcrumb":{"@id":"https:\/\/elpuucnoticias.com\/?p=20125#breadcrumb"},"inLanguage":"es","potentialAction":[{"@type":"ReadAction","target":["https:\/\/elpuucnoticias.com\/?p=20125"]}]},{"@type":"BreadcrumbList","@id":"https:\/\/elpuucnoticias.com\/?p=20125#breadcrumb","itemListElement":[{"@type":"ListItem","position":1,"name":"Portada","item":"https:\/\/elpuucnoticias.com\/"},{"@type":"ListItem","position":2,"name":"Mara Lezama cumple y concluye la basificaci\u00f3n de personal de Vectores en Quintana Roo"}]},{"@type":"Person","@id":"https:\/\/elpuucnoticias.com\/#\/schema\/person\/d2ea09e4c97f0160b11cdfb1d856bd9e","name":"elpuucnoticias","image":{"@type":"ImageObject","@id":"https:\/\/elpuucnoticias.com\/#personlogo","inLanguage":"es","url":"https:\/\/secure.gravatar.com\/avatar\/5290a43657c74ffa15701dbe5b846bd85cc71930d803c84e91046a7333de6ce2?s=96&d=mm&r=g","contentUrl":"https:\/\/secure.gravatar.com\/avatar\/5290a43657c74ffa15701dbe5b846bd85cc71930d803c84e91046a7333de6ce2?s=96&d=mm&r=g","caption":"elpuucnoticias"},"sameAs":["https:\/\/elpuucnoticias.com"],"url":"https:\/\/elpuucnoticias.com\/?author=1"}]}},"_links":{"self":[{"href":"https:\/\/elpuucnoticias.com\/index.php?rest_route=\/wp\/v2\/posts\/20125","targetHints":{"allow":["GET"]}}],"collection":[{"href":"https:\/\/elpuucnoticias.com\/index.php?rest_route=\/wp\/v2\/posts"}],"about":[{"href":"https:\/\/elpuucnoticias.com\/index.php?rest_route=\/wp\/v2\/types\/post"}],"author":[{"embeddable":true,"href":"https:\/\/elpuucnoticias.com\/index.php?rest_route=\/wp\/v2\/users\/1"}],"replies":[{"embeddable":true,"href":"https:\/\/elpuucnoticias.com\/index.php?rest_route=%2Fwp%2Fv2%2Fcomments&post=20125"}],"version-history":[{"count":1,"href":"https:\/\/elpuucnoticias.com\/index.php?rest_route=\/wp\/v2\/posts\/20125\/revisions"}],"predecessor-version":[{"id":20127,"href":"https:\/\/elpuucnoticias.com\/index.php?rest_route=\/wp\/v2\/posts\/20125\/revisions\/20127"}],"wp:featuredmedia":[{"embeddable":true,"href":"https:\/\/elpuucnoticias.com\/index.php?rest_route=\/wp\/v2\/media\/20126"}],"wp:attachment":[{"href":"https:\/\/elpuucnoticias.com\/index.php?rest_route=%2Fwp%2Fv2%2Fmedia&parent=20125"}],"wp:term":[{"taxonomy":"category","embeddable":true,"href":"https:\/\/elpuucnoticias.com\/index.php?rest_route=%2Fwp%2Fv2%2Fcategories&post=20125"},{"taxonomy":"post_tag","embeddable":true,"href":"https:\/\/elpuucnoticias.com\/index.php?rest_route=%2Fwp%2Fv2%2Ftags&post=20125"}],"curies":[{"name":"wp","href":"https:\/\/api.w.org\/{rel}","templated":true}]}}