{"id":20168,"date":"2025-07-22T11:26:39","date_gmt":"2025-07-22T17:26:39","guid":{"rendered":"https:\/\/elpuucnoticias.com\/?p=20168"},"modified":"2025-07-22T11:26:39","modified_gmt":"2025-07-22T17:26:39","slug":"la-quintanarroense-dara-bazuca-orozco-peleara-por-el-oro-en-la-disciplina-de-boxeo-de-la-olimpiada-nacional-conade-2025","status":"publish","type":"post","link":"https:\/\/elpuucnoticias.com\/?p=20168","title":{"rendered":"La quintanarroense Dara \u201cBazuca\u201d Orozco pelear\u00e1 por el oro en la disciplina de Boxeo de la Olimpiada Nacional CONADE 2025"},"content":{"rendered":"\n<p>En lo que fue una intensa jornada en el Gimnasio \u201cMiguel Hidalgo\u201d de la heroica Puebla de Zaragoza, la peleadora quintanarroense Dara \u201cBazuca\u201d Orozco Su\u00e1rez combatir\u00e1 por la medalla de oro, esto luego de asegurar su lugar en la final de la divisi\u00f3n de los pesos ligeros, tras superar la fase semifinal durante la tercera jornada de la disciplina de Boxeo de la Olimpiada Nacional CONADE 2025.<\/p>\n\n\n\n<figure class=\"wp-block-image is-style-default\"><a href=\"https:\/\/cgc.qroo.gob.mx\/cjg\/wp-content\/uploads\/2025\/07\/7129464e-eb6e-44c8-8d09-2c67c6c42201.jpg\"><img decoding=\"async\" src=\"https:\/\/cgc.qroo.gob.mx\/cjg\/wp-content\/uploads\/2025\/07\/7129464e-eb6e-44c8-8d09-2c67c6c42201-585x390.jpg\" alt=\"\" title=\"7129464e-eb6e-44c8-8d09-2c67c6c42201\"\/><\/a><\/figure>\n\n\n\n<p>A trav\u00e9s de la Comisi\u00f3n del Deporte de Quintana Roo, presidida por Jacobo Arzate Hop, se prioriza que las y los atletas tengan las herramientas necesarias para cumplir con sus objetivos deportivos, como es el caso de Dara, quien ahora est\u00e1 en la pelea por el campeonato nacional de Boxeo y con ello se respalda las acciones que enmarca el Nuevo Acuerdo por el Bienestar y Desarrollo, impulsado por la gobernadora Mara Lezama Espinosa.<\/p>\n\n\n\n<p>Pasando a las acciones de la justa, la oriunda de Canc\u00fan sali\u00f3 decidida a quedarse con la victoria y desde el campanazo inicial fue quien propuso la batalla lanzando sus combinaciones y poniendo en aprietos a Marlene Fern\u00e1ndez de Durango, de hecho el combate se tuvo que detener en dos ocasiones para el conteo.<\/p>\n\n\n\n<figure class=\"wp-block-image is-style-default\"><a href=\"https:\/\/cgc.qroo.gob.mx\/cjg\/wp-content\/uploads\/2025\/07\/6003e43b-9efd-4573-8ad1-dc40b225aa11.jpg\"><img decoding=\"async\" src=\"https:\/\/cgc.qroo.gob.mx\/cjg\/wp-content\/uploads\/2025\/07\/6003e43b-9efd-4573-8ad1-dc40b225aa11-585x390.jpg\" alt=\"\" title=\"6003e43b-9efd-4573-8ad1-dc40b225aa11\"\/><\/a><\/figure>\n\n\n\n<p>Orozco Su\u00e1rez mantuvo su ofensiva y en el tercer asalto volvi\u00f3 a provocar que el r\u00e9feri detenga el combate, por lo que de inmediato se declar\u00f3 la victoria a la p\u00fagil quintanarroense, sell\u00f3 su triunfo por la v\u00eda de RSC.<\/p>\n\n\n\n<p>Con esta victoria, Dara Orozco pelear\u00e1 en la gran final de la categor\u00eda Junior, en el peso ligero de hasta 60 kilogramos, enfrentamiento programado para el pr\u00f3ximo jueves 24 de julio.<\/p>\n\n\n\n<figure class=\"wp-block-image is-style-default\"><a href=\"https:\/\/cgc.qroo.gob.mx\/cjg\/wp-content\/uploads\/2025\/07\/132779b4-bfe4-45dd-8315-296ec7cd4a4e.jpg\"><img decoding=\"async\" src=\"https:\/\/cgc.qroo.gob.mx\/cjg\/wp-content\/uploads\/2025\/07\/132779b4-bfe4-45dd-8315-296ec7cd4a4e-585x390.jpg\" alt=\"\" title=\"132779b4-bfe4-45dd-8315-296ec7cd4a4e\"\/><\/a><\/figure>\n\n\n\n<p>En m\u00e1s resultados positivos para Quintana Roo, el quintanarroense Bryan Hern\u00e1ndez es el sexto boxeador de la entidad que se meti\u00f3 en la pelea por las medallas, luego de vencer a Juan Diego Romero de Guanajuato por la decisi\u00f3n un\u00e1nime, en la categor\u00eda de peso welter ligero, avanzando a las semifinales.<\/p>\n\n\n\n<p>En la pr\u00f3xima jornada de la justa, entrar\u00e1 en acci\u00f3n Axel Mart\u00ednez, quien le tocar\u00e1 hacer frente a Cristian Garc\u00eda del Estado de M\u00e9xico, en peso mosca en su pase por la final; otro que buscar\u00e1 acceder a la final, es \u00c1ngela Manrique, cuando se mida con Amaranta Leyva de Guerrero, en peso welter.<\/p>\n","protected":false},"excerpt":{"rendered":"<p>En lo que fue una intensa jornada en el Gimnasio \u201cMiguel Hidalgo\u201d de la heroica Puebla de Zaragoza,<\/p>\n","protected":false},"author":1,"featured_media":20169,"comment_status":"closed","ping_status":"open","sticky":false,"template":"","format":"standard","meta":{"_monsterinsights_skip_tracking":false,"_monsterinsights_sitenote_active":false,"_monsterinsights_sitenote_note":"","_monsterinsights_sitenote_category":0,"footnotes":""},"categories":[11,24],"tags":[],"class_list":["post-20168","post","type-post","status-publish","format-standard","has-post-thumbnail","hentry","category-noticias","category-quintana-roo"],"yoast_head":"<!-- This site is optimized with the Yoast SEO plugin v18.3 - https:\/\/yoast.com\/wordpress\/plugins\/seo\/ -->\n<title>La quintanarroense Dara \u201cBazuca\u201d Orozco pelear\u00e1 por el oro en la disciplina de Boxeo de la Olimpiada Nacional CONADE 2025 - El Puuc Noticias<\/title>\n<meta name=\"robots\" content=\"index, follow, max-snippet:-1, max-image-preview:large, max-video-preview:-1\" \/>\n<link rel=\"canonical\" href=\"https:\/\/elpuucnoticias.com\/?p=20168\" \/>\n<meta property=\"og:locale\" content=\"es_ES\" \/>\n<meta property=\"og:type\" content=\"article\" \/>\n<meta property=\"og:title\" content=\"La quintanarroense Dara \u201cBazuca\u201d Orozco pelear\u00e1 por el oro en la disciplina de Boxeo de la Olimpiada Nacional CONADE 2025 - El Puuc Noticias\" \/>\n<meta property=\"og:description\" content=\"En lo que fue una intensa jornada en el Gimnasio \u201cMiguel Hidalgo\u201d de la heroica Puebla de Zaragoza,\" \/>\n<meta property=\"og:url\" content=\"https:\/\/elpuucnoticias.com\/?p=20168\" \/>\n<meta property=\"og:site_name\" content=\"El Puuc Noticias\" \/>\n<meta property=\"article:published_time\" content=\"2025-07-22T17:26:39+00:00\" \/>\n<meta property=\"og:image\" content=\"https:\/\/elpuucnoticias.com\/wp-content\/uploads\/2025\/07\/00be38fe-a034-46c5-8982-80115a72948b.jpg\" \/>\n\t<meta property=\"og:image:width\" content=\"1459\" \/>\n\t<meta property=\"og:image:height\" content=\"1280\" \/>\n\t<meta property=\"og:image:type\" content=\"image\/jpeg\" \/>\n<meta name=\"twitter:card\" content=\"summary_large_image\" \/>\n<meta name=\"twitter:label1\" content=\"Escrito por\" \/>\n\t<meta name=\"twitter:data1\" content=\"elpuucnoticias\" \/>\n\t<meta name=\"twitter:label2\" content=\"Tiempo de lectura\" \/>\n\t<meta name=\"twitter:data2\" content=\"2 minutos\" \/>\n<script type=\"application\/ld+json\" class=\"yoast-schema-graph\">{\"@context\":\"https:\/\/schema.org\",\"@graph\":[{\"@type\":\"WebSite\",\"@id\":\"https:\/\/elpuucnoticias.com\/#website\",\"url\":\"https:\/\/elpuucnoticias.com\/\",\"name\":\"El Puuc Noticias\",\"description\":\"Noticias - Entretenimiento - Deportes\",\"potentialAction\":[{\"@type\":\"SearchAction\",\"target\":{\"@type\":\"EntryPoint\",\"urlTemplate\":\"https:\/\/elpuucnoticias.com\/?s={search_term_string}\"},\"query-input\":\"required name=search_term_string\"}],\"inLanguage\":\"es\"},{\"@type\":\"ImageObject\",\"@id\":\"https:\/\/elpuucnoticias.com\/?p=20168#primaryimage\",\"inLanguage\":\"es\",\"url\":\"https:\/\/elpuucnoticias.com\/wp-content\/uploads\/2025\/07\/00be38fe-a034-46c5-8982-80115a72948b.jpg\",\"contentUrl\":\"https:\/\/elpuucnoticias.com\/wp-content\/uploads\/2025\/07\/00be38fe-a034-46c5-8982-80115a72948b.jpg\",\"width\":1459,\"height\":1280},{\"@type\":\"WebPage\",\"@id\":\"https:\/\/elpuucnoticias.com\/?p=20168#webpage\",\"url\":\"https:\/\/elpuucnoticias.com\/?p=20168\",\"name\":\"La quintanarroense Dara \u201cBazuca\u201d Orozco pelear\u00e1 por el oro en la disciplina de Boxeo de la Olimpiada Nacional CONADE 2025 - El Puuc Noticias\",\"isPartOf\":{\"@id\":\"https:\/\/elpuucnoticias.com\/#website\"},\"primaryImageOfPage\":{\"@id\":\"https:\/\/elpuucnoticias.com\/?p=20168#primaryimage\"},\"datePublished\":\"2025-07-22T17:26:39+00:00\",\"dateModified\":\"2025-07-22T17:26:39+00:00\",\"author\":{\"@id\":\"https:\/\/elpuucnoticias.com\/#\/schema\/person\/d2ea09e4c97f0160b11cdfb1d856bd9e\"},\"breadcrumb\":{\"@id\":\"https:\/\/elpuucnoticias.com\/?p=20168#breadcrumb\"},\"inLanguage\":\"es\",\"potentialAction\":[{\"@type\":\"ReadAction\",\"target\":[\"https:\/\/elpuucnoticias.com\/?p=20168\"]}]},{\"@type\":\"BreadcrumbList\",\"@id\":\"https:\/\/elpuucnoticias.com\/?p=20168#breadcrumb\",\"itemListElement\":[{\"@type\":\"ListItem\",\"position\":1,\"name\":\"Portada\",\"item\":\"https:\/\/elpuucnoticias.com\/\"},{\"@type\":\"ListItem\",\"position\":2,\"name\":\"La quintanarroense Dara \u201cBazuca\u201d Orozco pelear\u00e1 por el oro en la disciplina de Boxeo de la Olimpiada Nacional CONADE 2025\"}]},{\"@type\":\"Person\",\"@id\":\"https:\/\/elpuucnoticias.com\/#\/schema\/person\/d2ea09e4c97f0160b11cdfb1d856bd9e\",\"name\":\"elpuucnoticias\",\"image\":{\"@type\":\"ImageObject\",\"@id\":\"https:\/\/elpuucnoticias.com\/#personlogo\",\"inLanguage\":\"es\",\"url\":\"https:\/\/secure.gravatar.com\/avatar\/5290a43657c74ffa15701dbe5b846bd85cc71930d803c84e91046a7333de6ce2?s=96&d=mm&r=g\",\"contentUrl\":\"https:\/\/secure.gravatar.com\/avatar\/5290a43657c74ffa15701dbe5b846bd85cc71930d803c84e91046a7333de6ce2?s=96&d=mm&r=g\",\"caption\":\"elpuucnoticias\"},\"sameAs\":[\"https:\/\/elpuucnoticias.com\"],\"url\":\"https:\/\/elpuucnoticias.com\/?author=1\"}]}<\/script>\n<!-- \/ Yoast SEO plugin. -->","yoast_head_json":{"title":"La quintanarroense Dara \u201cBazuca\u201d Orozco pelear\u00e1 por el oro en la disciplina de Boxeo de la Olimpiada Nacional CONADE 2025 - El Puuc Noticias","robots":{"index":"index","follow":"follow","max-snippet":"max-snippet:-1","max-image-preview":"max-image-preview:large","max-video-preview":"max-video-preview:-1"},"canonical":"https:\/\/elpuucnoticias.com\/?p=20168","og_locale":"es_ES","og_type":"article","og_title":"La quintanarroense Dara \u201cBazuca\u201d Orozco pelear\u00e1 por el oro en la disciplina de Boxeo de la Olimpiada Nacional CONADE 2025 - El Puuc Noticias","og_description":"En lo que fue una intensa jornada en el Gimnasio \u201cMiguel Hidalgo\u201d de la heroica Puebla de Zaragoza,","og_url":"https:\/\/elpuucnoticias.com\/?p=20168","og_site_name":"El Puuc Noticias","article_published_time":"2025-07-22T17:26:39+00:00","og_image":[{"width":1459,"height":1280,"url":"https:\/\/elpuucnoticias.com\/wp-content\/uploads\/2025\/07\/00be38fe-a034-46c5-8982-80115a72948b.jpg","type":"image\/jpeg"}],"twitter_card":"summary_large_image","twitter_misc":{"Escrito por":"elpuucnoticias","Tiempo de lectura":"2 minutos"},"schema":{"@context":"https:\/\/schema.org","@graph":[{"@type":"WebSite","@id":"https:\/\/elpuucnoticias.com\/#website","url":"https:\/\/elpuucnoticias.com\/","name":"El Puuc Noticias","description":"Noticias - Entretenimiento - Deportes","potentialAction":[{"@type":"SearchAction","target":{"@type":"EntryPoint","urlTemplate":"https:\/\/elpuucnoticias.com\/?s={search_term_string}"},"query-input":"required name=search_term_string"}],"inLanguage":"es"},{"@type":"ImageObject","@id":"https:\/\/elpuucnoticias.com\/?p=20168#primaryimage","inLanguage":"es","url":"https:\/\/elpuucnoticias.com\/wp-content\/uploads\/2025\/07\/00be38fe-a034-46c5-8982-80115a72948b.jpg","contentUrl":"https:\/\/elpuucnoticias.com\/wp-content\/uploads\/2025\/07\/00be38fe-a034-46c5-8982-80115a72948b.jpg","width":1459,"height":1280},{"@type":"WebPage","@id":"https:\/\/elpuucnoticias.com\/?p=20168#webpage","url":"https:\/\/elpuucnoticias.com\/?p=20168","name":"La quintanarroense Dara \u201cBazuca\u201d Orozco pelear\u00e1 por el oro en la disciplina de Boxeo de la Olimpiada Nacional CONADE 2025 - El Puuc Noticias","isPartOf":{"@id":"https:\/\/elpuucnoticias.com\/#website"},"primaryImageOfPage":{"@id":"https:\/\/elpuucnoticias.com\/?p=20168#primaryimage"},"datePublished":"2025-07-22T17:26:39+00:00","dateModified":"2025-07-22T17:26:39+00:00","author":{"@id":"https:\/\/elpuucnoticias.com\/#\/schema\/person\/d2ea09e4c97f0160b11cdfb1d856bd9e"},"breadcrumb":{"@id":"https:\/\/elpuucnoticias.com\/?p=20168#breadcrumb"},"inLanguage":"es","potentialAction":[{"@type":"ReadAction","target":["https:\/\/elpuucnoticias.com\/?p=20168"]}]},{"@type":"BreadcrumbList","@id":"https:\/\/elpuucnoticias.com\/?p=20168#breadcrumb","itemListElement":[{"@type":"ListItem","position":1,"name":"Portada","item":"https:\/\/elpuucnoticias.com\/"},{"@type":"ListItem","position":2,"name":"La quintanarroense Dara \u201cBazuca\u201d Orozco pelear\u00e1 por el oro en la disciplina de Boxeo de la Olimpiada Nacional CONADE 2025"}]},{"@type":"Person","@id":"https:\/\/elpuucnoticias.com\/#\/schema\/person\/d2ea09e4c97f0160b11cdfb1d856bd9e","name":"elpuucnoticias","image":{"@type":"ImageObject","@id":"https:\/\/elpuucnoticias.com\/#personlogo","inLanguage":"es","url":"https:\/\/secure.gravatar.com\/avatar\/5290a43657c74ffa15701dbe5b846bd85cc71930d803c84e91046a7333de6ce2?s=96&d=mm&r=g","contentUrl":"https:\/\/secure.gravatar.com\/avatar\/5290a43657c74ffa15701dbe5b846bd85cc71930d803c84e91046a7333de6ce2?s=96&d=mm&r=g","caption":"elpuucnoticias"},"sameAs":["https:\/\/elpuucnoticias.com"],"url":"https:\/\/elpuucnoticias.com\/?author=1"}]}},"_links":{"self":[{"href":"https:\/\/elpuucnoticias.com\/index.php?rest_route=\/wp\/v2\/posts\/20168","targetHints":{"allow":["GET"]}}],"collection":[{"href":"https:\/\/elpuucnoticias.com\/index.php?rest_route=\/wp\/v2\/posts"}],"about":[{"href":"https:\/\/elpuucnoticias.com\/index.php?rest_route=\/wp\/v2\/types\/post"}],"author":[{"embeddable":true,"href":"https:\/\/elpuucnoticias.com\/index.php?rest_route=\/wp\/v2\/users\/1"}],"replies":[{"embeddable":true,"href":"https:\/\/elpuucnoticias.com\/index.php?rest_route=%2Fwp%2Fv2%2Fcomments&post=20168"}],"version-history":[{"count":1,"href":"https:\/\/elpuucnoticias.com\/index.php?rest_route=\/wp\/v2\/posts\/20168\/revisions"}],"predecessor-version":[{"id":20170,"href":"https:\/\/elpuucnoticias.com\/index.php?rest_route=\/wp\/v2\/posts\/20168\/revisions\/20170"}],"wp:featuredmedia":[{"embeddable":true,"href":"https:\/\/elpuucnoticias.com\/index.php?rest_route=\/wp\/v2\/media\/20169"}],"wp:attachment":[{"href":"https:\/\/elpuucnoticias.com\/index.php?rest_route=%2Fwp%2Fv2%2Fmedia&parent=20168"}],"wp:term":[{"taxonomy":"category","embeddable":true,"href":"https:\/\/elpuucnoticias.com\/index.php?rest_route=%2Fwp%2Fv2%2Fcategories&post=20168"},{"taxonomy":"post_tag","embeddable":true,"href":"https:\/\/elpuucnoticias.com\/index.php?rest_route=%2Fwp%2Fv2%2Ftags&post=20168"}],"curies":[{"name":"wp","href":"https:\/\/api.w.org\/{rel}","templated":true}]}}