{"id":20180,"date":"2025-07-23T11:31:41","date_gmt":"2025-07-23T17:31:41","guid":{"rendered":"https:\/\/elpuucnoticias.com\/?p=20180"},"modified":"2025-07-23T12:01:37","modified_gmt":"2025-07-23T18:01:37","slug":"permanecera-en-prision-por-violencia-familiar","status":"publish","type":"post","link":"https:\/\/elpuucnoticias.com\/?p=20180","title":{"rendered":"Permanecer\u00e1 en prisi\u00f3n por violencia familiar"},"content":{"rendered":"\n<p>Luego de ser imputado por el delito de violencia familiar, J.E.M.R. fue sometido a una segunda audiencia en la que se resolvi\u00f3 su situaci\u00f3n legal a partir de los documentos de prueba presentados por la Fiscal\u00eda General del Estado (FGE), en virtud de los hechos registrados en un predio de la localidad de Um\u00e1n.<\/p>\n\n\n\n<p>Adem\u00e1s, la autoridad a cargo de este proceso jur\u00eddico ratific\u00f3 la medida cautelar que ordena al imputado a continuar bajo prisi\u00f3n preventiva hasta esclarecer su participaci\u00f3n en los hechos.<\/p>\n\n\n\n<p>Cabe recordar que, seg\u00fan la causa penal 67\/2025, el pasado 11 de julio el acusado ingres\u00f3 a la fuerza al domicilio donde habita su ex pareja, a quien amenaz\u00f3 y agredi\u00f3 de manera psicol\u00f3gica, por lo que en determinado momento la mujer logr\u00f3 resguardarse y solicitar auxilio policiaco mediante una llamada telef\u00f3nica.<\/p>\n\n\n\n<p>Es por ello que, al valorar los datos periciales reunidos por esta representaci\u00f3n social, la Juez Primero de Control del Cuarto Distrito dict\u00f3 el auto de vinculaci\u00f3n a proceso y estableci\u00f3 un plazo de tres meses para continuar con la investigaci\u00f3n complementaria.<\/p>\n","protected":false},"excerpt":{"rendered":"<p>Luego de ser imputado por el delito de violencia familiar, J.E.M.R. fue sometido a una segunda audiencia en<\/p>\n","protected":false},"author":1,"featured_media":9268,"comment_status":"closed","ping_status":"open","sticky":false,"template":"","format":"standard","meta":{"_monsterinsights_skip_tracking":false,"_monsterinsights_sitenote_active":false,"_monsterinsights_sitenote_note":"","_monsterinsights_sitenote_category":0,"footnotes":""},"categories":[11,3],"tags":[],"class_list":["post-20180","post","type-post","status-publish","format-standard","has-post-thumbnail","hentry","category-noticias","category-policiacas"],"yoast_head":"<!-- This site is optimized with the Yoast SEO plugin v18.3 - https:\/\/yoast.com\/wordpress\/plugins\/seo\/ -->\n<title>Permanecer\u00e1 en prisi\u00f3n por violencia familiar - El Puuc Noticias<\/title>\n<meta name=\"robots\" content=\"index, follow, max-snippet:-1, max-image-preview:large, max-video-preview:-1\" \/>\n<link rel=\"canonical\" href=\"https:\/\/elpuucnoticias.com\/?p=20180\" \/>\n<meta property=\"og:locale\" content=\"es_ES\" \/>\n<meta property=\"og:type\" content=\"article\" \/>\n<meta property=\"og:title\" content=\"Permanecer\u00e1 en prisi\u00f3n por violencia familiar - El Puuc Noticias\" \/>\n<meta property=\"og:description\" content=\"Luego de ser imputado por el delito de violencia familiar, J.E.M.R. fue sometido a una segunda audiencia en\" \/>\n<meta property=\"og:url\" content=\"https:\/\/elpuucnoticias.com\/?p=20180\" \/>\n<meta property=\"og:site_name\" content=\"El Puuc Noticias\" \/>\n<meta property=\"article:published_time\" content=\"2025-07-23T17:31:41+00:00\" \/>\n<meta property=\"article:modified_time\" content=\"2025-07-23T18:01:37+00:00\" \/>\n<meta property=\"og:image\" content=\"https:\/\/elpuucnoticias.com\/wp-content\/uploads\/2023\/09\/fiscalia-separos.jpg\" \/>\n\t<meta property=\"og:image:width\" content=\"1492\" \/>\n\t<meta property=\"og:image:height\" content=\"995\" \/>\n\t<meta property=\"og:image:type\" content=\"image\/jpeg\" \/>\n<meta name=\"twitter:card\" content=\"summary_large_image\" \/>\n<meta name=\"twitter:label1\" content=\"Escrito por\" \/>\n\t<meta name=\"twitter:data1\" content=\"elpuucnoticias\" \/>\n\t<meta name=\"twitter:label2\" content=\"Tiempo de lectura\" \/>\n\t<meta name=\"twitter:data2\" content=\"1 minuto\" \/>\n<script type=\"application\/ld+json\" class=\"yoast-schema-graph\">{\"@context\":\"https:\/\/schema.org\",\"@graph\":[{\"@type\":\"WebSite\",\"@id\":\"https:\/\/elpuucnoticias.com\/#website\",\"url\":\"https:\/\/elpuucnoticias.com\/\",\"name\":\"El Puuc Noticias\",\"description\":\"Noticias - Entretenimiento - Deportes\",\"potentialAction\":[{\"@type\":\"SearchAction\",\"target\":{\"@type\":\"EntryPoint\",\"urlTemplate\":\"https:\/\/elpuucnoticias.com\/?s={search_term_string}\"},\"query-input\":\"required name=search_term_string\"}],\"inLanguage\":\"es\"},{\"@type\":\"ImageObject\",\"@id\":\"https:\/\/elpuucnoticias.com\/?p=20180#primaryimage\",\"inLanguage\":\"es\",\"url\":\"https:\/\/elpuucnoticias.com\/wp-content\/uploads\/2023\/09\/fiscalia-separos.jpg\",\"contentUrl\":\"https:\/\/elpuucnoticias.com\/wp-content\/uploads\/2023\/09\/fiscalia-separos.jpg\",\"width\":1492,\"height\":995},{\"@type\":\"WebPage\",\"@id\":\"https:\/\/elpuucnoticias.com\/?p=20180#webpage\",\"url\":\"https:\/\/elpuucnoticias.com\/?p=20180\",\"name\":\"Permanecer\u00e1 en prisi\u00f3n por violencia familiar - El Puuc Noticias\",\"isPartOf\":{\"@id\":\"https:\/\/elpuucnoticias.com\/#website\"},\"primaryImageOfPage\":{\"@id\":\"https:\/\/elpuucnoticias.com\/?p=20180#primaryimage\"},\"datePublished\":\"2025-07-23T17:31:41+00:00\",\"dateModified\":\"2025-07-23T18:01:37+00:00\",\"author\":{\"@id\":\"https:\/\/elpuucnoticias.com\/#\/schema\/person\/d2ea09e4c97f0160b11cdfb1d856bd9e\"},\"breadcrumb\":{\"@id\":\"https:\/\/elpuucnoticias.com\/?p=20180#breadcrumb\"},\"inLanguage\":\"es\",\"potentialAction\":[{\"@type\":\"ReadAction\",\"target\":[\"https:\/\/elpuucnoticias.com\/?p=20180\"]}]},{\"@type\":\"BreadcrumbList\",\"@id\":\"https:\/\/elpuucnoticias.com\/?p=20180#breadcrumb\",\"itemListElement\":[{\"@type\":\"ListItem\",\"position\":1,\"name\":\"Portada\",\"item\":\"https:\/\/elpuucnoticias.com\/\"},{\"@type\":\"ListItem\",\"position\":2,\"name\":\"Permanecer\u00e1 en prisi\u00f3n por violencia familiar\"}]},{\"@type\":\"Person\",\"@id\":\"https:\/\/elpuucnoticias.com\/#\/schema\/person\/d2ea09e4c97f0160b11cdfb1d856bd9e\",\"name\":\"elpuucnoticias\",\"image\":{\"@type\":\"ImageObject\",\"@id\":\"https:\/\/elpuucnoticias.com\/#personlogo\",\"inLanguage\":\"es\",\"url\":\"https:\/\/secure.gravatar.com\/avatar\/5290a43657c74ffa15701dbe5b846bd85cc71930d803c84e91046a7333de6ce2?s=96&d=mm&r=g\",\"contentUrl\":\"https:\/\/secure.gravatar.com\/avatar\/5290a43657c74ffa15701dbe5b846bd85cc71930d803c84e91046a7333de6ce2?s=96&d=mm&r=g\",\"caption\":\"elpuucnoticias\"},\"sameAs\":[\"https:\/\/elpuucnoticias.com\"],\"url\":\"https:\/\/elpuucnoticias.com\/?author=1\"}]}<\/script>\n<!-- \/ Yoast SEO plugin. -->","yoast_head_json":{"title":"Permanecer\u00e1 en prisi\u00f3n por violencia familiar - El Puuc Noticias","robots":{"index":"index","follow":"follow","max-snippet":"max-snippet:-1","max-image-preview":"max-image-preview:large","max-video-preview":"max-video-preview:-1"},"canonical":"https:\/\/elpuucnoticias.com\/?p=20180","og_locale":"es_ES","og_type":"article","og_title":"Permanecer\u00e1 en prisi\u00f3n por violencia familiar - El Puuc Noticias","og_description":"Luego de ser imputado por el delito de violencia familiar, J.E.M.R. fue sometido a una segunda audiencia en","og_url":"https:\/\/elpuucnoticias.com\/?p=20180","og_site_name":"El Puuc Noticias","article_published_time":"2025-07-23T17:31:41+00:00","article_modified_time":"2025-07-23T18:01:37+00:00","og_image":[{"width":1492,"height":995,"url":"https:\/\/elpuucnoticias.com\/wp-content\/uploads\/2023\/09\/fiscalia-separos.jpg","type":"image\/jpeg"}],"twitter_card":"summary_large_image","twitter_misc":{"Escrito por":"elpuucnoticias","Tiempo de lectura":"1 minuto"},"schema":{"@context":"https:\/\/schema.org","@graph":[{"@type":"WebSite","@id":"https:\/\/elpuucnoticias.com\/#website","url":"https:\/\/elpuucnoticias.com\/","name":"El Puuc Noticias","description":"Noticias - Entretenimiento - Deportes","potentialAction":[{"@type":"SearchAction","target":{"@type":"EntryPoint","urlTemplate":"https:\/\/elpuucnoticias.com\/?s={search_term_string}"},"query-input":"required name=search_term_string"}],"inLanguage":"es"},{"@type":"ImageObject","@id":"https:\/\/elpuucnoticias.com\/?p=20180#primaryimage","inLanguage":"es","url":"https:\/\/elpuucnoticias.com\/wp-content\/uploads\/2023\/09\/fiscalia-separos.jpg","contentUrl":"https:\/\/elpuucnoticias.com\/wp-content\/uploads\/2023\/09\/fiscalia-separos.jpg","width":1492,"height":995},{"@type":"WebPage","@id":"https:\/\/elpuucnoticias.com\/?p=20180#webpage","url":"https:\/\/elpuucnoticias.com\/?p=20180","name":"Permanecer\u00e1 en prisi\u00f3n por violencia familiar - El Puuc Noticias","isPartOf":{"@id":"https:\/\/elpuucnoticias.com\/#website"},"primaryImageOfPage":{"@id":"https:\/\/elpuucnoticias.com\/?p=20180#primaryimage"},"datePublished":"2025-07-23T17:31:41+00:00","dateModified":"2025-07-23T18:01:37+00:00","author":{"@id":"https:\/\/elpuucnoticias.com\/#\/schema\/person\/d2ea09e4c97f0160b11cdfb1d856bd9e"},"breadcrumb":{"@id":"https:\/\/elpuucnoticias.com\/?p=20180#breadcrumb"},"inLanguage":"es","potentialAction":[{"@type":"ReadAction","target":["https:\/\/elpuucnoticias.com\/?p=20180"]}]},{"@type":"BreadcrumbList","@id":"https:\/\/elpuucnoticias.com\/?p=20180#breadcrumb","itemListElement":[{"@type":"ListItem","position":1,"name":"Portada","item":"https:\/\/elpuucnoticias.com\/"},{"@type":"ListItem","position":2,"name":"Permanecer\u00e1 en prisi\u00f3n por violencia familiar"}]},{"@type":"Person","@id":"https:\/\/elpuucnoticias.com\/#\/schema\/person\/d2ea09e4c97f0160b11cdfb1d856bd9e","name":"elpuucnoticias","image":{"@type":"ImageObject","@id":"https:\/\/elpuucnoticias.com\/#personlogo","inLanguage":"es","url":"https:\/\/secure.gravatar.com\/avatar\/5290a43657c74ffa15701dbe5b846bd85cc71930d803c84e91046a7333de6ce2?s=96&d=mm&r=g","contentUrl":"https:\/\/secure.gravatar.com\/avatar\/5290a43657c74ffa15701dbe5b846bd85cc71930d803c84e91046a7333de6ce2?s=96&d=mm&r=g","caption":"elpuucnoticias"},"sameAs":["https:\/\/elpuucnoticias.com"],"url":"https:\/\/elpuucnoticias.com\/?author=1"}]}},"_links":{"self":[{"href":"https:\/\/elpuucnoticias.com\/index.php?rest_route=\/wp\/v2\/posts\/20180","targetHints":{"allow":["GET"]}}],"collection":[{"href":"https:\/\/elpuucnoticias.com\/index.php?rest_route=\/wp\/v2\/posts"}],"about":[{"href":"https:\/\/elpuucnoticias.com\/index.php?rest_route=\/wp\/v2\/types\/post"}],"author":[{"embeddable":true,"href":"https:\/\/elpuucnoticias.com\/index.php?rest_route=\/wp\/v2\/users\/1"}],"replies":[{"embeddable":true,"href":"https:\/\/elpuucnoticias.com\/index.php?rest_route=%2Fwp%2Fv2%2Fcomments&post=20180"}],"version-history":[{"count":1,"href":"https:\/\/elpuucnoticias.com\/index.php?rest_route=\/wp\/v2\/posts\/20180\/revisions"}],"predecessor-version":[{"id":20181,"href":"https:\/\/elpuucnoticias.com\/index.php?rest_route=\/wp\/v2\/posts\/20180\/revisions\/20181"}],"wp:featuredmedia":[{"embeddable":true,"href":"https:\/\/elpuucnoticias.com\/index.php?rest_route=\/wp\/v2\/media\/9268"}],"wp:attachment":[{"href":"https:\/\/elpuucnoticias.com\/index.php?rest_route=%2Fwp%2Fv2%2Fmedia&parent=20180"}],"wp:term":[{"taxonomy":"category","embeddable":true,"href":"https:\/\/elpuucnoticias.com\/index.php?rest_route=%2Fwp%2Fv2%2Fcategories&post=20180"},{"taxonomy":"post_tag","embeddable":true,"href":"https:\/\/elpuucnoticias.com\/index.php?rest_route=%2Fwp%2Fv2%2Ftags&post=20180"}],"curies":[{"name":"wp","href":"https:\/\/api.w.org\/{rel}","templated":true}]}}