{"id":20191,"date":"2025-07-23T12:44:07","date_gmt":"2025-07-23T18:44:07","guid":{"rendered":"https:\/\/elpuucnoticias.com\/?p=20191"},"modified":"2025-07-23T12:44:08","modified_gmt":"2025-07-23T18:44:08","slug":"con-gran-entusiasmo-ya-esta-en-marcha-el-tradicional-curso-de-verano-baaxloob-paalaloob-2025","status":"publish","type":"post","link":"https:\/\/elpuucnoticias.com\/?p=20191","title":{"rendered":"Con gran entusiasmo ya est\u00e1 en marcha el tradicional Curso de Verano \u201cBaaxlo\u2019ob Paalalo\u2019ob 2025\u201d"},"content":{"rendered":"\n<p>Para supervisar que todas las atenciones sean las adecuadas para las ni\u00f1as, ni\u00f1os y j\u00f3venes que participan en el tradicional Curso de Verano \u201cBaaxlo\u2019ob Paalalo\u2019ob 2025\u201d, el presidente de la Comisi\u00f3n del Deporte de Quintana Roo (CODEQ), Jacobo Arzate Hop, realiz\u00f3 un recorrido en la Unidad Deportiva \u201cBicentenario\u201d de Chetumal, donde adem\u00e1s convivi\u00f3 con las y los m\u00e1s de 300 participantes de este programa vacacional, que est\u00e1 previsto finalizar el pr\u00f3ximo 8 de agosto.<\/p>\n\n\n\n<figure class=\"wp-block-image is-style-default\"><a href=\"https:\/\/cgc.qroo.gob.mx\/cjg\/wp-content\/uploads\/2025\/07\/WhatsApp-Image-2025-07-22-at-14.17.23-6.jpeg\"><img decoding=\"async\" src=\"https:\/\/cgc.qroo.gob.mx\/cjg\/wp-content\/uploads\/2025\/07\/WhatsApp-Image-2025-07-22-at-14.17.23-6-585x390.jpeg\" alt=\"\" title=\"WhatsApp Image 2025-07-22 at 14.17.23 (6)\"\/><\/a><\/figure>\n\n\n\n<p>Cabe recordar que, simult\u00e1neamente, en Canc\u00fan se est\u00e1 realizando este mismo curso, en colaboraci\u00f3n con el Instituto del Deporte del Municipio de Benito Ju\u00e1rez, donde se tiene un registro de alrededor de 500 participantes.<\/p>\n\n\n\n<figure class=\"wp-block-image is-style-default\"><a href=\"https:\/\/cgc.qroo.gob.mx\/cjg\/wp-content\/uploads\/2025\/07\/WhatsApp-Image-2025-07-22-at-14.17.23-1.jpeg\"><img decoding=\"async\" src=\"https:\/\/cgc.qroo.gob.mx\/cjg\/wp-content\/uploads\/2025\/07\/WhatsApp-Image-2025-07-22-at-14.17.23-1-585x390.jpeg\" alt=\"\" title=\"WhatsApp Image 2025-07-22 at 14.17.23 (1)\"\/><\/a><\/figure>\n\n\n\n<p>Este programa vacacional tiene como objetivo promover la construcci\u00f3n de paz entre la ni\u00f1ez y juventud quintanarroense y, adem\u00e1s, es un semillero para detectar talentos deportivos, por lo que son acciones que enmarcan el Nuevo Acuerdo por el Bienestar y Desarrollo, que impulsa la gobernadora Mara Lezama Espinosa.<\/p>\n\n\n\n<figure class=\"wp-block-image is-style-default\"><a href=\"https:\/\/cgc.qroo.gob.mx\/cjg\/wp-content\/uploads\/2025\/07\/WhatsApp-Image-2025-07-22-at-14.17.23-2.jpeg\"><img decoding=\"async\" src=\"https:\/\/cgc.qroo.gob.mx\/cjg\/wp-content\/uploads\/2025\/07\/WhatsApp-Image-2025-07-22-at-14.17.23-2-585x390.jpeg\" alt=\"\" title=\"WhatsApp Image 2025-07-22 at 14.17.23 (2)\"\/><\/a><\/figure>\n\n\n\n<p>\u201cEstamos muy contentos porque ya est\u00e1 en marcha nuestro curso de verano y el objetivo es que la ni\u00f1ez y juventud del estado tengan actividades que ayuden a su desarrollo integral como personas y, adem\u00e1s, que conozcan las diferentes disciplinas deportivas que existen y, bueno, de aqu\u00ed poder tener alg\u00fan talento que en el futuro pueda representarnos en alguna competencia deportiva\u201d, coment\u00f3 Jacobo Arzate.<\/p>\n\n\n\n<figure class=\"wp-block-image is-style-default\"><a href=\"https:\/\/cgc.qroo.gob.mx\/cjg\/wp-content\/uploads\/2025\/07\/WhatsApp-Image-2025-07-22-at-14.17.23-3.jpeg\"><img decoding=\"async\" src=\"https:\/\/cgc.qroo.gob.mx\/cjg\/wp-content\/uploads\/2025\/07\/WhatsApp-Image-2025-07-22-at-14.17.23-3-585x390.jpeg\" alt=\"\" title=\"WhatsApp Image 2025-07-22 at 14.17.23 (3)\"\/><\/a><\/figure>\n\n\n\n<p>El titular de la CODEQ resalt\u00f3 \u201cque se trabaja #ANivelDeCacha y de manera puntual para que las ni\u00f1as, ni\u00f1os y j\u00f3venes cuenten con las mejores atenciones para este curso, como son tener monitores especializados, servicio de ambulancias, param\u00e9dicos, hidrataci\u00f3n y, claro, todo esto con mucha diversi\u00f3n\u201d, coment\u00f3.<\/p>\n\n\n\n<figure class=\"wp-block-image is-style-default\"><a href=\"https:\/\/cgc.qroo.gob.mx\/cjg\/wp-content\/uploads\/2025\/07\/WhatsApp-Image-2025-07-22-at-14.17.23-5.jpeg\"><img decoding=\"async\" src=\"https:\/\/cgc.qroo.gob.mx\/cjg\/wp-content\/uploads\/2025\/07\/WhatsApp-Image-2025-07-22-at-14.17.23-5-585x878.jpeg\" alt=\"\" title=\"WhatsApp Image 2025-07-22 at 14.17.23 (5)\"\/><\/a><\/figure>\n\n\n\n<p>Entre las actividades que realizar\u00e1n las y los participantes durante este curso de verano \u201cBaaxlo\u2019ob Paalalo\u2019ob\u201d est\u00e1n f\u00fatbol, b\u00e1squetbol, luchas asociadas, halterofilia, nataci\u00f3n, voleibol, atletismo, tiro deportivo, b\u00e9isbol, futbeis y s\u00f3ftbol, por mencionar algunos, adem\u00e1s de actividades recreativas y l\u00fadicas.<\/p>\n","protected":false},"excerpt":{"rendered":"<p>Para supervisar que todas las atenciones sean las adecuadas para las ni\u00f1as, ni\u00f1os y j\u00f3venes que participan en<\/p>\n","protected":false},"author":1,"featured_media":20192,"comment_status":"closed","ping_status":"open","sticky":false,"template":"","format":"standard","meta":{"_monsterinsights_skip_tracking":false,"_monsterinsights_sitenote_active":false,"_monsterinsights_sitenote_note":"","_monsterinsights_sitenote_category":0,"footnotes":""},"categories":[11,24],"tags":[],"class_list":["post-20191","post","type-post","status-publish","format-standard","has-post-thumbnail","hentry","category-noticias","category-quintana-roo"],"yoast_head":"<!-- This site is optimized with the Yoast SEO plugin v18.3 - https:\/\/yoast.com\/wordpress\/plugins\/seo\/ -->\n<title>Con gran entusiasmo ya est\u00e1 en marcha el tradicional Curso de Verano \u201cBaaxlo\u2019ob Paalalo\u2019ob 2025\u201d - El Puuc Noticias<\/title>\n<meta name=\"robots\" content=\"index, follow, max-snippet:-1, max-image-preview:large, max-video-preview:-1\" \/>\n<link rel=\"canonical\" href=\"https:\/\/elpuucnoticias.com\/?p=20191\" \/>\n<meta property=\"og:locale\" content=\"es_ES\" \/>\n<meta property=\"og:type\" content=\"article\" \/>\n<meta property=\"og:title\" content=\"Con gran entusiasmo ya est\u00e1 en marcha el tradicional Curso de Verano \u201cBaaxlo\u2019ob Paalalo\u2019ob 2025\u201d - El Puuc Noticias\" \/>\n<meta property=\"og:description\" content=\"Para supervisar que todas las atenciones sean las adecuadas para las ni\u00f1as, ni\u00f1os y j\u00f3venes que participan en\" \/>\n<meta property=\"og:url\" content=\"https:\/\/elpuucnoticias.com\/?p=20191\" \/>\n<meta property=\"og:site_name\" content=\"El Puuc Noticias\" \/>\n<meta property=\"article:published_time\" content=\"2025-07-23T18:44:07+00:00\" \/>\n<meta property=\"article:modified_time\" content=\"2025-07-23T18:44:08+00:00\" \/>\n<meta property=\"og:image\" content=\"https:\/\/elpuucnoticias.com\/wp-content\/uploads\/2025\/07\/whatsapp-image-2025-07-22-at-14.17.23-4.jpeg\" \/>\n\t<meta property=\"og:image:width\" content=\"1600\" \/>\n\t<meta property=\"og:image:height\" content=\"1066\" \/>\n\t<meta property=\"og:image:type\" content=\"image\/jpeg\" \/>\n<meta name=\"twitter:card\" content=\"summary_large_image\" \/>\n<meta name=\"twitter:label1\" content=\"Escrito por\" \/>\n\t<meta name=\"twitter:data1\" content=\"elpuucnoticias\" \/>\n\t<meta name=\"twitter:label2\" content=\"Tiempo de lectura\" \/>\n\t<meta name=\"twitter:data2\" content=\"2 minutos\" \/>\n<script type=\"application\/ld+json\" class=\"yoast-schema-graph\">{\"@context\":\"https:\/\/schema.org\",\"@graph\":[{\"@type\":\"WebSite\",\"@id\":\"https:\/\/elpuucnoticias.com\/#website\",\"url\":\"https:\/\/elpuucnoticias.com\/\",\"name\":\"El Puuc Noticias\",\"description\":\"Noticias - Entretenimiento - Deportes\",\"potentialAction\":[{\"@type\":\"SearchAction\",\"target\":{\"@type\":\"EntryPoint\",\"urlTemplate\":\"https:\/\/elpuucnoticias.com\/?s={search_term_string}\"},\"query-input\":\"required name=search_term_string\"}],\"inLanguage\":\"es\"},{\"@type\":\"ImageObject\",\"@id\":\"https:\/\/elpuucnoticias.com\/?p=20191#primaryimage\",\"inLanguage\":\"es\",\"url\":\"https:\/\/elpuucnoticias.com\/wp-content\/uploads\/2025\/07\/whatsapp-image-2025-07-22-at-14.17.23-4.jpeg\",\"contentUrl\":\"https:\/\/elpuucnoticias.com\/wp-content\/uploads\/2025\/07\/whatsapp-image-2025-07-22-at-14.17.23-4.jpeg\",\"width\":1600,\"height\":1066},{\"@type\":\"WebPage\",\"@id\":\"https:\/\/elpuucnoticias.com\/?p=20191#webpage\",\"url\":\"https:\/\/elpuucnoticias.com\/?p=20191\",\"name\":\"Con gran entusiasmo ya est\u00e1 en marcha el tradicional Curso de Verano \u201cBaaxlo\u2019ob Paalalo\u2019ob 2025\u201d - El Puuc Noticias\",\"isPartOf\":{\"@id\":\"https:\/\/elpuucnoticias.com\/#website\"},\"primaryImageOfPage\":{\"@id\":\"https:\/\/elpuucnoticias.com\/?p=20191#primaryimage\"},\"datePublished\":\"2025-07-23T18:44:07+00:00\",\"dateModified\":\"2025-07-23T18:44:08+00:00\",\"author\":{\"@id\":\"https:\/\/elpuucnoticias.com\/#\/schema\/person\/d2ea09e4c97f0160b11cdfb1d856bd9e\"},\"breadcrumb\":{\"@id\":\"https:\/\/elpuucnoticias.com\/?p=20191#breadcrumb\"},\"inLanguage\":\"es\",\"potentialAction\":[{\"@type\":\"ReadAction\",\"target\":[\"https:\/\/elpuucnoticias.com\/?p=20191\"]}]},{\"@type\":\"BreadcrumbList\",\"@id\":\"https:\/\/elpuucnoticias.com\/?p=20191#breadcrumb\",\"itemListElement\":[{\"@type\":\"ListItem\",\"position\":1,\"name\":\"Portada\",\"item\":\"https:\/\/elpuucnoticias.com\/\"},{\"@type\":\"ListItem\",\"position\":2,\"name\":\"Con gran entusiasmo ya est\u00e1 en marcha el tradicional Curso de Verano \u201cBaaxlo\u2019ob Paalalo\u2019ob 2025\u201d\"}]},{\"@type\":\"Person\",\"@id\":\"https:\/\/elpuucnoticias.com\/#\/schema\/person\/d2ea09e4c97f0160b11cdfb1d856bd9e\",\"name\":\"elpuucnoticias\",\"image\":{\"@type\":\"ImageObject\",\"@id\":\"https:\/\/elpuucnoticias.com\/#personlogo\",\"inLanguage\":\"es\",\"url\":\"https:\/\/secure.gravatar.com\/avatar\/5290a43657c74ffa15701dbe5b846bd85cc71930d803c84e91046a7333de6ce2?s=96&d=mm&r=g\",\"contentUrl\":\"https:\/\/secure.gravatar.com\/avatar\/5290a43657c74ffa15701dbe5b846bd85cc71930d803c84e91046a7333de6ce2?s=96&d=mm&r=g\",\"caption\":\"elpuucnoticias\"},\"sameAs\":[\"https:\/\/elpuucnoticias.com\"],\"url\":\"https:\/\/elpuucnoticias.com\/?author=1\"}]}<\/script>\n<!-- \/ Yoast SEO plugin. -->","yoast_head_json":{"title":"Con gran entusiasmo ya est\u00e1 en marcha el tradicional Curso de Verano \u201cBaaxlo\u2019ob Paalalo\u2019ob 2025\u201d - El Puuc Noticias","robots":{"index":"index","follow":"follow","max-snippet":"max-snippet:-1","max-image-preview":"max-image-preview:large","max-video-preview":"max-video-preview:-1"},"canonical":"https:\/\/elpuucnoticias.com\/?p=20191","og_locale":"es_ES","og_type":"article","og_title":"Con gran entusiasmo ya est\u00e1 en marcha el tradicional Curso de Verano \u201cBaaxlo\u2019ob Paalalo\u2019ob 2025\u201d - El Puuc Noticias","og_description":"Para supervisar que todas las atenciones sean las adecuadas para las ni\u00f1as, ni\u00f1os y j\u00f3venes que participan en","og_url":"https:\/\/elpuucnoticias.com\/?p=20191","og_site_name":"El Puuc Noticias","article_published_time":"2025-07-23T18:44:07+00:00","article_modified_time":"2025-07-23T18:44:08+00:00","og_image":[{"width":1600,"height":1066,"url":"https:\/\/elpuucnoticias.com\/wp-content\/uploads\/2025\/07\/whatsapp-image-2025-07-22-at-14.17.23-4.jpeg","type":"image\/jpeg"}],"twitter_card":"summary_large_image","twitter_misc":{"Escrito por":"elpuucnoticias","Tiempo de lectura":"2 minutos"},"schema":{"@context":"https:\/\/schema.org","@graph":[{"@type":"WebSite","@id":"https:\/\/elpuucnoticias.com\/#website","url":"https:\/\/elpuucnoticias.com\/","name":"El Puuc Noticias","description":"Noticias - Entretenimiento - Deportes","potentialAction":[{"@type":"SearchAction","target":{"@type":"EntryPoint","urlTemplate":"https:\/\/elpuucnoticias.com\/?s={search_term_string}"},"query-input":"required name=search_term_string"}],"inLanguage":"es"},{"@type":"ImageObject","@id":"https:\/\/elpuucnoticias.com\/?p=20191#primaryimage","inLanguage":"es","url":"https:\/\/elpuucnoticias.com\/wp-content\/uploads\/2025\/07\/whatsapp-image-2025-07-22-at-14.17.23-4.jpeg","contentUrl":"https:\/\/elpuucnoticias.com\/wp-content\/uploads\/2025\/07\/whatsapp-image-2025-07-22-at-14.17.23-4.jpeg","width":1600,"height":1066},{"@type":"WebPage","@id":"https:\/\/elpuucnoticias.com\/?p=20191#webpage","url":"https:\/\/elpuucnoticias.com\/?p=20191","name":"Con gran entusiasmo ya est\u00e1 en marcha el tradicional Curso de Verano \u201cBaaxlo\u2019ob Paalalo\u2019ob 2025\u201d - El Puuc Noticias","isPartOf":{"@id":"https:\/\/elpuucnoticias.com\/#website"},"primaryImageOfPage":{"@id":"https:\/\/elpuucnoticias.com\/?p=20191#primaryimage"},"datePublished":"2025-07-23T18:44:07+00:00","dateModified":"2025-07-23T18:44:08+00:00","author":{"@id":"https:\/\/elpuucnoticias.com\/#\/schema\/person\/d2ea09e4c97f0160b11cdfb1d856bd9e"},"breadcrumb":{"@id":"https:\/\/elpuucnoticias.com\/?p=20191#breadcrumb"},"inLanguage":"es","potentialAction":[{"@type":"ReadAction","target":["https:\/\/elpuucnoticias.com\/?p=20191"]}]},{"@type":"BreadcrumbList","@id":"https:\/\/elpuucnoticias.com\/?p=20191#breadcrumb","itemListElement":[{"@type":"ListItem","position":1,"name":"Portada","item":"https:\/\/elpuucnoticias.com\/"},{"@type":"ListItem","position":2,"name":"Con gran entusiasmo ya est\u00e1 en marcha el tradicional Curso de Verano \u201cBaaxlo\u2019ob Paalalo\u2019ob 2025\u201d"}]},{"@type":"Person","@id":"https:\/\/elpuucnoticias.com\/#\/schema\/person\/d2ea09e4c97f0160b11cdfb1d856bd9e","name":"elpuucnoticias","image":{"@type":"ImageObject","@id":"https:\/\/elpuucnoticias.com\/#personlogo","inLanguage":"es","url":"https:\/\/secure.gravatar.com\/avatar\/5290a43657c74ffa15701dbe5b846bd85cc71930d803c84e91046a7333de6ce2?s=96&d=mm&r=g","contentUrl":"https:\/\/secure.gravatar.com\/avatar\/5290a43657c74ffa15701dbe5b846bd85cc71930d803c84e91046a7333de6ce2?s=96&d=mm&r=g","caption":"elpuucnoticias"},"sameAs":["https:\/\/elpuucnoticias.com"],"url":"https:\/\/elpuucnoticias.com\/?author=1"}]}},"_links":{"self":[{"href":"https:\/\/elpuucnoticias.com\/index.php?rest_route=\/wp\/v2\/posts\/20191","targetHints":{"allow":["GET"]}}],"collection":[{"href":"https:\/\/elpuucnoticias.com\/index.php?rest_route=\/wp\/v2\/posts"}],"about":[{"href":"https:\/\/elpuucnoticias.com\/index.php?rest_route=\/wp\/v2\/types\/post"}],"author":[{"embeddable":true,"href":"https:\/\/elpuucnoticias.com\/index.php?rest_route=\/wp\/v2\/users\/1"}],"replies":[{"embeddable":true,"href":"https:\/\/elpuucnoticias.com\/index.php?rest_route=%2Fwp%2Fv2%2Fcomments&post=20191"}],"version-history":[{"count":1,"href":"https:\/\/elpuucnoticias.com\/index.php?rest_route=\/wp\/v2\/posts\/20191\/revisions"}],"predecessor-version":[{"id":20193,"href":"https:\/\/elpuucnoticias.com\/index.php?rest_route=\/wp\/v2\/posts\/20191\/revisions\/20193"}],"wp:featuredmedia":[{"embeddable":true,"href":"https:\/\/elpuucnoticias.com\/index.php?rest_route=\/wp\/v2\/media\/20192"}],"wp:attachment":[{"href":"https:\/\/elpuucnoticias.com\/index.php?rest_route=%2Fwp%2Fv2%2Fmedia&parent=20191"}],"wp:term":[{"taxonomy":"category","embeddable":true,"href":"https:\/\/elpuucnoticias.com\/index.php?rest_route=%2Fwp%2Fv2%2Fcategories&post=20191"},{"taxonomy":"post_tag","embeddable":true,"href":"https:\/\/elpuucnoticias.com\/index.php?rest_route=%2Fwp%2Fv2%2Ftags&post=20191"}],"curies":[{"name":"wp","href":"https:\/\/api.w.org\/{rel}","templated":true}]}}