{"id":20197,"date":"2025-07-23T12:53:28","date_gmt":"2025-07-23T18:53:28","guid":{"rendered":"https:\/\/elpuucnoticias.com\/?p=20197"},"modified":"2025-07-23T12:53:29","modified_gmt":"2025-07-23T18:53:29","slug":"avanza-el-quintanarroense-axel-martinez-a-las-finales-de-boxeo-de-la-olimpiada-nacional-conade-2025","status":"publish","type":"post","link":"https:\/\/elpuucnoticias.com\/?p=20197","title":{"rendered":"Avanza el quintanarroense Axel Mart\u00ednez a las finales de Boxeo de la Olimpiada Nacional CONADE 2025"},"content":{"rendered":"\n<p>La Selecci\u00f3n de Quintana Roo en la disciplina de boxeo contin\u00faa arrojando positivos resultados, y es que durante el cuarto d\u00eda de actividades en el Gimnasio \u201cMiguel Hidalgo\u201d de Puebla, el peleador cancunense Axel Mart\u00ednez asegur\u00f3 su lugar en la final de la divisi\u00f3n de peso Mosca, por lo que ahora le tocar\u00e1 combatir por la presea de oro.<\/p>\n\n\n\n<figure class=\"wp-block-image is-style-default\"><a href=\"https:\/\/cgc.qroo.gob.mx\/cjg\/wp-content\/uploads\/2025\/07\/b120fa3e-7516-4a7f-96cf-e25aaa73afe6.jpg\"><img decoding=\"async\" src=\"https:\/\/cgc.qroo.gob.mx\/cjg\/wp-content\/uploads\/2025\/07\/b120fa3e-7516-4a7f-96cf-e25aaa73afe6-585x390.jpg\" alt=\"\" title=\"b120fa3e-7516-4a7f-96cf-e25aaa73afe6\"\/><\/a><\/figure>\n\n\n\n<p>Tal como se estipula en el Nuevo Acuerdo por el Bienestar y Desarrollo, que impulsa la gobernadora Mara Lezama Espinosa, se prioriza a las y los atletas de la entidad, y por eso, a trav\u00e9s de la Comisi\u00f3n del Deporte de Quintana Roo (CODEQ), que preside Jacobo Arzate Hop, se les respalda y apoya para que puedan cumplir con sus objetivos dentro de sus carreras competitivas.<\/p>\n\n\n\n<figure class=\"wp-block-image is-style-default\"><a href=\"https:\/\/cgc.qroo.gob.mx\/cjg\/wp-content\/uploads\/2025\/07\/6cae94fd-421d-4037-a257-b2605f73566d.jpg\"><img decoding=\"async\" src=\"https:\/\/cgc.qroo.gob.mx\/cjg\/wp-content\/uploads\/2025\/07\/6cae94fd-421d-4037-a257-b2605f73566d-585x390.jpg\" alt=\"\" title=\"6cae94fd-421d-4037-a257-b2605f73566d\"\/><\/a><\/figure>\n\n\n\n<p>Pasando a las acciones, el oriundo de Canc\u00fan hizo muestra de su buen boxeo en la batalla semifinal, donde luego de tres asaltos, super\u00f3 por v\u00eda de las tarjetas a Cristian Garc\u00eda del Estado de M\u00e9xico; al final, con la sumatoria de puntos, los jueces decretaron la victoria por decisi\u00f3n dividida a favor del quintanarroense.<\/p>\n\n\n\n<p>Con este triunfo, Axel Mart\u00ednez avanz\u00f3 a la final dentro de la categor\u00eda Junior, en donde buscar\u00e1 concretar el oro para la entidad.<\/p>\n\n\n\n<figure class=\"wp-block-image is-style-default\"><a href=\"https:\/\/cgc.qroo.gob.mx\/cjg\/wp-content\/uploads\/2025\/07\/ae4c976b-4979-485a-8546-f8c1839dae94.jpg\"><img decoding=\"async\" src=\"https:\/\/cgc.qroo.gob.mx\/cjg\/wp-content\/uploads\/2025\/07\/ae4c976b-4979-485a-8546-f8c1839dae94-585x390.jpg\" alt=\"\" title=\"ae4c976b-4979-485a-8546-f8c1839dae94\"\/><\/a><\/figure>\n\n\n\n<p>En m\u00e1s acciones de la jornada, la cozumele\u00f1a \u00c1ngela Manrique hizo una buena batalla en la semifinal de peso Welter, pero al final cay\u00f3 por decisi\u00f3n un\u00e1nime ante la representante del estado de Guerrero, Amaranta Leyva; con este resultado, la quintanarroense asegur\u00f3 la presea de bronce para la entidad.<\/p>\n\n\n\n<p>Para la pr\u00f3xima jornada de la justa, las y los peleadores de la entidad que entrar\u00e1n en acci\u00f3n son: el cozumele\u00f1o Leonel Fuentes contra el queretano Jos\u00e9 Luis de la Cruz; el cancunense Bryan Hern\u00e1ndez frente a V\u00edctor Rocha de Baja California; y, por \u00faltimo, la chetumale\u00f1a Mar\u00eda Cristal Hern\u00e1ndez enfrentar\u00e1 a Ximena Valencia de Nuevo Le\u00f3n.<\/p>\n","protected":false},"excerpt":{"rendered":"<p>La Selecci\u00f3n de Quintana Roo en la disciplina de boxeo contin\u00faa arrojando positivos resultados, y es que durante<\/p>\n","protected":false},"author":1,"featured_media":20198,"comment_status":"closed","ping_status":"open","sticky":false,"template":"","format":"standard","meta":{"_monsterinsights_skip_tracking":false,"_monsterinsights_sitenote_active":false,"_monsterinsights_sitenote_note":"","_monsterinsights_sitenote_category":0,"footnotes":""},"categories":[11,24],"tags":[],"class_list":["post-20197","post","type-post","status-publish","format-standard","has-post-thumbnail","hentry","category-noticias","category-quintana-roo"],"yoast_head":"<!-- This site is optimized with the Yoast SEO plugin v18.3 - https:\/\/yoast.com\/wordpress\/plugins\/seo\/ -->\n<title>Avanza el quintanarroense Axel Mart\u00ednez a las finales de Boxeo de la Olimpiada Nacional CONADE 2025 - El Puuc Noticias<\/title>\n<meta name=\"robots\" content=\"index, follow, max-snippet:-1, max-image-preview:large, max-video-preview:-1\" \/>\n<link rel=\"canonical\" href=\"https:\/\/elpuucnoticias.com\/?p=20197\" \/>\n<meta property=\"og:locale\" content=\"es_ES\" \/>\n<meta property=\"og:type\" content=\"article\" \/>\n<meta property=\"og:title\" content=\"Avanza el quintanarroense Axel Mart\u00ednez a las finales de Boxeo de la Olimpiada Nacional CONADE 2025 - El Puuc Noticias\" \/>\n<meta property=\"og:description\" content=\"La Selecci\u00f3n de Quintana Roo en la disciplina de boxeo contin\u00faa arrojando positivos resultados, y es que durante\" \/>\n<meta property=\"og:url\" content=\"https:\/\/elpuucnoticias.com\/?p=20197\" \/>\n<meta property=\"og:site_name\" content=\"El Puuc Noticias\" \/>\n<meta property=\"article:published_time\" content=\"2025-07-23T18:53:28+00:00\" \/>\n<meta property=\"article:modified_time\" content=\"2025-07-23T18:53:29+00:00\" \/>\n<meta property=\"og:image\" content=\"https:\/\/elpuucnoticias.com\/wp-content\/uploads\/2025\/07\/02e84ed8-f6ed-4ef5-b1a9-0e073d167fe0.jpg\" \/>\n\t<meta property=\"og:image:width\" content=\"1599\" \/>\n\t<meta property=\"og:image:height\" content=\"1066\" \/>\n\t<meta property=\"og:image:type\" content=\"image\/jpeg\" \/>\n<meta name=\"twitter:card\" content=\"summary_large_image\" \/>\n<meta name=\"twitter:label1\" content=\"Escrito por\" \/>\n\t<meta name=\"twitter:data1\" content=\"elpuucnoticias\" \/>\n\t<meta name=\"twitter:label2\" content=\"Tiempo de lectura\" \/>\n\t<meta name=\"twitter:data2\" content=\"2 minutos\" \/>\n<script type=\"application\/ld+json\" class=\"yoast-schema-graph\">{\"@context\":\"https:\/\/schema.org\",\"@graph\":[{\"@type\":\"WebSite\",\"@id\":\"https:\/\/elpuucnoticias.com\/#website\",\"url\":\"https:\/\/elpuucnoticias.com\/\",\"name\":\"El Puuc Noticias\",\"description\":\"Noticias - Entretenimiento - Deportes\",\"potentialAction\":[{\"@type\":\"SearchAction\",\"target\":{\"@type\":\"EntryPoint\",\"urlTemplate\":\"https:\/\/elpuucnoticias.com\/?s={search_term_string}\"},\"query-input\":\"required name=search_term_string\"}],\"inLanguage\":\"es\"},{\"@type\":\"ImageObject\",\"@id\":\"https:\/\/elpuucnoticias.com\/?p=20197#primaryimage\",\"inLanguage\":\"es\",\"url\":\"https:\/\/elpuucnoticias.com\/wp-content\/uploads\/2025\/07\/02e84ed8-f6ed-4ef5-b1a9-0e073d167fe0.jpg\",\"contentUrl\":\"https:\/\/elpuucnoticias.com\/wp-content\/uploads\/2025\/07\/02e84ed8-f6ed-4ef5-b1a9-0e073d167fe0.jpg\",\"width\":1599,\"height\":1066},{\"@type\":\"WebPage\",\"@id\":\"https:\/\/elpuucnoticias.com\/?p=20197#webpage\",\"url\":\"https:\/\/elpuucnoticias.com\/?p=20197\",\"name\":\"Avanza el quintanarroense Axel Mart\u00ednez a las finales de Boxeo de la Olimpiada Nacional CONADE 2025 - El Puuc Noticias\",\"isPartOf\":{\"@id\":\"https:\/\/elpuucnoticias.com\/#website\"},\"primaryImageOfPage\":{\"@id\":\"https:\/\/elpuucnoticias.com\/?p=20197#primaryimage\"},\"datePublished\":\"2025-07-23T18:53:28+00:00\",\"dateModified\":\"2025-07-23T18:53:29+00:00\",\"author\":{\"@id\":\"https:\/\/elpuucnoticias.com\/#\/schema\/person\/d2ea09e4c97f0160b11cdfb1d856bd9e\"},\"breadcrumb\":{\"@id\":\"https:\/\/elpuucnoticias.com\/?p=20197#breadcrumb\"},\"inLanguage\":\"es\",\"potentialAction\":[{\"@type\":\"ReadAction\",\"target\":[\"https:\/\/elpuucnoticias.com\/?p=20197\"]}]},{\"@type\":\"BreadcrumbList\",\"@id\":\"https:\/\/elpuucnoticias.com\/?p=20197#breadcrumb\",\"itemListElement\":[{\"@type\":\"ListItem\",\"position\":1,\"name\":\"Portada\",\"item\":\"https:\/\/elpuucnoticias.com\/\"},{\"@type\":\"ListItem\",\"position\":2,\"name\":\"Avanza el quintanarroense Axel Mart\u00ednez a las finales de Boxeo de la Olimpiada Nacional CONADE 2025\"}]},{\"@type\":\"Person\",\"@id\":\"https:\/\/elpuucnoticias.com\/#\/schema\/person\/d2ea09e4c97f0160b11cdfb1d856bd9e\",\"name\":\"elpuucnoticias\",\"image\":{\"@type\":\"ImageObject\",\"@id\":\"https:\/\/elpuucnoticias.com\/#personlogo\",\"inLanguage\":\"es\",\"url\":\"https:\/\/secure.gravatar.com\/avatar\/5290a43657c74ffa15701dbe5b846bd85cc71930d803c84e91046a7333de6ce2?s=96&d=mm&r=g\",\"contentUrl\":\"https:\/\/secure.gravatar.com\/avatar\/5290a43657c74ffa15701dbe5b846bd85cc71930d803c84e91046a7333de6ce2?s=96&d=mm&r=g\",\"caption\":\"elpuucnoticias\"},\"sameAs\":[\"https:\/\/elpuucnoticias.com\"],\"url\":\"https:\/\/elpuucnoticias.com\/?author=1\"}]}<\/script>\n<!-- \/ Yoast SEO plugin. -->","yoast_head_json":{"title":"Avanza el quintanarroense Axel Mart\u00ednez a las finales de Boxeo de la Olimpiada Nacional CONADE 2025 - El Puuc Noticias","robots":{"index":"index","follow":"follow","max-snippet":"max-snippet:-1","max-image-preview":"max-image-preview:large","max-video-preview":"max-video-preview:-1"},"canonical":"https:\/\/elpuucnoticias.com\/?p=20197","og_locale":"es_ES","og_type":"article","og_title":"Avanza el quintanarroense Axel Mart\u00ednez a las finales de Boxeo de la Olimpiada Nacional CONADE 2025 - El Puuc Noticias","og_description":"La Selecci\u00f3n de Quintana Roo en la disciplina de boxeo contin\u00faa arrojando positivos resultados, y es que durante","og_url":"https:\/\/elpuucnoticias.com\/?p=20197","og_site_name":"El Puuc Noticias","article_published_time":"2025-07-23T18:53:28+00:00","article_modified_time":"2025-07-23T18:53:29+00:00","og_image":[{"width":1599,"height":1066,"url":"https:\/\/elpuucnoticias.com\/wp-content\/uploads\/2025\/07\/02e84ed8-f6ed-4ef5-b1a9-0e073d167fe0.jpg","type":"image\/jpeg"}],"twitter_card":"summary_large_image","twitter_misc":{"Escrito por":"elpuucnoticias","Tiempo de lectura":"2 minutos"},"schema":{"@context":"https:\/\/schema.org","@graph":[{"@type":"WebSite","@id":"https:\/\/elpuucnoticias.com\/#website","url":"https:\/\/elpuucnoticias.com\/","name":"El Puuc Noticias","description":"Noticias - Entretenimiento - Deportes","potentialAction":[{"@type":"SearchAction","target":{"@type":"EntryPoint","urlTemplate":"https:\/\/elpuucnoticias.com\/?s={search_term_string}"},"query-input":"required name=search_term_string"}],"inLanguage":"es"},{"@type":"ImageObject","@id":"https:\/\/elpuucnoticias.com\/?p=20197#primaryimage","inLanguage":"es","url":"https:\/\/elpuucnoticias.com\/wp-content\/uploads\/2025\/07\/02e84ed8-f6ed-4ef5-b1a9-0e073d167fe0.jpg","contentUrl":"https:\/\/elpuucnoticias.com\/wp-content\/uploads\/2025\/07\/02e84ed8-f6ed-4ef5-b1a9-0e073d167fe0.jpg","width":1599,"height":1066},{"@type":"WebPage","@id":"https:\/\/elpuucnoticias.com\/?p=20197#webpage","url":"https:\/\/elpuucnoticias.com\/?p=20197","name":"Avanza el quintanarroense Axel Mart\u00ednez a las finales de Boxeo de la Olimpiada Nacional CONADE 2025 - El Puuc Noticias","isPartOf":{"@id":"https:\/\/elpuucnoticias.com\/#website"},"primaryImageOfPage":{"@id":"https:\/\/elpuucnoticias.com\/?p=20197#primaryimage"},"datePublished":"2025-07-23T18:53:28+00:00","dateModified":"2025-07-23T18:53:29+00:00","author":{"@id":"https:\/\/elpuucnoticias.com\/#\/schema\/person\/d2ea09e4c97f0160b11cdfb1d856bd9e"},"breadcrumb":{"@id":"https:\/\/elpuucnoticias.com\/?p=20197#breadcrumb"},"inLanguage":"es","potentialAction":[{"@type":"ReadAction","target":["https:\/\/elpuucnoticias.com\/?p=20197"]}]},{"@type":"BreadcrumbList","@id":"https:\/\/elpuucnoticias.com\/?p=20197#breadcrumb","itemListElement":[{"@type":"ListItem","position":1,"name":"Portada","item":"https:\/\/elpuucnoticias.com\/"},{"@type":"ListItem","position":2,"name":"Avanza el quintanarroense Axel Mart\u00ednez a las finales de Boxeo de la Olimpiada Nacional CONADE 2025"}]},{"@type":"Person","@id":"https:\/\/elpuucnoticias.com\/#\/schema\/person\/d2ea09e4c97f0160b11cdfb1d856bd9e","name":"elpuucnoticias","image":{"@type":"ImageObject","@id":"https:\/\/elpuucnoticias.com\/#personlogo","inLanguage":"es","url":"https:\/\/secure.gravatar.com\/avatar\/5290a43657c74ffa15701dbe5b846bd85cc71930d803c84e91046a7333de6ce2?s=96&d=mm&r=g","contentUrl":"https:\/\/secure.gravatar.com\/avatar\/5290a43657c74ffa15701dbe5b846bd85cc71930d803c84e91046a7333de6ce2?s=96&d=mm&r=g","caption":"elpuucnoticias"},"sameAs":["https:\/\/elpuucnoticias.com"],"url":"https:\/\/elpuucnoticias.com\/?author=1"}]}},"_links":{"self":[{"href":"https:\/\/elpuucnoticias.com\/index.php?rest_route=\/wp\/v2\/posts\/20197","targetHints":{"allow":["GET"]}}],"collection":[{"href":"https:\/\/elpuucnoticias.com\/index.php?rest_route=\/wp\/v2\/posts"}],"about":[{"href":"https:\/\/elpuucnoticias.com\/index.php?rest_route=\/wp\/v2\/types\/post"}],"author":[{"embeddable":true,"href":"https:\/\/elpuucnoticias.com\/index.php?rest_route=\/wp\/v2\/users\/1"}],"replies":[{"embeddable":true,"href":"https:\/\/elpuucnoticias.com\/index.php?rest_route=%2Fwp%2Fv2%2Fcomments&post=20197"}],"version-history":[{"count":1,"href":"https:\/\/elpuucnoticias.com\/index.php?rest_route=\/wp\/v2\/posts\/20197\/revisions"}],"predecessor-version":[{"id":20199,"href":"https:\/\/elpuucnoticias.com\/index.php?rest_route=\/wp\/v2\/posts\/20197\/revisions\/20199"}],"wp:featuredmedia":[{"embeddable":true,"href":"https:\/\/elpuucnoticias.com\/index.php?rest_route=\/wp\/v2\/media\/20198"}],"wp:attachment":[{"href":"https:\/\/elpuucnoticias.com\/index.php?rest_route=%2Fwp%2Fv2%2Fmedia&parent=20197"}],"wp:term":[{"taxonomy":"category","embeddable":true,"href":"https:\/\/elpuucnoticias.com\/index.php?rest_route=%2Fwp%2Fv2%2Fcategories&post=20197"},{"taxonomy":"post_tag","embeddable":true,"href":"https:\/\/elpuucnoticias.com\/index.php?rest_route=%2Fwp%2Fv2%2Ftags&post=20197"}],"curies":[{"name":"wp","href":"https:\/\/api.w.org\/{rel}","templated":true}]}}