{"id":20201,"date":"2025-07-23T12:57:51","date_gmt":"2025-07-23T18:57:51","guid":{"rendered":"https:\/\/elpuucnoticias.com\/?p=20201"},"modified":"2025-07-23T12:57:51","modified_gmt":"2025-07-23T18:57:51","slug":"anuncia-mara-lezama-segunda-etapa-de-rehabilitacion-y-construccion-de-la-ciudad-de-las-ninas-ninos-y-adolescentes","status":"publish","type":"post","link":"https:\/\/elpuucnoticias.com\/?p=20201","title":{"rendered":"Anuncia Mara Lezama segunda etapa de rehabilitaci\u00f3n y construcci\u00f3n de la \u201cCiudad de las Ni\u00f1as, Ni\u00f1os y Adolescentes\u201d"},"content":{"rendered":"\n<p>La gobernadora Mara Lezama Espinosa, acompa\u00f1ada de la presidenta honoraria del DIF Quintana Roo, Ver\u00f3nica Lezama Espinosa, anunci\u00f3 una inversi\u00f3n de 25.6 millones de pesos para la segunda etapa de rehabilitaci\u00f3n y construcci\u00f3n de la Casa Hogar \u201cCiudad de las Ni\u00f1as, Ni\u00f1os y Adolescentes\u201d, ubicada en la capital, Chetumal.<\/p>\n\n\n\n<figure class=\"wp-block-image is-style-default\"><a href=\"https:\/\/cgc.qroo.gob.mx\/cjg\/wp-content\/uploads\/2025\/07\/86f15318-e522-4b41-8e28-fbdfaf65d082-scaled.jpg\"><img decoding=\"async\" src=\"https:\/\/cgc.qroo.gob.mx\/cjg\/wp-content\/uploads\/2025\/07\/86f15318-e522-4b41-8e28-fbdfaf65d082-585x390.jpg\" alt=\"\" title=\"86f15318-e522-4b41-8e28-fbdfaf65d082\"\/><\/a><\/figure>\n\n\n\n<p>\u201cHace unos meses entregamos la primera etapa de esta rehabilitaci\u00f3n y ese mismo d\u00eda dejamos muy claro que no hab\u00eda tiempo que perder para dignificar esta Casa Hogar, porque cuando se trata de proteger a nuestras ni\u00f1as y ni\u00f1os no hay excusas; se necesita actuar r\u00e1pido y con mucho amor, esa es la manera en que trabajamos en este gobierno humanista con coraz\u00f3n feminista\u201d, expres\u00f3 la titular del Ejecutivo.<\/p>\n\n\n\n<figure class=\"wp-block-image is-style-default\"><a href=\"https:\/\/cgc.qroo.gob.mx\/cjg\/wp-content\/uploads\/2025\/07\/2ba0dc6d-b876-4dec-a07d-7bdf9d50d4f1-scaled.jpg\"><img decoding=\"async\" src=\"https:\/\/cgc.qroo.gob.mx\/cjg\/wp-content\/uploads\/2025\/07\/2ba0dc6d-b876-4dec-a07d-7bdf9d50d4f1-585x390.jpg\" alt=\"\" title=\"2ba0dc6d-b876-4dec-a07d-7bdf9d50d4f1\"\/><\/a><\/figure>\n\n\n\n<p>Actualmente, 68 ni\u00f1as, ni\u00f1os y adolescentes residen en esta Casa Hogar, un espacio que representa mucho m\u00e1s que un albergue: es un lugar donde encuentran seguridad, afecto, oportunidades y, sobre todo, esperanza.<\/p>\n\n\n\n<figure class=\"wp-block-image is-style-default\"><a href=\"https:\/\/cgc.qroo.gob.mx\/cjg\/wp-content\/uploads\/2025\/07\/0eca0f18-2686-4fe1-b1eb-cd8e8f3f4b36-scaled.jpg\"><img decoding=\"async\" src=\"https:\/\/cgc.qroo.gob.mx\/cjg\/wp-content\/uploads\/2025\/07\/0eca0f18-2686-4fe1-b1eb-cd8e8f3f4b36-585x390.jpg\" alt=\"\" title=\"0eca0f18-2686-4fe1-b1eb-cd8e8f3f4b36\"\/><\/a><\/figure>\n\n\n\n<p>Invertimos, a\u00f1adi\u00f3 la Gobernadora, m\u00e1s de 25 millones de pesos del dinero del pueblo para rehabilitar y construir espacios dignos: cuneros, casetas, rampas, \u00e1reas jardinadas, acceso para ambulancias, lavander\u00eda, lockers, cisterna, todo para que vivan bien, para que se sientan seguros, cuidados y amados.<\/p>\n\n\n\n<figure class=\"wp-block-image is-style-default\"><a href=\"https:\/\/cgc.qroo.gob.mx\/cjg\/wp-content\/uploads\/2025\/07\/2c08dad0-4e40-4a1f-81a8-31d9c77fd736-scaled.jpg\"><img decoding=\"async\" src=\"https:\/\/cgc.qroo.gob.mx\/cjg\/wp-content\/uploads\/2025\/07\/2c08dad0-4e40-4a1f-81a8-31d9c77fd736-585x390.jpg\" alt=\"\" title=\"2c08dad0-4e40-4a1f-81a8-31d9c77fd736\"\/><\/a><\/figure>\n\n\n\n<p>Esta acci\u00f3n se realiza en coordinaci\u00f3n con la Secretar\u00eda de Obras P\u00fablicas (SEOP), encabezada por Jos\u00e9 Rafael Lara D\u00edaz, y el Sistema DIF Quintana Roo, como parte del proyecto integral que inici\u00f3 en 2023 con una primera inversi\u00f3n de 18.6 millones de pesos, sumando as\u00ed una inversi\u00f3n total de m\u00e1s de 44 millones de pesos. El objetivo es garantizar espacios dignos, seguros y funcionales, que contribuyan a mejorar la calidad de vida de las y los menores que por diversas circunstancias no cuentan con el cuidado de una familia.<\/p>\n\n\n\n<figure class=\"wp-block-image is-style-default\"><a href=\"https:\/\/cgc.qroo.gob.mx\/cjg\/wp-content\/uploads\/2025\/07\/4d7920f7-0dba-4db9-ab67-8869dab6959d-scaled.jpg\"><img decoding=\"async\" src=\"https:\/\/cgc.qroo.gob.mx\/cjg\/wp-content\/uploads\/2025\/07\/4d7920f7-0dba-4db9-ab67-8869dab6959d-585x390.jpg\" alt=\"\" title=\"4d7920f7-0dba-4db9-ab67-8869dab6959d\"\/><\/a><\/figure>\n\n\n\n<p>Este esfuerzo forma parte de la visi\u00f3n del Nuevo Acuerdo por el Bienestar y Desarrollo de Quintana Roo, una pol\u00edtica humanista y transformadora que pone en el centro de las decisiones p\u00fablicas a las personas, especialmente a quienes m\u00e1s lo necesitan.<\/p>\n\n\n\n<figure class=\"wp-block-image is-style-default\"><a href=\"https:\/\/cgc.qroo.gob.mx\/cjg\/wp-content\/uploads\/2025\/07\/47dda41e-eb44-4b02-8c4e-2fd8d1a2afa5-scaled.jpg\"><img decoding=\"async\" src=\"https:\/\/cgc.qroo.gob.mx\/cjg\/wp-content\/uploads\/2025\/07\/47dda41e-eb44-4b02-8c4e-2fd8d1a2afa5-585x390.jpg\" alt=\"\" title=\"47dda41e-eb44-4b02-8c4e-2fd8d1a2afa5\"\/><\/a><\/figure>\n\n\n\n<p>\u201cEn el Nuevo Acuerdo por el Bienestar y Desarrollo de Quintana Roo no improvisamos, trabajamos con planeaci\u00f3n para llevar justicia social a todos los rincones del estado, porque en el segundo piso de la Cuarta Transformaci\u00f3n se construye con resultados, rescatando espacios, cuidando a quienes m\u00e1s lo necesitan, record\u00e1ndole a cada ni\u00f1a, ni\u00f1o y adolescente que no est\u00e1n solas, no est\u00e1n solos, y \u00a1claro que nos importan!\u201d, dijo finalmente Mara Lezama.<\/p>\n\n\n\n<figure class=\"wp-block-image is-style-default\"><a href=\"https:\/\/cgc.qroo.gob.mx\/cjg\/wp-content\/uploads\/2025\/07\/85e61be6-e93e-44a2-85fe-ce9a3a7054df-scaled.jpg\"><img decoding=\"async\" src=\"https:\/\/cgc.qroo.gob.mx\/cjg\/wp-content\/uploads\/2025\/07\/85e61be6-e93e-44a2-85fe-ce9a3a7054df-585x390.jpg\" alt=\"\" title=\"85e61be6-e93e-44a2-85fe-ce9a3a7054df\"\/><\/a><\/figure>\n\n\n\n<p>Estuvo en este anuncio, adem\u00e1s, la directora del DIF, Abril Sabido Alc\u00e9rreca.<\/p>\n","protected":false},"excerpt":{"rendered":"<p>La gobernadora Mara Lezama Espinosa, acompa\u00f1ada de la presidenta honoraria del DIF Quintana Roo, Ver\u00f3nica Lezama Espinosa, anunci\u00f3<\/p>\n","protected":false},"author":1,"featured_media":20202,"comment_status":"closed","ping_status":"open","sticky":false,"template":"","format":"standard","meta":{"_monsterinsights_skip_tracking":false,"_monsterinsights_sitenote_active":false,"_monsterinsights_sitenote_note":"","_monsterinsights_sitenote_category":0,"footnotes":""},"categories":[11,24],"tags":[],"class_list":["post-20201","post","type-post","status-publish","format-standard","has-post-thumbnail","hentry","category-noticias","category-quintana-roo"],"yoast_head":"<!-- This site is optimized with the Yoast SEO plugin v18.3 - https:\/\/yoast.com\/wordpress\/plugins\/seo\/ -->\n<title>Anuncia Mara Lezama segunda etapa de rehabilitaci\u00f3n y construcci\u00f3n de la \u201cCiudad de las Ni\u00f1as, Ni\u00f1os y Adolescentes\u201d - El Puuc Noticias<\/title>\n<meta name=\"robots\" content=\"index, follow, max-snippet:-1, max-image-preview:large, max-video-preview:-1\" \/>\n<link rel=\"canonical\" href=\"https:\/\/elpuucnoticias.com\/?p=20201\" \/>\n<meta property=\"og:locale\" content=\"es_ES\" \/>\n<meta property=\"og:type\" content=\"article\" \/>\n<meta property=\"og:title\" content=\"Anuncia Mara Lezama segunda etapa de rehabilitaci\u00f3n y construcci\u00f3n de la \u201cCiudad de las Ni\u00f1as, Ni\u00f1os y Adolescentes\u201d - El Puuc Noticias\" \/>\n<meta property=\"og:description\" content=\"La gobernadora Mara Lezama Espinosa, acompa\u00f1ada de la presidenta honoraria del DIF Quintana Roo, Ver\u00f3nica Lezama Espinosa, anunci\u00f3\" \/>\n<meta property=\"og:url\" content=\"https:\/\/elpuucnoticias.com\/?p=20201\" \/>\n<meta property=\"og:site_name\" content=\"El Puuc Noticias\" \/>\n<meta property=\"article:published_time\" content=\"2025-07-23T18:57:51+00:00\" \/>\n<meta property=\"og:image\" content=\"https:\/\/elpuucnoticias.com\/wp-content\/uploads\/2025\/07\/f8c83390-1844-4c25-bc5b-d41af5dd2dd8-scaled-1.jpg\" \/>\n\t<meta property=\"og:image:width\" content=\"2560\" \/>\n\t<meta property=\"og:image:height\" content=\"1707\" \/>\n\t<meta property=\"og:image:type\" content=\"image\/jpeg\" \/>\n<meta name=\"twitter:card\" content=\"summary_large_image\" \/>\n<meta name=\"twitter:label1\" content=\"Escrito por\" \/>\n\t<meta name=\"twitter:data1\" content=\"elpuucnoticias\" \/>\n\t<meta name=\"twitter:label2\" content=\"Tiempo de lectura\" \/>\n\t<meta name=\"twitter:data2\" content=\"2 minutos\" \/>\n<script type=\"application\/ld+json\" class=\"yoast-schema-graph\">{\"@context\":\"https:\/\/schema.org\",\"@graph\":[{\"@type\":\"WebSite\",\"@id\":\"https:\/\/elpuucnoticias.com\/#website\",\"url\":\"https:\/\/elpuucnoticias.com\/\",\"name\":\"El Puuc Noticias\",\"description\":\"Noticias - Entretenimiento - Deportes\",\"potentialAction\":[{\"@type\":\"SearchAction\",\"target\":{\"@type\":\"EntryPoint\",\"urlTemplate\":\"https:\/\/elpuucnoticias.com\/?s={search_term_string}\"},\"query-input\":\"required name=search_term_string\"}],\"inLanguage\":\"es\"},{\"@type\":\"ImageObject\",\"@id\":\"https:\/\/elpuucnoticias.com\/?p=20201#primaryimage\",\"inLanguage\":\"es\",\"url\":\"https:\/\/elpuucnoticias.com\/wp-content\/uploads\/2025\/07\/f8c83390-1844-4c25-bc5b-d41af5dd2dd8-scaled-1.jpg\",\"contentUrl\":\"https:\/\/elpuucnoticias.com\/wp-content\/uploads\/2025\/07\/f8c83390-1844-4c25-bc5b-d41af5dd2dd8-scaled-1.jpg\",\"width\":2560,\"height\":1707},{\"@type\":\"WebPage\",\"@id\":\"https:\/\/elpuucnoticias.com\/?p=20201#webpage\",\"url\":\"https:\/\/elpuucnoticias.com\/?p=20201\",\"name\":\"Anuncia Mara Lezama segunda etapa de rehabilitaci\u00f3n y construcci\u00f3n de la \u201cCiudad de las Ni\u00f1as, Ni\u00f1os y Adolescentes\u201d - El Puuc Noticias\",\"isPartOf\":{\"@id\":\"https:\/\/elpuucnoticias.com\/#website\"},\"primaryImageOfPage\":{\"@id\":\"https:\/\/elpuucnoticias.com\/?p=20201#primaryimage\"},\"datePublished\":\"2025-07-23T18:57:51+00:00\",\"dateModified\":\"2025-07-23T18:57:51+00:00\",\"author\":{\"@id\":\"https:\/\/elpuucnoticias.com\/#\/schema\/person\/d2ea09e4c97f0160b11cdfb1d856bd9e\"},\"breadcrumb\":{\"@id\":\"https:\/\/elpuucnoticias.com\/?p=20201#breadcrumb\"},\"inLanguage\":\"es\",\"potentialAction\":[{\"@type\":\"ReadAction\",\"target\":[\"https:\/\/elpuucnoticias.com\/?p=20201\"]}]},{\"@type\":\"BreadcrumbList\",\"@id\":\"https:\/\/elpuucnoticias.com\/?p=20201#breadcrumb\",\"itemListElement\":[{\"@type\":\"ListItem\",\"position\":1,\"name\":\"Portada\",\"item\":\"https:\/\/elpuucnoticias.com\/\"},{\"@type\":\"ListItem\",\"position\":2,\"name\":\"Anuncia Mara Lezama segunda etapa de rehabilitaci\u00f3n y construcci\u00f3n de la \u201cCiudad de las Ni\u00f1as, Ni\u00f1os y Adolescentes\u201d\"}]},{\"@type\":\"Person\",\"@id\":\"https:\/\/elpuucnoticias.com\/#\/schema\/person\/d2ea09e4c97f0160b11cdfb1d856bd9e\",\"name\":\"elpuucnoticias\",\"image\":{\"@type\":\"ImageObject\",\"@id\":\"https:\/\/elpuucnoticias.com\/#personlogo\",\"inLanguage\":\"es\",\"url\":\"https:\/\/secure.gravatar.com\/avatar\/5290a43657c74ffa15701dbe5b846bd85cc71930d803c84e91046a7333de6ce2?s=96&d=mm&r=g\",\"contentUrl\":\"https:\/\/secure.gravatar.com\/avatar\/5290a43657c74ffa15701dbe5b846bd85cc71930d803c84e91046a7333de6ce2?s=96&d=mm&r=g\",\"caption\":\"elpuucnoticias\"},\"sameAs\":[\"https:\/\/elpuucnoticias.com\"],\"url\":\"https:\/\/elpuucnoticias.com\/?author=1\"}]}<\/script>\n<!-- \/ Yoast SEO plugin. -->","yoast_head_json":{"title":"Anuncia Mara Lezama segunda etapa de rehabilitaci\u00f3n y construcci\u00f3n de la \u201cCiudad de las Ni\u00f1as, Ni\u00f1os y Adolescentes\u201d - El Puuc Noticias","robots":{"index":"index","follow":"follow","max-snippet":"max-snippet:-1","max-image-preview":"max-image-preview:large","max-video-preview":"max-video-preview:-1"},"canonical":"https:\/\/elpuucnoticias.com\/?p=20201","og_locale":"es_ES","og_type":"article","og_title":"Anuncia Mara Lezama segunda etapa de rehabilitaci\u00f3n y construcci\u00f3n de la \u201cCiudad de las Ni\u00f1as, Ni\u00f1os y Adolescentes\u201d - El Puuc Noticias","og_description":"La gobernadora Mara Lezama Espinosa, acompa\u00f1ada de la presidenta honoraria del DIF Quintana Roo, Ver\u00f3nica Lezama Espinosa, anunci\u00f3","og_url":"https:\/\/elpuucnoticias.com\/?p=20201","og_site_name":"El Puuc Noticias","article_published_time":"2025-07-23T18:57:51+00:00","og_image":[{"width":2560,"height":1707,"url":"https:\/\/elpuucnoticias.com\/wp-content\/uploads\/2025\/07\/f8c83390-1844-4c25-bc5b-d41af5dd2dd8-scaled-1.jpg","type":"image\/jpeg"}],"twitter_card":"summary_large_image","twitter_misc":{"Escrito por":"elpuucnoticias","Tiempo de lectura":"2 minutos"},"schema":{"@context":"https:\/\/schema.org","@graph":[{"@type":"WebSite","@id":"https:\/\/elpuucnoticias.com\/#website","url":"https:\/\/elpuucnoticias.com\/","name":"El Puuc Noticias","description":"Noticias - Entretenimiento - Deportes","potentialAction":[{"@type":"SearchAction","target":{"@type":"EntryPoint","urlTemplate":"https:\/\/elpuucnoticias.com\/?s={search_term_string}"},"query-input":"required name=search_term_string"}],"inLanguage":"es"},{"@type":"ImageObject","@id":"https:\/\/elpuucnoticias.com\/?p=20201#primaryimage","inLanguage":"es","url":"https:\/\/elpuucnoticias.com\/wp-content\/uploads\/2025\/07\/f8c83390-1844-4c25-bc5b-d41af5dd2dd8-scaled-1.jpg","contentUrl":"https:\/\/elpuucnoticias.com\/wp-content\/uploads\/2025\/07\/f8c83390-1844-4c25-bc5b-d41af5dd2dd8-scaled-1.jpg","width":2560,"height":1707},{"@type":"WebPage","@id":"https:\/\/elpuucnoticias.com\/?p=20201#webpage","url":"https:\/\/elpuucnoticias.com\/?p=20201","name":"Anuncia Mara Lezama segunda etapa de rehabilitaci\u00f3n y construcci\u00f3n de la \u201cCiudad de las Ni\u00f1as, Ni\u00f1os y Adolescentes\u201d - El Puuc Noticias","isPartOf":{"@id":"https:\/\/elpuucnoticias.com\/#website"},"primaryImageOfPage":{"@id":"https:\/\/elpuucnoticias.com\/?p=20201#primaryimage"},"datePublished":"2025-07-23T18:57:51+00:00","dateModified":"2025-07-23T18:57:51+00:00","author":{"@id":"https:\/\/elpuucnoticias.com\/#\/schema\/person\/d2ea09e4c97f0160b11cdfb1d856bd9e"},"breadcrumb":{"@id":"https:\/\/elpuucnoticias.com\/?p=20201#breadcrumb"},"inLanguage":"es","potentialAction":[{"@type":"ReadAction","target":["https:\/\/elpuucnoticias.com\/?p=20201"]}]},{"@type":"BreadcrumbList","@id":"https:\/\/elpuucnoticias.com\/?p=20201#breadcrumb","itemListElement":[{"@type":"ListItem","position":1,"name":"Portada","item":"https:\/\/elpuucnoticias.com\/"},{"@type":"ListItem","position":2,"name":"Anuncia Mara Lezama segunda etapa de rehabilitaci\u00f3n y construcci\u00f3n de la \u201cCiudad de las Ni\u00f1as, Ni\u00f1os y Adolescentes\u201d"}]},{"@type":"Person","@id":"https:\/\/elpuucnoticias.com\/#\/schema\/person\/d2ea09e4c97f0160b11cdfb1d856bd9e","name":"elpuucnoticias","image":{"@type":"ImageObject","@id":"https:\/\/elpuucnoticias.com\/#personlogo","inLanguage":"es","url":"https:\/\/secure.gravatar.com\/avatar\/5290a43657c74ffa15701dbe5b846bd85cc71930d803c84e91046a7333de6ce2?s=96&d=mm&r=g","contentUrl":"https:\/\/secure.gravatar.com\/avatar\/5290a43657c74ffa15701dbe5b846bd85cc71930d803c84e91046a7333de6ce2?s=96&d=mm&r=g","caption":"elpuucnoticias"},"sameAs":["https:\/\/elpuucnoticias.com"],"url":"https:\/\/elpuucnoticias.com\/?author=1"}]}},"_links":{"self":[{"href":"https:\/\/elpuucnoticias.com\/index.php?rest_route=\/wp\/v2\/posts\/20201","targetHints":{"allow":["GET"]}}],"collection":[{"href":"https:\/\/elpuucnoticias.com\/index.php?rest_route=\/wp\/v2\/posts"}],"about":[{"href":"https:\/\/elpuucnoticias.com\/index.php?rest_route=\/wp\/v2\/types\/post"}],"author":[{"embeddable":true,"href":"https:\/\/elpuucnoticias.com\/index.php?rest_route=\/wp\/v2\/users\/1"}],"replies":[{"embeddable":true,"href":"https:\/\/elpuucnoticias.com\/index.php?rest_route=%2Fwp%2Fv2%2Fcomments&post=20201"}],"version-history":[{"count":1,"href":"https:\/\/elpuucnoticias.com\/index.php?rest_route=\/wp\/v2\/posts\/20201\/revisions"}],"predecessor-version":[{"id":20203,"href":"https:\/\/elpuucnoticias.com\/index.php?rest_route=\/wp\/v2\/posts\/20201\/revisions\/20203"}],"wp:featuredmedia":[{"embeddable":true,"href":"https:\/\/elpuucnoticias.com\/index.php?rest_route=\/wp\/v2\/media\/20202"}],"wp:attachment":[{"href":"https:\/\/elpuucnoticias.com\/index.php?rest_route=%2Fwp%2Fv2%2Fmedia&parent=20201"}],"wp:term":[{"taxonomy":"category","embeddable":true,"href":"https:\/\/elpuucnoticias.com\/index.php?rest_route=%2Fwp%2Fv2%2Fcategories&post=20201"},{"taxonomy":"post_tag","embeddable":true,"href":"https:\/\/elpuucnoticias.com\/index.php?rest_route=%2Fwp%2Fv2%2Ftags&post=20201"}],"curies":[{"name":"wp","href":"https:\/\/api.w.org\/{rel}","templated":true}]}}