{"id":2021,"date":"2022-06-03T00:04:13","date_gmt":"2022-06-03T06:04:13","guid":{"rendered":"https:\/\/elpuucnoticias.com\/?p=2021"},"modified":"2022-06-03T00:05:09","modified_gmt":"2022-06-03T06:05:09","slug":"no-hay-huracan-en-quintana-roo-sino-el-inicio-de-una-depresion-tropical-carlos-joaquin","status":"publish","type":"post","link":"https:\/\/elpuucnoticias.com\/?p=2021","title":{"rendered":"No hay hurac\u00e1n en Quintana Roo, sino el inicio de una depresi\u00f3n tropical: Carlos Joaqu\u00edn"},"content":{"rendered":"\n<p>El gobernador Carlos Joaqu\u00edn inform\u00f3 que no habr\u00e1 hurac\u00e1n en Quintana Roo en estos momentos; lo que hoy se tiene es el inicio de una depresi\u00f3n tropical que estar\u00e1 saliendo por Holbox con trayectoria hacia la Florida, en los Estados Unidos.<\/p>\n\n\n\n<p>Hay una alerta azul de alejamiento, pero las bandas nubosas de esta depresi\u00f3n traer\u00e1n lluvias persistentes que estar\u00e1n bajo monitoreo, principalmente en la zona norte de la entidad.<\/p>\n\n\n\n<figure class=\"wp-block-image size-large is-resized\"><img loading=\"lazy\" decoding=\"async\" src=\"https:\/\/elpuucnoticias.com\/wp-content\/uploads\/2022\/05\/bioclinics-1024x254.jpeg\" alt=\"\" class=\"wp-image-1910\" width=\"421\" height=\"104\" srcset=\"https:\/\/elpuucnoticias.com\/wp-content\/uploads\/2022\/05\/bioclinics-1024x254.jpeg 1024w, https:\/\/elpuucnoticias.com\/wp-content\/uploads\/2022\/05\/bioclinics-300x74.jpeg 300w, https:\/\/elpuucnoticias.com\/wp-content\/uploads\/2022\/05\/bioclinics-768x191.jpeg 768w, https:\/\/elpuucnoticias.com\/wp-content\/uploads\/2022\/05\/bioclinics.jpeg 1156w\" sizes=\"auto, (max-width: 421px) 100vw, 421px\" \/><\/figure>\n\n\n\n<p>Durante el programa Caminando Juntos, el titular del Ejecutivo record\u00f3 que los huracanes se forman en el mar y los pron\u00f3sticos para esta depresi\u00f3n tropical que est\u00e1 sobre la pen\u00ednsula de Yucat\u00e1n es que al salir al mar se fortalecer\u00e1 como un potencial cicl\u00f3n tropical.<\/p>\n\n\n\n<p>Sin embargo, el gobernador de Quintana Roo exhort\u00f3 a la poblaci\u00f3n a tener todas las precauciones y medidas preventivas que a\u00f1o con a\u00f1o se aplican, dado que ya tenemos esa cultura de la protecci\u00f3n civil.<\/p>\n\n\n\n<p>El coordinador estatal de Protecci\u00f3n Civil Alfredo Su\u00e1rez, expres\u00f3 que se han instalado los 11 comit\u00e9s municipales de protecci\u00f3n civil.<\/p>\n\n\n\n<figure class=\"wp-block-image size-large is-resized\"><img loading=\"lazy\" decoding=\"async\" src=\"https:\/\/elpuucnoticias.com\/wp-content\/uploads\/2022\/05\/felino-flayer-1024x583.jpg\" alt=\"\" class=\"wp-image-1402\" width=\"392\" height=\"223\" srcset=\"https:\/\/elpuucnoticias.com\/wp-content\/uploads\/2022\/05\/felino-flayer-1024x583.jpg 1024w, https:\/\/elpuucnoticias.com\/wp-content\/uploads\/2022\/05\/felino-flayer-300x171.jpg 300w, https:\/\/elpuucnoticias.com\/wp-content\/uploads\/2022\/05\/felino-flayer-768x437.jpg 768w, https:\/\/elpuucnoticias.com\/wp-content\/uploads\/2022\/05\/felino-flayer.jpg 1237w\" sizes=\"auto, (max-width: 392px) 100vw, 392px\" \/><\/figure>\n\n\n\n<p>Por otra parte, durante una entrevista con la consejera presidenta del Instituto Electoral de Quintana Roo Mayra San Rom\u00e1n Carrillo Medina, se precis\u00f3 que todo est\u00e1 listo para la jornada electoral del pr\u00f3ximo 5 de junio.<\/p>\n\n\n\n<p>Dijo que ser\u00e1 una elecci\u00f3n garantizada, en el que se espera la participaci\u00f3n ciudadana registrada en un padr\u00f3n de m\u00e1s de un mill\u00f3n 300 mil ciudadanos y la instalaci\u00f3n de m\u00e1s de 2 mil 290 casillas en el estado.<\/p>\n\n\n\n<p>Habr\u00e1 un ejercicio de conteo r\u00e1pido y estar\u00e1 aplic\u00e1ndose el Programa de Resultados Preliminares (Prep) a partir de las 20 horas.<\/p>\n\n\n\n<p>Para la jornada electoral, el titular de auditor\u00eda del SATQ Eduardo Cisneros precis\u00f3 que habr\u00e1 ley seca y estar\u00e1 aplic\u00e1ndose a partir del primer minuto de este s\u00e1bado hasta el \u00faltimo del domingo. Habr\u00e1 operativos para que esta disposici\u00f3n se cumpla, tanto en las zonas urbanas como rurales.<\/p>\n\n\n\n<p>Las \u00fanicas excepciones ser\u00e1n las zonas tur\u00edsticas delimitadas por los municipios.<\/p>\n\n\n\n<p>El secretario de Seguridad P\u00fablica Lucio Guti\u00e9rrez Hern\u00e1ndez dio a conocer que hay garant\u00eda para que los electores puedan salir a emitir su voto en un clima de armon\u00eda, tranquilidad y seguridad.<\/p>\n\n\n\n<p>Se mantendr\u00e1n las acciones de seguridad cotidianas.<\/p>\n\n\n\n<p>En relaci\u00f3n con la ley seca, advirti\u00f3 que a nadie se le ocurra soslayarla porque se les remitir\u00e1 ante las autoridades correspondientes. Eso incluye para el clandestinaje.<\/p>\n\n\n\n<p>Otro de los temas que se manejaron durante el programa, transmitido por el Sistema Quintanarroense de Comunicaci\u00f3n Social y las redes de la Coordinaci\u00f3n General de Comunicaci\u00f3n fue el sargazo que, en esta ocasi\u00f3n, tuvo efectos positivos ante las condiciones del clima.<\/p>\n\n\n\n<p>El coordinador nacional de la estrategia de atenci\u00f3n, contralmirante Alejandro L\u00f3pez Zenteno, expres\u00f3 que la direcci\u00f3n de los vientos de la depresi\u00f3n tropical limpi\u00f3 el alga de Mahahual y que en los pr\u00f3ximos d\u00edas eso mismo se ver\u00e1 en las playas del centro y norte del estado.<\/p>\n\n\n\n<p>Por otra parte, el gobernador Carlos Joaqu\u00edn y Antonio L\u00f3pez Pinz\u00f3n, director de la Cojudeq, destacaron la participaci\u00f3n de la delegaci\u00f3n deportiva quintanarroense en los Juegos Nacional CONADE 2022, en la que se espera superar las 200 medallas y tener un r\u00e9cord deportivo estatal.<\/p>\n","protected":false},"excerpt":{"rendered":"<p>El gobernador Carlos Joaqu\u00edn inform\u00f3 que no habr\u00e1 hurac\u00e1n en Quintana Roo en estos momentos; lo que hoy<\/p>\n","protected":false},"author":1,"featured_media":2022,"comment_status":"closed","ping_status":"open","sticky":false,"template":"","format":"standard","meta":{"_monsterinsights_skip_tracking":false,"_monsterinsights_sitenote_active":false,"_monsterinsights_sitenote_note":"","_monsterinsights_sitenote_category":0,"footnotes":""},"categories":[11],"tags":[],"class_list":["post-2021","post","type-post","status-publish","format-standard","has-post-thumbnail","hentry","category-noticias"],"yoast_head":"<!-- This site is optimized with the Yoast SEO plugin v18.3 - https:\/\/yoast.com\/wordpress\/plugins\/seo\/ -->\n<title>No hay hurac\u00e1n en Quintana Roo, sino el inicio de una depresi\u00f3n tropical: Carlos Joaqu\u00edn - El Puuc Noticias<\/title>\n<meta name=\"robots\" content=\"index, follow, max-snippet:-1, max-image-preview:large, max-video-preview:-1\" \/>\n<link rel=\"canonical\" href=\"https:\/\/elpuucnoticias.com\/?p=2021\" \/>\n<meta property=\"og:locale\" content=\"es_ES\" \/>\n<meta property=\"og:type\" content=\"article\" \/>\n<meta property=\"og:title\" content=\"No hay hurac\u00e1n en Quintana Roo, sino el inicio de una depresi\u00f3n tropical: Carlos Joaqu\u00edn - El Puuc Noticias\" \/>\n<meta property=\"og:description\" content=\"El gobernador Carlos Joaqu\u00edn inform\u00f3 que no habr\u00e1 hurac\u00e1n en Quintana Roo en estos momentos; lo que hoy\" \/>\n<meta property=\"og:url\" content=\"https:\/\/elpuucnoticias.com\/?p=2021\" \/>\n<meta property=\"og:site_name\" content=\"El Puuc Noticias\" \/>\n<meta property=\"article:published_time\" content=\"2022-06-03T06:04:13+00:00\" \/>\n<meta property=\"article:modified_time\" content=\"2022-06-03T06:05:09+00:00\" \/>\n<meta property=\"og:image\" content=\"https:\/\/elpuucnoticias.com\/wp-content\/uploads\/2022\/06\/WhatsApp-Image-2022-06-02-at-10.08.51-PM.jpeg\" \/>\n\t<meta property=\"og:image:width\" content=\"1280\" \/>\n\t<meta property=\"og:image:height\" content=\"753\" \/>\n\t<meta property=\"og:image:type\" content=\"image\/jpeg\" \/>\n<meta name=\"twitter:card\" content=\"summary_large_image\" \/>\n<meta name=\"twitter:label1\" content=\"Escrito por\" \/>\n\t<meta name=\"twitter:data1\" content=\"elpuucnoticias\" \/>\n\t<meta name=\"twitter:label2\" content=\"Tiempo de lectura\" \/>\n\t<meta name=\"twitter:data2\" content=\"3 minutos\" \/>\n<script type=\"application\/ld+json\" class=\"yoast-schema-graph\">{\"@context\":\"https:\/\/schema.org\",\"@graph\":[{\"@type\":\"WebSite\",\"@id\":\"https:\/\/elpuucnoticias.com\/#website\",\"url\":\"https:\/\/elpuucnoticias.com\/\",\"name\":\"El Puuc Noticias\",\"description\":\"Noticias - Entretenimiento - Deportes\",\"potentialAction\":[{\"@type\":\"SearchAction\",\"target\":{\"@type\":\"EntryPoint\",\"urlTemplate\":\"https:\/\/elpuucnoticias.com\/?s={search_term_string}\"},\"query-input\":\"required name=search_term_string\"}],\"inLanguage\":\"es\"},{\"@type\":\"ImageObject\",\"@id\":\"https:\/\/elpuucnoticias.com\/?p=2021#primaryimage\",\"inLanguage\":\"es\",\"url\":\"https:\/\/elpuucnoticias.com\/wp-content\/uploads\/2022\/06\/WhatsApp-Image-2022-06-02-at-10.08.51-PM.jpeg\",\"contentUrl\":\"https:\/\/elpuucnoticias.com\/wp-content\/uploads\/2022\/06\/WhatsApp-Image-2022-06-02-at-10.08.51-PM.jpeg\",\"width\":1280,\"height\":753},{\"@type\":\"WebPage\",\"@id\":\"https:\/\/elpuucnoticias.com\/?p=2021#webpage\",\"url\":\"https:\/\/elpuucnoticias.com\/?p=2021\",\"name\":\"No hay hurac\u00e1n en Quintana Roo, sino el inicio de una depresi\u00f3n tropical: Carlos Joaqu\u00edn - El Puuc Noticias\",\"isPartOf\":{\"@id\":\"https:\/\/elpuucnoticias.com\/#website\"},\"primaryImageOfPage\":{\"@id\":\"https:\/\/elpuucnoticias.com\/?p=2021#primaryimage\"},\"datePublished\":\"2022-06-03T06:04:13+00:00\",\"dateModified\":\"2022-06-03T06:05:09+00:00\",\"author\":{\"@id\":\"https:\/\/elpuucnoticias.com\/#\/schema\/person\/d2ea09e4c97f0160b11cdfb1d856bd9e\"},\"breadcrumb\":{\"@id\":\"https:\/\/elpuucnoticias.com\/?p=2021#breadcrumb\"},\"inLanguage\":\"es\",\"potentialAction\":[{\"@type\":\"ReadAction\",\"target\":[\"https:\/\/elpuucnoticias.com\/?p=2021\"]}]},{\"@type\":\"BreadcrumbList\",\"@id\":\"https:\/\/elpuucnoticias.com\/?p=2021#breadcrumb\",\"itemListElement\":[{\"@type\":\"ListItem\",\"position\":1,\"name\":\"Portada\",\"item\":\"https:\/\/elpuucnoticias.com\/\"},{\"@type\":\"ListItem\",\"position\":2,\"name\":\"No hay hurac\u00e1n en Quintana Roo, sino el inicio de una depresi\u00f3n tropical: Carlos Joaqu\u00edn\"}]},{\"@type\":\"Person\",\"@id\":\"https:\/\/elpuucnoticias.com\/#\/schema\/person\/d2ea09e4c97f0160b11cdfb1d856bd9e\",\"name\":\"elpuucnoticias\",\"image\":{\"@type\":\"ImageObject\",\"@id\":\"https:\/\/elpuucnoticias.com\/#personlogo\",\"inLanguage\":\"es\",\"url\":\"https:\/\/secure.gravatar.com\/avatar\/5290a43657c74ffa15701dbe5b846bd85cc71930d803c84e91046a7333de6ce2?s=96&d=mm&r=g\",\"contentUrl\":\"https:\/\/secure.gravatar.com\/avatar\/5290a43657c74ffa15701dbe5b846bd85cc71930d803c84e91046a7333de6ce2?s=96&d=mm&r=g\",\"caption\":\"elpuucnoticias\"},\"sameAs\":[\"https:\/\/elpuucnoticias.com\"],\"url\":\"https:\/\/elpuucnoticias.com\/?author=1\"}]}<\/script>\n<!-- \/ Yoast SEO plugin. -->","yoast_head_json":{"title":"No hay hurac\u00e1n en Quintana Roo, sino el inicio de una depresi\u00f3n tropical: Carlos Joaqu\u00edn - El Puuc Noticias","robots":{"index":"index","follow":"follow","max-snippet":"max-snippet:-1","max-image-preview":"max-image-preview:large","max-video-preview":"max-video-preview:-1"},"canonical":"https:\/\/elpuucnoticias.com\/?p=2021","og_locale":"es_ES","og_type":"article","og_title":"No hay hurac\u00e1n en Quintana Roo, sino el inicio de una depresi\u00f3n tropical: Carlos Joaqu\u00edn - El Puuc Noticias","og_description":"El gobernador Carlos Joaqu\u00edn inform\u00f3 que no habr\u00e1 hurac\u00e1n en Quintana Roo en estos momentos; lo que hoy","og_url":"https:\/\/elpuucnoticias.com\/?p=2021","og_site_name":"El Puuc Noticias","article_published_time":"2022-06-03T06:04:13+00:00","article_modified_time":"2022-06-03T06:05:09+00:00","og_image":[{"width":1280,"height":753,"url":"https:\/\/elpuucnoticias.com\/wp-content\/uploads\/2022\/06\/WhatsApp-Image-2022-06-02-at-10.08.51-PM.jpeg","type":"image\/jpeg"}],"twitter_card":"summary_large_image","twitter_misc":{"Escrito por":"elpuucnoticias","Tiempo de lectura":"3 minutos"},"schema":{"@context":"https:\/\/schema.org","@graph":[{"@type":"WebSite","@id":"https:\/\/elpuucnoticias.com\/#website","url":"https:\/\/elpuucnoticias.com\/","name":"El Puuc Noticias","description":"Noticias - Entretenimiento - Deportes","potentialAction":[{"@type":"SearchAction","target":{"@type":"EntryPoint","urlTemplate":"https:\/\/elpuucnoticias.com\/?s={search_term_string}"},"query-input":"required name=search_term_string"}],"inLanguage":"es"},{"@type":"ImageObject","@id":"https:\/\/elpuucnoticias.com\/?p=2021#primaryimage","inLanguage":"es","url":"https:\/\/elpuucnoticias.com\/wp-content\/uploads\/2022\/06\/WhatsApp-Image-2022-06-02-at-10.08.51-PM.jpeg","contentUrl":"https:\/\/elpuucnoticias.com\/wp-content\/uploads\/2022\/06\/WhatsApp-Image-2022-06-02-at-10.08.51-PM.jpeg","width":1280,"height":753},{"@type":"WebPage","@id":"https:\/\/elpuucnoticias.com\/?p=2021#webpage","url":"https:\/\/elpuucnoticias.com\/?p=2021","name":"No hay hurac\u00e1n en Quintana Roo, sino el inicio de una depresi\u00f3n tropical: Carlos Joaqu\u00edn - El Puuc Noticias","isPartOf":{"@id":"https:\/\/elpuucnoticias.com\/#website"},"primaryImageOfPage":{"@id":"https:\/\/elpuucnoticias.com\/?p=2021#primaryimage"},"datePublished":"2022-06-03T06:04:13+00:00","dateModified":"2022-06-03T06:05:09+00:00","author":{"@id":"https:\/\/elpuucnoticias.com\/#\/schema\/person\/d2ea09e4c97f0160b11cdfb1d856bd9e"},"breadcrumb":{"@id":"https:\/\/elpuucnoticias.com\/?p=2021#breadcrumb"},"inLanguage":"es","potentialAction":[{"@type":"ReadAction","target":["https:\/\/elpuucnoticias.com\/?p=2021"]}]},{"@type":"BreadcrumbList","@id":"https:\/\/elpuucnoticias.com\/?p=2021#breadcrumb","itemListElement":[{"@type":"ListItem","position":1,"name":"Portada","item":"https:\/\/elpuucnoticias.com\/"},{"@type":"ListItem","position":2,"name":"No hay hurac\u00e1n en Quintana Roo, sino el inicio de una depresi\u00f3n tropical: Carlos Joaqu\u00edn"}]},{"@type":"Person","@id":"https:\/\/elpuucnoticias.com\/#\/schema\/person\/d2ea09e4c97f0160b11cdfb1d856bd9e","name":"elpuucnoticias","image":{"@type":"ImageObject","@id":"https:\/\/elpuucnoticias.com\/#personlogo","inLanguage":"es","url":"https:\/\/secure.gravatar.com\/avatar\/5290a43657c74ffa15701dbe5b846bd85cc71930d803c84e91046a7333de6ce2?s=96&d=mm&r=g","contentUrl":"https:\/\/secure.gravatar.com\/avatar\/5290a43657c74ffa15701dbe5b846bd85cc71930d803c84e91046a7333de6ce2?s=96&d=mm&r=g","caption":"elpuucnoticias"},"sameAs":["https:\/\/elpuucnoticias.com"],"url":"https:\/\/elpuucnoticias.com\/?author=1"}]}},"_links":{"self":[{"href":"https:\/\/elpuucnoticias.com\/index.php?rest_route=\/wp\/v2\/posts\/2021","targetHints":{"allow":["GET"]}}],"collection":[{"href":"https:\/\/elpuucnoticias.com\/index.php?rest_route=\/wp\/v2\/posts"}],"about":[{"href":"https:\/\/elpuucnoticias.com\/index.php?rest_route=\/wp\/v2\/types\/post"}],"author":[{"embeddable":true,"href":"https:\/\/elpuucnoticias.com\/index.php?rest_route=\/wp\/v2\/users\/1"}],"replies":[{"embeddable":true,"href":"https:\/\/elpuucnoticias.com\/index.php?rest_route=%2Fwp%2Fv2%2Fcomments&post=2021"}],"version-history":[{"count":2,"href":"https:\/\/elpuucnoticias.com\/index.php?rest_route=\/wp\/v2\/posts\/2021\/revisions"}],"predecessor-version":[{"id":2025,"href":"https:\/\/elpuucnoticias.com\/index.php?rest_route=\/wp\/v2\/posts\/2021\/revisions\/2025"}],"wp:featuredmedia":[{"embeddable":true,"href":"https:\/\/elpuucnoticias.com\/index.php?rest_route=\/wp\/v2\/media\/2022"}],"wp:attachment":[{"href":"https:\/\/elpuucnoticias.com\/index.php?rest_route=%2Fwp%2Fv2%2Fmedia&parent=2021"}],"wp:term":[{"taxonomy":"category","embeddable":true,"href":"https:\/\/elpuucnoticias.com\/index.php?rest_route=%2Fwp%2Fv2%2Fcategories&post=2021"},{"taxonomy":"post_tag","embeddable":true,"href":"https:\/\/elpuucnoticias.com\/index.php?rest_route=%2Fwp%2Fv2%2Ftags&post=2021"}],"curies":[{"name":"wp","href":"https:\/\/api.w.org\/{rel}","templated":true}]}}