{"id":20210,"date":"2025-07-23T13:17:53","date_gmt":"2025-07-23T19:17:53","guid":{"rendered":"https:\/\/elpuucnoticias.com\/?p=20210"},"modified":"2025-07-23T13:17:53","modified_gmt":"2025-07-23T19:17:53","slug":"la-secretaria-de-infraestructura-comunicaciones-y-transportes-refuerza-vigilancia-en-el-autotransporte-federal-durante-vacaciones-de-verano-2025","status":"publish","type":"post","link":"https:\/\/elpuucnoticias.com\/?p=20210","title":{"rendered":"La Secretar\u00eda de Infraestructura, Comunicaciones y Transportes refuerza vigilancia en el autotransporte federal durante vacaciones de verano 2025"},"content":{"rendered":"\n<p>La Secretar\u00eda de Infraestructura, Comunicaciones y Transportes en Yucat\u00e1n en coordinaci\u00f3n con autoridades de la C\u00e1mara Nacional del Autotransporte de Pasaje y Turismo (CANAPAT), Guardia Nacional e iniciativa privada acordaron acciones para garantizar un servicio eficiente en el autotransporte federal durante vacaciones de verano.<\/p>\n\n\n\n<figure class=\"wp-block-image size-large is-style-default\"><img loading=\"lazy\" decoding=\"async\" width=\"1024\" height=\"531\" src=\"https:\/\/elpuucnoticias.com\/wp-content\/uploads\/2025\/07\/whatsapp-image-2025-07-23-at-1.09.44-pm-2-1024x531.jpeg\" alt=\"\" class=\"wp-image-20211\" srcset=\"https:\/\/elpuucnoticias.com\/wp-content\/uploads\/2025\/07\/whatsapp-image-2025-07-23-at-1.09.44-pm-2-1024x531.jpeg 1024w, https:\/\/elpuucnoticias.com\/wp-content\/uploads\/2025\/07\/whatsapp-image-2025-07-23-at-1.09.44-pm-2-300x156.jpeg 300w, https:\/\/elpuucnoticias.com\/wp-content\/uploads\/2025\/07\/whatsapp-image-2025-07-23-at-1.09.44-pm-2-768x398.jpeg 768w, https:\/\/elpuucnoticias.com\/wp-content\/uploads\/2025\/07\/whatsapp-image-2025-07-23-at-1.09.44-pm-2-1536x797.jpeg 1536w, https:\/\/elpuucnoticias.com\/wp-content\/uploads\/2025\/07\/whatsapp-image-2025-07-23-at-1.09.44-pm-2-320x166.jpeg 320w, https:\/\/elpuucnoticias.com\/wp-content\/uploads\/2025\/07\/whatsapp-image-2025-07-23-at-1.09.44-pm-2.jpeg 1600w\" sizes=\"auto, (max-width: 1024px) 100vw, 1024px\" \/><\/figure>\n\n\n\n<p>Durante la s\u00e9ptima reuni\u00f3n interinstitucional se acordaron las estrategias que se implementar\u00e1n en rutas y terminales, derivado del trabajo coordinado y la colaboraci\u00f3n para fortalecer al sector.<\/p>\n\n\n\n<p>El director general del Centro SICT Yucat\u00e1n, Luis Pimentel Miranda, adelant\u00f3 que a partir de este fin de semana la dependencia llevar\u00e1 a cabo operativos en las principales terminales de pasajeros.<\/p>\n\n\n\n<figure class=\"wp-block-gallery has-nested-images columns-default is-cropped wp-block-gallery-1 is-layout-flex wp-block-gallery-is-layout-flex\">\n<figure class=\"wp-block-image size-large is-style-default\"><img loading=\"lazy\" decoding=\"async\" width=\"1024\" height=\"678\" data-id=\"20213\" src=\"https:\/\/elpuucnoticias.com\/wp-content\/uploads\/2025\/07\/whatsapp-image-2025-07-23-at-1.09.44-pm-1024x678.jpeg\" alt=\"\" class=\"wp-image-20213\" srcset=\"https:\/\/elpuucnoticias.com\/wp-content\/uploads\/2025\/07\/whatsapp-image-2025-07-23-at-1.09.44-pm-1024x678.jpeg 1024w, https:\/\/elpuucnoticias.com\/wp-content\/uploads\/2025\/07\/whatsapp-image-2025-07-23-at-1.09.44-pm-300x200.jpeg 300w, https:\/\/elpuucnoticias.com\/wp-content\/uploads\/2025\/07\/whatsapp-image-2025-07-23-at-1.09.44-pm-768x508.jpeg 768w, https:\/\/elpuucnoticias.com\/wp-content\/uploads\/2025\/07\/whatsapp-image-2025-07-23-at-1.09.44-pm-1536x1017.jpeg 1536w, https:\/\/elpuucnoticias.com\/wp-content\/uploads\/2025\/07\/whatsapp-image-2025-07-23-at-1.09.44-pm-320x212.jpeg 320w, https:\/\/elpuucnoticias.com\/wp-content\/uploads\/2025\/07\/whatsapp-image-2025-07-23-at-1.09.44-pm.jpeg 1600w\" sizes=\"auto, (max-width: 1024px) 100vw, 1024px\" \/><\/figure>\n<\/figure>\n\n\n\n<p>Detall\u00f3 que se revisar\u00e1n las condiciones f\u00edsico-mec\u00e1nicas de los veh\u00edculos, de acuerdo con el procedimiento establecido en la Norma Oficial Mexicana NOM-068-SCT-2-2014, a fin de constatar que las unidades del servicio de autotransporte federal de pasajeros est\u00e9n en perfectas condiciones en materia de frenos, luces, rines y llantas, entre otros.<\/p>\n\n\n\n<p>Estas acciones garantizar\u00e1n la seguridad de los usuarios que disfrutar\u00e1n de sus vacaciones. Adicionalmente, se verificar\u00e1n las condiciones en las que se encuentran las instalaciones, equipamiento y servicios de las terminales, as\u00ed como la aplicaci\u00f3n de tarifas registradas y descuentos a maestros, estudiantes y personas adultas mayores.<\/p>\n\n\n\n<figure class=\"wp-block-image size-large is-style-default\"><img loading=\"lazy\" decoding=\"async\" width=\"1024\" height=\"412\" src=\"https:\/\/elpuucnoticias.com\/wp-content\/uploads\/2025\/07\/whatsapp-image-2025-07-23-at-1.09.44-pm-1-1024x412.jpeg\" alt=\"\" class=\"wp-image-20212\" srcset=\"https:\/\/elpuucnoticias.com\/wp-content\/uploads\/2025\/07\/whatsapp-image-2025-07-23-at-1.09.44-pm-1-1024x412.jpeg 1024w, https:\/\/elpuucnoticias.com\/wp-content\/uploads\/2025\/07\/whatsapp-image-2025-07-23-at-1.09.44-pm-1-300x121.jpeg 300w, https:\/\/elpuucnoticias.com\/wp-content\/uploads\/2025\/07\/whatsapp-image-2025-07-23-at-1.09.44-pm-1-768x309.jpeg 768w, https:\/\/elpuucnoticias.com\/wp-content\/uploads\/2025\/07\/whatsapp-image-2025-07-23-at-1.09.44-pm-1-1536x618.jpeg 1536w, https:\/\/elpuucnoticias.com\/wp-content\/uploads\/2025\/07\/whatsapp-image-2025-07-23-at-1.09.44-pm-1-320x129.jpeg 320w, https:\/\/elpuucnoticias.com\/wp-content\/uploads\/2025\/07\/whatsapp-image-2025-07-23-at-1.09.44-pm-1.jpeg 1600w\" sizes=\"auto, (max-width: 1024px) 100vw, 1024px\" \/><\/figure>\n\n\n\n<p>Adem\u00e1s, en coordinaci\u00f3n con la Guardia Nacional (GN), se llevar\u00e1n a cabo operativos conjuntos de Peso y Dimensiones durante los meses de julio y agosto.<\/p>\n\n\n\n<p>Estas acciones reafirman el compromiso de fortalecer la coordinaci\u00f3n entre autoridades, corporaciones y empresas del sector transporte, promoviendo una cultura de prevenci\u00f3n, servicio y responsabilidad compartida, tanto en terminales como en las carreteras del pa\u00eds.<\/p>\n","protected":false},"excerpt":{"rendered":"<p>La Secretar\u00eda de Infraestructura, Comunicaciones y Transportes en Yucat\u00e1n en coordinaci\u00f3n con autoridades de la C\u00e1mara Nacional del<\/p>\n","protected":false},"author":1,"featured_media":20214,"comment_status":"closed","ping_status":"open","sticky":false,"template":"","format":"standard","meta":{"_monsterinsights_skip_tracking":false,"_monsterinsights_sitenote_active":false,"_monsterinsights_sitenote_note":"","_monsterinsights_sitenote_category":0,"footnotes":""},"categories":[11],"tags":[],"class_list":["post-20210","post","type-post","status-publish","format-standard","has-post-thumbnail","hentry","category-noticias"],"yoast_head":"<!-- This site is optimized with the Yoast SEO plugin v18.3 - https:\/\/yoast.com\/wordpress\/plugins\/seo\/ -->\n<title>La Secretar\u00eda de Infraestructura, Comunicaciones y Transportes refuerza vigilancia en el autotransporte federal durante vacaciones de verano 2025 - El Puuc Noticias<\/title>\n<meta name=\"robots\" content=\"index, follow, max-snippet:-1, max-image-preview:large, max-video-preview:-1\" \/>\n<link rel=\"canonical\" href=\"https:\/\/elpuucnoticias.com\/?p=20210\" \/>\n<meta property=\"og:locale\" content=\"es_ES\" \/>\n<meta property=\"og:type\" content=\"article\" \/>\n<meta property=\"og:title\" content=\"La Secretar\u00eda de Infraestructura, Comunicaciones y Transportes refuerza vigilancia en el autotransporte federal durante vacaciones de verano 2025 - El Puuc Noticias\" \/>\n<meta property=\"og:description\" content=\"La Secretar\u00eda de Infraestructura, Comunicaciones y Transportes en Yucat\u00e1n en coordinaci\u00f3n con autoridades de la C\u00e1mara Nacional del\" \/>\n<meta property=\"og:url\" content=\"https:\/\/elpuucnoticias.com\/?p=20210\" \/>\n<meta property=\"og:site_name\" content=\"El Puuc Noticias\" \/>\n<meta property=\"article:published_time\" content=\"2025-07-23T19:17:53+00:00\" \/>\n<meta property=\"og:image\" content=\"https:\/\/elpuucnoticias.com\/wp-content\/uploads\/2025\/07\/whatsapp-image-2025-07-23-at-1.09.44-pm-3.jpeg\" \/>\n\t<meta property=\"og:image:width\" content=\"1600\" \/>\n\t<meta property=\"og:image:height\" content=\"1059\" \/>\n\t<meta property=\"og:image:type\" content=\"image\/jpeg\" \/>\n<meta name=\"twitter:card\" content=\"summary_large_image\" \/>\n<meta name=\"twitter:label1\" content=\"Escrito por\" \/>\n\t<meta name=\"twitter:data1\" content=\"elpuucnoticias\" \/>\n\t<meta name=\"twitter:label2\" content=\"Tiempo de lectura\" \/>\n\t<meta name=\"twitter:data2\" content=\"1 minuto\" \/>\n<script type=\"application\/ld+json\" class=\"yoast-schema-graph\">{\"@context\":\"https:\/\/schema.org\",\"@graph\":[{\"@type\":\"WebSite\",\"@id\":\"https:\/\/elpuucnoticias.com\/#website\",\"url\":\"https:\/\/elpuucnoticias.com\/\",\"name\":\"El Puuc Noticias\",\"description\":\"Noticias - Entretenimiento - Deportes\",\"potentialAction\":[{\"@type\":\"SearchAction\",\"target\":{\"@type\":\"EntryPoint\",\"urlTemplate\":\"https:\/\/elpuucnoticias.com\/?s={search_term_string}\"},\"query-input\":\"required name=search_term_string\"}],\"inLanguage\":\"es\"},{\"@type\":\"ImageObject\",\"@id\":\"https:\/\/elpuucnoticias.com\/?p=20210#primaryimage\",\"inLanguage\":\"es\",\"url\":\"https:\/\/elpuucnoticias.com\/wp-content\/uploads\/2025\/07\/whatsapp-image-2025-07-23-at-1.09.44-pm-3.jpeg\",\"contentUrl\":\"https:\/\/elpuucnoticias.com\/wp-content\/uploads\/2025\/07\/whatsapp-image-2025-07-23-at-1.09.44-pm-3.jpeg\",\"width\":1600,\"height\":1059},{\"@type\":\"WebPage\",\"@id\":\"https:\/\/elpuucnoticias.com\/?p=20210#webpage\",\"url\":\"https:\/\/elpuucnoticias.com\/?p=20210\",\"name\":\"La Secretar\u00eda de Infraestructura, Comunicaciones y Transportes refuerza vigilancia en el autotransporte federal durante vacaciones de verano 2025 - El Puuc Noticias\",\"isPartOf\":{\"@id\":\"https:\/\/elpuucnoticias.com\/#website\"},\"primaryImageOfPage\":{\"@id\":\"https:\/\/elpuucnoticias.com\/?p=20210#primaryimage\"},\"datePublished\":\"2025-07-23T19:17:53+00:00\",\"dateModified\":\"2025-07-23T19:17:53+00:00\",\"author\":{\"@id\":\"https:\/\/elpuucnoticias.com\/#\/schema\/person\/d2ea09e4c97f0160b11cdfb1d856bd9e\"},\"breadcrumb\":{\"@id\":\"https:\/\/elpuucnoticias.com\/?p=20210#breadcrumb\"},\"inLanguage\":\"es\",\"potentialAction\":[{\"@type\":\"ReadAction\",\"target\":[\"https:\/\/elpuucnoticias.com\/?p=20210\"]}]},{\"@type\":\"BreadcrumbList\",\"@id\":\"https:\/\/elpuucnoticias.com\/?p=20210#breadcrumb\",\"itemListElement\":[{\"@type\":\"ListItem\",\"position\":1,\"name\":\"Portada\",\"item\":\"https:\/\/elpuucnoticias.com\/\"},{\"@type\":\"ListItem\",\"position\":2,\"name\":\"La Secretar\u00eda de Infraestructura, Comunicaciones y Transportes refuerza vigilancia en el autotransporte federal durante vacaciones de verano 2025\"}]},{\"@type\":\"Person\",\"@id\":\"https:\/\/elpuucnoticias.com\/#\/schema\/person\/d2ea09e4c97f0160b11cdfb1d856bd9e\",\"name\":\"elpuucnoticias\",\"image\":{\"@type\":\"ImageObject\",\"@id\":\"https:\/\/elpuucnoticias.com\/#personlogo\",\"inLanguage\":\"es\",\"url\":\"https:\/\/secure.gravatar.com\/avatar\/5290a43657c74ffa15701dbe5b846bd85cc71930d803c84e91046a7333de6ce2?s=96&d=mm&r=g\",\"contentUrl\":\"https:\/\/secure.gravatar.com\/avatar\/5290a43657c74ffa15701dbe5b846bd85cc71930d803c84e91046a7333de6ce2?s=96&d=mm&r=g\",\"caption\":\"elpuucnoticias\"},\"sameAs\":[\"https:\/\/elpuucnoticias.com\"],\"url\":\"https:\/\/elpuucnoticias.com\/?author=1\"}]}<\/script>\n<!-- \/ Yoast SEO plugin. -->","yoast_head_json":{"title":"La Secretar\u00eda de Infraestructura, Comunicaciones y Transportes refuerza vigilancia en el autotransporte federal durante vacaciones de verano 2025 - El Puuc Noticias","robots":{"index":"index","follow":"follow","max-snippet":"max-snippet:-1","max-image-preview":"max-image-preview:large","max-video-preview":"max-video-preview:-1"},"canonical":"https:\/\/elpuucnoticias.com\/?p=20210","og_locale":"es_ES","og_type":"article","og_title":"La Secretar\u00eda de Infraestructura, Comunicaciones y Transportes refuerza vigilancia en el autotransporte federal durante vacaciones de verano 2025 - El Puuc Noticias","og_description":"La Secretar\u00eda de Infraestructura, Comunicaciones y Transportes en Yucat\u00e1n en coordinaci\u00f3n con autoridades de la C\u00e1mara Nacional del","og_url":"https:\/\/elpuucnoticias.com\/?p=20210","og_site_name":"El Puuc Noticias","article_published_time":"2025-07-23T19:17:53+00:00","og_image":[{"width":1600,"height":1059,"url":"https:\/\/elpuucnoticias.com\/wp-content\/uploads\/2025\/07\/whatsapp-image-2025-07-23-at-1.09.44-pm-3.jpeg","type":"image\/jpeg"}],"twitter_card":"summary_large_image","twitter_misc":{"Escrito por":"elpuucnoticias","Tiempo de lectura":"1 minuto"},"schema":{"@context":"https:\/\/schema.org","@graph":[{"@type":"WebSite","@id":"https:\/\/elpuucnoticias.com\/#website","url":"https:\/\/elpuucnoticias.com\/","name":"El Puuc Noticias","description":"Noticias - Entretenimiento - Deportes","potentialAction":[{"@type":"SearchAction","target":{"@type":"EntryPoint","urlTemplate":"https:\/\/elpuucnoticias.com\/?s={search_term_string}"},"query-input":"required name=search_term_string"}],"inLanguage":"es"},{"@type":"ImageObject","@id":"https:\/\/elpuucnoticias.com\/?p=20210#primaryimage","inLanguage":"es","url":"https:\/\/elpuucnoticias.com\/wp-content\/uploads\/2025\/07\/whatsapp-image-2025-07-23-at-1.09.44-pm-3.jpeg","contentUrl":"https:\/\/elpuucnoticias.com\/wp-content\/uploads\/2025\/07\/whatsapp-image-2025-07-23-at-1.09.44-pm-3.jpeg","width":1600,"height":1059},{"@type":"WebPage","@id":"https:\/\/elpuucnoticias.com\/?p=20210#webpage","url":"https:\/\/elpuucnoticias.com\/?p=20210","name":"La Secretar\u00eda de Infraestructura, Comunicaciones y Transportes refuerza vigilancia en el autotransporte federal durante vacaciones de verano 2025 - El Puuc Noticias","isPartOf":{"@id":"https:\/\/elpuucnoticias.com\/#website"},"primaryImageOfPage":{"@id":"https:\/\/elpuucnoticias.com\/?p=20210#primaryimage"},"datePublished":"2025-07-23T19:17:53+00:00","dateModified":"2025-07-23T19:17:53+00:00","author":{"@id":"https:\/\/elpuucnoticias.com\/#\/schema\/person\/d2ea09e4c97f0160b11cdfb1d856bd9e"},"breadcrumb":{"@id":"https:\/\/elpuucnoticias.com\/?p=20210#breadcrumb"},"inLanguage":"es","potentialAction":[{"@type":"ReadAction","target":["https:\/\/elpuucnoticias.com\/?p=20210"]}]},{"@type":"BreadcrumbList","@id":"https:\/\/elpuucnoticias.com\/?p=20210#breadcrumb","itemListElement":[{"@type":"ListItem","position":1,"name":"Portada","item":"https:\/\/elpuucnoticias.com\/"},{"@type":"ListItem","position":2,"name":"La Secretar\u00eda de Infraestructura, Comunicaciones y Transportes refuerza vigilancia en el autotransporte federal durante vacaciones de verano 2025"}]},{"@type":"Person","@id":"https:\/\/elpuucnoticias.com\/#\/schema\/person\/d2ea09e4c97f0160b11cdfb1d856bd9e","name":"elpuucnoticias","image":{"@type":"ImageObject","@id":"https:\/\/elpuucnoticias.com\/#personlogo","inLanguage":"es","url":"https:\/\/secure.gravatar.com\/avatar\/5290a43657c74ffa15701dbe5b846bd85cc71930d803c84e91046a7333de6ce2?s=96&d=mm&r=g","contentUrl":"https:\/\/secure.gravatar.com\/avatar\/5290a43657c74ffa15701dbe5b846bd85cc71930d803c84e91046a7333de6ce2?s=96&d=mm&r=g","caption":"elpuucnoticias"},"sameAs":["https:\/\/elpuucnoticias.com"],"url":"https:\/\/elpuucnoticias.com\/?author=1"}]}},"_links":{"self":[{"href":"https:\/\/elpuucnoticias.com\/index.php?rest_route=\/wp\/v2\/posts\/20210","targetHints":{"allow":["GET"]}}],"collection":[{"href":"https:\/\/elpuucnoticias.com\/index.php?rest_route=\/wp\/v2\/posts"}],"about":[{"href":"https:\/\/elpuucnoticias.com\/index.php?rest_route=\/wp\/v2\/types\/post"}],"author":[{"embeddable":true,"href":"https:\/\/elpuucnoticias.com\/index.php?rest_route=\/wp\/v2\/users\/1"}],"replies":[{"embeddable":true,"href":"https:\/\/elpuucnoticias.com\/index.php?rest_route=%2Fwp%2Fv2%2Fcomments&post=20210"}],"version-history":[{"count":1,"href":"https:\/\/elpuucnoticias.com\/index.php?rest_route=\/wp\/v2\/posts\/20210\/revisions"}],"predecessor-version":[{"id":20215,"href":"https:\/\/elpuucnoticias.com\/index.php?rest_route=\/wp\/v2\/posts\/20210\/revisions\/20215"}],"wp:featuredmedia":[{"embeddable":true,"href":"https:\/\/elpuucnoticias.com\/index.php?rest_route=\/wp\/v2\/media\/20214"}],"wp:attachment":[{"href":"https:\/\/elpuucnoticias.com\/index.php?rest_route=%2Fwp%2Fv2%2Fmedia&parent=20210"}],"wp:term":[{"taxonomy":"category","embeddable":true,"href":"https:\/\/elpuucnoticias.com\/index.php?rest_route=%2Fwp%2Fv2%2Fcategories&post=20210"},{"taxonomy":"post_tag","embeddable":true,"href":"https:\/\/elpuucnoticias.com\/index.php?rest_route=%2Fwp%2Fv2%2Ftags&post=20210"}],"curies":[{"name":"wp","href":"https:\/\/api.w.org\/{rel}","templated":true}]}}