{"id":20216,"date":"2025-07-23T13:23:10","date_gmt":"2025-07-23T19:23:10","guid":{"rendered":"https:\/\/elpuucnoticias.com\/?p=20216"},"modified":"2025-07-23T13:23:11","modified_gmt":"2025-07-23T19:23:11","slug":"publica-diario-oficial-de-la-federacion-reformas-en-materia-ferroviaria","status":"publish","type":"post","link":"https:\/\/elpuucnoticias.com\/?p=20216","title":{"rendered":"Publica diario oficial de la federaci\u00f3n reformas en  materia ferroviaria"},"content":{"rendered":"\n<p>La Agencia de Trenes y Transporte P\u00fablico Integrado ser\u00e1 un organismo&nbsp;descentralizado con personalidad jur\u00eddica, patrimonio propio, autonom\u00eda t\u00e9cnica&nbsp;y de gesti\u00f3n, sectorizado a la&nbsp;SICT<\/p>\n\n\n\n<p>Tendr\u00e1 entre sus funciones la planeaci\u00f3n estrat\u00e9gica, construcci\u00f3n, conservaci\u00f3n, modernizaci\u00f3n, regulaci\u00f3n, supervisi\u00f3n, fomento y dise\u00f1o del sistema ferroviario nacional<\/p>\n\n\n\n<p>Es oficial, la Agencia de Trenes y Transporte P\u00fablico Integrado ser\u00e1 un organismo&nbsp;descentralizado con personalidad jur\u00eddica, patrimonio propio, autonom\u00eda t\u00e9cnica&nbsp;y de gesti\u00f3n sectorizado a la&nbsp;Secretar\u00eda de Infraestructura, Comunicaciones y Transportes (SICT), que encabeza Jes\u00fas Antonio Esteva Medina.<\/p>\n\n\n\n<p>As\u00ed lo se\u00f1ala el Decreto por el que se reforman, adicionan y derogan diversas disposiciones de la Ley Reglamentaria del Servicio Ferroviario, dado a conocer en el Diario Oficial de la Federaci\u00f3n (DOF) el pasado 16 de julio de 2025. El Decreto entr\u00f3 en vigor un d\u00eda despu\u00e9s de su publicaci\u00f3n.<\/p>\n\n\n\n<p>El nuevo organismo tendr\u00e1 entre sus funciones la planeaci\u00f3n estrat\u00e9gica, construcci\u00f3n, conservaci\u00f3n, modernizaci\u00f3n, regulaci\u00f3n, supervisi\u00f3n, fomento y dise\u00f1o del sistema ferroviario nacional y del transporte multimodal asociado.<br>Tambi\u00e9n coordinar\u00e1 la construcci\u00f3n de v\u00edas f\u00e9rreas y adquisici\u00f3n de equipo, con atribuciones para la integraci\u00f3n con transporte p\u00fablico urbano.<\/p>\n\n\n\n<figure class=\"wp-block-image size-large is-style-default\"><img loading=\"lazy\" decoding=\"async\" width=\"1024\" height=\"570\" src=\"https:\/\/elpuucnoticias.com\/wp-content\/uploads\/2025\/07\/whatsapp-image-2025-07-23-at-1.09.45-pm-6-1024x570.jpeg\" alt=\"\" class=\"wp-image-20217\" srcset=\"https:\/\/elpuucnoticias.com\/wp-content\/uploads\/2025\/07\/whatsapp-image-2025-07-23-at-1.09.45-pm-6-1024x570.jpeg 1024w, https:\/\/elpuucnoticias.com\/wp-content\/uploads\/2025\/07\/whatsapp-image-2025-07-23-at-1.09.45-pm-6-300x167.jpeg 300w, https:\/\/elpuucnoticias.com\/wp-content\/uploads\/2025\/07\/whatsapp-image-2025-07-23-at-1.09.45-pm-6-768x427.jpeg 768w, https:\/\/elpuucnoticias.com\/wp-content\/uploads\/2025\/07\/whatsapp-image-2025-07-23-at-1.09.45-pm-6-320x178.jpeg 320w, https:\/\/elpuucnoticias.com\/wp-content\/uploads\/2025\/07\/whatsapp-image-2025-07-23-at-1.09.45-pm-6.jpeg 1280w\" sizes=\"auto, (max-width: 1024px) 100vw, 1024px\" \/><\/figure>\n\n\n\n<p>Ello permite fortalecer el papel del Estado como rector estrat\u00e9gico del servicio ferroviario y recuperar su capacidad de planeaci\u00f3n, regulaci\u00f3n y supervisi\u00f3n del sector.<\/p>\n\n\n\n<p>A trav\u00e9s de la Agencia se reactiva y prioriza el transporte ferroviario de pasajeros, y se expande el servicio de carga como otro motor de la conectividad nacional.<\/p>\n\n\n\n<p>Permite adem\u00e1s proteger el inter\u00e9s p\u00fablico y el patrimonio nacional, mediante medidas para la administraci\u00f3n, concesi\u00f3n y vigilancia de los bienes nacionales destinados al servicio ferroviario y establecer que las v\u00edas f\u00e9rreas seguir\u00e1n siendo parte del dominio p\u00fablico de la Federaci\u00f3n.<\/p>\n\n\n\n<p>La Agencia deber\u00e1 ser creada por el Ejecutivo Federal,&nbsp;en un plazo no mayor a 90 d\u00edas h\u00e1biles, a partir de la publicaci\u00f3n del Decreto.<\/p>\n\n\n\n<p>Las reformas que le acompa\u00f1an incluyen a la Ley Org\u00e1nica de la Administraci\u00f3n P\u00fablica Federal, a la Ley de Caminos, Puentes y&nbsp;Autotransporte Federal, la Ley de V\u00edas&nbsp;Generales de Comunicaci\u00f3n, y a la Ley General de Bienes Nacionales,&nbsp;en materia ferroviaria y de armonizaci\u00f3n normativa.<\/p>\n\n\n\n<p>Enlace para consultar publicaci\u00f3n del Diario Oficial de la Federaci\u00f3n: https:\/\/www.dof.gob.mx\/nota_detalle.php?codigo=5763165&amp;fecha=16\/07\/2025#gsc.tab=0<\/p>\n","protected":false},"excerpt":{"rendered":"<p>La Agencia de Trenes y Transporte P\u00fablico Integrado ser\u00e1 un organismo&nbsp;descentralizado con personalidad jur\u00eddica, patrimonio propio, autonom\u00eda t\u00e9cnica&nbsp;y<\/p>\n","protected":false},"author":1,"featured_media":20218,"comment_status":"closed","ping_status":"open","sticky":false,"template":"","format":"standard","meta":{"_monsterinsights_skip_tracking":false,"_monsterinsights_sitenote_active":false,"_monsterinsights_sitenote_note":"","_monsterinsights_sitenote_category":0,"footnotes":""},"categories":[11],"tags":[],"class_list":["post-20216","post","type-post","status-publish","format-standard","has-post-thumbnail","hentry","category-noticias"],"yoast_head":"<!-- This site is optimized with the Yoast SEO plugin v18.3 - https:\/\/yoast.com\/wordpress\/plugins\/seo\/ -->\n<title>Publica diario oficial de la federaci\u00f3n reformas en materia ferroviaria - El Puuc Noticias<\/title>\n<meta name=\"robots\" content=\"index, follow, max-snippet:-1, max-image-preview:large, max-video-preview:-1\" \/>\n<link rel=\"canonical\" href=\"https:\/\/elpuucnoticias.com\/?p=20216\" \/>\n<meta property=\"og:locale\" content=\"es_ES\" \/>\n<meta property=\"og:type\" content=\"article\" \/>\n<meta property=\"og:title\" content=\"Publica diario oficial de la federaci\u00f3n reformas en materia ferroviaria - El Puuc Noticias\" \/>\n<meta property=\"og:description\" content=\"La Agencia de Trenes y Transporte P\u00fablico Integrado ser\u00e1 un organismo&nbsp;descentralizado con personalidad jur\u00eddica, patrimonio propio, autonom\u00eda t\u00e9cnica&nbsp;y\" \/>\n<meta property=\"og:url\" content=\"https:\/\/elpuucnoticias.com\/?p=20216\" \/>\n<meta property=\"og:site_name\" content=\"El Puuc Noticias\" \/>\n<meta property=\"article:published_time\" content=\"2025-07-23T19:23:10+00:00\" \/>\n<meta property=\"article:modified_time\" content=\"2025-07-23T19:23:11+00:00\" \/>\n<meta property=\"og:image\" content=\"https:\/\/elpuucnoticias.com\/wp-content\/uploads\/2025\/07\/whatsapp-image-2025-07-23-at-1.09.45-pm-5.jpeg\" \/>\n\t<meta property=\"og:image:width\" content=\"1280\" \/>\n\t<meta property=\"og:image:height\" content=\"959\" \/>\n\t<meta property=\"og:image:type\" content=\"image\/jpeg\" \/>\n<meta name=\"twitter:card\" content=\"summary_large_image\" \/>\n<meta name=\"twitter:label1\" content=\"Escrito por\" \/>\n\t<meta name=\"twitter:data1\" content=\"elpuucnoticias\" \/>\n\t<meta name=\"twitter:label2\" content=\"Tiempo de lectura\" \/>\n\t<meta name=\"twitter:data2\" content=\"2 minutos\" \/>\n<script type=\"application\/ld+json\" class=\"yoast-schema-graph\">{\"@context\":\"https:\/\/schema.org\",\"@graph\":[{\"@type\":\"WebSite\",\"@id\":\"https:\/\/elpuucnoticias.com\/#website\",\"url\":\"https:\/\/elpuucnoticias.com\/\",\"name\":\"El Puuc Noticias\",\"description\":\"Noticias - Entretenimiento - Deportes\",\"potentialAction\":[{\"@type\":\"SearchAction\",\"target\":{\"@type\":\"EntryPoint\",\"urlTemplate\":\"https:\/\/elpuucnoticias.com\/?s={search_term_string}\"},\"query-input\":\"required name=search_term_string\"}],\"inLanguage\":\"es\"},{\"@type\":\"ImageObject\",\"@id\":\"https:\/\/elpuucnoticias.com\/?p=20216#primaryimage\",\"inLanguage\":\"es\",\"url\":\"https:\/\/elpuucnoticias.com\/wp-content\/uploads\/2025\/07\/whatsapp-image-2025-07-23-at-1.09.45-pm-5.jpeg\",\"contentUrl\":\"https:\/\/elpuucnoticias.com\/wp-content\/uploads\/2025\/07\/whatsapp-image-2025-07-23-at-1.09.45-pm-5.jpeg\",\"width\":1280,\"height\":959},{\"@type\":\"WebPage\",\"@id\":\"https:\/\/elpuucnoticias.com\/?p=20216#webpage\",\"url\":\"https:\/\/elpuucnoticias.com\/?p=20216\",\"name\":\"Publica diario oficial de la federaci\u00f3n reformas en materia ferroviaria - El Puuc Noticias\",\"isPartOf\":{\"@id\":\"https:\/\/elpuucnoticias.com\/#website\"},\"primaryImageOfPage\":{\"@id\":\"https:\/\/elpuucnoticias.com\/?p=20216#primaryimage\"},\"datePublished\":\"2025-07-23T19:23:10+00:00\",\"dateModified\":\"2025-07-23T19:23:11+00:00\",\"author\":{\"@id\":\"https:\/\/elpuucnoticias.com\/#\/schema\/person\/d2ea09e4c97f0160b11cdfb1d856bd9e\"},\"breadcrumb\":{\"@id\":\"https:\/\/elpuucnoticias.com\/?p=20216#breadcrumb\"},\"inLanguage\":\"es\",\"potentialAction\":[{\"@type\":\"ReadAction\",\"target\":[\"https:\/\/elpuucnoticias.com\/?p=20216\"]}]},{\"@type\":\"BreadcrumbList\",\"@id\":\"https:\/\/elpuucnoticias.com\/?p=20216#breadcrumb\",\"itemListElement\":[{\"@type\":\"ListItem\",\"position\":1,\"name\":\"Portada\",\"item\":\"https:\/\/elpuucnoticias.com\/\"},{\"@type\":\"ListItem\",\"position\":2,\"name\":\"Publica diario oficial de la federaci\u00f3n reformas en materia ferroviaria\"}]},{\"@type\":\"Person\",\"@id\":\"https:\/\/elpuucnoticias.com\/#\/schema\/person\/d2ea09e4c97f0160b11cdfb1d856bd9e\",\"name\":\"elpuucnoticias\",\"image\":{\"@type\":\"ImageObject\",\"@id\":\"https:\/\/elpuucnoticias.com\/#personlogo\",\"inLanguage\":\"es\",\"url\":\"https:\/\/secure.gravatar.com\/avatar\/5290a43657c74ffa15701dbe5b846bd85cc71930d803c84e91046a7333de6ce2?s=96&d=mm&r=g\",\"contentUrl\":\"https:\/\/secure.gravatar.com\/avatar\/5290a43657c74ffa15701dbe5b846bd85cc71930d803c84e91046a7333de6ce2?s=96&d=mm&r=g\",\"caption\":\"elpuucnoticias\"},\"sameAs\":[\"https:\/\/elpuucnoticias.com\"],\"url\":\"https:\/\/elpuucnoticias.com\/?author=1\"}]}<\/script>\n<!-- \/ Yoast SEO plugin. -->","yoast_head_json":{"title":"Publica diario oficial de la federaci\u00f3n reformas en materia ferroviaria - El Puuc Noticias","robots":{"index":"index","follow":"follow","max-snippet":"max-snippet:-1","max-image-preview":"max-image-preview:large","max-video-preview":"max-video-preview:-1"},"canonical":"https:\/\/elpuucnoticias.com\/?p=20216","og_locale":"es_ES","og_type":"article","og_title":"Publica diario oficial de la federaci\u00f3n reformas en materia ferroviaria - El Puuc Noticias","og_description":"La Agencia de Trenes y Transporte P\u00fablico Integrado ser\u00e1 un organismo&nbsp;descentralizado con personalidad jur\u00eddica, patrimonio propio, autonom\u00eda t\u00e9cnica&nbsp;y","og_url":"https:\/\/elpuucnoticias.com\/?p=20216","og_site_name":"El Puuc Noticias","article_published_time":"2025-07-23T19:23:10+00:00","article_modified_time":"2025-07-23T19:23:11+00:00","og_image":[{"width":1280,"height":959,"url":"https:\/\/elpuucnoticias.com\/wp-content\/uploads\/2025\/07\/whatsapp-image-2025-07-23-at-1.09.45-pm-5.jpeg","type":"image\/jpeg"}],"twitter_card":"summary_large_image","twitter_misc":{"Escrito por":"elpuucnoticias","Tiempo de lectura":"2 minutos"},"schema":{"@context":"https:\/\/schema.org","@graph":[{"@type":"WebSite","@id":"https:\/\/elpuucnoticias.com\/#website","url":"https:\/\/elpuucnoticias.com\/","name":"El Puuc Noticias","description":"Noticias - Entretenimiento - Deportes","potentialAction":[{"@type":"SearchAction","target":{"@type":"EntryPoint","urlTemplate":"https:\/\/elpuucnoticias.com\/?s={search_term_string}"},"query-input":"required name=search_term_string"}],"inLanguage":"es"},{"@type":"ImageObject","@id":"https:\/\/elpuucnoticias.com\/?p=20216#primaryimage","inLanguage":"es","url":"https:\/\/elpuucnoticias.com\/wp-content\/uploads\/2025\/07\/whatsapp-image-2025-07-23-at-1.09.45-pm-5.jpeg","contentUrl":"https:\/\/elpuucnoticias.com\/wp-content\/uploads\/2025\/07\/whatsapp-image-2025-07-23-at-1.09.45-pm-5.jpeg","width":1280,"height":959},{"@type":"WebPage","@id":"https:\/\/elpuucnoticias.com\/?p=20216#webpage","url":"https:\/\/elpuucnoticias.com\/?p=20216","name":"Publica diario oficial de la federaci\u00f3n reformas en materia ferroviaria - El Puuc Noticias","isPartOf":{"@id":"https:\/\/elpuucnoticias.com\/#website"},"primaryImageOfPage":{"@id":"https:\/\/elpuucnoticias.com\/?p=20216#primaryimage"},"datePublished":"2025-07-23T19:23:10+00:00","dateModified":"2025-07-23T19:23:11+00:00","author":{"@id":"https:\/\/elpuucnoticias.com\/#\/schema\/person\/d2ea09e4c97f0160b11cdfb1d856bd9e"},"breadcrumb":{"@id":"https:\/\/elpuucnoticias.com\/?p=20216#breadcrumb"},"inLanguage":"es","potentialAction":[{"@type":"ReadAction","target":["https:\/\/elpuucnoticias.com\/?p=20216"]}]},{"@type":"BreadcrumbList","@id":"https:\/\/elpuucnoticias.com\/?p=20216#breadcrumb","itemListElement":[{"@type":"ListItem","position":1,"name":"Portada","item":"https:\/\/elpuucnoticias.com\/"},{"@type":"ListItem","position":2,"name":"Publica diario oficial de la federaci\u00f3n reformas en materia ferroviaria"}]},{"@type":"Person","@id":"https:\/\/elpuucnoticias.com\/#\/schema\/person\/d2ea09e4c97f0160b11cdfb1d856bd9e","name":"elpuucnoticias","image":{"@type":"ImageObject","@id":"https:\/\/elpuucnoticias.com\/#personlogo","inLanguage":"es","url":"https:\/\/secure.gravatar.com\/avatar\/5290a43657c74ffa15701dbe5b846bd85cc71930d803c84e91046a7333de6ce2?s=96&d=mm&r=g","contentUrl":"https:\/\/secure.gravatar.com\/avatar\/5290a43657c74ffa15701dbe5b846bd85cc71930d803c84e91046a7333de6ce2?s=96&d=mm&r=g","caption":"elpuucnoticias"},"sameAs":["https:\/\/elpuucnoticias.com"],"url":"https:\/\/elpuucnoticias.com\/?author=1"}]}},"_links":{"self":[{"href":"https:\/\/elpuucnoticias.com\/index.php?rest_route=\/wp\/v2\/posts\/20216","targetHints":{"allow":["GET"]}}],"collection":[{"href":"https:\/\/elpuucnoticias.com\/index.php?rest_route=\/wp\/v2\/posts"}],"about":[{"href":"https:\/\/elpuucnoticias.com\/index.php?rest_route=\/wp\/v2\/types\/post"}],"author":[{"embeddable":true,"href":"https:\/\/elpuucnoticias.com\/index.php?rest_route=\/wp\/v2\/users\/1"}],"replies":[{"embeddable":true,"href":"https:\/\/elpuucnoticias.com\/index.php?rest_route=%2Fwp%2Fv2%2Fcomments&post=20216"}],"version-history":[{"count":1,"href":"https:\/\/elpuucnoticias.com\/index.php?rest_route=\/wp\/v2\/posts\/20216\/revisions"}],"predecessor-version":[{"id":20219,"href":"https:\/\/elpuucnoticias.com\/index.php?rest_route=\/wp\/v2\/posts\/20216\/revisions\/20219"}],"wp:featuredmedia":[{"embeddable":true,"href":"https:\/\/elpuucnoticias.com\/index.php?rest_route=\/wp\/v2\/media\/20218"}],"wp:attachment":[{"href":"https:\/\/elpuucnoticias.com\/index.php?rest_route=%2Fwp%2Fv2%2Fmedia&parent=20216"}],"wp:term":[{"taxonomy":"category","embeddable":true,"href":"https:\/\/elpuucnoticias.com\/index.php?rest_route=%2Fwp%2Fv2%2Fcategories&post=20216"},{"taxonomy":"post_tag","embeddable":true,"href":"https:\/\/elpuucnoticias.com\/index.php?rest_route=%2Fwp%2Fv2%2Ftags&post=20216"}],"curies":[{"name":"wp","href":"https:\/\/api.w.org\/{rel}","templated":true}]}}