{"id":20220,"date":"2025-07-23T13:27:58","date_gmt":"2025-07-23T19:27:58","guid":{"rendered":"https:\/\/elpuucnoticias.com\/?p=20220"},"modified":"2025-07-23T13:27:58","modified_gmt":"2025-07-23T19:27:58","slug":"mexico-reafirma-su-compromiso-con-una-aviacion-segura-eficiente-y-competitiva","status":"publish","type":"post","link":"https:\/\/elpuucnoticias.com\/?p=20220","title":{"rendered":"M\u00e9xico reafirma su compromiso con una aviaci\u00f3n segura, eficiente y competitiva"},"content":{"rendered":"\n<p>En relaci\u00f3n con la comunicaci\u00f3n emitida por el Departamento de Transporte de los Estados Unidos (DOT), el Gobierno de M\u00e9xico, a trav\u00e9s de la Secretar\u00eda de Infraestructura, Comunicaciones y Transportes, informa:<\/p>\n\n\n\n<p>Como parte de una estrategia integral para fortalecer el sistema aeroportuario del Valle de M\u00e9xico, se han implementado medidas orientadas a mejorar la seguridad, eficiencia y competitividad del sector a\u00e9reo. Estas acciones han incluido la reducci\u00f3n programada de operaciones en el Aeropuerto Internacional de la Ciudad de M\u00e9xico (AICM), el traslado de operaciones de carga al Aeropuerto Internacional Felipe \u00c1ngeles (AIFA) y la modernizaci\u00f3n de la infraestructura aeroportuaria metropolitana. La construcci\u00f3n, en tiempo r\u00e9cord, del AIFA mejor\u00f3 las condiciones de operaci\u00f3n y de seguridad aeron\u00e1utica que se presentaban como resultado de la saturaci\u00f3n del AICM.<\/p>\n\n\n\n<p>MEJORAS EN SEGURIDAD Y ORDEN OPERACIONAL EN EL AICM<\/p>\n\n\n\n<p>Derivado del Estudio de Capacidad por Niveles de Servicio de los Edificios Terminales del Aeropuerto Internacional Ciudad de M\u00e9xico, elaborado por el AICM en 2023, en el que se alertaba sobre el riesgo para los usuarios y el incumplimiento de los espacios m\u00ednimos de servicio, de acuerdo con los criterios emitidos por la Asociaci\u00f3n Internacional de Transporte A\u00e9reo (IATA), se tom\u00f3 la decisi\u00f3n de privilegiar la seguridad de los pasajeros y la eficiencia operacional, lo que ha dado como resultado:<\/p>\n\n\n\n<p>22\u202f% menos tiempo de ocupaci\u00f3n en pista, gracias a una mejor gesti\u00f3n del espacio a\u00e9reo y reducci\u00f3n de la sobrecarga operacional.<br>83\u202f% menos tiempo de espera en migraci\u00f3n, al pasar de 45 a 8 minutos.<br>69\u202f% m\u00e1s eficiencia en filtros de seguridad, con una reducci\u00f3n de 22 a 7 minutos.<br>\u2060Tercer lugar mundial en puntualidad, resultado de una menor saturaci\u00f3n, menos demoras y procesos m\u00e1s \u00e1giles para los usuarios.<br>8 mil millones de pesos invertidos en la rehabilitaci\u00f3n y conservaci\u00f3n de pistas, calles de rodaje y terminales.<\/p>\n\n\n\n<p>IMPULSO AL AIFA COMO PARTE DEL SISTEMA METROPOLITANO<\/p>\n\n\n\n<p>El Aeropuerto Internacional Felipe \u00c1ngeles ha permitido redistribuir vuelos y mejorar la eficiencia del sistema aeroportuario en la regi\u00f3n, desahogando en tiempo r\u00e9cord las operaciones de carga del AICM. Los resultados del traslado del AICM al AIFA han sido los siguientes:<\/p>\n\n\n\n<figure class=\"wp-block-image size-large is-style-default\"><img loading=\"lazy\" decoding=\"async\" width=\"1024\" height=\"572\" src=\"https:\/\/elpuucnoticias.com\/wp-content\/uploads\/2025\/07\/whatsapp-image-2025-07-23-at-1.09.46-pm-3-1024x572.jpeg\" alt=\"\" class=\"wp-image-20221\" srcset=\"https:\/\/elpuucnoticias.com\/wp-content\/uploads\/2025\/07\/whatsapp-image-2025-07-23-at-1.09.46-pm-3-1024x572.jpeg 1024w, https:\/\/elpuucnoticias.com\/wp-content\/uploads\/2025\/07\/whatsapp-image-2025-07-23-at-1.09.46-pm-3-300x167.jpeg 300w, https:\/\/elpuucnoticias.com\/wp-content\/uploads\/2025\/07\/whatsapp-image-2025-07-23-at-1.09.46-pm-3-768x429.jpeg 768w, https:\/\/elpuucnoticias.com\/wp-content\/uploads\/2025\/07\/whatsapp-image-2025-07-23-at-1.09.46-pm-3-1536x857.jpeg 1536w, https:\/\/elpuucnoticias.com\/wp-content\/uploads\/2025\/07\/whatsapp-image-2025-07-23-at-1.09.46-pm-3-320x179.jpeg 320w, https:\/\/elpuucnoticias.com\/wp-content\/uploads\/2025\/07\/whatsapp-image-2025-07-23-at-1.09.46-pm-3.jpeg 1600w\" sizes=\"auto, (max-width: 1024px) 100vw, 1024px\" \/><\/figure>\n\n\n\n<p>161\u202f% m\u00e1s aerol\u00edneas de carga, al pasar de 18 en el AICM a 47 operando actualmente en el AIFA.<\/p>\n\n\n\n<p>M\u00e1s de 843 mil toneladas transportadas entre febrero de 2023 y julio de 2025, frente a las 250 mil toneladas anuales que operaba el AICM en 2022.<\/p>\n\n\n\n<p>Disponibilidad total de slots, sin restricciones horarias, en una infraestructura moderna, robusta y especializada.<br>\u2060Coordinaci\u00f3n con los tres \u00f3rdenes de gobierno para garantizar seguridad p\u00fablica y log\u00edstica en rutas de acceso y salida del pol\u00edgono aeroportuario.<\/p>\n\n\n\n<p>\u2060Conectividad terrestre estrat\u00e9gica con los principales corredores industriales y comerciales del centro del pa\u00eds.<\/p>\n\n\n\n<p>El Gobierno de M\u00e9xico reafirma su compromiso con una aviaci\u00f3n segura, eficiente y competitiva, que responda a las necesidades de los usuarios, promueva el desarrollo del sector y fortalezca la conectividad internacional. En este marco, continuar\u00e1 trabajando de manera coordinada con todos los actores involucrados \u2014aerol\u00edneas, autoridades extranjeras y organismos internacionales\u2014 para asegurar que las decisiones adoptadas se traduzcan en beneficios tangibles para los pasajeros y en un crecimiento sostenible para la industria a\u00e9rea.<\/p>\n","protected":false},"excerpt":{"rendered":"<p>En relaci\u00f3n con la comunicaci\u00f3n emitida por el Departamento de Transporte de los Estados Unidos (DOT), el Gobierno<\/p>\n","protected":false},"author":1,"featured_media":20222,"comment_status":"closed","ping_status":"open","sticky":false,"template":"","format":"standard","meta":{"_monsterinsights_skip_tracking":false,"_monsterinsights_sitenote_active":false,"_monsterinsights_sitenote_note":"","_monsterinsights_sitenote_category":0,"footnotes":""},"categories":[11],"tags":[],"class_list":["post-20220","post","type-post","status-publish","format-standard","has-post-thumbnail","hentry","category-noticias"],"yoast_head":"<!-- This site is optimized with the Yoast SEO plugin v18.3 - https:\/\/yoast.com\/wordpress\/plugins\/seo\/ -->\n<title>M\u00e9xico reafirma su compromiso con una aviaci\u00f3n segura, eficiente y competitiva - El Puuc Noticias<\/title>\n<meta name=\"robots\" content=\"index, follow, max-snippet:-1, max-image-preview:large, max-video-preview:-1\" \/>\n<link rel=\"canonical\" href=\"https:\/\/elpuucnoticias.com\/?p=20220\" \/>\n<meta property=\"og:locale\" content=\"es_ES\" \/>\n<meta property=\"og:type\" content=\"article\" \/>\n<meta property=\"og:title\" content=\"M\u00e9xico reafirma su compromiso con una aviaci\u00f3n segura, eficiente y competitiva - El Puuc Noticias\" \/>\n<meta property=\"og:description\" content=\"En relaci\u00f3n con la comunicaci\u00f3n emitida por el Departamento de Transporte de los Estados Unidos (DOT), el Gobierno\" \/>\n<meta property=\"og:url\" content=\"https:\/\/elpuucnoticias.com\/?p=20220\" \/>\n<meta property=\"og:site_name\" content=\"El Puuc Noticias\" \/>\n<meta property=\"article:published_time\" content=\"2025-07-23T19:27:58+00:00\" \/>\n<meta property=\"og:image\" content=\"https:\/\/elpuucnoticias.com\/wp-content\/uploads\/2025\/07\/whatsapp-image-2025-07-23-at-1.09.46-pm-2.jpeg\" \/>\n\t<meta property=\"og:image:width\" content=\"1600\" \/>\n\t<meta property=\"og:image:height\" content=\"947\" \/>\n\t<meta property=\"og:image:type\" content=\"image\/jpeg\" \/>\n<meta name=\"twitter:card\" content=\"summary_large_image\" \/>\n<meta name=\"twitter:label1\" content=\"Escrito por\" \/>\n\t<meta name=\"twitter:data1\" content=\"elpuucnoticias\" \/>\n\t<meta name=\"twitter:label2\" content=\"Tiempo de lectura\" \/>\n\t<meta name=\"twitter:data2\" content=\"3 minutos\" \/>\n<script type=\"application\/ld+json\" class=\"yoast-schema-graph\">{\"@context\":\"https:\/\/schema.org\",\"@graph\":[{\"@type\":\"WebSite\",\"@id\":\"https:\/\/elpuucnoticias.com\/#website\",\"url\":\"https:\/\/elpuucnoticias.com\/\",\"name\":\"El Puuc Noticias\",\"description\":\"Noticias - Entretenimiento - Deportes\",\"potentialAction\":[{\"@type\":\"SearchAction\",\"target\":{\"@type\":\"EntryPoint\",\"urlTemplate\":\"https:\/\/elpuucnoticias.com\/?s={search_term_string}\"},\"query-input\":\"required name=search_term_string\"}],\"inLanguage\":\"es\"},{\"@type\":\"ImageObject\",\"@id\":\"https:\/\/elpuucnoticias.com\/?p=20220#primaryimage\",\"inLanguage\":\"es\",\"url\":\"https:\/\/elpuucnoticias.com\/wp-content\/uploads\/2025\/07\/whatsapp-image-2025-07-23-at-1.09.46-pm-2.jpeg\",\"contentUrl\":\"https:\/\/elpuucnoticias.com\/wp-content\/uploads\/2025\/07\/whatsapp-image-2025-07-23-at-1.09.46-pm-2.jpeg\",\"width\":1600,\"height\":947},{\"@type\":\"WebPage\",\"@id\":\"https:\/\/elpuucnoticias.com\/?p=20220#webpage\",\"url\":\"https:\/\/elpuucnoticias.com\/?p=20220\",\"name\":\"M\u00e9xico reafirma su compromiso con una aviaci\u00f3n segura, eficiente y competitiva - El Puuc Noticias\",\"isPartOf\":{\"@id\":\"https:\/\/elpuucnoticias.com\/#website\"},\"primaryImageOfPage\":{\"@id\":\"https:\/\/elpuucnoticias.com\/?p=20220#primaryimage\"},\"datePublished\":\"2025-07-23T19:27:58+00:00\",\"dateModified\":\"2025-07-23T19:27:58+00:00\",\"author\":{\"@id\":\"https:\/\/elpuucnoticias.com\/#\/schema\/person\/d2ea09e4c97f0160b11cdfb1d856bd9e\"},\"breadcrumb\":{\"@id\":\"https:\/\/elpuucnoticias.com\/?p=20220#breadcrumb\"},\"inLanguage\":\"es\",\"potentialAction\":[{\"@type\":\"ReadAction\",\"target\":[\"https:\/\/elpuucnoticias.com\/?p=20220\"]}]},{\"@type\":\"BreadcrumbList\",\"@id\":\"https:\/\/elpuucnoticias.com\/?p=20220#breadcrumb\",\"itemListElement\":[{\"@type\":\"ListItem\",\"position\":1,\"name\":\"Portada\",\"item\":\"https:\/\/elpuucnoticias.com\/\"},{\"@type\":\"ListItem\",\"position\":2,\"name\":\"M\u00e9xico reafirma su compromiso con una aviaci\u00f3n segura, eficiente y competitiva\"}]},{\"@type\":\"Person\",\"@id\":\"https:\/\/elpuucnoticias.com\/#\/schema\/person\/d2ea09e4c97f0160b11cdfb1d856bd9e\",\"name\":\"elpuucnoticias\",\"image\":{\"@type\":\"ImageObject\",\"@id\":\"https:\/\/elpuucnoticias.com\/#personlogo\",\"inLanguage\":\"es\",\"url\":\"https:\/\/secure.gravatar.com\/avatar\/5290a43657c74ffa15701dbe5b846bd85cc71930d803c84e91046a7333de6ce2?s=96&d=mm&r=g\",\"contentUrl\":\"https:\/\/secure.gravatar.com\/avatar\/5290a43657c74ffa15701dbe5b846bd85cc71930d803c84e91046a7333de6ce2?s=96&d=mm&r=g\",\"caption\":\"elpuucnoticias\"},\"sameAs\":[\"https:\/\/elpuucnoticias.com\"],\"url\":\"https:\/\/elpuucnoticias.com\/?author=1\"}]}<\/script>\n<!-- \/ Yoast SEO plugin. -->","yoast_head_json":{"title":"M\u00e9xico reafirma su compromiso con una aviaci\u00f3n segura, eficiente y competitiva - El Puuc Noticias","robots":{"index":"index","follow":"follow","max-snippet":"max-snippet:-1","max-image-preview":"max-image-preview:large","max-video-preview":"max-video-preview:-1"},"canonical":"https:\/\/elpuucnoticias.com\/?p=20220","og_locale":"es_ES","og_type":"article","og_title":"M\u00e9xico reafirma su compromiso con una aviaci\u00f3n segura, eficiente y competitiva - El Puuc Noticias","og_description":"En relaci\u00f3n con la comunicaci\u00f3n emitida por el Departamento de Transporte de los Estados Unidos (DOT), el Gobierno","og_url":"https:\/\/elpuucnoticias.com\/?p=20220","og_site_name":"El Puuc Noticias","article_published_time":"2025-07-23T19:27:58+00:00","og_image":[{"width":1600,"height":947,"url":"https:\/\/elpuucnoticias.com\/wp-content\/uploads\/2025\/07\/whatsapp-image-2025-07-23-at-1.09.46-pm-2.jpeg","type":"image\/jpeg"}],"twitter_card":"summary_large_image","twitter_misc":{"Escrito por":"elpuucnoticias","Tiempo de lectura":"3 minutos"},"schema":{"@context":"https:\/\/schema.org","@graph":[{"@type":"WebSite","@id":"https:\/\/elpuucnoticias.com\/#website","url":"https:\/\/elpuucnoticias.com\/","name":"El Puuc Noticias","description":"Noticias - Entretenimiento - Deportes","potentialAction":[{"@type":"SearchAction","target":{"@type":"EntryPoint","urlTemplate":"https:\/\/elpuucnoticias.com\/?s={search_term_string}"},"query-input":"required name=search_term_string"}],"inLanguage":"es"},{"@type":"ImageObject","@id":"https:\/\/elpuucnoticias.com\/?p=20220#primaryimage","inLanguage":"es","url":"https:\/\/elpuucnoticias.com\/wp-content\/uploads\/2025\/07\/whatsapp-image-2025-07-23-at-1.09.46-pm-2.jpeg","contentUrl":"https:\/\/elpuucnoticias.com\/wp-content\/uploads\/2025\/07\/whatsapp-image-2025-07-23-at-1.09.46-pm-2.jpeg","width":1600,"height":947},{"@type":"WebPage","@id":"https:\/\/elpuucnoticias.com\/?p=20220#webpage","url":"https:\/\/elpuucnoticias.com\/?p=20220","name":"M\u00e9xico reafirma su compromiso con una aviaci\u00f3n segura, eficiente y competitiva - El Puuc Noticias","isPartOf":{"@id":"https:\/\/elpuucnoticias.com\/#website"},"primaryImageOfPage":{"@id":"https:\/\/elpuucnoticias.com\/?p=20220#primaryimage"},"datePublished":"2025-07-23T19:27:58+00:00","dateModified":"2025-07-23T19:27:58+00:00","author":{"@id":"https:\/\/elpuucnoticias.com\/#\/schema\/person\/d2ea09e4c97f0160b11cdfb1d856bd9e"},"breadcrumb":{"@id":"https:\/\/elpuucnoticias.com\/?p=20220#breadcrumb"},"inLanguage":"es","potentialAction":[{"@type":"ReadAction","target":["https:\/\/elpuucnoticias.com\/?p=20220"]}]},{"@type":"BreadcrumbList","@id":"https:\/\/elpuucnoticias.com\/?p=20220#breadcrumb","itemListElement":[{"@type":"ListItem","position":1,"name":"Portada","item":"https:\/\/elpuucnoticias.com\/"},{"@type":"ListItem","position":2,"name":"M\u00e9xico reafirma su compromiso con una aviaci\u00f3n segura, eficiente y competitiva"}]},{"@type":"Person","@id":"https:\/\/elpuucnoticias.com\/#\/schema\/person\/d2ea09e4c97f0160b11cdfb1d856bd9e","name":"elpuucnoticias","image":{"@type":"ImageObject","@id":"https:\/\/elpuucnoticias.com\/#personlogo","inLanguage":"es","url":"https:\/\/secure.gravatar.com\/avatar\/5290a43657c74ffa15701dbe5b846bd85cc71930d803c84e91046a7333de6ce2?s=96&d=mm&r=g","contentUrl":"https:\/\/secure.gravatar.com\/avatar\/5290a43657c74ffa15701dbe5b846bd85cc71930d803c84e91046a7333de6ce2?s=96&d=mm&r=g","caption":"elpuucnoticias"},"sameAs":["https:\/\/elpuucnoticias.com"],"url":"https:\/\/elpuucnoticias.com\/?author=1"}]}},"_links":{"self":[{"href":"https:\/\/elpuucnoticias.com\/index.php?rest_route=\/wp\/v2\/posts\/20220","targetHints":{"allow":["GET"]}}],"collection":[{"href":"https:\/\/elpuucnoticias.com\/index.php?rest_route=\/wp\/v2\/posts"}],"about":[{"href":"https:\/\/elpuucnoticias.com\/index.php?rest_route=\/wp\/v2\/types\/post"}],"author":[{"embeddable":true,"href":"https:\/\/elpuucnoticias.com\/index.php?rest_route=\/wp\/v2\/users\/1"}],"replies":[{"embeddable":true,"href":"https:\/\/elpuucnoticias.com\/index.php?rest_route=%2Fwp%2Fv2%2Fcomments&post=20220"}],"version-history":[{"count":1,"href":"https:\/\/elpuucnoticias.com\/index.php?rest_route=\/wp\/v2\/posts\/20220\/revisions"}],"predecessor-version":[{"id":20223,"href":"https:\/\/elpuucnoticias.com\/index.php?rest_route=\/wp\/v2\/posts\/20220\/revisions\/20223"}],"wp:featuredmedia":[{"embeddable":true,"href":"https:\/\/elpuucnoticias.com\/index.php?rest_route=\/wp\/v2\/media\/20222"}],"wp:attachment":[{"href":"https:\/\/elpuucnoticias.com\/index.php?rest_route=%2Fwp%2Fv2%2Fmedia&parent=20220"}],"wp:term":[{"taxonomy":"category","embeddable":true,"href":"https:\/\/elpuucnoticias.com\/index.php?rest_route=%2Fwp%2Fv2%2Fcategories&post=20220"},{"taxonomy":"post_tag","embeddable":true,"href":"https:\/\/elpuucnoticias.com\/index.php?rest_route=%2Fwp%2Fv2%2Ftags&post=20220"}],"curies":[{"name":"wp","href":"https:\/\/api.w.org\/{rel}","templated":true}]}}