{"id":20224,"date":"2025-07-23T13:33:27","date_gmt":"2025-07-23T19:33:27","guid":{"rendered":"https:\/\/elpuucnoticias.com\/?p=20224"},"modified":"2025-07-23T13:33:27","modified_gmt":"2025-07-23T19:33:27","slug":"activa-la-secretaria-de-infraestructura-comunicaciones-y-transportes-campana-de-seguridad-en-carreteras-federales","status":"publish","type":"post","link":"https:\/\/elpuucnoticias.com\/?p=20224","title":{"rendered":"Activa la Secretar\u00eda de Infraestructura, Comunicaciones y Transportes campa\u00f1a de seguridad en carreteras federales"},"content":{"rendered":"\n<p>Con la finalidad de garantizar la seguridad al transitar por las carreteras federales, la Secretar\u00eda de Infraestructura, Comunicaciones y Transportes (SICT), que encabeza Jes\u00fas Antonio Esteva Medina, activ\u00f3 una campa\u00f1a de orientaci\u00f3n a los usuarios.<\/p>\n\n\n\n<p>En estas vacaciones de verano, cuando se icrementa el flujo vehicular por las carreteras del pa\u00eds, la SICT brinda tips y orientaciones para el mejor uso de las vialidades que gu\u00eden a los viajeros para que lleguen con bien a sus destinos.<\/p>\n\n\n\n<figure class=\"wp-block-image size-large is-style-default\"><img loading=\"lazy\" decoding=\"async\" width=\"818\" height=\"1024\" src=\"https:\/\/elpuucnoticias.com\/wp-content\/uploads\/2025\/07\/whatsapp-image-2025-07-23-at-1.09.41-pm-2-818x1024.jpeg\" alt=\"\" class=\"wp-image-20228\" srcset=\"https:\/\/elpuucnoticias.com\/wp-content\/uploads\/2025\/07\/whatsapp-image-2025-07-23-at-1.09.41-pm-2-818x1024.jpeg 818w, https:\/\/elpuucnoticias.com\/wp-content\/uploads\/2025\/07\/whatsapp-image-2025-07-23-at-1.09.41-pm-2-240x300.jpeg 240w, https:\/\/elpuucnoticias.com\/wp-content\/uploads\/2025\/07\/whatsapp-image-2025-07-23-at-1.09.41-pm-2-768x961.jpeg 768w, https:\/\/elpuucnoticias.com\/wp-content\/uploads\/2025\/07\/whatsapp-image-2025-07-23-at-1.09.41-pm-2-256x320.jpeg 256w, https:\/\/elpuucnoticias.com\/wp-content\/uploads\/2025\/07\/whatsapp-image-2025-07-23-at-1.09.41-pm-2.jpeg 1023w\" sizes=\"auto, (max-width: 818px) 100vw, 818px\" \/><\/figure>\n\n\n\n<p>A trav\u00e9s de dos personajes, Juan Caminero y Emma Caminera comparte recomendaciones, como el uso de las rampas de emergencia para frenado, distribuidas a lo largo de las carreteras, para la seguridad de los conductores y sus ocupantes.<\/p>\n\n\n\n<p>Su dise\u00f1o y construcci\u00f3n cuenta con especificaciones oficiales bajo normatividad (NOM-036-SCT2-2023) para tener un buen frenado que evite poner en riesgo la seguridad de los viajeros.<\/p>\n\n\n\n<p>Asimismo, la SICT recuerda los n\u00fameros telef\u00f3nicos de emergencia a donde el usuario puede llamar para ser auxiliado en caso de alg\u00fan siniestro vial o contingencia.<\/p>\n\n\n\n<figure class=\"wp-block-gallery has-nested-images columns-default is-cropped wp-block-gallery-1 is-layout-flex wp-block-gallery-is-layout-flex\">\n<figure class=\"wp-block-image size-large is-style-default\"><img loading=\"lazy\" decoding=\"async\" width=\"819\" height=\"1024\" data-id=\"20226\" src=\"https:\/\/elpuucnoticias.com\/wp-content\/uploads\/2025\/07\/whatsapp-image-2025-07-23-at-1.09.41-pm-3-819x1024.jpeg\" alt=\"\" class=\"wp-image-20226\" srcset=\"https:\/\/elpuucnoticias.com\/wp-content\/uploads\/2025\/07\/whatsapp-image-2025-07-23-at-1.09.41-pm-3-819x1024.jpeg 819w, https:\/\/elpuucnoticias.com\/wp-content\/uploads\/2025\/07\/whatsapp-image-2025-07-23-at-1.09.41-pm-3-240x300.jpeg 240w, https:\/\/elpuucnoticias.com\/wp-content\/uploads\/2025\/07\/whatsapp-image-2025-07-23-at-1.09.41-pm-3-768x960.jpeg 768w, https:\/\/elpuucnoticias.com\/wp-content\/uploads\/2025\/07\/whatsapp-image-2025-07-23-at-1.09.41-pm-3-256x320.jpeg 256w, https:\/\/elpuucnoticias.com\/wp-content\/uploads\/2025\/07\/whatsapp-image-2025-07-23-at-1.09.41-pm-3.jpeg 1024w\" sizes=\"auto, (max-width: 819px) 100vw, 819px\" \/><\/figure>\n\n\n\n<figure class=\"wp-block-image size-large is-style-default\"><img loading=\"lazy\" decoding=\"async\" width=\"819\" height=\"1024\" data-id=\"20227\" src=\"https:\/\/elpuucnoticias.com\/wp-content\/uploads\/2025\/07\/whatsapp-image-2025-07-23-at-1.09.40-pm-819x1024.jpeg\" alt=\"\" class=\"wp-image-20227\" srcset=\"https:\/\/elpuucnoticias.com\/wp-content\/uploads\/2025\/07\/whatsapp-image-2025-07-23-at-1.09.40-pm-819x1024.jpeg 819w, https:\/\/elpuucnoticias.com\/wp-content\/uploads\/2025\/07\/whatsapp-image-2025-07-23-at-1.09.40-pm-240x300.jpeg 240w, https:\/\/elpuucnoticias.com\/wp-content\/uploads\/2025\/07\/whatsapp-image-2025-07-23-at-1.09.40-pm-768x960.jpeg 768w, https:\/\/elpuucnoticias.com\/wp-content\/uploads\/2025\/07\/whatsapp-image-2025-07-23-at-1.09.40-pm-256x320.jpeg 256w, https:\/\/elpuucnoticias.com\/wp-content\/uploads\/2025\/07\/whatsapp-image-2025-07-23-at-1.09.40-pm.jpeg 1024w\" sizes=\"auto, (max-width: 819px) 100vw, 819px\" \/><\/figure>\n<\/figure>\n\n\n\n<p>Los n\u00fameros son:<\/p>\n\n\n\n<p>911 Emergencias<\/p>\n\n\n\n<p>074 CAPUFE (cuota)<\/p>\n\n\n\n<p>088 Guardia Nacional<\/p>\n\n\n\n<p>078 \u00c1ngeles Verdes<\/p>\n\n\n\n<p>Sea un #UsuarioSeguro.<\/p>\n\n\n\n<p>\u00bfOlvida usted algo?<\/p>\n\n\n\n<p>Sugiere que al salir de vacaciones en su veh\u00edculo no olvide portar llanta de refacci\u00f3n, gato hidr\u00e1ulico, chaleco reflejante, l\u00e1mpara de mano, cable para corriente, tri\u00e1ngulo de seguridad y extintor.<\/p>\n\n\n\n<p>Llevar licencia para conducir y seguro vehicular. Son objetos sencillos, pero que pueden ser de mucha utilidad al circular por carretera.<\/p>\n\n\n\n<p>Otra de las recomendaciones es respetar las v\u00edas f\u00e9rreas y no detenerse sobre ellas. Un tren necesita mayor distancia para frenar que un autom\u00f3vil, motocicleta o cami\u00f3n de carga.<\/p>\n\n\n\n<p>No intente ganarle el paso al tren. Si escucha el pitido, u observa que viene, lo m\u00e1s recomendable es detener su veh\u00edculo y esperar a que el tren termine de pasar.<\/p>\n\n\n\n<p>Juan Caminero lleva cuatro a\u00f1os proporcionando informaci\u00f3n, como un aut\u00e9ntico embajador de la seguridad vial en la SICT, siendo un canal de difusi\u00f3n para crear usuarios m\u00e1s seguros.<\/p>\n\n\n\n<p>Para m\u00e1s informaci\u00f3n sobre seguridad en carreteras, la SICT le recomienda consultar la siguiente p\u00e1gina:<br>https:\/\/www.facebook.com\/photo\/?fbid=1022910946592438&amp;set=a.315269854023221<\/p>\n","protected":false},"excerpt":{"rendered":"<p>Con la finalidad de garantizar la seguridad al transitar por las carreteras federales, la Secretar\u00eda de Infraestructura, Comunicaciones<\/p>\n","protected":false},"author":1,"featured_media":20225,"comment_status":"closed","ping_status":"open","sticky":false,"template":"","format":"standard","meta":{"_monsterinsights_skip_tracking":false,"_monsterinsights_sitenote_active":false,"_monsterinsights_sitenote_note":"","_monsterinsights_sitenote_category":0,"footnotes":""},"categories":[11],"tags":[],"class_list":["post-20224","post","type-post","status-publish","format-standard","has-post-thumbnail","hentry","category-noticias"],"yoast_head":"<!-- This site is optimized with the Yoast SEO plugin v18.3 - https:\/\/yoast.com\/wordpress\/plugins\/seo\/ -->\n<title>Activa la Secretar\u00eda de Infraestructura, Comunicaciones y Transportes campa\u00f1a de seguridad en carreteras federales - El Puuc Noticias<\/title>\n<meta name=\"robots\" content=\"index, follow, max-snippet:-1, max-image-preview:large, max-video-preview:-1\" \/>\n<link rel=\"canonical\" href=\"https:\/\/elpuucnoticias.com\/?p=20224\" \/>\n<meta property=\"og:locale\" content=\"es_ES\" \/>\n<meta property=\"og:type\" content=\"article\" \/>\n<meta property=\"og:title\" content=\"Activa la Secretar\u00eda de Infraestructura, Comunicaciones y Transportes campa\u00f1a de seguridad en carreteras federales - El Puuc Noticias\" \/>\n<meta property=\"og:description\" content=\"Con la finalidad de garantizar la seguridad al transitar por las carreteras federales, la Secretar\u00eda de Infraestructura, Comunicaciones\" \/>\n<meta property=\"og:url\" content=\"https:\/\/elpuucnoticias.com\/?p=20224\" \/>\n<meta property=\"og:site_name\" content=\"El Puuc Noticias\" \/>\n<meta property=\"article:published_time\" content=\"2025-07-23T19:33:27+00:00\" \/>\n<meta property=\"og:image\" content=\"https:\/\/elpuucnoticias.com\/wp-content\/uploads\/2025\/07\/whatsapp-image-2025-07-23-at-1.09.41-pm-1.jpeg\" \/>\n\t<meta property=\"og:image:width\" content=\"1024\" \/>\n\t<meta property=\"og:image:height\" content=\"1280\" \/>\n\t<meta property=\"og:image:type\" content=\"image\/jpeg\" \/>\n<meta name=\"twitter:card\" content=\"summary_large_image\" \/>\n<meta name=\"twitter:label1\" content=\"Escrito por\" \/>\n\t<meta name=\"twitter:data1\" content=\"elpuucnoticias\" \/>\n\t<meta name=\"twitter:label2\" content=\"Tiempo de lectura\" \/>\n\t<meta name=\"twitter:data2\" content=\"2 minutos\" \/>\n<script type=\"application\/ld+json\" class=\"yoast-schema-graph\">{\"@context\":\"https:\/\/schema.org\",\"@graph\":[{\"@type\":\"WebSite\",\"@id\":\"https:\/\/elpuucnoticias.com\/#website\",\"url\":\"https:\/\/elpuucnoticias.com\/\",\"name\":\"El Puuc Noticias\",\"description\":\"Noticias - Entretenimiento - Deportes\",\"potentialAction\":[{\"@type\":\"SearchAction\",\"target\":{\"@type\":\"EntryPoint\",\"urlTemplate\":\"https:\/\/elpuucnoticias.com\/?s={search_term_string}\"},\"query-input\":\"required name=search_term_string\"}],\"inLanguage\":\"es\"},{\"@type\":\"ImageObject\",\"@id\":\"https:\/\/elpuucnoticias.com\/?p=20224#primaryimage\",\"inLanguage\":\"es\",\"url\":\"https:\/\/elpuucnoticias.com\/wp-content\/uploads\/2025\/07\/whatsapp-image-2025-07-23-at-1.09.41-pm-1.jpeg\",\"contentUrl\":\"https:\/\/elpuucnoticias.com\/wp-content\/uploads\/2025\/07\/whatsapp-image-2025-07-23-at-1.09.41-pm-1.jpeg\",\"width\":1024,\"height\":1280},{\"@type\":\"WebPage\",\"@id\":\"https:\/\/elpuucnoticias.com\/?p=20224#webpage\",\"url\":\"https:\/\/elpuucnoticias.com\/?p=20224\",\"name\":\"Activa la Secretar\u00eda de Infraestructura, Comunicaciones y Transportes campa\u00f1a de seguridad en carreteras federales - El Puuc Noticias\",\"isPartOf\":{\"@id\":\"https:\/\/elpuucnoticias.com\/#website\"},\"primaryImageOfPage\":{\"@id\":\"https:\/\/elpuucnoticias.com\/?p=20224#primaryimage\"},\"datePublished\":\"2025-07-23T19:33:27+00:00\",\"dateModified\":\"2025-07-23T19:33:27+00:00\",\"author\":{\"@id\":\"https:\/\/elpuucnoticias.com\/#\/schema\/person\/d2ea09e4c97f0160b11cdfb1d856bd9e\"},\"breadcrumb\":{\"@id\":\"https:\/\/elpuucnoticias.com\/?p=20224#breadcrumb\"},\"inLanguage\":\"es\",\"potentialAction\":[{\"@type\":\"ReadAction\",\"target\":[\"https:\/\/elpuucnoticias.com\/?p=20224\"]}]},{\"@type\":\"BreadcrumbList\",\"@id\":\"https:\/\/elpuucnoticias.com\/?p=20224#breadcrumb\",\"itemListElement\":[{\"@type\":\"ListItem\",\"position\":1,\"name\":\"Portada\",\"item\":\"https:\/\/elpuucnoticias.com\/\"},{\"@type\":\"ListItem\",\"position\":2,\"name\":\"Activa la Secretar\u00eda de Infraestructura, Comunicaciones y Transportes campa\u00f1a de seguridad en carreteras federales\"}]},{\"@type\":\"Person\",\"@id\":\"https:\/\/elpuucnoticias.com\/#\/schema\/person\/d2ea09e4c97f0160b11cdfb1d856bd9e\",\"name\":\"elpuucnoticias\",\"image\":{\"@type\":\"ImageObject\",\"@id\":\"https:\/\/elpuucnoticias.com\/#personlogo\",\"inLanguage\":\"es\",\"url\":\"https:\/\/secure.gravatar.com\/avatar\/5290a43657c74ffa15701dbe5b846bd85cc71930d803c84e91046a7333de6ce2?s=96&d=mm&r=g\",\"contentUrl\":\"https:\/\/secure.gravatar.com\/avatar\/5290a43657c74ffa15701dbe5b846bd85cc71930d803c84e91046a7333de6ce2?s=96&d=mm&r=g\",\"caption\":\"elpuucnoticias\"},\"sameAs\":[\"https:\/\/elpuucnoticias.com\"],\"url\":\"https:\/\/elpuucnoticias.com\/?author=1\"}]}<\/script>\n<!-- \/ Yoast SEO plugin. -->","yoast_head_json":{"title":"Activa la Secretar\u00eda de Infraestructura, Comunicaciones y Transportes campa\u00f1a de seguridad en carreteras federales - El Puuc Noticias","robots":{"index":"index","follow":"follow","max-snippet":"max-snippet:-1","max-image-preview":"max-image-preview:large","max-video-preview":"max-video-preview:-1"},"canonical":"https:\/\/elpuucnoticias.com\/?p=20224","og_locale":"es_ES","og_type":"article","og_title":"Activa la Secretar\u00eda de Infraestructura, Comunicaciones y Transportes campa\u00f1a de seguridad en carreteras federales - El Puuc Noticias","og_description":"Con la finalidad de garantizar la seguridad al transitar por las carreteras federales, la Secretar\u00eda de Infraestructura, Comunicaciones","og_url":"https:\/\/elpuucnoticias.com\/?p=20224","og_site_name":"El Puuc Noticias","article_published_time":"2025-07-23T19:33:27+00:00","og_image":[{"width":1024,"height":1280,"url":"https:\/\/elpuucnoticias.com\/wp-content\/uploads\/2025\/07\/whatsapp-image-2025-07-23-at-1.09.41-pm-1.jpeg","type":"image\/jpeg"}],"twitter_card":"summary_large_image","twitter_misc":{"Escrito por":"elpuucnoticias","Tiempo de lectura":"2 minutos"},"schema":{"@context":"https:\/\/schema.org","@graph":[{"@type":"WebSite","@id":"https:\/\/elpuucnoticias.com\/#website","url":"https:\/\/elpuucnoticias.com\/","name":"El Puuc Noticias","description":"Noticias - Entretenimiento - Deportes","potentialAction":[{"@type":"SearchAction","target":{"@type":"EntryPoint","urlTemplate":"https:\/\/elpuucnoticias.com\/?s={search_term_string}"},"query-input":"required name=search_term_string"}],"inLanguage":"es"},{"@type":"ImageObject","@id":"https:\/\/elpuucnoticias.com\/?p=20224#primaryimage","inLanguage":"es","url":"https:\/\/elpuucnoticias.com\/wp-content\/uploads\/2025\/07\/whatsapp-image-2025-07-23-at-1.09.41-pm-1.jpeg","contentUrl":"https:\/\/elpuucnoticias.com\/wp-content\/uploads\/2025\/07\/whatsapp-image-2025-07-23-at-1.09.41-pm-1.jpeg","width":1024,"height":1280},{"@type":"WebPage","@id":"https:\/\/elpuucnoticias.com\/?p=20224#webpage","url":"https:\/\/elpuucnoticias.com\/?p=20224","name":"Activa la Secretar\u00eda de Infraestructura, Comunicaciones y Transportes campa\u00f1a de seguridad en carreteras federales - El Puuc Noticias","isPartOf":{"@id":"https:\/\/elpuucnoticias.com\/#website"},"primaryImageOfPage":{"@id":"https:\/\/elpuucnoticias.com\/?p=20224#primaryimage"},"datePublished":"2025-07-23T19:33:27+00:00","dateModified":"2025-07-23T19:33:27+00:00","author":{"@id":"https:\/\/elpuucnoticias.com\/#\/schema\/person\/d2ea09e4c97f0160b11cdfb1d856bd9e"},"breadcrumb":{"@id":"https:\/\/elpuucnoticias.com\/?p=20224#breadcrumb"},"inLanguage":"es","potentialAction":[{"@type":"ReadAction","target":["https:\/\/elpuucnoticias.com\/?p=20224"]}]},{"@type":"BreadcrumbList","@id":"https:\/\/elpuucnoticias.com\/?p=20224#breadcrumb","itemListElement":[{"@type":"ListItem","position":1,"name":"Portada","item":"https:\/\/elpuucnoticias.com\/"},{"@type":"ListItem","position":2,"name":"Activa la Secretar\u00eda de Infraestructura, Comunicaciones y Transportes campa\u00f1a de seguridad en carreteras federales"}]},{"@type":"Person","@id":"https:\/\/elpuucnoticias.com\/#\/schema\/person\/d2ea09e4c97f0160b11cdfb1d856bd9e","name":"elpuucnoticias","image":{"@type":"ImageObject","@id":"https:\/\/elpuucnoticias.com\/#personlogo","inLanguage":"es","url":"https:\/\/secure.gravatar.com\/avatar\/5290a43657c74ffa15701dbe5b846bd85cc71930d803c84e91046a7333de6ce2?s=96&d=mm&r=g","contentUrl":"https:\/\/secure.gravatar.com\/avatar\/5290a43657c74ffa15701dbe5b846bd85cc71930d803c84e91046a7333de6ce2?s=96&d=mm&r=g","caption":"elpuucnoticias"},"sameAs":["https:\/\/elpuucnoticias.com"],"url":"https:\/\/elpuucnoticias.com\/?author=1"}]}},"_links":{"self":[{"href":"https:\/\/elpuucnoticias.com\/index.php?rest_route=\/wp\/v2\/posts\/20224","targetHints":{"allow":["GET"]}}],"collection":[{"href":"https:\/\/elpuucnoticias.com\/index.php?rest_route=\/wp\/v2\/posts"}],"about":[{"href":"https:\/\/elpuucnoticias.com\/index.php?rest_route=\/wp\/v2\/types\/post"}],"author":[{"embeddable":true,"href":"https:\/\/elpuucnoticias.com\/index.php?rest_route=\/wp\/v2\/users\/1"}],"replies":[{"embeddable":true,"href":"https:\/\/elpuucnoticias.com\/index.php?rest_route=%2Fwp%2Fv2%2Fcomments&post=20224"}],"version-history":[{"count":1,"href":"https:\/\/elpuucnoticias.com\/index.php?rest_route=\/wp\/v2\/posts\/20224\/revisions"}],"predecessor-version":[{"id":20229,"href":"https:\/\/elpuucnoticias.com\/index.php?rest_route=\/wp\/v2\/posts\/20224\/revisions\/20229"}],"wp:featuredmedia":[{"embeddable":true,"href":"https:\/\/elpuucnoticias.com\/index.php?rest_route=\/wp\/v2\/media\/20225"}],"wp:attachment":[{"href":"https:\/\/elpuucnoticias.com\/index.php?rest_route=%2Fwp%2Fv2%2Fmedia&parent=20224"}],"wp:term":[{"taxonomy":"category","embeddable":true,"href":"https:\/\/elpuucnoticias.com\/index.php?rest_route=%2Fwp%2Fv2%2Fcategories&post=20224"},{"taxonomy":"post_tag","embeddable":true,"href":"https:\/\/elpuucnoticias.com\/index.php?rest_route=%2Fwp%2Fv2%2Ftags&post=20224"}],"curies":[{"name":"wp","href":"https:\/\/api.w.org\/{rel}","templated":true}]}}