{"id":20230,"date":"2025-07-23T13:37:52","date_gmt":"2025-07-23T19:37:52","guid":{"rendered":"https:\/\/elpuucnoticias.com\/?p=20230"},"modified":"2025-07-23T13:37:52","modified_gmt":"2025-07-23T19:37:52","slug":"anuncia-la-secretaria-de-infraestructura-comunicaciones-y-transportes-acciones-de-seguridad-en-carreteras-federales-con-enfoque-de-prevencion-y-atencion-inmediata","status":"publish","type":"post","link":"https:\/\/elpuucnoticias.com\/?p=20230","title":{"rendered":"Anuncia la Secretar\u00eda de Infraestructura, Comunicaciones y Transportes acciones de seguridad en carreteras federales, con enfoque de prevenci\u00f3n y atenci\u00f3n inmediata"},"content":{"rendered":"\n<p>Ante la Presidenta Claudia Sheinbaum Pardo, el secretario Jes\u00fas Esteva Medina dio a conocer cuatro puntos de esta estrategia concentrada en las v\u00edas donde circula el mayor n\u00famero de transporte de carga<\/p>\n\n\n\n<p>Las acciones consisten en cierres de accesos irregulares, instalaci\u00f3n de arcos din\u00e1micos, modernizaci\u00f3n de infraestructura y paradores integrales<\/p>\n\n\n\n<p>S\u00f3lo en este \u00faltimo rubro la inversi\u00f3n ser\u00e1 cercana a los mil millones de pesos durante el presente a\u00f1o<\/p>\n\n\n\n<figure class=\"wp-block-image size-large is-style-default\"><img loading=\"lazy\" decoding=\"async\" width=\"1024\" height=\"710\" src=\"https:\/\/elpuucnoticias.com\/wp-content\/uploads\/2025\/07\/whatsapp-image-2025-07-23-at-1.09.41-pm-4-1024x710.jpeg\" alt=\"\" class=\"wp-image-20233\" srcset=\"https:\/\/elpuucnoticias.com\/wp-content\/uploads\/2025\/07\/whatsapp-image-2025-07-23-at-1.09.41-pm-4-1024x710.jpeg 1024w, https:\/\/elpuucnoticias.com\/wp-content\/uploads\/2025\/07\/whatsapp-image-2025-07-23-at-1.09.41-pm-4-300x208.jpeg 300w, https:\/\/elpuucnoticias.com\/wp-content\/uploads\/2025\/07\/whatsapp-image-2025-07-23-at-1.09.41-pm-4-768x533.jpeg 768w, https:\/\/elpuucnoticias.com\/wp-content\/uploads\/2025\/07\/whatsapp-image-2025-07-23-at-1.09.41-pm-4-320x222.jpeg 320w, https:\/\/elpuucnoticias.com\/wp-content\/uploads\/2025\/07\/whatsapp-image-2025-07-23-at-1.09.41-pm-4.jpeg 1280w\" sizes=\"auto, (max-width: 1024px) 100vw, 1024px\" \/><\/figure>\n\n\n\n<p>El secretario de Infraestructura, Comunicaciones y Transportes (SICT), Jes\u00fas Antonio Esteva Medina, inform\u00f3 sobre la estrategia de seguridad en carreteras federales por donde circula el mayor n\u00famero de transporte de carga, a trav\u00e9s de cierres de accesos irregulares, instalaci\u00f3n de arcos din\u00e1micos, modernizaci\u00f3n de infraestructura y paradores integrales.<\/p>\n\n\n\n<p>En conferencia de prensa que encabez\u00f3 la Presidenta Claudia Sheinbaum Pardo, destac\u00f3 Acciones de Seguridad en Carreteras, en las que s\u00f3lo en la implementaci\u00f3n de los paradores integrales la inversi\u00f3n ser\u00e1 cercana a los mil millones de pesos este a\u00f1o.<\/p>\n\n\n\n<p>Hizo referencia a la publicaci\u00f3n en el Diario Oficial de la Federaci\u00f3n (DOF) de lineamientos para formalizar 13 paradores ya existentes y el arranque de 10 m\u00e1s durante 2025, mediante inversi\u00f3n mixta, para que operadores de tr\u00e1iler puedan contar con los servicios que requieren.<\/p>\n\n\n\n<p>\u201cCon ellos se tienen controles de acceso y seguridad, estacionamientos, servicios, \u00e1reas de descanso y esparcimiento, \u00e1reas m\u00e9dicas y zonas de alimentos\u201d, detall\u00f3.<\/p>\n\n\n\n<p>Dijo que entre 2025 y 2030 se construir\u00e1n al menos 30 paradores integrales m\u00e1s en la Red Federal de Carreteras para uso de conductores de tr\u00e1iler.<\/p>\n\n\n\n<figure class=\"wp-block-image size-large is-style-default\"><img loading=\"lazy\" decoding=\"async\" width=\"1024\" height=\"681\" src=\"https:\/\/elpuucnoticias.com\/wp-content\/uploads\/2025\/07\/whatsapp-image-2025-07-23-at-1.09.42-pm-4-1024x681.jpeg\" alt=\"\" class=\"wp-image-20232\" srcset=\"https:\/\/elpuucnoticias.com\/wp-content\/uploads\/2025\/07\/whatsapp-image-2025-07-23-at-1.09.42-pm-4-1024x681.jpeg 1024w, https:\/\/elpuucnoticias.com\/wp-content\/uploads\/2025\/07\/whatsapp-image-2025-07-23-at-1.09.42-pm-4-300x200.jpeg 300w, https:\/\/elpuucnoticias.com\/wp-content\/uploads\/2025\/07\/whatsapp-image-2025-07-23-at-1.09.42-pm-4-768x511.jpeg 768w, https:\/\/elpuucnoticias.com\/wp-content\/uploads\/2025\/07\/whatsapp-image-2025-07-23-at-1.09.42-pm-4-1536x1021.jpeg 1536w, https:\/\/elpuucnoticias.com\/wp-content\/uploads\/2025\/07\/whatsapp-image-2025-07-23-at-1.09.42-pm-4-600x400.jpeg 600w, https:\/\/elpuucnoticias.com\/wp-content\/uploads\/2025\/07\/whatsapp-image-2025-07-23-at-1.09.42-pm-4-320x213.jpeg 320w, https:\/\/elpuucnoticias.com\/wp-content\/uploads\/2025\/07\/whatsapp-image-2025-07-23-at-1.09.42-pm-4.jpeg 1600w\" sizes=\"auto, (max-width: 1024px) 100vw, 1024px\" \/><\/figure>\n\n\n\n<p>La idea es desaparecer las conocidas \u201ccachimbas\u201d (\u00e1reas de descanso improvisados), y \u201ctener paradores seguros donde puedan contar con los servicios que requieren los operadores de tr\u00e1iler\u201d.<\/p>\n\n\n\n<p>Al abundar sobre las acciones que la SICT implementa en carreteras por instrucciones de la Presidenta, el secretario se\u00f1al\u00f3 que se tienen detectados 118 accesos irregulares en las carreteras M\u00e9xico-Quer\u00e9taro y en la M\u00e9xico-Puebla y se han atendido 17.<\/p>\n\n\n\n<p>A\u00f1adi\u00f3 que en la M\u00e9xico-Quer\u00e9taro, entre Tepalcapa y Palmillas, hay 41 accesos irregulares, nueve ya fueron cerrados durante julio, y 32 est\u00e1n por delimitarse. Entre Palmillas y Quer\u00e9taro se han detectado 39 accesos irregulares, seis se cerraron en julio y 33 en proceso.<\/p>\n\n\n\n<p>Explic\u00f3 que los trabajos consisten en confinar salidas con la colocaci\u00f3n de dovelas de concreto, abriendo zanjas para construir muros de mamposter\u00eda.<\/p>\n\n\n\n<figure class=\"wp-block-image size-large is-style-default\"><img loading=\"lazy\" decoding=\"async\" width=\"1024\" height=\"681\" src=\"https:\/\/elpuucnoticias.com\/wp-content\/uploads\/2025\/07\/whatsapp-image-2025-07-23-at-1.09.42-pm-3-1024x681.jpeg\" alt=\"\" class=\"wp-image-20231\" srcset=\"https:\/\/elpuucnoticias.com\/wp-content\/uploads\/2025\/07\/whatsapp-image-2025-07-23-at-1.09.42-pm-3-1024x681.jpeg 1024w, https:\/\/elpuucnoticias.com\/wp-content\/uploads\/2025\/07\/whatsapp-image-2025-07-23-at-1.09.42-pm-3-300x200.jpeg 300w, https:\/\/elpuucnoticias.com\/wp-content\/uploads\/2025\/07\/whatsapp-image-2025-07-23-at-1.09.42-pm-3-768x511.jpeg 768w, https:\/\/elpuucnoticias.com\/wp-content\/uploads\/2025\/07\/whatsapp-image-2025-07-23-at-1.09.42-pm-3-1536x1021.jpeg 1536w, https:\/\/elpuucnoticias.com\/wp-content\/uploads\/2025\/07\/whatsapp-image-2025-07-23-at-1.09.42-pm-3-600x400.jpeg 600w, https:\/\/elpuucnoticias.com\/wp-content\/uploads\/2025\/07\/whatsapp-image-2025-07-23-at-1.09.42-pm-3-320x213.jpeg 320w, https:\/\/elpuucnoticias.com\/wp-content\/uploads\/2025\/07\/whatsapp-image-2025-07-23-at-1.09.42-pm-3.jpeg 1600w\" sizes=\"auto, (max-width: 1024px) 100vw, 1024px\" \/><\/figure>\n\n\n\n<p>En la M\u00e9xico-Puebla se tienen detectados 38 accesos irregulares, dos cerrados durante julio y 36 en proceso. En la actualidad se trabaja en crear la zanja, construir las cimentaciones y muros de mamposter\u00eda en distancias extensas para confinar la zona a trav\u00e9s de dovelas de concreto.<\/p>\n\n\n\n<p>Destac\u00f3 la instalaci\u00f3n de arcos din\u00e1micos, a trav\u00e9s de equipos que permiten el reconocimiento de placas, asimismo cuentan con sensores de dimensiones, b\u00e1sculas de pesaje y radares de velocidad. \u201cEsto, adem\u00e1s de incrementar la seguridad en las carreteras, tambi\u00e9n nos da la prevenci\u00f3n de accidentes y la regulaci\u00f3n del autotransporte\u201d.<\/p>\n\n\n\n<p>La medida es parte del reforzamiento a los operativos que lleva a cabo Guardia Nacional y la Secretar\u00eda de Infraestructura, Comunicaciones y Transportes. Abund\u00f3 que los arcos din\u00e1micos se instalar\u00e1n en 12 puntos estrat\u00e9gicos en carreteras del pa\u00eds, en espec\u00edfico donde se llevan a cabo los operativos de seguridad, como es en la de Quer\u00e9taro y Puebla.<\/p>\n\n\n\n<p>\u201cAdem\u00e1s, tenemos ubicados los Ejes Troncales principales del pa\u00eds donde corre la mayor parte de la carga y ah\u00ed estamos tambi\u00e9n instal\u00e1ndolos\u201d. Entre ellos se encuentran carreteras del Estado de M\u00e9xico, Baja California, Veracruz, Tamaulipas, Guanajuato y Sinaloa.<\/p>\n\n\n\n<p>Respecto a la modernizaci\u00f3n de infraestructura, Esteva Medina dijo que desde CAPUFE se cuenta con 2 mil 142 dispositivos de detecci\u00f3n con c\u00e1maras panor\u00e1micas, c\u00e1maras de carril y c\u00e1maras de cabina de casetas.<\/p>\n\n\n\n<p>Se cuenta con 155 trabajadores laborando todos los d\u00edas del a\u00f1o con monitoreo las 24 horas. \u201cDurante esta administraci\u00f3n se estar\u00e1 duplicando esta infraestructura\u201d.<\/p>\n","protected":false},"excerpt":{"rendered":"<p>Ante la Presidenta Claudia Sheinbaum Pardo, el secretario Jes\u00fas Esteva Medina dio a conocer cuatro puntos de esta<\/p>\n","protected":false},"author":1,"featured_media":20234,"comment_status":"closed","ping_status":"open","sticky":false,"template":"","format":"standard","meta":{"_monsterinsights_skip_tracking":false,"_monsterinsights_sitenote_active":false,"_monsterinsights_sitenote_note":"","_monsterinsights_sitenote_category":0,"footnotes":""},"categories":[11],"tags":[],"class_list":["post-20230","post","type-post","status-publish","format-standard","has-post-thumbnail","hentry","category-noticias"],"yoast_head":"<!-- This site is optimized with the Yoast SEO plugin v18.3 - https:\/\/yoast.com\/wordpress\/plugins\/seo\/ -->\n<title>Anuncia la Secretar\u00eda de Infraestructura, Comunicaciones y Transportes acciones de seguridad en carreteras federales, con enfoque de prevenci\u00f3n y atenci\u00f3n inmediata - El Puuc Noticias<\/title>\n<meta name=\"robots\" content=\"index, follow, max-snippet:-1, max-image-preview:large, max-video-preview:-1\" \/>\n<link rel=\"canonical\" href=\"https:\/\/elpuucnoticias.com\/?p=20230\" \/>\n<meta property=\"og:locale\" content=\"es_ES\" \/>\n<meta property=\"og:type\" content=\"article\" \/>\n<meta property=\"og:title\" content=\"Anuncia la Secretar\u00eda de Infraestructura, Comunicaciones y Transportes acciones de seguridad en carreteras federales, con enfoque de prevenci\u00f3n y atenci\u00f3n inmediata - El Puuc Noticias\" \/>\n<meta property=\"og:description\" content=\"Ante la Presidenta Claudia Sheinbaum Pardo, el secretario Jes\u00fas Esteva Medina dio a conocer cuatro puntos de esta\" \/>\n<meta property=\"og:url\" content=\"https:\/\/elpuucnoticias.com\/?p=20230\" \/>\n<meta property=\"og:site_name\" content=\"El Puuc Noticias\" \/>\n<meta property=\"article:published_time\" content=\"2025-07-23T19:37:52+00:00\" \/>\n<meta property=\"og:image\" content=\"https:\/\/elpuucnoticias.com\/wp-content\/uploads\/2025\/07\/whatsapp-image-2025-07-23-at-1.09.42-pm-5.jpeg\" \/>\n\t<meta property=\"og:image:width\" content=\"1600\" \/>\n\t<meta property=\"og:image:height\" content=\"1064\" \/>\n\t<meta property=\"og:image:type\" content=\"image\/jpeg\" \/>\n<meta name=\"twitter:card\" content=\"summary_large_image\" \/>\n<meta name=\"twitter:label1\" content=\"Escrito por\" \/>\n\t<meta name=\"twitter:data1\" content=\"elpuucnoticias\" \/>\n\t<meta name=\"twitter:label2\" content=\"Tiempo de lectura\" \/>\n\t<meta name=\"twitter:data2\" content=\"3 minutos\" \/>\n<script type=\"application\/ld+json\" class=\"yoast-schema-graph\">{\"@context\":\"https:\/\/schema.org\",\"@graph\":[{\"@type\":\"WebSite\",\"@id\":\"https:\/\/elpuucnoticias.com\/#website\",\"url\":\"https:\/\/elpuucnoticias.com\/\",\"name\":\"El Puuc Noticias\",\"description\":\"Noticias - Entretenimiento - Deportes\",\"potentialAction\":[{\"@type\":\"SearchAction\",\"target\":{\"@type\":\"EntryPoint\",\"urlTemplate\":\"https:\/\/elpuucnoticias.com\/?s={search_term_string}\"},\"query-input\":\"required name=search_term_string\"}],\"inLanguage\":\"es\"},{\"@type\":\"ImageObject\",\"@id\":\"https:\/\/elpuucnoticias.com\/?p=20230#primaryimage\",\"inLanguage\":\"es\",\"url\":\"https:\/\/elpuucnoticias.com\/wp-content\/uploads\/2025\/07\/whatsapp-image-2025-07-23-at-1.09.42-pm-5.jpeg\",\"contentUrl\":\"https:\/\/elpuucnoticias.com\/wp-content\/uploads\/2025\/07\/whatsapp-image-2025-07-23-at-1.09.42-pm-5.jpeg\",\"width\":1600,\"height\":1064},{\"@type\":\"WebPage\",\"@id\":\"https:\/\/elpuucnoticias.com\/?p=20230#webpage\",\"url\":\"https:\/\/elpuucnoticias.com\/?p=20230\",\"name\":\"Anuncia la Secretar\u00eda de Infraestructura, Comunicaciones y Transportes acciones de seguridad en carreteras federales, con enfoque de prevenci\u00f3n y atenci\u00f3n inmediata - El Puuc Noticias\",\"isPartOf\":{\"@id\":\"https:\/\/elpuucnoticias.com\/#website\"},\"primaryImageOfPage\":{\"@id\":\"https:\/\/elpuucnoticias.com\/?p=20230#primaryimage\"},\"datePublished\":\"2025-07-23T19:37:52+00:00\",\"dateModified\":\"2025-07-23T19:37:52+00:00\",\"author\":{\"@id\":\"https:\/\/elpuucnoticias.com\/#\/schema\/person\/d2ea09e4c97f0160b11cdfb1d856bd9e\"},\"breadcrumb\":{\"@id\":\"https:\/\/elpuucnoticias.com\/?p=20230#breadcrumb\"},\"inLanguage\":\"es\",\"potentialAction\":[{\"@type\":\"ReadAction\",\"target\":[\"https:\/\/elpuucnoticias.com\/?p=20230\"]}]},{\"@type\":\"BreadcrumbList\",\"@id\":\"https:\/\/elpuucnoticias.com\/?p=20230#breadcrumb\",\"itemListElement\":[{\"@type\":\"ListItem\",\"position\":1,\"name\":\"Portada\",\"item\":\"https:\/\/elpuucnoticias.com\/\"},{\"@type\":\"ListItem\",\"position\":2,\"name\":\"Anuncia la Secretar\u00eda de Infraestructura, Comunicaciones y Transportes acciones de seguridad en carreteras federales, con enfoque de prevenci\u00f3n y atenci\u00f3n inmediata\"}]},{\"@type\":\"Person\",\"@id\":\"https:\/\/elpuucnoticias.com\/#\/schema\/person\/d2ea09e4c97f0160b11cdfb1d856bd9e\",\"name\":\"elpuucnoticias\",\"image\":{\"@type\":\"ImageObject\",\"@id\":\"https:\/\/elpuucnoticias.com\/#personlogo\",\"inLanguage\":\"es\",\"url\":\"https:\/\/secure.gravatar.com\/avatar\/5290a43657c74ffa15701dbe5b846bd85cc71930d803c84e91046a7333de6ce2?s=96&d=mm&r=g\",\"contentUrl\":\"https:\/\/secure.gravatar.com\/avatar\/5290a43657c74ffa15701dbe5b846bd85cc71930d803c84e91046a7333de6ce2?s=96&d=mm&r=g\",\"caption\":\"elpuucnoticias\"},\"sameAs\":[\"https:\/\/elpuucnoticias.com\"],\"url\":\"https:\/\/elpuucnoticias.com\/?author=1\"}]}<\/script>\n<!-- \/ Yoast SEO plugin. -->","yoast_head_json":{"title":"Anuncia la Secretar\u00eda de Infraestructura, Comunicaciones y Transportes acciones de seguridad en carreteras federales, con enfoque de prevenci\u00f3n y atenci\u00f3n inmediata - El Puuc Noticias","robots":{"index":"index","follow":"follow","max-snippet":"max-snippet:-1","max-image-preview":"max-image-preview:large","max-video-preview":"max-video-preview:-1"},"canonical":"https:\/\/elpuucnoticias.com\/?p=20230","og_locale":"es_ES","og_type":"article","og_title":"Anuncia la Secretar\u00eda de Infraestructura, Comunicaciones y Transportes acciones de seguridad en carreteras federales, con enfoque de prevenci\u00f3n y atenci\u00f3n inmediata - El Puuc Noticias","og_description":"Ante la Presidenta Claudia Sheinbaum Pardo, el secretario Jes\u00fas Esteva Medina dio a conocer cuatro puntos de esta","og_url":"https:\/\/elpuucnoticias.com\/?p=20230","og_site_name":"El Puuc Noticias","article_published_time":"2025-07-23T19:37:52+00:00","og_image":[{"width":1600,"height":1064,"url":"https:\/\/elpuucnoticias.com\/wp-content\/uploads\/2025\/07\/whatsapp-image-2025-07-23-at-1.09.42-pm-5.jpeg","type":"image\/jpeg"}],"twitter_card":"summary_large_image","twitter_misc":{"Escrito por":"elpuucnoticias","Tiempo de lectura":"3 minutos"},"schema":{"@context":"https:\/\/schema.org","@graph":[{"@type":"WebSite","@id":"https:\/\/elpuucnoticias.com\/#website","url":"https:\/\/elpuucnoticias.com\/","name":"El Puuc Noticias","description":"Noticias - Entretenimiento - Deportes","potentialAction":[{"@type":"SearchAction","target":{"@type":"EntryPoint","urlTemplate":"https:\/\/elpuucnoticias.com\/?s={search_term_string}"},"query-input":"required name=search_term_string"}],"inLanguage":"es"},{"@type":"ImageObject","@id":"https:\/\/elpuucnoticias.com\/?p=20230#primaryimage","inLanguage":"es","url":"https:\/\/elpuucnoticias.com\/wp-content\/uploads\/2025\/07\/whatsapp-image-2025-07-23-at-1.09.42-pm-5.jpeg","contentUrl":"https:\/\/elpuucnoticias.com\/wp-content\/uploads\/2025\/07\/whatsapp-image-2025-07-23-at-1.09.42-pm-5.jpeg","width":1600,"height":1064},{"@type":"WebPage","@id":"https:\/\/elpuucnoticias.com\/?p=20230#webpage","url":"https:\/\/elpuucnoticias.com\/?p=20230","name":"Anuncia la Secretar\u00eda de Infraestructura, Comunicaciones y Transportes acciones de seguridad en carreteras federales, con enfoque de prevenci\u00f3n y atenci\u00f3n inmediata - El Puuc Noticias","isPartOf":{"@id":"https:\/\/elpuucnoticias.com\/#website"},"primaryImageOfPage":{"@id":"https:\/\/elpuucnoticias.com\/?p=20230#primaryimage"},"datePublished":"2025-07-23T19:37:52+00:00","dateModified":"2025-07-23T19:37:52+00:00","author":{"@id":"https:\/\/elpuucnoticias.com\/#\/schema\/person\/d2ea09e4c97f0160b11cdfb1d856bd9e"},"breadcrumb":{"@id":"https:\/\/elpuucnoticias.com\/?p=20230#breadcrumb"},"inLanguage":"es","potentialAction":[{"@type":"ReadAction","target":["https:\/\/elpuucnoticias.com\/?p=20230"]}]},{"@type":"BreadcrumbList","@id":"https:\/\/elpuucnoticias.com\/?p=20230#breadcrumb","itemListElement":[{"@type":"ListItem","position":1,"name":"Portada","item":"https:\/\/elpuucnoticias.com\/"},{"@type":"ListItem","position":2,"name":"Anuncia la Secretar\u00eda de Infraestructura, Comunicaciones y Transportes acciones de seguridad en carreteras federales, con enfoque de prevenci\u00f3n y atenci\u00f3n inmediata"}]},{"@type":"Person","@id":"https:\/\/elpuucnoticias.com\/#\/schema\/person\/d2ea09e4c97f0160b11cdfb1d856bd9e","name":"elpuucnoticias","image":{"@type":"ImageObject","@id":"https:\/\/elpuucnoticias.com\/#personlogo","inLanguage":"es","url":"https:\/\/secure.gravatar.com\/avatar\/5290a43657c74ffa15701dbe5b846bd85cc71930d803c84e91046a7333de6ce2?s=96&d=mm&r=g","contentUrl":"https:\/\/secure.gravatar.com\/avatar\/5290a43657c74ffa15701dbe5b846bd85cc71930d803c84e91046a7333de6ce2?s=96&d=mm&r=g","caption":"elpuucnoticias"},"sameAs":["https:\/\/elpuucnoticias.com"],"url":"https:\/\/elpuucnoticias.com\/?author=1"}]}},"_links":{"self":[{"href":"https:\/\/elpuucnoticias.com\/index.php?rest_route=\/wp\/v2\/posts\/20230","targetHints":{"allow":["GET"]}}],"collection":[{"href":"https:\/\/elpuucnoticias.com\/index.php?rest_route=\/wp\/v2\/posts"}],"about":[{"href":"https:\/\/elpuucnoticias.com\/index.php?rest_route=\/wp\/v2\/types\/post"}],"author":[{"embeddable":true,"href":"https:\/\/elpuucnoticias.com\/index.php?rest_route=\/wp\/v2\/users\/1"}],"replies":[{"embeddable":true,"href":"https:\/\/elpuucnoticias.com\/index.php?rest_route=%2Fwp%2Fv2%2Fcomments&post=20230"}],"version-history":[{"count":1,"href":"https:\/\/elpuucnoticias.com\/index.php?rest_route=\/wp\/v2\/posts\/20230\/revisions"}],"predecessor-version":[{"id":20235,"href":"https:\/\/elpuucnoticias.com\/index.php?rest_route=\/wp\/v2\/posts\/20230\/revisions\/20235"}],"wp:featuredmedia":[{"embeddable":true,"href":"https:\/\/elpuucnoticias.com\/index.php?rest_route=\/wp\/v2\/media\/20234"}],"wp:attachment":[{"href":"https:\/\/elpuucnoticias.com\/index.php?rest_route=%2Fwp%2Fv2%2Fmedia&parent=20230"}],"wp:term":[{"taxonomy":"category","embeddable":true,"href":"https:\/\/elpuucnoticias.com\/index.php?rest_route=%2Fwp%2Fv2%2Fcategories&post=20230"},{"taxonomy":"post_tag","embeddable":true,"href":"https:\/\/elpuucnoticias.com\/index.php?rest_route=%2Fwp%2Fv2%2Ftags&post=20230"}],"curies":[{"name":"wp","href":"https:\/\/api.w.org\/{rel}","templated":true}]}}