{"id":20236,"date":"2025-07-23T13:41:50","date_gmt":"2025-07-23T19:41:50","guid":{"rendered":"https:\/\/elpuucnoticias.com\/?p=20236"},"modified":"2025-07-23T13:41:50","modified_gmt":"2025-07-23T19:41:50","slug":"se-reune-fiscal-general-con-usuarios-de-tekax-en-nueva-audiencia-ciudadana","status":"publish","type":"post","link":"https:\/\/elpuucnoticias.com\/?p=20236","title":{"rendered":"Se re\u00fane Fiscal General con usuarios de Tekax, en nueva Audiencia Ciudadana"},"content":{"rendered":"\n<p>El abogado del Estado, Juan Manuel Le\u00f3n Le\u00f3n escuch\u00f3 y atendi\u00f3 personalmente a los ciudadanos y anunci\u00f3 el proyecto de un nuevo Laboratorio de Inteligencia Pericial en este municipio.<\/p>\n\n\n\n<p>-Refrenda su compromiso de hacer una Fiscal\u00eda cercana, humana y sensible, pero firme en la procuraci\u00f3n de justicia.&nbsp;<\/p>\n\n\n\n<p>Al reunirnos con ciudadanos en los municipios, la meta es clara: fortalecer la confianza ciudadana y dar respuestas concretas, fuera del entorno burocr\u00e1tico habitual, porque es trascendental conocer sus inquietudes, dar seguimiento a sus carpetas de investigaci\u00f3n y sacar adelante los problemas que les aquejan y as\u00ed seguiremos, mejorando la atenci\u00f3n, poniendo al centro al ciudadano, afirm\u00f3 el Fiscal General del Estado, Juan Manuel Le\u00f3n Le\u00f3n.<\/p>\n\n\n\n<p>De visita en Tekax y acompa\u00f1ado del alcalde Herv\u00e9 Manuel Vallejos Sansores, el abogado del Estado encabez\u00f3 la segunda Audiencia Ciudadana que se realiza en la Sultana de la Sierra, en donde anunci\u00f3 que este municipio contar\u00e1 con un Laboratorio de Inteligencia Pericial, que se traducir\u00e1 en equipos y personal especializado en esta sede, para la investigaci\u00f3n cient\u00edfica de los delitos en la zona Sur.<\/p>\n\n\n\n<p>En el Centro de Convenciones \u201cRicardo Palmer\u00edn\u201d, se record\u00f3 que con el firme prop\u00f3sito de acercar la procuraci\u00f3n de justicia a todos los rincones de Yucat\u00e1n, se da paso a una nueva edici\u00f3n del programa de audiencias ciudadanas, consolidando as\u00ed un modelo de atenci\u00f3n directa y cercana con la poblaci\u00f3n.<\/p>\n\n\n\n<p>Como anfitri\u00f3n, el alcalde de Tekax, reconoci\u00f3 la labor que hace la FGE para acercar los servicios y las soluciones hasta su municipio, en un acto que catalog\u00f3 como in\u00e9dito.&nbsp;<\/p>\n\n\n\n<p>\u201cAgradezco al Fiscal que est\u00e9 ac\u00e1, es un honor. Nunca un Fiscal se hab\u00eda acercado a escuchar nuestros problemas, nos hemos quejado de la justicia, pero hoy por primera vez tenemos ac\u00e1 al Fiscal para escucharnos\u201d, expres\u00f3 el edil.&nbsp;<\/p>\n\n\n\n<p>El encuentro, marca la segunda ocasi\u00f3n en la que este municipio del sur del Estado aglutina a diversos funcionarios en este ejercicio institucional, lo cual refrenda el compromiso de la Fiscal\u00eda de brindar cobertura y atenci\u00f3n integral a esta importante regi\u00f3n del Estado.<\/p>\n\n\n\n<p>De igual forma, se reiter\u00f3 que la FGE cuenta con los n\u00fameros 9995626528 y 9992631779 de Atenci\u00f3n Ciudadana, disponibles las 24 horas del d\u00eda para que cualquier ciudadano pueda comunicar sus dudas, quejas, sugerencias o dar seguimiento a sus casos, una herramienta que es un puente de enlace entre la instituci\u00f3n y la poblaci\u00f3n.&nbsp;<\/p>\n\n\n\n<p>Durante la jornada, decenas de ciudadanas y ciudadanos acudieron para expresar de manera directa sus inquietudes, solicitudes y casos particulares, los cuales fueron escuchados con atenci\u00f3n por el Fiscal y su equipo de trabajo, labor para la que acompa\u00f1aron al Fiscal diversos funcionarios, entre ellos: Yazm\u00edn Yamile Polanco Uribe, Vicefiscal de Prevenci\u00f3n del Delito, Justicia Alternativa y Atenci\u00f3n Ciudadana; Ruby Rodr\u00edguez Maldonado, Orientaci\u00f3n en Jur\u00eddica de Atenci\u00f3n Ciudadana; Patricia Cauich May, Vicefiscal de Investigaci\u00f3n y Litigaci\u00f3n B; Andr\u00e9s Valencia Nicoli, Director de Investigaci\u00f3n y Litigaci\u00f3n A en Unidades Regionales; Jefe de departamento en funciones de Coordinador del Ministerio P\u00fablico de Tekax, Pedro Eupan Conrado; Fiscal en Jefe de la Unidad de Tekax, Sheila Pech Mar\u00edn y Fiscal en Jefe de la Unidad de Tekax, Oliver Basto Gardu\u00f1o.<\/p>\n","protected":false},"excerpt":{"rendered":"<p>El abogado del Estado, Juan Manuel Le\u00f3n Le\u00f3n escuch\u00f3 y atendi\u00f3 personalmente a los ciudadanos y anunci\u00f3 el<\/p>\n","protected":false},"author":1,"featured_media":20237,"comment_status":"closed","ping_status":"open","sticky":false,"template":"","format":"standard","meta":{"_monsterinsights_skip_tracking":false,"_monsterinsights_sitenote_active":false,"_monsterinsights_sitenote_note":"","_monsterinsights_sitenote_category":0,"footnotes":""},"categories":[11,4],"tags":[],"class_list":["post-20236","post","type-post","status-publish","format-standard","has-post-thumbnail","hentry","category-noticias","category-tekax"],"yoast_head":"<!-- This site is optimized with the Yoast SEO plugin v18.3 - https:\/\/yoast.com\/wordpress\/plugins\/seo\/ -->\n<title>Se re\u00fane Fiscal General con usuarios de Tekax, en nueva Audiencia Ciudadana - El Puuc Noticias<\/title>\n<meta name=\"robots\" content=\"index, follow, max-snippet:-1, max-image-preview:large, max-video-preview:-1\" \/>\n<link rel=\"canonical\" href=\"https:\/\/elpuucnoticias.com\/?p=20236\" \/>\n<meta property=\"og:locale\" content=\"es_ES\" \/>\n<meta property=\"og:type\" content=\"article\" \/>\n<meta property=\"og:title\" content=\"Se re\u00fane Fiscal General con usuarios de Tekax, en nueva Audiencia Ciudadana - El Puuc Noticias\" \/>\n<meta property=\"og:description\" content=\"El abogado del Estado, Juan Manuel Le\u00f3n Le\u00f3n escuch\u00f3 y atendi\u00f3 personalmente a los ciudadanos y anunci\u00f3 el\" \/>\n<meta property=\"og:url\" content=\"https:\/\/elpuucnoticias.com\/?p=20236\" \/>\n<meta property=\"og:site_name\" content=\"El Puuc Noticias\" \/>\n<meta property=\"article:published_time\" content=\"2025-07-23T19:41:50+00:00\" \/>\n<meta property=\"og:image\" content=\"https:\/\/elpuucnoticias.com\/wp-content\/uploads\/2025\/07\/4d254290ec903d7241b64c22ba8dd2d2_thumb.jpeg\" \/>\n\t<meta property=\"og:image:width\" content=\"300\" \/>\n\t<meta property=\"og:image:height\" content=\"199\" \/>\n\t<meta property=\"og:image:type\" content=\"image\/jpeg\" \/>\n<meta name=\"twitter:card\" content=\"summary_large_image\" \/>\n<meta name=\"twitter:label1\" content=\"Escrito por\" \/>\n\t<meta name=\"twitter:data1\" content=\"elpuucnoticias\" \/>\n\t<meta name=\"twitter:label2\" content=\"Tiempo de lectura\" \/>\n\t<meta name=\"twitter:data2\" content=\"3 minutos\" \/>\n<script type=\"application\/ld+json\" class=\"yoast-schema-graph\">{\"@context\":\"https:\/\/schema.org\",\"@graph\":[{\"@type\":\"WebSite\",\"@id\":\"https:\/\/elpuucnoticias.com\/#website\",\"url\":\"https:\/\/elpuucnoticias.com\/\",\"name\":\"El Puuc Noticias\",\"description\":\"Noticias - Entretenimiento - Deportes\",\"potentialAction\":[{\"@type\":\"SearchAction\",\"target\":{\"@type\":\"EntryPoint\",\"urlTemplate\":\"https:\/\/elpuucnoticias.com\/?s={search_term_string}\"},\"query-input\":\"required name=search_term_string\"}],\"inLanguage\":\"es\"},{\"@type\":\"ImageObject\",\"@id\":\"https:\/\/elpuucnoticias.com\/?p=20236#primaryimage\",\"inLanguage\":\"es\",\"url\":\"https:\/\/elpuucnoticias.com\/wp-content\/uploads\/2025\/07\/4d254290ec903d7241b64c22ba8dd2d2_thumb.jpeg\",\"contentUrl\":\"https:\/\/elpuucnoticias.com\/wp-content\/uploads\/2025\/07\/4d254290ec903d7241b64c22ba8dd2d2_thumb.jpeg\",\"width\":300,\"height\":199},{\"@type\":\"WebPage\",\"@id\":\"https:\/\/elpuucnoticias.com\/?p=20236#webpage\",\"url\":\"https:\/\/elpuucnoticias.com\/?p=20236\",\"name\":\"Se re\u00fane Fiscal General con usuarios de Tekax, en nueva Audiencia Ciudadana - El Puuc Noticias\",\"isPartOf\":{\"@id\":\"https:\/\/elpuucnoticias.com\/#website\"},\"primaryImageOfPage\":{\"@id\":\"https:\/\/elpuucnoticias.com\/?p=20236#primaryimage\"},\"datePublished\":\"2025-07-23T19:41:50+00:00\",\"dateModified\":\"2025-07-23T19:41:50+00:00\",\"author\":{\"@id\":\"https:\/\/elpuucnoticias.com\/#\/schema\/person\/d2ea09e4c97f0160b11cdfb1d856bd9e\"},\"breadcrumb\":{\"@id\":\"https:\/\/elpuucnoticias.com\/?p=20236#breadcrumb\"},\"inLanguage\":\"es\",\"potentialAction\":[{\"@type\":\"ReadAction\",\"target\":[\"https:\/\/elpuucnoticias.com\/?p=20236\"]}]},{\"@type\":\"BreadcrumbList\",\"@id\":\"https:\/\/elpuucnoticias.com\/?p=20236#breadcrumb\",\"itemListElement\":[{\"@type\":\"ListItem\",\"position\":1,\"name\":\"Portada\",\"item\":\"https:\/\/elpuucnoticias.com\/\"},{\"@type\":\"ListItem\",\"position\":2,\"name\":\"Se re\u00fane Fiscal General con usuarios de Tekax, en nueva Audiencia Ciudadana\"}]},{\"@type\":\"Person\",\"@id\":\"https:\/\/elpuucnoticias.com\/#\/schema\/person\/d2ea09e4c97f0160b11cdfb1d856bd9e\",\"name\":\"elpuucnoticias\",\"image\":{\"@type\":\"ImageObject\",\"@id\":\"https:\/\/elpuucnoticias.com\/#personlogo\",\"inLanguage\":\"es\",\"url\":\"https:\/\/secure.gravatar.com\/avatar\/5290a43657c74ffa15701dbe5b846bd85cc71930d803c84e91046a7333de6ce2?s=96&d=mm&r=g\",\"contentUrl\":\"https:\/\/secure.gravatar.com\/avatar\/5290a43657c74ffa15701dbe5b846bd85cc71930d803c84e91046a7333de6ce2?s=96&d=mm&r=g\",\"caption\":\"elpuucnoticias\"},\"sameAs\":[\"https:\/\/elpuucnoticias.com\"],\"url\":\"https:\/\/elpuucnoticias.com\/?author=1\"}]}<\/script>\n<!-- \/ Yoast SEO plugin. -->","yoast_head_json":{"title":"Se re\u00fane Fiscal General con usuarios de Tekax, en nueva Audiencia Ciudadana - El Puuc Noticias","robots":{"index":"index","follow":"follow","max-snippet":"max-snippet:-1","max-image-preview":"max-image-preview:large","max-video-preview":"max-video-preview:-1"},"canonical":"https:\/\/elpuucnoticias.com\/?p=20236","og_locale":"es_ES","og_type":"article","og_title":"Se re\u00fane Fiscal General con usuarios de Tekax, en nueva Audiencia Ciudadana - El Puuc Noticias","og_description":"El abogado del Estado, Juan Manuel Le\u00f3n Le\u00f3n escuch\u00f3 y atendi\u00f3 personalmente a los ciudadanos y anunci\u00f3 el","og_url":"https:\/\/elpuucnoticias.com\/?p=20236","og_site_name":"El Puuc Noticias","article_published_time":"2025-07-23T19:41:50+00:00","og_image":[{"width":300,"height":199,"url":"https:\/\/elpuucnoticias.com\/wp-content\/uploads\/2025\/07\/4d254290ec903d7241b64c22ba8dd2d2_thumb.jpeg","type":"image\/jpeg"}],"twitter_card":"summary_large_image","twitter_misc":{"Escrito por":"elpuucnoticias","Tiempo de lectura":"3 minutos"},"schema":{"@context":"https:\/\/schema.org","@graph":[{"@type":"WebSite","@id":"https:\/\/elpuucnoticias.com\/#website","url":"https:\/\/elpuucnoticias.com\/","name":"El Puuc Noticias","description":"Noticias - Entretenimiento - Deportes","potentialAction":[{"@type":"SearchAction","target":{"@type":"EntryPoint","urlTemplate":"https:\/\/elpuucnoticias.com\/?s={search_term_string}"},"query-input":"required name=search_term_string"}],"inLanguage":"es"},{"@type":"ImageObject","@id":"https:\/\/elpuucnoticias.com\/?p=20236#primaryimage","inLanguage":"es","url":"https:\/\/elpuucnoticias.com\/wp-content\/uploads\/2025\/07\/4d254290ec903d7241b64c22ba8dd2d2_thumb.jpeg","contentUrl":"https:\/\/elpuucnoticias.com\/wp-content\/uploads\/2025\/07\/4d254290ec903d7241b64c22ba8dd2d2_thumb.jpeg","width":300,"height":199},{"@type":"WebPage","@id":"https:\/\/elpuucnoticias.com\/?p=20236#webpage","url":"https:\/\/elpuucnoticias.com\/?p=20236","name":"Se re\u00fane Fiscal General con usuarios de Tekax, en nueva Audiencia Ciudadana - El Puuc Noticias","isPartOf":{"@id":"https:\/\/elpuucnoticias.com\/#website"},"primaryImageOfPage":{"@id":"https:\/\/elpuucnoticias.com\/?p=20236#primaryimage"},"datePublished":"2025-07-23T19:41:50+00:00","dateModified":"2025-07-23T19:41:50+00:00","author":{"@id":"https:\/\/elpuucnoticias.com\/#\/schema\/person\/d2ea09e4c97f0160b11cdfb1d856bd9e"},"breadcrumb":{"@id":"https:\/\/elpuucnoticias.com\/?p=20236#breadcrumb"},"inLanguage":"es","potentialAction":[{"@type":"ReadAction","target":["https:\/\/elpuucnoticias.com\/?p=20236"]}]},{"@type":"BreadcrumbList","@id":"https:\/\/elpuucnoticias.com\/?p=20236#breadcrumb","itemListElement":[{"@type":"ListItem","position":1,"name":"Portada","item":"https:\/\/elpuucnoticias.com\/"},{"@type":"ListItem","position":2,"name":"Se re\u00fane Fiscal General con usuarios de Tekax, en nueva Audiencia Ciudadana"}]},{"@type":"Person","@id":"https:\/\/elpuucnoticias.com\/#\/schema\/person\/d2ea09e4c97f0160b11cdfb1d856bd9e","name":"elpuucnoticias","image":{"@type":"ImageObject","@id":"https:\/\/elpuucnoticias.com\/#personlogo","inLanguage":"es","url":"https:\/\/secure.gravatar.com\/avatar\/5290a43657c74ffa15701dbe5b846bd85cc71930d803c84e91046a7333de6ce2?s=96&d=mm&r=g","contentUrl":"https:\/\/secure.gravatar.com\/avatar\/5290a43657c74ffa15701dbe5b846bd85cc71930d803c84e91046a7333de6ce2?s=96&d=mm&r=g","caption":"elpuucnoticias"},"sameAs":["https:\/\/elpuucnoticias.com"],"url":"https:\/\/elpuucnoticias.com\/?author=1"}]}},"_links":{"self":[{"href":"https:\/\/elpuucnoticias.com\/index.php?rest_route=\/wp\/v2\/posts\/20236","targetHints":{"allow":["GET"]}}],"collection":[{"href":"https:\/\/elpuucnoticias.com\/index.php?rest_route=\/wp\/v2\/posts"}],"about":[{"href":"https:\/\/elpuucnoticias.com\/index.php?rest_route=\/wp\/v2\/types\/post"}],"author":[{"embeddable":true,"href":"https:\/\/elpuucnoticias.com\/index.php?rest_route=\/wp\/v2\/users\/1"}],"replies":[{"embeddable":true,"href":"https:\/\/elpuucnoticias.com\/index.php?rest_route=%2Fwp%2Fv2%2Fcomments&post=20236"}],"version-history":[{"count":1,"href":"https:\/\/elpuucnoticias.com\/index.php?rest_route=\/wp\/v2\/posts\/20236\/revisions"}],"predecessor-version":[{"id":20238,"href":"https:\/\/elpuucnoticias.com\/index.php?rest_route=\/wp\/v2\/posts\/20236\/revisions\/20238"}],"wp:featuredmedia":[{"embeddable":true,"href":"https:\/\/elpuucnoticias.com\/index.php?rest_route=\/wp\/v2\/media\/20237"}],"wp:attachment":[{"href":"https:\/\/elpuucnoticias.com\/index.php?rest_route=%2Fwp%2Fv2%2Fmedia&parent=20236"}],"wp:term":[{"taxonomy":"category","embeddable":true,"href":"https:\/\/elpuucnoticias.com\/index.php?rest_route=%2Fwp%2Fv2%2Fcategories&post=20236"},{"taxonomy":"post_tag","embeddable":true,"href":"https:\/\/elpuucnoticias.com\/index.php?rest_route=%2Fwp%2Fv2%2Ftags&post=20236"}],"curies":[{"name":"wp","href":"https:\/\/api.w.org\/{rel}","templated":true}]}}