{"id":20246,"date":"2025-07-24T13:40:16","date_gmt":"2025-07-24T19:40:16","guid":{"rendered":"https:\/\/elpuucnoticias.com\/?p=20246"},"modified":"2025-07-24T13:40:16","modified_gmt":"2025-07-24T19:40:16","slug":"lleva-mara-lezama-justicia-social-a-comunidades-mayas-con-nuevo-centro-de-salud-en-puerto-arturo","status":"publish","type":"post","link":"https:\/\/elpuucnoticias.com\/?p=20246","title":{"rendered":"Lleva Mara Lezama justicia social a comunidades mayas con nuevo Centro de Salud en Puerto Arturo"},"content":{"rendered":"\n<p>Al poner al servicio de las personas el nuevo Centro de Salud Rural IMSS Bienestar en Puerto Arturo, comunidad maya de Jos\u00e9 Mar\u00eda Morelos, la gobernadora Mara Lezama cumpli\u00f3 un compromiso al llevar justicia social a las familias que durante a\u00f1os pidieron un lugar digno para cuidar su salud.<\/p>\n\n\n\n<p>\u201cNo ped\u00edan nada extraordinario, solo lo necesario, solo lo justo. Hoy cumplimos ese compromiso y no desde un escritorio, lo hacemos en territorio, caminando con ustedes, escuch\u00e1ndolos, construyendo desde la ra\u00edz, donde antes no se invert\u00eda y los gobernantes ni siquiera se paraban por aqu\u00ed\u201d, dijo Mara Lezama a los habitantes de esta comunidad.<\/p>\n\n\n\n<figure class=\"wp-block-image is-style-default\"><a href=\"https:\/\/cgc.qroo.gob.mx\/cjg\/wp-content\/uploads\/2025\/07\/36bd6468-55d5-4d58-bb9f-0c747f6a28f8-scaled.jpg\"><img decoding=\"async\" src=\"https:\/\/cgc.qroo.gob.mx\/cjg\/wp-content\/uploads\/2025\/07\/36bd6468-55d5-4d58-bb9f-0c747f6a28f8-585x390.jpg\" alt=\"\" title=\"36bd6468-55d5-4d58-bb9f-0c747f6a28f8\"\/><\/a><\/figure>\n\n\n\n<p>Acompa\u00f1ada de la presidenta honoraria del DIF Quintana Roo, Ver\u00f3nica Lezama Espinosa, y del secretario estatal de Salud, Flavio Carlos Rosado, la gobernadora entreg\u00f3 esta obra que beneficiar\u00e1 directamente a m\u00e1s de 700 personas de las localidades de Puerto Arturo, Nuevo Reforma y La Carolina, quienes por a\u00f1os se enfrentaron con dificultades en el acceso a servicios m\u00e9dicos b\u00e1sicos.<\/p>\n\n\n\n<p>El nuevo centro de salud cuenta con una superficie de m\u00e1s de 251 metros cuadrados y est\u00e1 equipado con consultorio m\u00e9dico, \u00e1rea de curaciones, farmacia, sala de espera, medicina preventiva y residencia m\u00e9dica para personal de salud. Con esta infraestructura se garantiza una atenci\u00f3n m\u00e9dica digna, cercana y de calidad.<\/p>\n\n\n\n<figure class=\"wp-block-image is-style-default\"><a href=\"https:\/\/cgc.qroo.gob.mx\/cjg\/wp-content\/uploads\/2025\/07\/1ec60a80-ccae-4da9-95f8-eb5a36ffe52a-scaled.jpg\"><img decoding=\"async\" src=\"https:\/\/cgc.qroo.gob.mx\/cjg\/wp-content\/uploads\/2025\/07\/1ec60a80-ccae-4da9-95f8-eb5a36ffe52a-585x390.jpg\" alt=\"\" title=\"1ec60a80-ccae-4da9-95f8-eb5a36ffe52a\"\/><\/a><\/figure>\n\n\n\n<p>Durante el evento, la gobernadora Mara Lezama expres\u00f3 que por primera vez en la historia de Quintana Roo, con el respaldo de la Presidenta Claudia Sheinbaum, se construyen dos hospitales generales al mismo tiempo, uno en Chetumal y otro en Felipe Carrillo Puerto.<\/p>\n\n\n\n<p>Como parte de sus gestiones, el Hospital de Jos\u00e9 Mar\u00eda Morelos tendr\u00e1 quir\u00f3fano pr\u00f3ximamente, que ha estado cerrado durante largo tiempo, con todo lo necesario para las operaciones. Pero tambi\u00e9n inform\u00f3 que gestiona un hospital, completamente nuevo, con 18 camas, porque Jos\u00e9 Mar\u00eda Morelos se lo merece.<\/p>\n\n\n\n<figure class=\"wp-block-image is-style-default\"><a href=\"https:\/\/cgc.qroo.gob.mx\/cjg\/wp-content\/uploads\/2025\/07\/03c90918-9ef0-4402-94a0-4e4afe3b4956-scaled.jpg\"><img decoding=\"async\" src=\"https:\/\/cgc.qroo.gob.mx\/cjg\/wp-content\/uploads\/2025\/07\/03c90918-9ef0-4402-94a0-4e4afe3b4956-585x390.jpg\" alt=\"\" title=\"03c90918-9ef0-4402-94a0-4e4afe3b4956\"\/><\/a><\/figure>\n\n\n\n<p>Adem\u00e1s, dio a conocer que con el programa \u201cSalud para Todas y Todos\u201d se han llevado caravanas m\u00e9dicas m\u00f3viles a todos los rincones del estado, superando las 533 mil atenciones. Tan solo en Jos\u00e9 Mar\u00eda Morelos se han brindado m\u00e1s de 37 mil.<\/p>\n\n\n\n<p>\u201cGracias al nuevo modelo de salud, hoy Puerto Arturo cuenta con un Centro que no solo atiende sino previene, que no solo da consulta, sino que acompa\u00f1a, que no solo cura, sino que atiende. Familias que antes ten\u00edan que recorrer m\u00e1s de una hora para ser atendidas, hoy ya no tendr\u00e1n que hacerlo porque la salud y la esperanza llegaron. Vamos a seguir trabajando de la mano con el pueblo, hombro con hombro, para que ning\u00fan ni\u00f1o, ni\u00f1a, mujer o adulto mayor se quede sin atenci\u00f3n m\u00e9dica por vivir lejos\u201d, a\u00f1adi\u00f3 la titular del Ejecutivo.<\/p>\n\n\n\n<figure class=\"wp-block-image is-style-default\"><a href=\"https:\/\/cgc.qroo.gob.mx\/cjg\/wp-content\/uploads\/2025\/07\/03d05a31-3aea-4489-a91f-113135666284-scaled.jpg\"><img decoding=\"async\" src=\"https:\/\/cgc.qroo.gob.mx\/cjg\/wp-content\/uploads\/2025\/07\/03d05a31-3aea-4489-a91f-113135666284-585x390.jpg\" alt=\"\" title=\"03d05a31-3aea-4489-a91f-113135666284\"\/><\/a><\/figure>\n\n\n\n<p>Por su parte, el secretario de Salud, Flavio Carlos Rosado, dijo que hoy se reafirma que en Quintana Roo nadie se queda atr\u00e1s y nadie se queda fuera. Destac\u00f3 que este centro es resultado del trabajo coordinado entre los tres niveles de gobierno y el IMSS-BIENESTAR, y nace del di\u00e1logo y la cercan\u00eda con la gente.<\/p>\n\n\n\n<p>Estuvieron presentes en esta inauguraci\u00f3n el presidente municipal Erik Borges Yam; el coordinador estatal del IMSS Bienestar, Mois\u00e9s Alejandro Toledo; el delegado de Puerto Arturo, Abel Puga Lara; la tesorera del Comit\u00e9 de Salud para el Bienestar, Natali Rosales Hern\u00e1ndez; el representante de la Secretar\u00eda de Salud del Gobierno de M\u00e9xico, Ariel Hern\u00e1ndez L\u00f3pez Contreras.<\/p>\n\n\n\n<figure class=\"wp-block-image is-style-default\"><a href=\"https:\/\/cgc.qroo.gob.mx\/cjg\/wp-content\/uploads\/2025\/07\/7cae173c-4cb8-4d1a-ac27-d3f978a3d5a6-scaled.jpg\"><img decoding=\"async\" src=\"https:\/\/cgc.qroo.gob.mx\/cjg\/wp-content\/uploads\/2025\/07\/7cae173c-4cb8-4d1a-ac27-d3f978a3d5a6-585x390.jpg\" alt=\"\" title=\"7cae173c-4cb8-4d1a-ac27-d3f978a3d5a6\"\/><\/a><\/figure>\n","protected":false},"excerpt":{"rendered":"<p>Al poner al servicio de las personas el nuevo Centro de Salud Rural IMSS Bienestar en Puerto Arturo,<\/p>\n","protected":false},"author":1,"featured_media":20247,"comment_status":"closed","ping_status":"open","sticky":false,"template":"","format":"standard","meta":{"_monsterinsights_skip_tracking":false,"_monsterinsights_sitenote_active":false,"_monsterinsights_sitenote_note":"","_monsterinsights_sitenote_category":0,"footnotes":""},"categories":[11,24],"tags":[],"class_list":["post-20246","post","type-post","status-publish","format-standard","has-post-thumbnail","hentry","category-noticias","category-quintana-roo"],"yoast_head":"<!-- This site is optimized with the Yoast SEO plugin v18.3 - https:\/\/yoast.com\/wordpress\/plugins\/seo\/ -->\n<title>Lleva Mara Lezama justicia social a comunidades mayas con nuevo Centro de Salud en Puerto Arturo - El Puuc Noticias<\/title>\n<meta name=\"robots\" content=\"index, follow, max-snippet:-1, max-image-preview:large, max-video-preview:-1\" \/>\n<link rel=\"canonical\" href=\"https:\/\/elpuucnoticias.com\/?p=20246\" \/>\n<meta property=\"og:locale\" content=\"es_ES\" \/>\n<meta property=\"og:type\" content=\"article\" \/>\n<meta property=\"og:title\" content=\"Lleva Mara Lezama justicia social a comunidades mayas con nuevo Centro de Salud en Puerto Arturo - El Puuc Noticias\" \/>\n<meta property=\"og:description\" content=\"Al poner al servicio de las personas el nuevo Centro de Salud Rural IMSS Bienestar en Puerto Arturo,\" \/>\n<meta property=\"og:url\" content=\"https:\/\/elpuucnoticias.com\/?p=20246\" \/>\n<meta property=\"og:site_name\" content=\"El Puuc Noticias\" \/>\n<meta property=\"article:published_time\" content=\"2025-07-24T19:40:16+00:00\" \/>\n<meta property=\"og:image\" content=\"https:\/\/elpuucnoticias.com\/wp-content\/uploads\/2025\/07\/7b70cb56-1b7a-4ab6-a8f9-e1b50c01401b-scaled-1.jpg\" \/>\n\t<meta property=\"og:image:width\" content=\"2560\" \/>\n\t<meta property=\"og:image:height\" content=\"1707\" \/>\n\t<meta property=\"og:image:type\" content=\"image\/jpeg\" \/>\n<meta name=\"twitter:card\" content=\"summary_large_image\" \/>\n<meta name=\"twitter:label1\" content=\"Escrito por\" \/>\n\t<meta name=\"twitter:data1\" content=\"elpuucnoticias\" \/>\n\t<meta name=\"twitter:label2\" content=\"Tiempo de lectura\" \/>\n\t<meta name=\"twitter:data2\" content=\"3 minutos\" \/>\n<script type=\"application\/ld+json\" class=\"yoast-schema-graph\">{\"@context\":\"https:\/\/schema.org\",\"@graph\":[{\"@type\":\"WebSite\",\"@id\":\"https:\/\/elpuucnoticias.com\/#website\",\"url\":\"https:\/\/elpuucnoticias.com\/\",\"name\":\"El Puuc Noticias\",\"description\":\"Noticias - Entretenimiento - Deportes\",\"potentialAction\":[{\"@type\":\"SearchAction\",\"target\":{\"@type\":\"EntryPoint\",\"urlTemplate\":\"https:\/\/elpuucnoticias.com\/?s={search_term_string}\"},\"query-input\":\"required name=search_term_string\"}],\"inLanguage\":\"es\"},{\"@type\":\"ImageObject\",\"@id\":\"https:\/\/elpuucnoticias.com\/?p=20246#primaryimage\",\"inLanguage\":\"es\",\"url\":\"https:\/\/elpuucnoticias.com\/wp-content\/uploads\/2025\/07\/7b70cb56-1b7a-4ab6-a8f9-e1b50c01401b-scaled-1.jpg\",\"contentUrl\":\"https:\/\/elpuucnoticias.com\/wp-content\/uploads\/2025\/07\/7b70cb56-1b7a-4ab6-a8f9-e1b50c01401b-scaled-1.jpg\",\"width\":2560,\"height\":1707},{\"@type\":\"WebPage\",\"@id\":\"https:\/\/elpuucnoticias.com\/?p=20246#webpage\",\"url\":\"https:\/\/elpuucnoticias.com\/?p=20246\",\"name\":\"Lleva Mara Lezama justicia social a comunidades mayas con nuevo Centro de Salud en Puerto Arturo - El Puuc Noticias\",\"isPartOf\":{\"@id\":\"https:\/\/elpuucnoticias.com\/#website\"},\"primaryImageOfPage\":{\"@id\":\"https:\/\/elpuucnoticias.com\/?p=20246#primaryimage\"},\"datePublished\":\"2025-07-24T19:40:16+00:00\",\"dateModified\":\"2025-07-24T19:40:16+00:00\",\"author\":{\"@id\":\"https:\/\/elpuucnoticias.com\/#\/schema\/person\/d2ea09e4c97f0160b11cdfb1d856bd9e\"},\"breadcrumb\":{\"@id\":\"https:\/\/elpuucnoticias.com\/?p=20246#breadcrumb\"},\"inLanguage\":\"es\",\"potentialAction\":[{\"@type\":\"ReadAction\",\"target\":[\"https:\/\/elpuucnoticias.com\/?p=20246\"]}]},{\"@type\":\"BreadcrumbList\",\"@id\":\"https:\/\/elpuucnoticias.com\/?p=20246#breadcrumb\",\"itemListElement\":[{\"@type\":\"ListItem\",\"position\":1,\"name\":\"Portada\",\"item\":\"https:\/\/elpuucnoticias.com\/\"},{\"@type\":\"ListItem\",\"position\":2,\"name\":\"Lleva Mara Lezama justicia social a comunidades mayas con nuevo Centro de Salud en Puerto Arturo\"}]},{\"@type\":\"Person\",\"@id\":\"https:\/\/elpuucnoticias.com\/#\/schema\/person\/d2ea09e4c97f0160b11cdfb1d856bd9e\",\"name\":\"elpuucnoticias\",\"image\":{\"@type\":\"ImageObject\",\"@id\":\"https:\/\/elpuucnoticias.com\/#personlogo\",\"inLanguage\":\"es\",\"url\":\"https:\/\/secure.gravatar.com\/avatar\/5290a43657c74ffa15701dbe5b846bd85cc71930d803c84e91046a7333de6ce2?s=96&d=mm&r=g\",\"contentUrl\":\"https:\/\/secure.gravatar.com\/avatar\/5290a43657c74ffa15701dbe5b846bd85cc71930d803c84e91046a7333de6ce2?s=96&d=mm&r=g\",\"caption\":\"elpuucnoticias\"},\"sameAs\":[\"https:\/\/elpuucnoticias.com\"],\"url\":\"https:\/\/elpuucnoticias.com\/?author=1\"}]}<\/script>\n<!-- \/ Yoast SEO plugin. -->","yoast_head_json":{"title":"Lleva Mara Lezama justicia social a comunidades mayas con nuevo Centro de Salud en Puerto Arturo - El Puuc Noticias","robots":{"index":"index","follow":"follow","max-snippet":"max-snippet:-1","max-image-preview":"max-image-preview:large","max-video-preview":"max-video-preview:-1"},"canonical":"https:\/\/elpuucnoticias.com\/?p=20246","og_locale":"es_ES","og_type":"article","og_title":"Lleva Mara Lezama justicia social a comunidades mayas con nuevo Centro de Salud en Puerto Arturo - El Puuc Noticias","og_description":"Al poner al servicio de las personas el nuevo Centro de Salud Rural IMSS Bienestar en Puerto Arturo,","og_url":"https:\/\/elpuucnoticias.com\/?p=20246","og_site_name":"El Puuc Noticias","article_published_time":"2025-07-24T19:40:16+00:00","og_image":[{"width":2560,"height":1707,"url":"https:\/\/elpuucnoticias.com\/wp-content\/uploads\/2025\/07\/7b70cb56-1b7a-4ab6-a8f9-e1b50c01401b-scaled-1.jpg","type":"image\/jpeg"}],"twitter_card":"summary_large_image","twitter_misc":{"Escrito por":"elpuucnoticias","Tiempo de lectura":"3 minutos"},"schema":{"@context":"https:\/\/schema.org","@graph":[{"@type":"WebSite","@id":"https:\/\/elpuucnoticias.com\/#website","url":"https:\/\/elpuucnoticias.com\/","name":"El Puuc Noticias","description":"Noticias - Entretenimiento - Deportes","potentialAction":[{"@type":"SearchAction","target":{"@type":"EntryPoint","urlTemplate":"https:\/\/elpuucnoticias.com\/?s={search_term_string}"},"query-input":"required name=search_term_string"}],"inLanguage":"es"},{"@type":"ImageObject","@id":"https:\/\/elpuucnoticias.com\/?p=20246#primaryimage","inLanguage":"es","url":"https:\/\/elpuucnoticias.com\/wp-content\/uploads\/2025\/07\/7b70cb56-1b7a-4ab6-a8f9-e1b50c01401b-scaled-1.jpg","contentUrl":"https:\/\/elpuucnoticias.com\/wp-content\/uploads\/2025\/07\/7b70cb56-1b7a-4ab6-a8f9-e1b50c01401b-scaled-1.jpg","width":2560,"height":1707},{"@type":"WebPage","@id":"https:\/\/elpuucnoticias.com\/?p=20246#webpage","url":"https:\/\/elpuucnoticias.com\/?p=20246","name":"Lleva Mara Lezama justicia social a comunidades mayas con nuevo Centro de Salud en Puerto Arturo - El Puuc Noticias","isPartOf":{"@id":"https:\/\/elpuucnoticias.com\/#website"},"primaryImageOfPage":{"@id":"https:\/\/elpuucnoticias.com\/?p=20246#primaryimage"},"datePublished":"2025-07-24T19:40:16+00:00","dateModified":"2025-07-24T19:40:16+00:00","author":{"@id":"https:\/\/elpuucnoticias.com\/#\/schema\/person\/d2ea09e4c97f0160b11cdfb1d856bd9e"},"breadcrumb":{"@id":"https:\/\/elpuucnoticias.com\/?p=20246#breadcrumb"},"inLanguage":"es","potentialAction":[{"@type":"ReadAction","target":["https:\/\/elpuucnoticias.com\/?p=20246"]}]},{"@type":"BreadcrumbList","@id":"https:\/\/elpuucnoticias.com\/?p=20246#breadcrumb","itemListElement":[{"@type":"ListItem","position":1,"name":"Portada","item":"https:\/\/elpuucnoticias.com\/"},{"@type":"ListItem","position":2,"name":"Lleva Mara Lezama justicia social a comunidades mayas con nuevo Centro de Salud en Puerto Arturo"}]},{"@type":"Person","@id":"https:\/\/elpuucnoticias.com\/#\/schema\/person\/d2ea09e4c97f0160b11cdfb1d856bd9e","name":"elpuucnoticias","image":{"@type":"ImageObject","@id":"https:\/\/elpuucnoticias.com\/#personlogo","inLanguage":"es","url":"https:\/\/secure.gravatar.com\/avatar\/5290a43657c74ffa15701dbe5b846bd85cc71930d803c84e91046a7333de6ce2?s=96&d=mm&r=g","contentUrl":"https:\/\/secure.gravatar.com\/avatar\/5290a43657c74ffa15701dbe5b846bd85cc71930d803c84e91046a7333de6ce2?s=96&d=mm&r=g","caption":"elpuucnoticias"},"sameAs":["https:\/\/elpuucnoticias.com"],"url":"https:\/\/elpuucnoticias.com\/?author=1"}]}},"_links":{"self":[{"href":"https:\/\/elpuucnoticias.com\/index.php?rest_route=\/wp\/v2\/posts\/20246","targetHints":{"allow":["GET"]}}],"collection":[{"href":"https:\/\/elpuucnoticias.com\/index.php?rest_route=\/wp\/v2\/posts"}],"about":[{"href":"https:\/\/elpuucnoticias.com\/index.php?rest_route=\/wp\/v2\/types\/post"}],"author":[{"embeddable":true,"href":"https:\/\/elpuucnoticias.com\/index.php?rest_route=\/wp\/v2\/users\/1"}],"replies":[{"embeddable":true,"href":"https:\/\/elpuucnoticias.com\/index.php?rest_route=%2Fwp%2Fv2%2Fcomments&post=20246"}],"version-history":[{"count":1,"href":"https:\/\/elpuucnoticias.com\/index.php?rest_route=\/wp\/v2\/posts\/20246\/revisions"}],"predecessor-version":[{"id":20248,"href":"https:\/\/elpuucnoticias.com\/index.php?rest_route=\/wp\/v2\/posts\/20246\/revisions\/20248"}],"wp:featuredmedia":[{"embeddable":true,"href":"https:\/\/elpuucnoticias.com\/index.php?rest_route=\/wp\/v2\/media\/20247"}],"wp:attachment":[{"href":"https:\/\/elpuucnoticias.com\/index.php?rest_route=%2Fwp%2Fv2%2Fmedia&parent=20246"}],"wp:term":[{"taxonomy":"category","embeddable":true,"href":"https:\/\/elpuucnoticias.com\/index.php?rest_route=%2Fwp%2Fv2%2Fcategories&post=20246"},{"taxonomy":"post_tag","embeddable":true,"href":"https:\/\/elpuucnoticias.com\/index.php?rest_route=%2Fwp%2Fv2%2Ftags&post=20246"}],"curies":[{"name":"wp","href":"https:\/\/api.w.org\/{rel}","templated":true}]}}