{"id":20267,"date":"2025-07-25T12:32:36","date_gmt":"2025-07-25T18:32:36","guid":{"rendered":"https:\/\/elpuucnoticias.com\/?p=20267"},"modified":"2025-07-25T12:32:37","modified_gmt":"2025-07-25T18:32:37","slug":"articulan-acciones-sistemas-de-proteccion-de-ninas-ninos-y-adolescentes-de-quintana-roo-frente-a-la-trata-de-personas","status":"publish","type":"post","link":"https:\/\/elpuucnoticias.com\/?p=20267","title":{"rendered":"Articulan acciones Sistemas de Protecci\u00f3n de Ni\u00f1as, Ni\u00f1os y Adolescentes de Quintana Roo frente a la trata de personas"},"content":{"rendered":"\n<p>Integrantes del Sistema de Protecci\u00f3n de Ni\u00f1as, Ni\u00f1os y Adolescentes del Estado de Quintana Roo (SIPINNA) y sus hom\u00f3logos municipales presentaron y analizaron avances en la implementaci\u00f3n de medidas para prevenir la trata de personas, focalizadas a la ni\u00f1ez y las adolescencias.<\/p>\n\n\n\n<p>Durante la Segunda Sesi\u00f3n Ordinaria, el encargado de Despacho de la Secretar\u00eda Ejecutiva del SIPINNA, Jorge Isa\u00edas Quintanilla Osorio, resalt\u00f3 la importancia de mantener una coordinaci\u00f3n permanente entre el Sistema estatal y los municipales, para fortalecer la prevenci\u00f3n y atenci\u00f3n de la trata de personas, en apego a la estrategia que encabeza la gobernadora Mara Lezama Espinosa, en el marco del Nuevo Acuerdo por el Bienestar y Desarrollo de Quintana Roo.<\/p>\n\n\n\n<figure class=\"wp-block-image is-style-default\"><a href=\"https:\/\/cgc.qroo.gob.mx\/cjg\/wp-content\/uploads\/2025\/07\/c866e783-6b4c-4f9d-83ce-a390562e9713.jpg\"><img decoding=\"async\" src=\"https:\/\/cgc.qroo.gob.mx\/cjg\/wp-content\/uploads\/2025\/07\/c866e783-6b4c-4f9d-83ce-a390562e9713-585x390.jpg\" alt=\"\" title=\"c866e783-6b4c-4f9d-83ce-a390562e9713\"\/><\/a><\/figure>\n\n\n\n<p>Al abordar las acciones contra este delito, destac\u00f3 las jornadas de restituci\u00f3n de derechos \u201cUnidos para Transformar\u201d que se llevan a cabo en la zona ca\u00f1era, en las que se imparten pl\u00e1ticas de sensibilizaci\u00f3n a ni\u00f1as, ni\u00f1os, adolescentes y personas adultas sobre los riesgos y las formas en que opera la trata de personas, con el fin de fortalecer la prevenci\u00f3n comunitaria; adem\u00e1s de campa\u00f1as de difusi\u00f3n en redes sociales que buscan visibilizar este delito, romper mitos y promover la denuncia.<\/p>\n\n\n\n<p>En representaci\u00f3n de los Ayuntamientos, las Secretar\u00edas Ejecutivas de los SIPINNA de Cozumel y Oth\u00f3n P. Blanco expusieron sus acciones, que incluyen capacitaciones, y campa\u00f1as de difusi\u00f3n en el caso de la segunda; adem\u00e1s de ponencias y talleres.<\/p>\n\n\n\n<figure class=\"wp-block-image is-style-default\"><a href=\"https:\/\/cgc.qroo.gob.mx\/cjg\/wp-content\/uploads\/2025\/07\/56cc27b9-cf31-4f67-8495-0fdca2f68879.jpg\"><img decoding=\"async\" src=\"https:\/\/cgc.qroo.gob.mx\/cjg\/wp-content\/uploads\/2025\/07\/56cc27b9-cf31-4f67-8495-0fdca2f68879-585x390.jpg\" alt=\"\" title=\"56cc27b9-cf31-4f67-8495-0fdca2f68879\"\/><\/a><\/figure>\n\n\n\n<p>Por su parte, la subsecretaria de Derechos Humanos de la Secretar\u00eda de Gobierno, Mar\u00eda Hadad Castillo, reconoci\u00f3 el trabajo que realizan las Secretar\u00edas Ejecutivas de los SIPINNA municipales a trav\u00e9s del acompa\u00f1amiento a las instancias responsables de prevenir y atender la trata de personas, siempre poniendo al centro el inter\u00e9s superior de la ni\u00f1ez. Sostuvo que incluir este tema en sus agendas refleja el compromiso con una causa prioritaria para este gobierno humanista con coraz\u00f3n feminista.<\/p>\n\n\n\n<p>Al clausurar la sesi\u00f3n, el Subsecretario de Gobierno, Nabil Eljure Terrazas, quien acudi\u00f3 en representaci\u00f3n de la gobernadora Mara Lezama Espinosa, subray\u00f3 que este tipo de encuentros fortalecen la coordinaci\u00f3n interinstitucional necesaria para enfrentar la trata de personas con firmeza y desde una visi\u00f3n integral.<\/p>\n\n\n\n<p>Reiter\u00f3 que desde la prevenci\u00f3n tambi\u00e9n se construyen respuestas efectivas para proteger a ni\u00f1as, ni\u00f1os y adolescentes frente a este delito.<\/p>\n","protected":false},"excerpt":{"rendered":"<p>Integrantes del Sistema de Protecci\u00f3n de Ni\u00f1as, Ni\u00f1os y Adolescentes del Estado de Quintana Roo (SIPINNA) y sus<\/p>\n","protected":false},"author":1,"featured_media":20268,"comment_status":"closed","ping_status":"open","sticky":false,"template":"","format":"standard","meta":{"_monsterinsights_skip_tracking":false,"_monsterinsights_sitenote_active":false,"_monsterinsights_sitenote_note":"","_monsterinsights_sitenote_category":0,"footnotes":""},"categories":[11,24],"tags":[],"class_list":["post-20267","post","type-post","status-publish","format-standard","has-post-thumbnail","hentry","category-noticias","category-quintana-roo"],"yoast_head":"<!-- This site is optimized with the Yoast SEO plugin v18.3 - https:\/\/yoast.com\/wordpress\/plugins\/seo\/ -->\n<title>Articulan acciones Sistemas de Protecci\u00f3n de Ni\u00f1as, Ni\u00f1os y Adolescentes de Quintana Roo frente a la trata de personas - El Puuc Noticias<\/title>\n<meta name=\"robots\" content=\"index, follow, max-snippet:-1, max-image-preview:large, max-video-preview:-1\" \/>\n<link rel=\"canonical\" href=\"https:\/\/elpuucnoticias.com\/?p=20267\" \/>\n<meta property=\"og:locale\" content=\"es_ES\" \/>\n<meta property=\"og:type\" content=\"article\" \/>\n<meta property=\"og:title\" content=\"Articulan acciones Sistemas de Protecci\u00f3n de Ni\u00f1as, Ni\u00f1os y Adolescentes de Quintana Roo frente a la trata de personas - El Puuc Noticias\" \/>\n<meta property=\"og:description\" content=\"Integrantes del Sistema de Protecci\u00f3n de Ni\u00f1as, Ni\u00f1os y Adolescentes del Estado de Quintana Roo (SIPINNA) y sus\" \/>\n<meta property=\"og:url\" content=\"https:\/\/elpuucnoticias.com\/?p=20267\" \/>\n<meta property=\"og:site_name\" content=\"El Puuc Noticias\" \/>\n<meta property=\"article:published_time\" content=\"2025-07-25T18:32:36+00:00\" \/>\n<meta property=\"article:modified_time\" content=\"2025-07-25T18:32:37+00:00\" \/>\n<meta property=\"og:image\" content=\"https:\/\/elpuucnoticias.com\/wp-content\/uploads\/2025\/07\/12b0227d-a9d3-400f-af6d-82e818c9161d.jpg\" \/>\n\t<meta property=\"og:image:width\" content=\"1280\" \/>\n\t<meta property=\"og:image:height\" content=\"853\" \/>\n\t<meta property=\"og:image:type\" content=\"image\/jpeg\" \/>\n<meta name=\"twitter:card\" content=\"summary_large_image\" \/>\n<meta name=\"twitter:label1\" content=\"Escrito por\" \/>\n\t<meta name=\"twitter:data1\" content=\"elpuucnoticias\" \/>\n\t<meta name=\"twitter:label2\" content=\"Tiempo de lectura\" \/>\n\t<meta name=\"twitter:data2\" content=\"2 minutos\" \/>\n<script type=\"application\/ld+json\" class=\"yoast-schema-graph\">{\"@context\":\"https:\/\/schema.org\",\"@graph\":[{\"@type\":\"WebSite\",\"@id\":\"https:\/\/elpuucnoticias.com\/#website\",\"url\":\"https:\/\/elpuucnoticias.com\/\",\"name\":\"El Puuc Noticias\",\"description\":\"Noticias - Entretenimiento - Deportes\",\"potentialAction\":[{\"@type\":\"SearchAction\",\"target\":{\"@type\":\"EntryPoint\",\"urlTemplate\":\"https:\/\/elpuucnoticias.com\/?s={search_term_string}\"},\"query-input\":\"required name=search_term_string\"}],\"inLanguage\":\"es\"},{\"@type\":\"ImageObject\",\"@id\":\"https:\/\/elpuucnoticias.com\/?p=20267#primaryimage\",\"inLanguage\":\"es\",\"url\":\"https:\/\/elpuucnoticias.com\/wp-content\/uploads\/2025\/07\/12b0227d-a9d3-400f-af6d-82e818c9161d.jpg\",\"contentUrl\":\"https:\/\/elpuucnoticias.com\/wp-content\/uploads\/2025\/07\/12b0227d-a9d3-400f-af6d-82e818c9161d.jpg\",\"width\":1280,\"height\":853},{\"@type\":\"WebPage\",\"@id\":\"https:\/\/elpuucnoticias.com\/?p=20267#webpage\",\"url\":\"https:\/\/elpuucnoticias.com\/?p=20267\",\"name\":\"Articulan acciones Sistemas de Protecci\u00f3n de Ni\u00f1as, Ni\u00f1os y Adolescentes de Quintana Roo frente a la trata de personas - El Puuc Noticias\",\"isPartOf\":{\"@id\":\"https:\/\/elpuucnoticias.com\/#website\"},\"primaryImageOfPage\":{\"@id\":\"https:\/\/elpuucnoticias.com\/?p=20267#primaryimage\"},\"datePublished\":\"2025-07-25T18:32:36+00:00\",\"dateModified\":\"2025-07-25T18:32:37+00:00\",\"author\":{\"@id\":\"https:\/\/elpuucnoticias.com\/#\/schema\/person\/d2ea09e4c97f0160b11cdfb1d856bd9e\"},\"breadcrumb\":{\"@id\":\"https:\/\/elpuucnoticias.com\/?p=20267#breadcrumb\"},\"inLanguage\":\"es\",\"potentialAction\":[{\"@type\":\"ReadAction\",\"target\":[\"https:\/\/elpuucnoticias.com\/?p=20267\"]}]},{\"@type\":\"BreadcrumbList\",\"@id\":\"https:\/\/elpuucnoticias.com\/?p=20267#breadcrumb\",\"itemListElement\":[{\"@type\":\"ListItem\",\"position\":1,\"name\":\"Portada\",\"item\":\"https:\/\/elpuucnoticias.com\/\"},{\"@type\":\"ListItem\",\"position\":2,\"name\":\"Articulan acciones Sistemas de Protecci\u00f3n de Ni\u00f1as, Ni\u00f1os y Adolescentes de Quintana Roo frente a la trata de personas\"}]},{\"@type\":\"Person\",\"@id\":\"https:\/\/elpuucnoticias.com\/#\/schema\/person\/d2ea09e4c97f0160b11cdfb1d856bd9e\",\"name\":\"elpuucnoticias\",\"image\":{\"@type\":\"ImageObject\",\"@id\":\"https:\/\/elpuucnoticias.com\/#personlogo\",\"inLanguage\":\"es\",\"url\":\"https:\/\/secure.gravatar.com\/avatar\/5290a43657c74ffa15701dbe5b846bd85cc71930d803c84e91046a7333de6ce2?s=96&d=mm&r=g\",\"contentUrl\":\"https:\/\/secure.gravatar.com\/avatar\/5290a43657c74ffa15701dbe5b846bd85cc71930d803c84e91046a7333de6ce2?s=96&d=mm&r=g\",\"caption\":\"elpuucnoticias\"},\"sameAs\":[\"https:\/\/elpuucnoticias.com\"],\"url\":\"https:\/\/elpuucnoticias.com\/?author=1\"}]}<\/script>\n<!-- \/ Yoast SEO plugin. -->","yoast_head_json":{"title":"Articulan acciones Sistemas de Protecci\u00f3n de Ni\u00f1as, Ni\u00f1os y Adolescentes de Quintana Roo frente a la trata de personas - El Puuc Noticias","robots":{"index":"index","follow":"follow","max-snippet":"max-snippet:-1","max-image-preview":"max-image-preview:large","max-video-preview":"max-video-preview:-1"},"canonical":"https:\/\/elpuucnoticias.com\/?p=20267","og_locale":"es_ES","og_type":"article","og_title":"Articulan acciones Sistemas de Protecci\u00f3n de Ni\u00f1as, Ni\u00f1os y Adolescentes de Quintana Roo frente a la trata de personas - El Puuc Noticias","og_description":"Integrantes del Sistema de Protecci\u00f3n de Ni\u00f1as, Ni\u00f1os y Adolescentes del Estado de Quintana Roo (SIPINNA) y sus","og_url":"https:\/\/elpuucnoticias.com\/?p=20267","og_site_name":"El Puuc Noticias","article_published_time":"2025-07-25T18:32:36+00:00","article_modified_time":"2025-07-25T18:32:37+00:00","og_image":[{"width":1280,"height":853,"url":"https:\/\/elpuucnoticias.com\/wp-content\/uploads\/2025\/07\/12b0227d-a9d3-400f-af6d-82e818c9161d.jpg","type":"image\/jpeg"}],"twitter_card":"summary_large_image","twitter_misc":{"Escrito por":"elpuucnoticias","Tiempo de lectura":"2 minutos"},"schema":{"@context":"https:\/\/schema.org","@graph":[{"@type":"WebSite","@id":"https:\/\/elpuucnoticias.com\/#website","url":"https:\/\/elpuucnoticias.com\/","name":"El Puuc Noticias","description":"Noticias - Entretenimiento - Deportes","potentialAction":[{"@type":"SearchAction","target":{"@type":"EntryPoint","urlTemplate":"https:\/\/elpuucnoticias.com\/?s={search_term_string}"},"query-input":"required name=search_term_string"}],"inLanguage":"es"},{"@type":"ImageObject","@id":"https:\/\/elpuucnoticias.com\/?p=20267#primaryimage","inLanguage":"es","url":"https:\/\/elpuucnoticias.com\/wp-content\/uploads\/2025\/07\/12b0227d-a9d3-400f-af6d-82e818c9161d.jpg","contentUrl":"https:\/\/elpuucnoticias.com\/wp-content\/uploads\/2025\/07\/12b0227d-a9d3-400f-af6d-82e818c9161d.jpg","width":1280,"height":853},{"@type":"WebPage","@id":"https:\/\/elpuucnoticias.com\/?p=20267#webpage","url":"https:\/\/elpuucnoticias.com\/?p=20267","name":"Articulan acciones Sistemas de Protecci\u00f3n de Ni\u00f1as, Ni\u00f1os y Adolescentes de Quintana Roo frente a la trata de personas - El Puuc Noticias","isPartOf":{"@id":"https:\/\/elpuucnoticias.com\/#website"},"primaryImageOfPage":{"@id":"https:\/\/elpuucnoticias.com\/?p=20267#primaryimage"},"datePublished":"2025-07-25T18:32:36+00:00","dateModified":"2025-07-25T18:32:37+00:00","author":{"@id":"https:\/\/elpuucnoticias.com\/#\/schema\/person\/d2ea09e4c97f0160b11cdfb1d856bd9e"},"breadcrumb":{"@id":"https:\/\/elpuucnoticias.com\/?p=20267#breadcrumb"},"inLanguage":"es","potentialAction":[{"@type":"ReadAction","target":["https:\/\/elpuucnoticias.com\/?p=20267"]}]},{"@type":"BreadcrumbList","@id":"https:\/\/elpuucnoticias.com\/?p=20267#breadcrumb","itemListElement":[{"@type":"ListItem","position":1,"name":"Portada","item":"https:\/\/elpuucnoticias.com\/"},{"@type":"ListItem","position":2,"name":"Articulan acciones Sistemas de Protecci\u00f3n de Ni\u00f1as, Ni\u00f1os y Adolescentes de Quintana Roo frente a la trata de personas"}]},{"@type":"Person","@id":"https:\/\/elpuucnoticias.com\/#\/schema\/person\/d2ea09e4c97f0160b11cdfb1d856bd9e","name":"elpuucnoticias","image":{"@type":"ImageObject","@id":"https:\/\/elpuucnoticias.com\/#personlogo","inLanguage":"es","url":"https:\/\/secure.gravatar.com\/avatar\/5290a43657c74ffa15701dbe5b846bd85cc71930d803c84e91046a7333de6ce2?s=96&d=mm&r=g","contentUrl":"https:\/\/secure.gravatar.com\/avatar\/5290a43657c74ffa15701dbe5b846bd85cc71930d803c84e91046a7333de6ce2?s=96&d=mm&r=g","caption":"elpuucnoticias"},"sameAs":["https:\/\/elpuucnoticias.com"],"url":"https:\/\/elpuucnoticias.com\/?author=1"}]}},"_links":{"self":[{"href":"https:\/\/elpuucnoticias.com\/index.php?rest_route=\/wp\/v2\/posts\/20267","targetHints":{"allow":["GET"]}}],"collection":[{"href":"https:\/\/elpuucnoticias.com\/index.php?rest_route=\/wp\/v2\/posts"}],"about":[{"href":"https:\/\/elpuucnoticias.com\/index.php?rest_route=\/wp\/v2\/types\/post"}],"author":[{"embeddable":true,"href":"https:\/\/elpuucnoticias.com\/index.php?rest_route=\/wp\/v2\/users\/1"}],"replies":[{"embeddable":true,"href":"https:\/\/elpuucnoticias.com\/index.php?rest_route=%2Fwp%2Fv2%2Fcomments&post=20267"}],"version-history":[{"count":1,"href":"https:\/\/elpuucnoticias.com\/index.php?rest_route=\/wp\/v2\/posts\/20267\/revisions"}],"predecessor-version":[{"id":20269,"href":"https:\/\/elpuucnoticias.com\/index.php?rest_route=\/wp\/v2\/posts\/20267\/revisions\/20269"}],"wp:featuredmedia":[{"embeddable":true,"href":"https:\/\/elpuucnoticias.com\/index.php?rest_route=\/wp\/v2\/media\/20268"}],"wp:attachment":[{"href":"https:\/\/elpuucnoticias.com\/index.php?rest_route=%2Fwp%2Fv2%2Fmedia&parent=20267"}],"wp:term":[{"taxonomy":"category","embeddable":true,"href":"https:\/\/elpuucnoticias.com\/index.php?rest_route=%2Fwp%2Fv2%2Fcategories&post=20267"},{"taxonomy":"post_tag","embeddable":true,"href":"https:\/\/elpuucnoticias.com\/index.php?rest_route=%2Fwp%2Fv2%2Ftags&post=20267"}],"curies":[{"name":"wp","href":"https:\/\/api.w.org\/{rel}","templated":true}]}}