{"id":20296,"date":"2025-07-28T10:43:09","date_gmt":"2025-07-28T16:43:09","guid":{"rendered":"https:\/\/elpuucnoticias.com\/?p=20296"},"modified":"2025-07-28T10:43:10","modified_gmt":"2025-07-28T16:43:10","slug":"tekax-celebra-con-gran-exito-el-festival-folklorico-nacional-en-el-marco-del-segundo-aniversario-del-nombramiento-de-pueblo-magico-de-mexico","status":"publish","type":"post","link":"https:\/\/elpuucnoticias.com\/?p=20296","title":{"rendered":"Tekax celebra con gran \u00e9xito el Festival Folkl\u00f3rico Nacional en el marco del segundo aniversario del nombramiento de Pueblo M\u00e1gico de M\u00e9xico"},"content":{"rendered":"\n<p>En un ambiente lleno de m\u00fasica, color y tradici\u00f3n, el municipio de Tekax vivi\u00f3 una jornada inolvidable durante el segundo d\u00eda del Festival Folkl\u00f3rico Nacional, realizado en el marco del segundo aniversario del nombramiento de Tekax como Pueblo M\u00e1gico.<\/p>\n\n\n\n<p>La celebraci\u00f3n inici\u00f3 con un desfile folcl\u00f3rico lleno de alegr\u00eda, donde participaron todos los grupos invitados provenientes de diferentes estados del pa\u00eds. El recorrido parti\u00f3 desde la ex estaci\u00f3n de tren, avanzando por la emblem\u00e1tica calle 50 hasta llegar al centro hist\u00f3rico, donde cientos de personas se congregaron para disfrutar del espect\u00e1culo de trajes t\u00edpicos, m\u00fasica y danza.<\/p>\n\n\n\n<figure class=\"wp-block-image size-large is-style-default\"><img loading=\"lazy\" decoding=\"async\" width=\"1024\" height=\"683\" src=\"https:\/\/elpuucnoticias.com\/wp-content\/uploads\/2025\/07\/whatsapp-image-2025-07-26-at-1.59.37-pm-1024x683.jpeg\" alt=\"\" class=\"wp-image-20298\" srcset=\"https:\/\/elpuucnoticias.com\/wp-content\/uploads\/2025\/07\/whatsapp-image-2025-07-26-at-1.59.37-pm-1024x683.jpeg 1024w, https:\/\/elpuucnoticias.com\/wp-content\/uploads\/2025\/07\/whatsapp-image-2025-07-26-at-1.59.37-pm-300x200.jpeg 300w, https:\/\/elpuucnoticias.com\/wp-content\/uploads\/2025\/07\/whatsapp-image-2025-07-26-at-1.59.37-pm-768x512.jpeg 768w, https:\/\/elpuucnoticias.com\/wp-content\/uploads\/2025\/07\/whatsapp-image-2025-07-26-at-1.59.37-pm-1536x1024.jpeg 1536w, https:\/\/elpuucnoticias.com\/wp-content\/uploads\/2025\/07\/whatsapp-image-2025-07-26-at-1.59.37-pm-2048x1366.jpeg 2048w, https:\/\/elpuucnoticias.com\/wp-content\/uploads\/2025\/07\/whatsapp-image-2025-07-26-at-1.59.37-pm-600x400.jpeg 600w, https:\/\/elpuucnoticias.com\/wp-content\/uploads\/2025\/07\/whatsapp-image-2025-07-26-at-1.59.37-pm-320x213.jpeg 320w\" sizes=\"auto, (max-width: 1024px) 100vw, 1024px\" \/><\/figure>\n\n\n\n<p>El evento fue encabezado por el Presidente Municipal de Tekax, C. Herv\u00e9 Manuel Vallejos Sansores, quien ofreci\u00f3 un emotivo mensaje a los presentes, destacando que este tipo de festividades fortalecen el sentido de identidad y consolidan a Tekax como un referente tur\u00edstico y cultural en el sur de Yucat\u00e1n.<\/p>\n\n\n\n<p>Como invitado especial, se cont\u00f3 con la distinguida presencia del Presidente Municipal del Pueblo M\u00e1gico de Bacalar, Quintana Roo, C. Jos\u00e9 Alfredo Contreras M\u00e9ndez, quien particip\u00f3 activamente en las actividades del d\u00eda, reafirmando los lazos de colaboraci\u00f3n entre municipios m\u00e1gicos del pa\u00eds.<\/p>\n\n\n\n<p>Asimismo, se destac\u00f3 la presencia de la Embajadora de Pueblo M\u00e1gico de Tekax, M\u00f3nica Garma Gorocica, quien ha representado a Tekax pueblo m\u00e1gico de manera especial.<\/p>\n\n\n\n<p>Durante la noche se presentaron espect\u00e1culos de gran nivel, entre las actuaciones m\u00e1s destacadas estuvieron:<\/p>\n\n\n\n<figure class=\"wp-block-image size-large is-style-default\"><img loading=\"lazy\" decoding=\"async\" width=\"1024\" height=\"683\" src=\"https:\/\/elpuucnoticias.com\/wp-content\/uploads\/2025\/07\/whatsapp-image-2025-07-26-at-1.59.38-pm-1-1024x683.jpeg\" alt=\"\" class=\"wp-image-20299\" srcset=\"https:\/\/elpuucnoticias.com\/wp-content\/uploads\/2025\/07\/whatsapp-image-2025-07-26-at-1.59.38-pm-1-1024x683.jpeg 1024w, https:\/\/elpuucnoticias.com\/wp-content\/uploads\/2025\/07\/whatsapp-image-2025-07-26-at-1.59.38-pm-1-300x200.jpeg 300w, https:\/\/elpuucnoticias.com\/wp-content\/uploads\/2025\/07\/whatsapp-image-2025-07-26-at-1.59.38-pm-1-768x512.jpeg 768w, https:\/\/elpuucnoticias.com\/wp-content\/uploads\/2025\/07\/whatsapp-image-2025-07-26-at-1.59.38-pm-1-1536x1024.jpeg 1536w, https:\/\/elpuucnoticias.com\/wp-content\/uploads\/2025\/07\/whatsapp-image-2025-07-26-at-1.59.38-pm-1-2048x1366.jpeg 2048w, https:\/\/elpuucnoticias.com\/wp-content\/uploads\/2025\/07\/whatsapp-image-2025-07-26-at-1.59.38-pm-1-600x400.jpeg 600w, https:\/\/elpuucnoticias.com\/wp-content\/uploads\/2025\/07\/whatsapp-image-2025-07-26-at-1.59.38-pm-1-320x213.jpeg 320w\" sizes=\"auto, (max-width: 1024px) 100vw, 1024px\" \/><\/figure>\n\n\n\n<p>La interpretaci\u00f3n musical de Valeria Sosa.<br>El ballet inclusivo del Centro Educativo Cultural \u201cMaestra Graciella Torres Polanco\u201d de Tekax.<br>El grupo folkl\u00f3rico Chimalxoxhitl de Guerrero.<br>El ballet del adulto mayor \u201cLos A\u00f1os Maravillosos\u201d.<br>El ballet representativo del H. Ayuntamiento de Tekax con la estampa de Sinaloa Taspana.<br>El ensamble folkl\u00f3rico Alas de Oro y Ra\u00edces de M\u00e9xico de Zacualpan, Morelos.<br>Y como cierre especial, la actuaci\u00f3n del Ballet Folkl\u00f3rico de Bacalar.<br>A lo largo de la noche, la alegr\u00eda y el color tambi\u00e9n se vivieron en el corredor artesanal y de emprendedores, instalado desde el centro hist\u00f3rico hasta el punto tur\u00edstico \u201cChulub\u201d. Este espacio se convirti\u00f3 en uno de los m\u00e1s visitados, donde los asistentes pudieron adquirir productos locales, artesan\u00edas, antojitos tradicionales y creaciones \u00fanicas de manos tekaxe\u00f1as.<\/p>\n\n\n\n<p>Para concluir esta vibrante jornada, se llev\u00f3 a cabo un gran baile popular en el campo deportivo \u201cLa Uni\u00f3n\u201d, con m\u00fasica en vivo y un ambiente de fiesta familiar. Tambi\u00e9n se ofrecieron diversos atractivos para ni\u00f1os, j\u00f3venes y adultos, haciendo de este evento una verdadera celebraci\u00f3n para toda la comunidad.<\/p>\n\n\n\n<p>Gracias al compromiso del Ayuntamiento de Tekax y el liderazgo del alcalde Manuel Vallejos, este festival no solo honra nuestras ra\u00edces, sino que tambi\u00e9n impulsa el desarrollo tur\u00edstico, cultural y econ\u00f3mico del municipio.<\/p>\n","protected":false},"excerpt":{"rendered":"<p>En un ambiente lleno de m\u00fasica, color y tradici\u00f3n, el municipio de Tekax vivi\u00f3 una jornada inolvidable durante<\/p>\n","protected":false},"author":1,"featured_media":20297,"comment_status":"closed","ping_status":"open","sticky":false,"template":"","format":"standard","meta":{"_monsterinsights_skip_tracking":false,"_monsterinsights_sitenote_active":false,"_monsterinsights_sitenote_note":"","_monsterinsights_sitenote_category":0,"footnotes":""},"categories":[16,11,4],"tags":[],"class_list":["post-20296","post","type-post","status-publish","format-standard","has-post-thumbnail","hentry","category-exclusiva","category-noticias","category-tekax"],"yoast_head":"<!-- This site is optimized with the Yoast SEO plugin v18.3 - https:\/\/yoast.com\/wordpress\/plugins\/seo\/ -->\n<title>Tekax celebra con gran \u00e9xito el Festival Folkl\u00f3rico Nacional en el marco del segundo aniversario del nombramiento de Pueblo M\u00e1gico de M\u00e9xico - El Puuc Noticias<\/title>\n<meta name=\"robots\" content=\"index, follow, max-snippet:-1, max-image-preview:large, max-video-preview:-1\" \/>\n<link rel=\"canonical\" href=\"https:\/\/elpuucnoticias.com\/?p=20296\" \/>\n<meta property=\"og:locale\" content=\"es_ES\" \/>\n<meta property=\"og:type\" content=\"article\" \/>\n<meta property=\"og:title\" content=\"Tekax celebra con gran \u00e9xito el Festival Folkl\u00f3rico Nacional en el marco del segundo aniversario del nombramiento de Pueblo M\u00e1gico de M\u00e9xico - El Puuc Noticias\" \/>\n<meta property=\"og:description\" content=\"En un ambiente lleno de m\u00fasica, color y tradici\u00f3n, el municipio de Tekax vivi\u00f3 una jornada inolvidable durante\" \/>\n<meta property=\"og:url\" content=\"https:\/\/elpuucnoticias.com\/?p=20296\" \/>\n<meta property=\"og:site_name\" content=\"El Puuc Noticias\" \/>\n<meta property=\"article:published_time\" content=\"2025-07-28T16:43:09+00:00\" \/>\n<meta property=\"article:modified_time\" content=\"2025-07-28T16:43:10+00:00\" \/>\n<meta property=\"og:image\" content=\"https:\/\/elpuucnoticias.com\/wp-content\/uploads\/2025\/07\/whatsapp-image-2025-07-26-at-1.59.37-pm-1024x683.jpeg\" \/>\n<meta name=\"twitter:card\" content=\"summary_large_image\" \/>\n<meta name=\"twitter:label1\" content=\"Escrito por\" \/>\n\t<meta name=\"twitter:data1\" content=\"elpuucnoticias\" \/>\n\t<meta name=\"twitter:label2\" content=\"Tiempo de lectura\" \/>\n\t<meta name=\"twitter:data2\" content=\"2 minutos\" \/>\n<script type=\"application\/ld+json\" class=\"yoast-schema-graph\">{\"@context\":\"https:\/\/schema.org\",\"@graph\":[{\"@type\":\"WebSite\",\"@id\":\"https:\/\/elpuucnoticias.com\/#website\",\"url\":\"https:\/\/elpuucnoticias.com\/\",\"name\":\"El Puuc Noticias\",\"description\":\"Noticias - Entretenimiento - Deportes\",\"potentialAction\":[{\"@type\":\"SearchAction\",\"target\":{\"@type\":\"EntryPoint\",\"urlTemplate\":\"https:\/\/elpuucnoticias.com\/?s={search_term_string}\"},\"query-input\":\"required name=search_term_string\"}],\"inLanguage\":\"es\"},{\"@type\":\"ImageObject\",\"@id\":\"https:\/\/elpuucnoticias.com\/?p=20296#primaryimage\",\"inLanguage\":\"es\",\"url\":\"https:\/\/elpuucnoticias.com\/wp-content\/uploads\/2025\/07\/whatsapp-image-2025-07-26-at-1.59.38-pm-scaled.jpeg\",\"contentUrl\":\"https:\/\/elpuucnoticias.com\/wp-content\/uploads\/2025\/07\/whatsapp-image-2025-07-26-at-1.59.38-pm-scaled.jpeg\",\"width\":2560,\"height\":1707},{\"@type\":\"WebPage\",\"@id\":\"https:\/\/elpuucnoticias.com\/?p=20296#webpage\",\"url\":\"https:\/\/elpuucnoticias.com\/?p=20296\",\"name\":\"Tekax celebra con gran \u00e9xito el Festival Folkl\u00f3rico Nacional en el marco del segundo aniversario del nombramiento de Pueblo M\u00e1gico de M\u00e9xico - El Puuc Noticias\",\"isPartOf\":{\"@id\":\"https:\/\/elpuucnoticias.com\/#website\"},\"primaryImageOfPage\":{\"@id\":\"https:\/\/elpuucnoticias.com\/?p=20296#primaryimage\"},\"datePublished\":\"2025-07-28T16:43:09+00:00\",\"dateModified\":\"2025-07-28T16:43:10+00:00\",\"author\":{\"@id\":\"https:\/\/elpuucnoticias.com\/#\/schema\/person\/d2ea09e4c97f0160b11cdfb1d856bd9e\"},\"breadcrumb\":{\"@id\":\"https:\/\/elpuucnoticias.com\/?p=20296#breadcrumb\"},\"inLanguage\":\"es\",\"potentialAction\":[{\"@type\":\"ReadAction\",\"target\":[\"https:\/\/elpuucnoticias.com\/?p=20296\"]}]},{\"@type\":\"BreadcrumbList\",\"@id\":\"https:\/\/elpuucnoticias.com\/?p=20296#breadcrumb\",\"itemListElement\":[{\"@type\":\"ListItem\",\"position\":1,\"name\":\"Portada\",\"item\":\"https:\/\/elpuucnoticias.com\/\"},{\"@type\":\"ListItem\",\"position\":2,\"name\":\"Tekax celebra con gran \u00e9xito el Festival Folkl\u00f3rico Nacional en el marco del segundo aniversario del nombramiento de Pueblo M\u00e1gico de M\u00e9xico\"}]},{\"@type\":\"Person\",\"@id\":\"https:\/\/elpuucnoticias.com\/#\/schema\/person\/d2ea09e4c97f0160b11cdfb1d856bd9e\",\"name\":\"elpuucnoticias\",\"image\":{\"@type\":\"ImageObject\",\"@id\":\"https:\/\/elpuucnoticias.com\/#personlogo\",\"inLanguage\":\"es\",\"url\":\"https:\/\/secure.gravatar.com\/avatar\/5290a43657c74ffa15701dbe5b846bd85cc71930d803c84e91046a7333de6ce2?s=96&d=mm&r=g\",\"contentUrl\":\"https:\/\/secure.gravatar.com\/avatar\/5290a43657c74ffa15701dbe5b846bd85cc71930d803c84e91046a7333de6ce2?s=96&d=mm&r=g\",\"caption\":\"elpuucnoticias\"},\"sameAs\":[\"https:\/\/elpuucnoticias.com\"],\"url\":\"https:\/\/elpuucnoticias.com\/?author=1\"}]}<\/script>\n<!-- \/ Yoast SEO plugin. -->","yoast_head_json":{"title":"Tekax celebra con gran \u00e9xito el Festival Folkl\u00f3rico Nacional en el marco del segundo aniversario del nombramiento de Pueblo M\u00e1gico de M\u00e9xico - El Puuc Noticias","robots":{"index":"index","follow":"follow","max-snippet":"max-snippet:-1","max-image-preview":"max-image-preview:large","max-video-preview":"max-video-preview:-1"},"canonical":"https:\/\/elpuucnoticias.com\/?p=20296","og_locale":"es_ES","og_type":"article","og_title":"Tekax celebra con gran \u00e9xito el Festival Folkl\u00f3rico Nacional en el marco del segundo aniversario del nombramiento de Pueblo M\u00e1gico de M\u00e9xico - El Puuc Noticias","og_description":"En un ambiente lleno de m\u00fasica, color y tradici\u00f3n, el municipio de Tekax vivi\u00f3 una jornada inolvidable durante","og_url":"https:\/\/elpuucnoticias.com\/?p=20296","og_site_name":"El Puuc Noticias","article_published_time":"2025-07-28T16:43:09+00:00","article_modified_time":"2025-07-28T16:43:10+00:00","og_image":[{"url":"https:\/\/elpuucnoticias.com\/wp-content\/uploads\/2025\/07\/whatsapp-image-2025-07-26-at-1.59.37-pm-1024x683.jpeg"}],"twitter_card":"summary_large_image","twitter_misc":{"Escrito por":"elpuucnoticias","Tiempo de lectura":"2 minutos"},"schema":{"@context":"https:\/\/schema.org","@graph":[{"@type":"WebSite","@id":"https:\/\/elpuucnoticias.com\/#website","url":"https:\/\/elpuucnoticias.com\/","name":"El Puuc Noticias","description":"Noticias - Entretenimiento - Deportes","potentialAction":[{"@type":"SearchAction","target":{"@type":"EntryPoint","urlTemplate":"https:\/\/elpuucnoticias.com\/?s={search_term_string}"},"query-input":"required name=search_term_string"}],"inLanguage":"es"},{"@type":"ImageObject","@id":"https:\/\/elpuucnoticias.com\/?p=20296#primaryimage","inLanguage":"es","url":"https:\/\/elpuucnoticias.com\/wp-content\/uploads\/2025\/07\/whatsapp-image-2025-07-26-at-1.59.38-pm-scaled.jpeg","contentUrl":"https:\/\/elpuucnoticias.com\/wp-content\/uploads\/2025\/07\/whatsapp-image-2025-07-26-at-1.59.38-pm-scaled.jpeg","width":2560,"height":1707},{"@type":"WebPage","@id":"https:\/\/elpuucnoticias.com\/?p=20296#webpage","url":"https:\/\/elpuucnoticias.com\/?p=20296","name":"Tekax celebra con gran \u00e9xito el Festival Folkl\u00f3rico Nacional en el marco del segundo aniversario del nombramiento de Pueblo M\u00e1gico de M\u00e9xico - El Puuc Noticias","isPartOf":{"@id":"https:\/\/elpuucnoticias.com\/#website"},"primaryImageOfPage":{"@id":"https:\/\/elpuucnoticias.com\/?p=20296#primaryimage"},"datePublished":"2025-07-28T16:43:09+00:00","dateModified":"2025-07-28T16:43:10+00:00","author":{"@id":"https:\/\/elpuucnoticias.com\/#\/schema\/person\/d2ea09e4c97f0160b11cdfb1d856bd9e"},"breadcrumb":{"@id":"https:\/\/elpuucnoticias.com\/?p=20296#breadcrumb"},"inLanguage":"es","potentialAction":[{"@type":"ReadAction","target":["https:\/\/elpuucnoticias.com\/?p=20296"]}]},{"@type":"BreadcrumbList","@id":"https:\/\/elpuucnoticias.com\/?p=20296#breadcrumb","itemListElement":[{"@type":"ListItem","position":1,"name":"Portada","item":"https:\/\/elpuucnoticias.com\/"},{"@type":"ListItem","position":2,"name":"Tekax celebra con gran \u00e9xito el Festival Folkl\u00f3rico Nacional en el marco del segundo aniversario del nombramiento de Pueblo M\u00e1gico de M\u00e9xico"}]},{"@type":"Person","@id":"https:\/\/elpuucnoticias.com\/#\/schema\/person\/d2ea09e4c97f0160b11cdfb1d856bd9e","name":"elpuucnoticias","image":{"@type":"ImageObject","@id":"https:\/\/elpuucnoticias.com\/#personlogo","inLanguage":"es","url":"https:\/\/secure.gravatar.com\/avatar\/5290a43657c74ffa15701dbe5b846bd85cc71930d803c84e91046a7333de6ce2?s=96&d=mm&r=g","contentUrl":"https:\/\/secure.gravatar.com\/avatar\/5290a43657c74ffa15701dbe5b846bd85cc71930d803c84e91046a7333de6ce2?s=96&d=mm&r=g","caption":"elpuucnoticias"},"sameAs":["https:\/\/elpuucnoticias.com"],"url":"https:\/\/elpuucnoticias.com\/?author=1"}]}},"_links":{"self":[{"href":"https:\/\/elpuucnoticias.com\/index.php?rest_route=\/wp\/v2\/posts\/20296","targetHints":{"allow":["GET"]}}],"collection":[{"href":"https:\/\/elpuucnoticias.com\/index.php?rest_route=\/wp\/v2\/posts"}],"about":[{"href":"https:\/\/elpuucnoticias.com\/index.php?rest_route=\/wp\/v2\/types\/post"}],"author":[{"embeddable":true,"href":"https:\/\/elpuucnoticias.com\/index.php?rest_route=\/wp\/v2\/users\/1"}],"replies":[{"embeddable":true,"href":"https:\/\/elpuucnoticias.com\/index.php?rest_route=%2Fwp%2Fv2%2Fcomments&post=20296"}],"version-history":[{"count":1,"href":"https:\/\/elpuucnoticias.com\/index.php?rest_route=\/wp\/v2\/posts\/20296\/revisions"}],"predecessor-version":[{"id":20300,"href":"https:\/\/elpuucnoticias.com\/index.php?rest_route=\/wp\/v2\/posts\/20296\/revisions\/20300"}],"wp:featuredmedia":[{"embeddable":true,"href":"https:\/\/elpuucnoticias.com\/index.php?rest_route=\/wp\/v2\/media\/20297"}],"wp:attachment":[{"href":"https:\/\/elpuucnoticias.com\/index.php?rest_route=%2Fwp%2Fv2%2Fmedia&parent=20296"}],"wp:term":[{"taxonomy":"category","embeddable":true,"href":"https:\/\/elpuucnoticias.com\/index.php?rest_route=%2Fwp%2Fv2%2Fcategories&post=20296"},{"taxonomy":"post_tag","embeddable":true,"href":"https:\/\/elpuucnoticias.com\/index.php?rest_route=%2Fwp%2Fv2%2Ftags&post=20296"}],"curies":[{"name":"wp","href":"https:\/\/api.w.org\/{rel}","templated":true}]}}