{"id":20301,"date":"2025-07-28T10:45:33","date_gmt":"2025-07-28T16:45:33","guid":{"rendered":"https:\/\/elpuucnoticias.com\/?p=20301"},"modified":"2025-07-28T10:45:33","modified_gmt":"2025-07-28T16:45:33","slug":"cumplen-con-exito-deportistas-quintanarroenses-con-discapacidad-en-su-eliminatoria-de-la-paraolimpiada-estatal-2025","status":"publish","type":"post","link":"https:\/\/elpuucnoticias.com\/?p=20301","title":{"rendered":"Cumplen con \u00e9xito deportistas quintanarroenses con discapacidad en su eliminatoria de la Paraolimpiada Estatal 2025"},"content":{"rendered":"\n<p>Como parte del proceso clasificatorio rumbo a la pr\u00f3xima Paraolimpiada Nacional CONADE 2025 y para conformar la Delegaci\u00f3n de Quintana Roo, un total de 93 deportistas con discapacidad cumplieron en sus respectivas pruebas dentro de la eliminatoria Paraolimpiada Estatal 2025, certamen que se realiz\u00f3 con \u00e9xito en el municipio de Playa del Carmen.<\/p>\n\n\n\n<p>Con base al Nuevo Acuerdo por el Bienestar y Desarrollo de Quintana Roo que promueve la gobernadora Mara Lezama Espinosa, el deporte adaptado es una prioridad para el Gobierno del Estado y a trav\u00e9s de la Comisi\u00f3n del Deporte de Quintana Roo (CODEQ), presidida por Jacobo Arzate Hop, se realiz\u00f3 esta eliminatoria de car\u00e1cter estatal, que adem\u00e1s de ser parte del proceso para la competencia m\u00e1s importante del pa\u00eds, tambi\u00e9n sirve para que las y los paratletas puedan mostrar su talento deportivo.<\/p>\n\n\n\n<figure class=\"wp-block-image size-large is-style-default\"><img loading=\"lazy\" decoding=\"async\" width=\"1024\" height=\"682\" src=\"https:\/\/elpuucnoticias.com\/wp-content\/uploads\/2025\/07\/whatsapp-image-2025-07-28-at-10.43.49-am-1024x682.jpeg\" alt=\"\" class=\"wp-image-20303\" srcset=\"https:\/\/elpuucnoticias.com\/wp-content\/uploads\/2025\/07\/whatsapp-image-2025-07-28-at-10.43.49-am-1024x682.jpeg 1024w, https:\/\/elpuucnoticias.com\/wp-content\/uploads\/2025\/07\/whatsapp-image-2025-07-28-at-10.43.49-am-300x200.jpeg 300w, https:\/\/elpuucnoticias.com\/wp-content\/uploads\/2025\/07\/whatsapp-image-2025-07-28-at-10.43.49-am-768x512.jpeg 768w, https:\/\/elpuucnoticias.com\/wp-content\/uploads\/2025\/07\/whatsapp-image-2025-07-28-at-10.43.49-am-1536x1023.jpeg 1536w, https:\/\/elpuucnoticias.com\/wp-content\/uploads\/2025\/07\/whatsapp-image-2025-07-28-at-10.43.49-am-600x400.jpeg 600w, https:\/\/elpuucnoticias.com\/wp-content\/uploads\/2025\/07\/whatsapp-image-2025-07-28-at-10.43.49-am-320x213.jpeg 320w, https:\/\/elpuucnoticias.com\/wp-content\/uploads\/2025\/07\/whatsapp-image-2025-07-28-at-10.43.49-am.jpeg 1600w\" sizes=\"auto, (max-width: 1024px) 100vw, 1024px\" \/><\/figure>\n\n\n\n<p>\u201cEstamos muy contentos y adem\u00e1s, reafirmamos que en Quintana Roo hay mucho talento deportivo, y eso qued\u00f3 demostrado en la eliminatoria de la Paraolimpiada Estatal 2025, estoy muy seguro de que estaremos bien representados en la Paraolimpiada Nacional CONADE 2025 y solo hay que reconocer a cada una y uno de los paratletas, que mostraron su mejor versi\u00f3n y claro los seguiremos apoyando para que cumplan sus objetivos\u201d, coment\u00f3 el titular de la CODEQ.<\/p>\n\n\n\n<p>Cabe destacar que Quintana Roo competir\u00e1 en la Paraolimpiada Nacional CONADE 2025 en las disciplinas de Boccia, Paradanza Deportiva, Parapowerlifting y Paratenis de Mesa, deportes en el que las y los quintanarroenses tienen su pase directo, pero para el clasificatorio estatal si se hicieron los registros de marca en las disciplinas de Paranataci\u00f3n y Paratletismo.<\/p>\n\n\n\n<p>Sobre las competencias, la disciplina de Paranataci\u00f3n se realiz\u00f3 en la Unidad Deportiva Riviera Maya, donde entraron en acci\u00f3n 26 deportistas de los municipios de Cozumel, Benito Ju\u00e1rez, Oth\u00f3n P. Blanco y Playa del Carmen; mientras que el Paratletismo se escenific\u00f3 en la Unidad Deportiva \u201cMario Villanueva Madrid\u201d con la participaci\u00f3n de 67 paratletas de los municipios de Benito Ju\u00e1rez, Cozumel, Felipe Carrillo Puerto, Jos\u00e9 Mar\u00eda Morelos, Oth\u00f3n P. Blanco, Playa del Carmen y Tulum.<\/p>\n\n\n\n<p>Como parte de las actividades de esta intensa jornada de competencias, se realiz\u00f3 una ceremonia de apertura misma que estuvo encabezada por Wilberth Flores Coral, delegado en Zona Norte de la CODEQ, quien estuvo en representaci\u00f3n de Jacobo Arzate, presidente de la CODEQ; adem\u00e1s de Paolo Sergio Montero, director del CRIT Quintana Roo; as\u00ed como los directores del deporte Alberto L\u00f3pez de Playa del Carmen y Nadia Salazar de Felipe Carrillo Puerto.<\/p>\n\n\n\n<p>Tras cumplir con este proceso clasificatorio, las y los paratletas de Quintana Roo se encuentran listos para competir en lo que ser\u00e1 la fase final de la Paraolimpiada Nacional CONADE 2025, que est\u00e1 previsto para realizarse en el estado de Aguascalientes, en fechas por confirmar.<\/p>\n","protected":false},"excerpt":{"rendered":"<p>Como parte del proceso clasificatorio rumbo a la pr\u00f3xima Paraolimpiada Nacional CONADE 2025 y para conformar la Delegaci\u00f3n<\/p>\n","protected":false},"author":1,"featured_media":20302,"comment_status":"closed","ping_status":"open","sticky":false,"template":"","format":"standard","meta":{"_monsterinsights_skip_tracking":false,"_monsterinsights_sitenote_active":false,"_monsterinsights_sitenote_note":"","_monsterinsights_sitenote_category":0,"footnotes":""},"categories":[16,24],"tags":[],"class_list":["post-20301","post","type-post","status-publish","format-standard","has-post-thumbnail","hentry","category-exclusiva","category-quintana-roo"],"yoast_head":"<!-- This site is optimized with the Yoast SEO plugin v18.3 - https:\/\/yoast.com\/wordpress\/plugins\/seo\/ -->\n<title>Cumplen con \u00e9xito deportistas quintanarroenses con discapacidad en su eliminatoria de la Paraolimpiada Estatal 2025 - El Puuc Noticias<\/title>\n<meta name=\"robots\" content=\"index, follow, max-snippet:-1, max-image-preview:large, max-video-preview:-1\" \/>\n<link rel=\"canonical\" href=\"https:\/\/elpuucnoticias.com\/?p=20301\" \/>\n<meta property=\"og:locale\" content=\"es_ES\" \/>\n<meta property=\"og:type\" content=\"article\" \/>\n<meta property=\"og:title\" content=\"Cumplen con \u00e9xito deportistas quintanarroenses con discapacidad en su eliminatoria de la Paraolimpiada Estatal 2025 - El Puuc Noticias\" \/>\n<meta property=\"og:description\" content=\"Como parte del proceso clasificatorio rumbo a la pr\u00f3xima Paraolimpiada Nacional CONADE 2025 y para conformar la Delegaci\u00f3n\" \/>\n<meta property=\"og:url\" content=\"https:\/\/elpuucnoticias.com\/?p=20301\" \/>\n<meta property=\"og:site_name\" content=\"El Puuc Noticias\" \/>\n<meta property=\"article:published_time\" content=\"2025-07-28T16:45:33+00:00\" \/>\n<meta property=\"og:image\" content=\"https:\/\/elpuucnoticias.com\/wp-content\/uploads\/2025\/07\/whatsapp-image-2025-07-28-at-10.43.43-am.jpeg\" \/>\n\t<meta property=\"og:image:width\" content=\"1500\" \/>\n\t<meta property=\"og:image:height\" content=\"1000\" \/>\n\t<meta property=\"og:image:type\" content=\"image\/jpeg\" \/>\n<meta name=\"twitter:card\" content=\"summary_large_image\" \/>\n<meta name=\"twitter:label1\" content=\"Escrito por\" \/>\n\t<meta name=\"twitter:data1\" content=\"elpuucnoticias\" \/>\n\t<meta name=\"twitter:label2\" content=\"Tiempo de lectura\" \/>\n\t<meta name=\"twitter:data2\" content=\"2 minutos\" \/>\n<script type=\"application\/ld+json\" class=\"yoast-schema-graph\">{\"@context\":\"https:\/\/schema.org\",\"@graph\":[{\"@type\":\"WebSite\",\"@id\":\"https:\/\/elpuucnoticias.com\/#website\",\"url\":\"https:\/\/elpuucnoticias.com\/\",\"name\":\"El Puuc Noticias\",\"description\":\"Noticias - Entretenimiento - Deportes\",\"potentialAction\":[{\"@type\":\"SearchAction\",\"target\":{\"@type\":\"EntryPoint\",\"urlTemplate\":\"https:\/\/elpuucnoticias.com\/?s={search_term_string}\"},\"query-input\":\"required name=search_term_string\"}],\"inLanguage\":\"es\"},{\"@type\":\"ImageObject\",\"@id\":\"https:\/\/elpuucnoticias.com\/?p=20301#primaryimage\",\"inLanguage\":\"es\",\"url\":\"https:\/\/elpuucnoticias.com\/wp-content\/uploads\/2025\/07\/whatsapp-image-2025-07-28-at-10.43.43-am.jpeg\",\"contentUrl\":\"https:\/\/elpuucnoticias.com\/wp-content\/uploads\/2025\/07\/whatsapp-image-2025-07-28-at-10.43.43-am.jpeg\",\"width\":1500,\"height\":1000},{\"@type\":\"WebPage\",\"@id\":\"https:\/\/elpuucnoticias.com\/?p=20301#webpage\",\"url\":\"https:\/\/elpuucnoticias.com\/?p=20301\",\"name\":\"Cumplen con \u00e9xito deportistas quintanarroenses con discapacidad en su eliminatoria de la Paraolimpiada Estatal 2025 - El Puuc Noticias\",\"isPartOf\":{\"@id\":\"https:\/\/elpuucnoticias.com\/#website\"},\"primaryImageOfPage\":{\"@id\":\"https:\/\/elpuucnoticias.com\/?p=20301#primaryimage\"},\"datePublished\":\"2025-07-28T16:45:33+00:00\",\"dateModified\":\"2025-07-28T16:45:33+00:00\",\"author\":{\"@id\":\"https:\/\/elpuucnoticias.com\/#\/schema\/person\/d2ea09e4c97f0160b11cdfb1d856bd9e\"},\"breadcrumb\":{\"@id\":\"https:\/\/elpuucnoticias.com\/?p=20301#breadcrumb\"},\"inLanguage\":\"es\",\"potentialAction\":[{\"@type\":\"ReadAction\",\"target\":[\"https:\/\/elpuucnoticias.com\/?p=20301\"]}]},{\"@type\":\"BreadcrumbList\",\"@id\":\"https:\/\/elpuucnoticias.com\/?p=20301#breadcrumb\",\"itemListElement\":[{\"@type\":\"ListItem\",\"position\":1,\"name\":\"Portada\",\"item\":\"https:\/\/elpuucnoticias.com\/\"},{\"@type\":\"ListItem\",\"position\":2,\"name\":\"Cumplen con \u00e9xito deportistas quintanarroenses con discapacidad en su eliminatoria de la Paraolimpiada Estatal 2025\"}]},{\"@type\":\"Person\",\"@id\":\"https:\/\/elpuucnoticias.com\/#\/schema\/person\/d2ea09e4c97f0160b11cdfb1d856bd9e\",\"name\":\"elpuucnoticias\",\"image\":{\"@type\":\"ImageObject\",\"@id\":\"https:\/\/elpuucnoticias.com\/#personlogo\",\"inLanguage\":\"es\",\"url\":\"https:\/\/secure.gravatar.com\/avatar\/5290a43657c74ffa15701dbe5b846bd85cc71930d803c84e91046a7333de6ce2?s=96&d=mm&r=g\",\"contentUrl\":\"https:\/\/secure.gravatar.com\/avatar\/5290a43657c74ffa15701dbe5b846bd85cc71930d803c84e91046a7333de6ce2?s=96&d=mm&r=g\",\"caption\":\"elpuucnoticias\"},\"sameAs\":[\"https:\/\/elpuucnoticias.com\"],\"url\":\"https:\/\/elpuucnoticias.com\/?author=1\"}]}<\/script>\n<!-- \/ Yoast SEO plugin. -->","yoast_head_json":{"title":"Cumplen con \u00e9xito deportistas quintanarroenses con discapacidad en su eliminatoria de la Paraolimpiada Estatal 2025 - El Puuc Noticias","robots":{"index":"index","follow":"follow","max-snippet":"max-snippet:-1","max-image-preview":"max-image-preview:large","max-video-preview":"max-video-preview:-1"},"canonical":"https:\/\/elpuucnoticias.com\/?p=20301","og_locale":"es_ES","og_type":"article","og_title":"Cumplen con \u00e9xito deportistas quintanarroenses con discapacidad en su eliminatoria de la Paraolimpiada Estatal 2025 - El Puuc Noticias","og_description":"Como parte del proceso clasificatorio rumbo a la pr\u00f3xima Paraolimpiada Nacional CONADE 2025 y para conformar la Delegaci\u00f3n","og_url":"https:\/\/elpuucnoticias.com\/?p=20301","og_site_name":"El Puuc Noticias","article_published_time":"2025-07-28T16:45:33+00:00","og_image":[{"width":1500,"height":1000,"url":"https:\/\/elpuucnoticias.com\/wp-content\/uploads\/2025\/07\/whatsapp-image-2025-07-28-at-10.43.43-am.jpeg","type":"image\/jpeg"}],"twitter_card":"summary_large_image","twitter_misc":{"Escrito por":"elpuucnoticias","Tiempo de lectura":"2 minutos"},"schema":{"@context":"https:\/\/schema.org","@graph":[{"@type":"WebSite","@id":"https:\/\/elpuucnoticias.com\/#website","url":"https:\/\/elpuucnoticias.com\/","name":"El Puuc Noticias","description":"Noticias - Entretenimiento - Deportes","potentialAction":[{"@type":"SearchAction","target":{"@type":"EntryPoint","urlTemplate":"https:\/\/elpuucnoticias.com\/?s={search_term_string}"},"query-input":"required name=search_term_string"}],"inLanguage":"es"},{"@type":"ImageObject","@id":"https:\/\/elpuucnoticias.com\/?p=20301#primaryimage","inLanguage":"es","url":"https:\/\/elpuucnoticias.com\/wp-content\/uploads\/2025\/07\/whatsapp-image-2025-07-28-at-10.43.43-am.jpeg","contentUrl":"https:\/\/elpuucnoticias.com\/wp-content\/uploads\/2025\/07\/whatsapp-image-2025-07-28-at-10.43.43-am.jpeg","width":1500,"height":1000},{"@type":"WebPage","@id":"https:\/\/elpuucnoticias.com\/?p=20301#webpage","url":"https:\/\/elpuucnoticias.com\/?p=20301","name":"Cumplen con \u00e9xito deportistas quintanarroenses con discapacidad en su eliminatoria de la Paraolimpiada Estatal 2025 - El Puuc Noticias","isPartOf":{"@id":"https:\/\/elpuucnoticias.com\/#website"},"primaryImageOfPage":{"@id":"https:\/\/elpuucnoticias.com\/?p=20301#primaryimage"},"datePublished":"2025-07-28T16:45:33+00:00","dateModified":"2025-07-28T16:45:33+00:00","author":{"@id":"https:\/\/elpuucnoticias.com\/#\/schema\/person\/d2ea09e4c97f0160b11cdfb1d856bd9e"},"breadcrumb":{"@id":"https:\/\/elpuucnoticias.com\/?p=20301#breadcrumb"},"inLanguage":"es","potentialAction":[{"@type":"ReadAction","target":["https:\/\/elpuucnoticias.com\/?p=20301"]}]},{"@type":"BreadcrumbList","@id":"https:\/\/elpuucnoticias.com\/?p=20301#breadcrumb","itemListElement":[{"@type":"ListItem","position":1,"name":"Portada","item":"https:\/\/elpuucnoticias.com\/"},{"@type":"ListItem","position":2,"name":"Cumplen con \u00e9xito deportistas quintanarroenses con discapacidad en su eliminatoria de la Paraolimpiada Estatal 2025"}]},{"@type":"Person","@id":"https:\/\/elpuucnoticias.com\/#\/schema\/person\/d2ea09e4c97f0160b11cdfb1d856bd9e","name":"elpuucnoticias","image":{"@type":"ImageObject","@id":"https:\/\/elpuucnoticias.com\/#personlogo","inLanguage":"es","url":"https:\/\/secure.gravatar.com\/avatar\/5290a43657c74ffa15701dbe5b846bd85cc71930d803c84e91046a7333de6ce2?s=96&d=mm&r=g","contentUrl":"https:\/\/secure.gravatar.com\/avatar\/5290a43657c74ffa15701dbe5b846bd85cc71930d803c84e91046a7333de6ce2?s=96&d=mm&r=g","caption":"elpuucnoticias"},"sameAs":["https:\/\/elpuucnoticias.com"],"url":"https:\/\/elpuucnoticias.com\/?author=1"}]}},"_links":{"self":[{"href":"https:\/\/elpuucnoticias.com\/index.php?rest_route=\/wp\/v2\/posts\/20301","targetHints":{"allow":["GET"]}}],"collection":[{"href":"https:\/\/elpuucnoticias.com\/index.php?rest_route=\/wp\/v2\/posts"}],"about":[{"href":"https:\/\/elpuucnoticias.com\/index.php?rest_route=\/wp\/v2\/types\/post"}],"author":[{"embeddable":true,"href":"https:\/\/elpuucnoticias.com\/index.php?rest_route=\/wp\/v2\/users\/1"}],"replies":[{"embeddable":true,"href":"https:\/\/elpuucnoticias.com\/index.php?rest_route=%2Fwp%2Fv2%2Fcomments&post=20301"}],"version-history":[{"count":1,"href":"https:\/\/elpuucnoticias.com\/index.php?rest_route=\/wp\/v2\/posts\/20301\/revisions"}],"predecessor-version":[{"id":20304,"href":"https:\/\/elpuucnoticias.com\/index.php?rest_route=\/wp\/v2\/posts\/20301\/revisions\/20304"}],"wp:featuredmedia":[{"embeddable":true,"href":"https:\/\/elpuucnoticias.com\/index.php?rest_route=\/wp\/v2\/media\/20302"}],"wp:attachment":[{"href":"https:\/\/elpuucnoticias.com\/index.php?rest_route=%2Fwp%2Fv2%2Fmedia&parent=20301"}],"wp:term":[{"taxonomy":"category","embeddable":true,"href":"https:\/\/elpuucnoticias.com\/index.php?rest_route=%2Fwp%2Fv2%2Fcategories&post=20301"},{"taxonomy":"post_tag","embeddable":true,"href":"https:\/\/elpuucnoticias.com\/index.php?rest_route=%2Fwp%2Fv2%2Ftags&post=20301"}],"curies":[{"name":"wp","href":"https:\/\/api.w.org\/{rel}","templated":true}]}}