{"id":20318,"date":"2025-07-29T12:55:12","date_gmt":"2025-07-29T18:55:12","guid":{"rendered":"https:\/\/elpuucnoticias.com\/?p=20318"},"modified":"2025-07-29T12:55:13","modified_gmt":"2025-07-29T18:55:13","slug":"inician-curso-de-verano-exploradores-de-la-naturaleza-con-125-ninas-y-ninos","status":"publish","type":"post","link":"https:\/\/elpuucnoticias.com\/?p=20318","title":{"rendered":"Inician curso de verano \u201cExploradores de la Naturaleza\u201d con 125 ni\u00f1as y ni\u00f1os"},"content":{"rendered":"\n<p>Con el objetivo de promover el respeto por el entorno natural y el fortalecimiento de valores comunitarios desde la infancia, esta ma\u00f1ana la Fundaci\u00f3n de Parques y Museos de Cozumel (FPMC) inici\u00f3 a su tradicional curso de verano \u201cExploradores de la Naturaleza\u201d, con la participaci\u00f3n de 125 ni\u00f1as y ni\u00f1os de entre 7 y 11 a\u00f1os.<\/p>\n\n\n\n<p>La directora general de la FPMC, Juanita Alonso Marrufo, encabez\u00f3 la inauguraci\u00f3n del curso que se llev\u00f3 a cabo en el BiblioAvi\u00f3n Gervasio, donde expres\u00f3 su deseo de que las y los participantes vivan una experiencia inolvidable, aprendan a cuidar el medio ambiente y formen nuevas amistades.<\/p>\n\n\n\n<figure class=\"wp-block-image is-style-default\"><a href=\"https:\/\/cgc.qroo.gob.mx\/cjg\/wp-content\/uploads\/2025\/07\/WhatsApp-Image-2025-07-28-at-14.13.28-1.jpeg\"><img decoding=\"async\" src=\"https:\/\/cgc.qroo.gob.mx\/cjg\/wp-content\/uploads\/2025\/07\/WhatsApp-Image-2025-07-28-at-14.13.28-1-585x390.jpeg\" alt=\"\" title=\"WhatsApp Image 2025-07-28 at 14.13.28 (1)\"\/><\/a><\/figure>\n\n\n\n<p>Enfatiz\u00f3 que este tipo de programas abonan al Nuevo Acuerdo por el Bienestar y Desarrollo de Quintana Roo, impulsado por la gobernadora Mara Lezama Espinosa, al priorizar la inclusi\u00f3n, el aprendizaje y el desarrollo integral de las infancias.<\/p>\n\n\n\n<p>De igual forma, estuvieron presentes las directoras Noem\u00ed Tun Bacelis y Dianela Cervantes Chi, as\u00ed como el equipo de Pedagog\u00eda y Asistencia Social (PAS), acompa\u00f1ado por estudiantes universitarios que realizan su servicio social en la FPMC, quienes estar\u00e1n a cargo de guiar y apoyar a las ni\u00f1as y los ni\u00f1os durante estas dos semanas de actividades.<\/p>\n\n\n\n<figure class=\"wp-block-image is-style-default\"><a href=\"https:\/\/cgc.qroo.gob.mx\/cjg\/wp-content\/uploads\/2025\/07\/WhatsApp-Image-2025-07-28-at-14.13.27-1.jpeg\"><img decoding=\"async\" src=\"https:\/\/cgc.qroo.gob.mx\/cjg\/wp-content\/uploads\/2025\/07\/WhatsApp-Image-2025-07-28-at-14.13.27-1-585x390.jpeg\" alt=\"\" title=\"WhatsApp Image 2025-07-28 at 14.13.27 (1)\"\/><\/a><\/figure>\n\n\n\n<p>En este primer d\u00eda se llev\u00f3 a cabo una Feria Ambiental con la participaci\u00f3n de diversas organizaciones y dependencias comprometidas con la conservaci\u00f3n como \u201cCorales Vivos\u201d, \u201cPajareando Cozumel\u201d, \u201cGuardianes Comunitarios Kanaan K\u2019aax\u201d, la Direcci\u00f3n de \u201cEcolog\u00eda Municipal\u201d y la \u201cRed Mundial de J\u00f3venes Pol\u00edticos\u201d, quienes compartieron experiencias y din\u00e1micas educativas con enfoque ecol\u00f3gico.<\/p>\n\n\n\n<figure class=\"wp-block-image is-style-default\"><a href=\"https:\/\/cgc.qroo.gob.mx\/cjg\/wp-content\/uploads\/2025\/07\/WhatsApp-Image-2025-07-28-at-14.13.27.jpeg\"><img decoding=\"async\" src=\"https:\/\/cgc.qroo.gob.mx\/cjg\/wp-content\/uploads\/2025\/07\/WhatsApp-Image-2025-07-28-at-14.13.27-585x390.jpeg\" alt=\"\" title=\"WhatsApp Image 2025-07-28 at 14.13.27\"\/><\/a><\/figure>\n\n\n\n<p>Durante dos semanas, las y los \u201cExploradores de la Naturaleza\u201d disfrutar\u00e1n de un programa de actividades l\u00fadicas y formativas, de lunes a viernes en horario de 09:00 a 13:00 horas. Visitar\u00e1n espacios emblem\u00e1ticos de la isla como el Planetario de Cozumel, Dolphin Discovery, la Unidad Deportiva Bicentenario, el Pueblo del Ma\u00edz, el Parque Natural Chankanaab, el Parque Ecotur\u00edstico Punta Sur y el Museo de la Isla, donde desarrollar\u00e1n talleres, din\u00e1micas y convivencias orientadas al conocimiento del patrimonio natural y cultural.<\/p>\n\n\n\n<p>Con este curso, la FPMC reitera su compromiso con la formaci\u00f3n de nuevas generaciones conscientes, solidarias y activas en la protecci\u00f3n del medio ambiente y el desarrollo sostenible de Cozumel.<\/p>\n","protected":false},"excerpt":{"rendered":"<p>Con el objetivo de promover el respeto por el entorno natural y el fortalecimiento de valores comunitarios desde<\/p>\n","protected":false},"author":1,"featured_media":20319,"comment_status":"closed","ping_status":"open","sticky":false,"template":"","format":"standard","meta":{"_monsterinsights_skip_tracking":false,"_monsterinsights_sitenote_active":false,"_monsterinsights_sitenote_note":"","_monsterinsights_sitenote_category":0,"footnotes":""},"categories":[11,24],"tags":[],"class_list":["post-20318","post","type-post","status-publish","format-standard","has-post-thumbnail","hentry","category-noticias","category-quintana-roo"],"yoast_head":"<!-- This site is optimized with the Yoast SEO plugin v18.3 - https:\/\/yoast.com\/wordpress\/plugins\/seo\/ -->\n<title>Inician curso de verano \u201cExploradores de la Naturaleza\u201d con 125 ni\u00f1as y ni\u00f1os - El Puuc Noticias<\/title>\n<meta name=\"robots\" content=\"index, follow, max-snippet:-1, max-image-preview:large, max-video-preview:-1\" \/>\n<link rel=\"canonical\" href=\"https:\/\/elpuucnoticias.com\/?p=20318\" \/>\n<meta property=\"og:locale\" content=\"es_ES\" \/>\n<meta property=\"og:type\" content=\"article\" \/>\n<meta property=\"og:title\" content=\"Inician curso de verano \u201cExploradores de la Naturaleza\u201d con 125 ni\u00f1as y ni\u00f1os - El Puuc Noticias\" \/>\n<meta property=\"og:description\" content=\"Con el objetivo de promover el respeto por el entorno natural y el fortalecimiento de valores comunitarios desde\" \/>\n<meta property=\"og:url\" content=\"https:\/\/elpuucnoticias.com\/?p=20318\" \/>\n<meta property=\"og:site_name\" content=\"El Puuc Noticias\" \/>\n<meta property=\"article:published_time\" content=\"2025-07-29T18:55:12+00:00\" \/>\n<meta property=\"article:modified_time\" content=\"2025-07-29T18:55:13+00:00\" \/>\n<meta property=\"og:image\" content=\"https:\/\/elpuucnoticias.com\/wp-content\/uploads\/2025\/07\/whatsapp-image-2025-07-28-at-14.13.27-2.jpeg\" \/>\n\t<meta property=\"og:image:width\" content=\"1280\" \/>\n\t<meta property=\"og:image:height\" content=\"853\" \/>\n\t<meta property=\"og:image:type\" content=\"image\/jpeg\" \/>\n<meta name=\"twitter:card\" content=\"summary_large_image\" \/>\n<meta name=\"twitter:label1\" content=\"Escrito por\" \/>\n\t<meta name=\"twitter:data1\" content=\"elpuucnoticias\" \/>\n\t<meta name=\"twitter:label2\" content=\"Tiempo de lectura\" \/>\n\t<meta name=\"twitter:data2\" content=\"2 minutos\" \/>\n<script type=\"application\/ld+json\" class=\"yoast-schema-graph\">{\"@context\":\"https:\/\/schema.org\",\"@graph\":[{\"@type\":\"WebSite\",\"@id\":\"https:\/\/elpuucnoticias.com\/#website\",\"url\":\"https:\/\/elpuucnoticias.com\/\",\"name\":\"El Puuc Noticias\",\"description\":\"Noticias - Entretenimiento - Deportes\",\"potentialAction\":[{\"@type\":\"SearchAction\",\"target\":{\"@type\":\"EntryPoint\",\"urlTemplate\":\"https:\/\/elpuucnoticias.com\/?s={search_term_string}\"},\"query-input\":\"required name=search_term_string\"}],\"inLanguage\":\"es\"},{\"@type\":\"ImageObject\",\"@id\":\"https:\/\/elpuucnoticias.com\/?p=20318#primaryimage\",\"inLanguage\":\"es\",\"url\":\"https:\/\/elpuucnoticias.com\/wp-content\/uploads\/2025\/07\/whatsapp-image-2025-07-28-at-14.13.27-2.jpeg\",\"contentUrl\":\"https:\/\/elpuucnoticias.com\/wp-content\/uploads\/2025\/07\/whatsapp-image-2025-07-28-at-14.13.27-2.jpeg\",\"width\":1280,\"height\":853},{\"@type\":\"WebPage\",\"@id\":\"https:\/\/elpuucnoticias.com\/?p=20318#webpage\",\"url\":\"https:\/\/elpuucnoticias.com\/?p=20318\",\"name\":\"Inician curso de verano \u201cExploradores de la Naturaleza\u201d con 125 ni\u00f1as y ni\u00f1os - El Puuc Noticias\",\"isPartOf\":{\"@id\":\"https:\/\/elpuucnoticias.com\/#website\"},\"primaryImageOfPage\":{\"@id\":\"https:\/\/elpuucnoticias.com\/?p=20318#primaryimage\"},\"datePublished\":\"2025-07-29T18:55:12+00:00\",\"dateModified\":\"2025-07-29T18:55:13+00:00\",\"author\":{\"@id\":\"https:\/\/elpuucnoticias.com\/#\/schema\/person\/d2ea09e4c97f0160b11cdfb1d856bd9e\"},\"breadcrumb\":{\"@id\":\"https:\/\/elpuucnoticias.com\/?p=20318#breadcrumb\"},\"inLanguage\":\"es\",\"potentialAction\":[{\"@type\":\"ReadAction\",\"target\":[\"https:\/\/elpuucnoticias.com\/?p=20318\"]}]},{\"@type\":\"BreadcrumbList\",\"@id\":\"https:\/\/elpuucnoticias.com\/?p=20318#breadcrumb\",\"itemListElement\":[{\"@type\":\"ListItem\",\"position\":1,\"name\":\"Portada\",\"item\":\"https:\/\/elpuucnoticias.com\/\"},{\"@type\":\"ListItem\",\"position\":2,\"name\":\"Inician curso de verano \u201cExploradores de la Naturaleza\u201d con 125 ni\u00f1as y ni\u00f1os\"}]},{\"@type\":\"Person\",\"@id\":\"https:\/\/elpuucnoticias.com\/#\/schema\/person\/d2ea09e4c97f0160b11cdfb1d856bd9e\",\"name\":\"elpuucnoticias\",\"image\":{\"@type\":\"ImageObject\",\"@id\":\"https:\/\/elpuucnoticias.com\/#personlogo\",\"inLanguage\":\"es\",\"url\":\"https:\/\/secure.gravatar.com\/avatar\/5290a43657c74ffa15701dbe5b846bd85cc71930d803c84e91046a7333de6ce2?s=96&d=mm&r=g\",\"contentUrl\":\"https:\/\/secure.gravatar.com\/avatar\/5290a43657c74ffa15701dbe5b846bd85cc71930d803c84e91046a7333de6ce2?s=96&d=mm&r=g\",\"caption\":\"elpuucnoticias\"},\"sameAs\":[\"https:\/\/elpuucnoticias.com\"],\"url\":\"https:\/\/elpuucnoticias.com\/?author=1\"}]}<\/script>\n<!-- \/ Yoast SEO plugin. -->","yoast_head_json":{"title":"Inician curso de verano \u201cExploradores de la Naturaleza\u201d con 125 ni\u00f1as y ni\u00f1os - El Puuc Noticias","robots":{"index":"index","follow":"follow","max-snippet":"max-snippet:-1","max-image-preview":"max-image-preview:large","max-video-preview":"max-video-preview:-1"},"canonical":"https:\/\/elpuucnoticias.com\/?p=20318","og_locale":"es_ES","og_type":"article","og_title":"Inician curso de verano \u201cExploradores de la Naturaleza\u201d con 125 ni\u00f1as y ni\u00f1os - El Puuc Noticias","og_description":"Con el objetivo de promover el respeto por el entorno natural y el fortalecimiento de valores comunitarios desde","og_url":"https:\/\/elpuucnoticias.com\/?p=20318","og_site_name":"El Puuc Noticias","article_published_time":"2025-07-29T18:55:12+00:00","article_modified_time":"2025-07-29T18:55:13+00:00","og_image":[{"width":1280,"height":853,"url":"https:\/\/elpuucnoticias.com\/wp-content\/uploads\/2025\/07\/whatsapp-image-2025-07-28-at-14.13.27-2.jpeg","type":"image\/jpeg"}],"twitter_card":"summary_large_image","twitter_misc":{"Escrito por":"elpuucnoticias","Tiempo de lectura":"2 minutos"},"schema":{"@context":"https:\/\/schema.org","@graph":[{"@type":"WebSite","@id":"https:\/\/elpuucnoticias.com\/#website","url":"https:\/\/elpuucnoticias.com\/","name":"El Puuc Noticias","description":"Noticias - Entretenimiento - Deportes","potentialAction":[{"@type":"SearchAction","target":{"@type":"EntryPoint","urlTemplate":"https:\/\/elpuucnoticias.com\/?s={search_term_string}"},"query-input":"required name=search_term_string"}],"inLanguage":"es"},{"@type":"ImageObject","@id":"https:\/\/elpuucnoticias.com\/?p=20318#primaryimage","inLanguage":"es","url":"https:\/\/elpuucnoticias.com\/wp-content\/uploads\/2025\/07\/whatsapp-image-2025-07-28-at-14.13.27-2.jpeg","contentUrl":"https:\/\/elpuucnoticias.com\/wp-content\/uploads\/2025\/07\/whatsapp-image-2025-07-28-at-14.13.27-2.jpeg","width":1280,"height":853},{"@type":"WebPage","@id":"https:\/\/elpuucnoticias.com\/?p=20318#webpage","url":"https:\/\/elpuucnoticias.com\/?p=20318","name":"Inician curso de verano \u201cExploradores de la Naturaleza\u201d con 125 ni\u00f1as y ni\u00f1os - El Puuc Noticias","isPartOf":{"@id":"https:\/\/elpuucnoticias.com\/#website"},"primaryImageOfPage":{"@id":"https:\/\/elpuucnoticias.com\/?p=20318#primaryimage"},"datePublished":"2025-07-29T18:55:12+00:00","dateModified":"2025-07-29T18:55:13+00:00","author":{"@id":"https:\/\/elpuucnoticias.com\/#\/schema\/person\/d2ea09e4c97f0160b11cdfb1d856bd9e"},"breadcrumb":{"@id":"https:\/\/elpuucnoticias.com\/?p=20318#breadcrumb"},"inLanguage":"es","potentialAction":[{"@type":"ReadAction","target":["https:\/\/elpuucnoticias.com\/?p=20318"]}]},{"@type":"BreadcrumbList","@id":"https:\/\/elpuucnoticias.com\/?p=20318#breadcrumb","itemListElement":[{"@type":"ListItem","position":1,"name":"Portada","item":"https:\/\/elpuucnoticias.com\/"},{"@type":"ListItem","position":2,"name":"Inician curso de verano \u201cExploradores de la Naturaleza\u201d con 125 ni\u00f1as y ni\u00f1os"}]},{"@type":"Person","@id":"https:\/\/elpuucnoticias.com\/#\/schema\/person\/d2ea09e4c97f0160b11cdfb1d856bd9e","name":"elpuucnoticias","image":{"@type":"ImageObject","@id":"https:\/\/elpuucnoticias.com\/#personlogo","inLanguage":"es","url":"https:\/\/secure.gravatar.com\/avatar\/5290a43657c74ffa15701dbe5b846bd85cc71930d803c84e91046a7333de6ce2?s=96&d=mm&r=g","contentUrl":"https:\/\/secure.gravatar.com\/avatar\/5290a43657c74ffa15701dbe5b846bd85cc71930d803c84e91046a7333de6ce2?s=96&d=mm&r=g","caption":"elpuucnoticias"},"sameAs":["https:\/\/elpuucnoticias.com"],"url":"https:\/\/elpuucnoticias.com\/?author=1"}]}},"_links":{"self":[{"href":"https:\/\/elpuucnoticias.com\/index.php?rest_route=\/wp\/v2\/posts\/20318","targetHints":{"allow":["GET"]}}],"collection":[{"href":"https:\/\/elpuucnoticias.com\/index.php?rest_route=\/wp\/v2\/posts"}],"about":[{"href":"https:\/\/elpuucnoticias.com\/index.php?rest_route=\/wp\/v2\/types\/post"}],"author":[{"embeddable":true,"href":"https:\/\/elpuucnoticias.com\/index.php?rest_route=\/wp\/v2\/users\/1"}],"replies":[{"embeddable":true,"href":"https:\/\/elpuucnoticias.com\/index.php?rest_route=%2Fwp%2Fv2%2Fcomments&post=20318"}],"version-history":[{"count":1,"href":"https:\/\/elpuucnoticias.com\/index.php?rest_route=\/wp\/v2\/posts\/20318\/revisions"}],"predecessor-version":[{"id":20320,"href":"https:\/\/elpuucnoticias.com\/index.php?rest_route=\/wp\/v2\/posts\/20318\/revisions\/20320"}],"wp:featuredmedia":[{"embeddable":true,"href":"https:\/\/elpuucnoticias.com\/index.php?rest_route=\/wp\/v2\/media\/20319"}],"wp:attachment":[{"href":"https:\/\/elpuucnoticias.com\/index.php?rest_route=%2Fwp%2Fv2%2Fmedia&parent=20318"}],"wp:term":[{"taxonomy":"category","embeddable":true,"href":"https:\/\/elpuucnoticias.com\/index.php?rest_route=%2Fwp%2Fv2%2Fcategories&post=20318"},{"taxonomy":"post_tag","embeddable":true,"href":"https:\/\/elpuucnoticias.com\/index.php?rest_route=%2Fwp%2Fv2%2Ftags&post=20318"}],"curies":[{"name":"wp","href":"https:\/\/api.w.org\/{rel}","templated":true}]}}