{"id":20321,"date":"2025-07-29T12:58:15","date_gmt":"2025-07-29T18:58:15","guid":{"rendered":"https:\/\/elpuucnoticias.com\/?p=20321"},"modified":"2025-07-29T12:58:16","modified_gmt":"2025-07-29T18:58:16","slug":"firman-convenio-para-abatir-rezago-educativo","status":"publish","type":"post","link":"https:\/\/elpuucnoticias.com\/?p=20321","title":{"rendered":"Firman convenio para abatir rezago educativo"},"content":{"rendered":"\n<p>La directora general Sistema Quintanarroense de Comunicaci\u00f3n Social (SQCS) Alma Beatriz Garc\u00eda Mu\u00f1oz y el titular del Instituto Estatal para la Educaci\u00f3n de J\u00f3venes y Adultos (IEEJA) H\u00e9ctor Rosendo Pulido Gonz\u00e1lez, signaron un convenio de colaboraci\u00f3n para que las y los trabajadores del SQCS puedan continuar y culminar sus estudios educaci\u00f3n b\u00e1sica.<\/p>\n\n\n\n<p>Como es el caso de la trabajadora Rufina Roque con varios a\u00f1os servicio en el SQCS siempre con esmero y eficiencia en el \u00e1rea de intendencia, hoy est\u00e1 en v\u00edas de alcanzar un sue\u00f1o: Aprender a leer y escribir.<\/p>\n\n\n\n<figure class=\"wp-block-image is-style-default\"><a href=\"https:\/\/cgc.qroo.gob.mx\/cjg\/wp-content\/uploads\/2025\/07\/d3996123-6d95-41d8-97fb-317e10462d9e.jpg\"><img decoding=\"async\" src=\"https:\/\/cgc.qroo.gob.mx\/cjg\/wp-content\/uploads\/2025\/07\/d3996123-6d95-41d8-97fb-317e10462d9e-585x390.jpg\" alt=\"\" title=\"d3996123-6d95-41d8-97fb-317e10462d9e\"\/><\/a><\/figure>\n\n\n\n<p>Ella ser\u00e1 parte de los ejemplos y metas que cuando dos partes unen esfuerzos con un solo objetivo, transformar la vida de las personas.<\/p>\n\n\n\n<figure class=\"wp-block-image is-style-default\"><a href=\"https:\/\/cgc.qroo.gob.mx\/cjg\/wp-content\/uploads\/2025\/07\/20f32f94-9abd-45a2-946b-9c4cbdb8c55d.jpg\"><img decoding=\"async\" src=\"https:\/\/cgc.qroo.gob.mx\/cjg\/wp-content\/uploads\/2025\/07\/20f32f94-9abd-45a2-946b-9c4cbdb8c55d-585x390.jpg\" alt=\"\" title=\"20f32f94-9abd-45a2-946b-9c4cbdb8c55d\"\/><\/a><\/figure>\n\n\n\n<p>\u201cEl objetivo es estrechar lazos y abatir el rezago educativo y ayudar a los trabajadores del Sistema Quintanarroense de Comunicaci\u00f3n Social que no hayan podido por alguna circunstancia, ajena a ellos y debido al tiempo, no hayan podido terminar sus estudios de nivel b\u00e1sico, como puede ser primaria o secundaria o bien aprender a leer y escribir, lo que es la alfabetizaci\u00f3n\u201d, explic\u00f3 titular del IEEJA, H\u00e9ctor Pulido.<\/p>\n\n\n\n<p>Con este convenio, el IEEJA brindar\u00e1 al SQCS la asesor\u00eda t\u00e9cnica y pedag\u00f3gica que requiera para el logro adecuado del cumplimiento de obligaciones del propio acuerdo y como se establece en el Nuevo Acuerdo por el Bienestar y Desarrollo de Quintana Roo que promueve la gobernadora Mara Lezama Espinosa.<\/p>\n\n\n\n<figure class=\"wp-block-image is-style-default\"><a href=\"https:\/\/cgc.qroo.gob.mx\/cjg\/wp-content\/uploads\/2025\/07\/cdefefc3-d89d-4a0e-86e2-26c0c959adc3.jpg\"><img decoding=\"async\" src=\"https:\/\/cgc.qroo.gob.mx\/cjg\/wp-content\/uploads\/2025\/07\/cdefefc3-d89d-4a0e-86e2-26c0c959adc3-585x378.jpg\" alt=\"\" title=\"cdefefc3-d89d-4a0e-86e2-26c0c959adc3\"\/><\/a><\/figure>\n\n\n\n<p>Adem\u00e1s se apoyar\u00e1 al SQCS en la capacitaci\u00f3n del personal que participe como asesores de los programas.<\/p>\n\n\n\n<p>Cabe se\u00f1alar que todo material did\u00e1ctico que se proporcione a los usuarios ser\u00e1 gratuito.<\/p>\n","protected":false},"excerpt":{"rendered":"<p>La directora general Sistema Quintanarroense de Comunicaci\u00f3n Social (SQCS) Alma Beatriz Garc\u00eda Mu\u00f1oz y el titular del Instituto<\/p>\n","protected":false},"author":1,"featured_media":20322,"comment_status":"closed","ping_status":"open","sticky":false,"template":"","format":"standard","meta":{"_monsterinsights_skip_tracking":false,"_monsterinsights_sitenote_active":false,"_monsterinsights_sitenote_note":"","_monsterinsights_sitenote_category":0,"footnotes":""},"categories":[11,24],"tags":[],"class_list":["post-20321","post","type-post","status-publish","format-standard","has-post-thumbnail","hentry","category-noticias","category-quintana-roo"],"yoast_head":"<!-- This site is optimized with the Yoast SEO plugin v18.3 - https:\/\/yoast.com\/wordpress\/plugins\/seo\/ -->\n<title>Firman convenio para abatir rezago educativo - El Puuc Noticias<\/title>\n<meta name=\"robots\" content=\"index, follow, max-snippet:-1, max-image-preview:large, max-video-preview:-1\" \/>\n<link rel=\"canonical\" href=\"https:\/\/elpuucnoticias.com\/?p=20321\" \/>\n<meta property=\"og:locale\" content=\"es_ES\" \/>\n<meta property=\"og:type\" content=\"article\" \/>\n<meta property=\"og:title\" content=\"Firman convenio para abatir rezago educativo - El Puuc Noticias\" \/>\n<meta property=\"og:description\" content=\"La directora general Sistema Quintanarroense de Comunicaci\u00f3n Social (SQCS) Alma Beatriz Garc\u00eda Mu\u00f1oz y el titular del Instituto\" \/>\n<meta property=\"og:url\" content=\"https:\/\/elpuucnoticias.com\/?p=20321\" \/>\n<meta property=\"og:site_name\" content=\"El Puuc Noticias\" \/>\n<meta property=\"article:published_time\" content=\"2025-07-29T18:58:15+00:00\" \/>\n<meta property=\"article:modified_time\" content=\"2025-07-29T18:58:16+00:00\" \/>\n<meta property=\"og:image\" content=\"https:\/\/elpuucnoticias.com\/wp-content\/uploads\/2025\/07\/4f0f3711-8ed5-424d-8d5a-18eaf64fa33a.jpg\" \/>\n\t<meta property=\"og:image:width\" content=\"1600\" \/>\n\t<meta property=\"og:image:height\" content=\"1066\" \/>\n\t<meta property=\"og:image:type\" content=\"image\/jpeg\" \/>\n<meta name=\"twitter:card\" content=\"summary_large_image\" \/>\n<meta name=\"twitter:label1\" content=\"Escrito por\" \/>\n\t<meta name=\"twitter:data1\" content=\"elpuucnoticias\" \/>\n\t<meta name=\"twitter:label2\" content=\"Tiempo de lectura\" \/>\n\t<meta name=\"twitter:data2\" content=\"1 minuto\" \/>\n<script type=\"application\/ld+json\" class=\"yoast-schema-graph\">{\"@context\":\"https:\/\/schema.org\",\"@graph\":[{\"@type\":\"WebSite\",\"@id\":\"https:\/\/elpuucnoticias.com\/#website\",\"url\":\"https:\/\/elpuucnoticias.com\/\",\"name\":\"El Puuc Noticias\",\"description\":\"Noticias - Entretenimiento - Deportes\",\"potentialAction\":[{\"@type\":\"SearchAction\",\"target\":{\"@type\":\"EntryPoint\",\"urlTemplate\":\"https:\/\/elpuucnoticias.com\/?s={search_term_string}\"},\"query-input\":\"required name=search_term_string\"}],\"inLanguage\":\"es\"},{\"@type\":\"ImageObject\",\"@id\":\"https:\/\/elpuucnoticias.com\/?p=20321#primaryimage\",\"inLanguage\":\"es\",\"url\":\"https:\/\/elpuucnoticias.com\/wp-content\/uploads\/2025\/07\/4f0f3711-8ed5-424d-8d5a-18eaf64fa33a.jpg\",\"contentUrl\":\"https:\/\/elpuucnoticias.com\/wp-content\/uploads\/2025\/07\/4f0f3711-8ed5-424d-8d5a-18eaf64fa33a.jpg\",\"width\":1600,\"height\":1066},{\"@type\":\"WebPage\",\"@id\":\"https:\/\/elpuucnoticias.com\/?p=20321#webpage\",\"url\":\"https:\/\/elpuucnoticias.com\/?p=20321\",\"name\":\"Firman convenio para abatir rezago educativo - El Puuc Noticias\",\"isPartOf\":{\"@id\":\"https:\/\/elpuucnoticias.com\/#website\"},\"primaryImageOfPage\":{\"@id\":\"https:\/\/elpuucnoticias.com\/?p=20321#primaryimage\"},\"datePublished\":\"2025-07-29T18:58:15+00:00\",\"dateModified\":\"2025-07-29T18:58:16+00:00\",\"author\":{\"@id\":\"https:\/\/elpuucnoticias.com\/#\/schema\/person\/d2ea09e4c97f0160b11cdfb1d856bd9e\"},\"breadcrumb\":{\"@id\":\"https:\/\/elpuucnoticias.com\/?p=20321#breadcrumb\"},\"inLanguage\":\"es\",\"potentialAction\":[{\"@type\":\"ReadAction\",\"target\":[\"https:\/\/elpuucnoticias.com\/?p=20321\"]}]},{\"@type\":\"BreadcrumbList\",\"@id\":\"https:\/\/elpuucnoticias.com\/?p=20321#breadcrumb\",\"itemListElement\":[{\"@type\":\"ListItem\",\"position\":1,\"name\":\"Portada\",\"item\":\"https:\/\/elpuucnoticias.com\/\"},{\"@type\":\"ListItem\",\"position\":2,\"name\":\"Firman convenio para abatir rezago educativo\"}]},{\"@type\":\"Person\",\"@id\":\"https:\/\/elpuucnoticias.com\/#\/schema\/person\/d2ea09e4c97f0160b11cdfb1d856bd9e\",\"name\":\"elpuucnoticias\",\"image\":{\"@type\":\"ImageObject\",\"@id\":\"https:\/\/elpuucnoticias.com\/#personlogo\",\"inLanguage\":\"es\",\"url\":\"https:\/\/secure.gravatar.com\/avatar\/5290a43657c74ffa15701dbe5b846bd85cc71930d803c84e91046a7333de6ce2?s=96&d=mm&r=g\",\"contentUrl\":\"https:\/\/secure.gravatar.com\/avatar\/5290a43657c74ffa15701dbe5b846bd85cc71930d803c84e91046a7333de6ce2?s=96&d=mm&r=g\",\"caption\":\"elpuucnoticias\"},\"sameAs\":[\"https:\/\/elpuucnoticias.com\"],\"url\":\"https:\/\/elpuucnoticias.com\/?author=1\"}]}<\/script>\n<!-- \/ Yoast SEO plugin. -->","yoast_head_json":{"title":"Firman convenio para abatir rezago educativo - El Puuc Noticias","robots":{"index":"index","follow":"follow","max-snippet":"max-snippet:-1","max-image-preview":"max-image-preview:large","max-video-preview":"max-video-preview:-1"},"canonical":"https:\/\/elpuucnoticias.com\/?p=20321","og_locale":"es_ES","og_type":"article","og_title":"Firman convenio para abatir rezago educativo - El Puuc Noticias","og_description":"La directora general Sistema Quintanarroense de Comunicaci\u00f3n Social (SQCS) Alma Beatriz Garc\u00eda Mu\u00f1oz y el titular del Instituto","og_url":"https:\/\/elpuucnoticias.com\/?p=20321","og_site_name":"El Puuc Noticias","article_published_time":"2025-07-29T18:58:15+00:00","article_modified_time":"2025-07-29T18:58:16+00:00","og_image":[{"width":1600,"height":1066,"url":"https:\/\/elpuucnoticias.com\/wp-content\/uploads\/2025\/07\/4f0f3711-8ed5-424d-8d5a-18eaf64fa33a.jpg","type":"image\/jpeg"}],"twitter_card":"summary_large_image","twitter_misc":{"Escrito por":"elpuucnoticias","Tiempo de lectura":"1 minuto"},"schema":{"@context":"https:\/\/schema.org","@graph":[{"@type":"WebSite","@id":"https:\/\/elpuucnoticias.com\/#website","url":"https:\/\/elpuucnoticias.com\/","name":"El Puuc Noticias","description":"Noticias - Entretenimiento - Deportes","potentialAction":[{"@type":"SearchAction","target":{"@type":"EntryPoint","urlTemplate":"https:\/\/elpuucnoticias.com\/?s={search_term_string}"},"query-input":"required name=search_term_string"}],"inLanguage":"es"},{"@type":"ImageObject","@id":"https:\/\/elpuucnoticias.com\/?p=20321#primaryimage","inLanguage":"es","url":"https:\/\/elpuucnoticias.com\/wp-content\/uploads\/2025\/07\/4f0f3711-8ed5-424d-8d5a-18eaf64fa33a.jpg","contentUrl":"https:\/\/elpuucnoticias.com\/wp-content\/uploads\/2025\/07\/4f0f3711-8ed5-424d-8d5a-18eaf64fa33a.jpg","width":1600,"height":1066},{"@type":"WebPage","@id":"https:\/\/elpuucnoticias.com\/?p=20321#webpage","url":"https:\/\/elpuucnoticias.com\/?p=20321","name":"Firman convenio para abatir rezago educativo - El Puuc Noticias","isPartOf":{"@id":"https:\/\/elpuucnoticias.com\/#website"},"primaryImageOfPage":{"@id":"https:\/\/elpuucnoticias.com\/?p=20321#primaryimage"},"datePublished":"2025-07-29T18:58:15+00:00","dateModified":"2025-07-29T18:58:16+00:00","author":{"@id":"https:\/\/elpuucnoticias.com\/#\/schema\/person\/d2ea09e4c97f0160b11cdfb1d856bd9e"},"breadcrumb":{"@id":"https:\/\/elpuucnoticias.com\/?p=20321#breadcrumb"},"inLanguage":"es","potentialAction":[{"@type":"ReadAction","target":["https:\/\/elpuucnoticias.com\/?p=20321"]}]},{"@type":"BreadcrumbList","@id":"https:\/\/elpuucnoticias.com\/?p=20321#breadcrumb","itemListElement":[{"@type":"ListItem","position":1,"name":"Portada","item":"https:\/\/elpuucnoticias.com\/"},{"@type":"ListItem","position":2,"name":"Firman convenio para abatir rezago educativo"}]},{"@type":"Person","@id":"https:\/\/elpuucnoticias.com\/#\/schema\/person\/d2ea09e4c97f0160b11cdfb1d856bd9e","name":"elpuucnoticias","image":{"@type":"ImageObject","@id":"https:\/\/elpuucnoticias.com\/#personlogo","inLanguage":"es","url":"https:\/\/secure.gravatar.com\/avatar\/5290a43657c74ffa15701dbe5b846bd85cc71930d803c84e91046a7333de6ce2?s=96&d=mm&r=g","contentUrl":"https:\/\/secure.gravatar.com\/avatar\/5290a43657c74ffa15701dbe5b846bd85cc71930d803c84e91046a7333de6ce2?s=96&d=mm&r=g","caption":"elpuucnoticias"},"sameAs":["https:\/\/elpuucnoticias.com"],"url":"https:\/\/elpuucnoticias.com\/?author=1"}]}},"_links":{"self":[{"href":"https:\/\/elpuucnoticias.com\/index.php?rest_route=\/wp\/v2\/posts\/20321","targetHints":{"allow":["GET"]}}],"collection":[{"href":"https:\/\/elpuucnoticias.com\/index.php?rest_route=\/wp\/v2\/posts"}],"about":[{"href":"https:\/\/elpuucnoticias.com\/index.php?rest_route=\/wp\/v2\/types\/post"}],"author":[{"embeddable":true,"href":"https:\/\/elpuucnoticias.com\/index.php?rest_route=\/wp\/v2\/users\/1"}],"replies":[{"embeddable":true,"href":"https:\/\/elpuucnoticias.com\/index.php?rest_route=%2Fwp%2Fv2%2Fcomments&post=20321"}],"version-history":[{"count":1,"href":"https:\/\/elpuucnoticias.com\/index.php?rest_route=\/wp\/v2\/posts\/20321\/revisions"}],"predecessor-version":[{"id":20323,"href":"https:\/\/elpuucnoticias.com\/index.php?rest_route=\/wp\/v2\/posts\/20321\/revisions\/20323"}],"wp:featuredmedia":[{"embeddable":true,"href":"https:\/\/elpuucnoticias.com\/index.php?rest_route=\/wp\/v2\/media\/20322"}],"wp:attachment":[{"href":"https:\/\/elpuucnoticias.com\/index.php?rest_route=%2Fwp%2Fv2%2Fmedia&parent=20321"}],"wp:term":[{"taxonomy":"category","embeddable":true,"href":"https:\/\/elpuucnoticias.com\/index.php?rest_route=%2Fwp%2Fv2%2Fcategories&post=20321"},{"taxonomy":"post_tag","embeddable":true,"href":"https:\/\/elpuucnoticias.com\/index.php?rest_route=%2Fwp%2Fv2%2Ftags&post=20321"}],"curies":[{"name":"wp","href":"https:\/\/api.w.org\/{rel}","templated":true}]}}