{"id":20336,"date":"2025-07-29T13:15:52","date_gmt":"2025-07-29T19:15:52","guid":{"rendered":"https:\/\/elpuucnoticias.com\/?p=20336"},"modified":"2025-07-29T13:15:53","modified_gmt":"2025-07-29T19:15:53","slug":"promueve-la-conservacion-y-el-aviturismo-con-el-evento-descubriendo-las-alas-de-cozumel","status":"publish","type":"post","link":"https:\/\/elpuucnoticias.com\/?p=20336","title":{"rendered":"Promueve la conservaci\u00f3n y el aviturismo con el evento \u201cDescubriendo las Alas de Cozumel\u201d"},"content":{"rendered":"\n<p>Como parte de las acciones encaminadas a fomentar la conciencia ambiental en la comunidad, la Fundaci\u00f3n de Parques y Museos de Cozumel (FPMC) llev\u00f3 a cabo el evento \u201cDescubriendo las Alas de Cozumel: Avifauna de la Isla\u201d, en el Parque Urbano Coraz\u00f3n. Esta actividad forma parte de las acciones rumbo al XVII Festival de las Aves, que este a\u00f1o tiene como lema \u201cEspacios compartidos y seguros para las aves\u201d.<\/p>\n\n\n\n<figure class=\"wp-block-image is-style-default\"><a href=\"https:\/\/cgc.qroo.gob.mx\/cjg\/wp-content\/uploads\/2025\/07\/WhatsApp-Image-2025-07-29-at-11.29.29.jpeg\"><img decoding=\"async\" src=\"https:\/\/cgc.qroo.gob.mx\/cjg\/wp-content\/uploads\/2025\/07\/WhatsApp-Image-2025-07-29-at-11.29.29-585x390.jpeg\" alt=\"\" title=\"WhatsApp Image 2025-07-29 at 11.29.29\"\/><\/a><\/figure>\n\n\n\n<p>Enmarcado en el Nuevo Acuerdo por el Bienestar y Desarrollo de Quintana Roo, impulsado por la gobernadora Mara Lezama Espinosa, el evento tuvo como objetivo sensibilizar a la comunidad sobre la diversidad de aves que habitan en Cozumel, as\u00ed como dar a conocer la importancia del aviturismo como una herramienta para promover un turismo responsable que contribuya a la conservaci\u00f3n de los recursos naturales. La directora general de la FPMC, Juanita Alonso Marrufo, subray\u00f3 que estos espacios de participaci\u00f3n ciudadana permiten reforzar el v\u00ednculo entre la sociedad y su entorno natural, generando conciencia desde edades tempranas.<\/p>\n\n\n\n<figure class=\"wp-block-image is-style-default\"><a href=\"https:\/\/cgc.qroo.gob.mx\/cjg\/wp-content\/uploads\/2025\/07\/WhatsApp-Image-2025-07-29-at-11.29.27.jpeg\"><img decoding=\"async\" src=\"https:\/\/cgc.qroo.gob.mx\/cjg\/wp-content\/uploads\/2025\/07\/WhatsApp-Image-2025-07-29-at-11.29.27-585x390.jpeg\" alt=\"\" title=\"WhatsApp Image 2025-07-29 at 11.29.27\"\/><\/a><\/figure>\n\n\n\n<figure class=\"wp-block-image is-style-default\"><a href=\"https:\/\/cgc.qroo.gob.mx\/cjg\/wp-content\/uploads\/2025\/07\/WhatsApp-Image-2025-07-29-at-11.29.28-3.jpeg\"><img decoding=\"async\" src=\"https:\/\/cgc.qroo.gob.mx\/cjg\/wp-content\/uploads\/2025\/07\/WhatsApp-Image-2025-07-29-at-11.29.28-3-585x390.jpeg\" alt=\"\" title=\"WhatsApp Image 2025-07-29 at 11.29.28 (3)\"\/><\/a><\/figure>\n\n\n\n<p>La actividad fue organizada por la Direcci\u00f3n de Pedagog\u00eda y Asistencia Social (PAS), en coordinaci\u00f3n con el colectivo \u201cPajareando Cozumel\u201d y el personal del Parque Urbano Coraz\u00f3n. La jornada inici\u00f3 con una c\u00e1lida bienvenida y una charla introductoria impartida por el bi\u00f3logo Adri\u00e1n Andr\u00e9s Tun Cano, quien abord\u00f3 temas como las caracter\u00edsticas generales de las aves, los endemismos presentes en la isla, las principales especies que habitan en el parque y el papel fundamental que desempe\u00f1an estos organismos en los ecosistemas, como la dispersi\u00f3n de semillas, el control de plagas y la polinizaci\u00f3n.<\/p>\n\n\n\n<figure class=\"wp-block-image is-style-default\"><a href=\"https:\/\/cgc.qroo.gob.mx\/cjg\/wp-content\/uploads\/2025\/07\/WhatsApp-Image-2025-07-29-at-11.29.28-1.jpeg\"><img decoding=\"async\" src=\"https:\/\/cgc.qroo.gob.mx\/cjg\/wp-content\/uploads\/2025\/07\/WhatsApp-Image-2025-07-29-at-11.29.28-1-585x390.jpeg\" alt=\"\" title=\"WhatsApp Image 2025-07-29 at 11.29.28 (1)\"\/><\/a><\/figure>\n\n\n\n<p>Posteriormente, se ofreci\u00f3 una breve capacitaci\u00f3n sobre el uso correcto de binoculares y gu\u00edas de campo para identificar aves, con el acompa\u00f1amiento del colectivo Pajareando Cozumel. Luego, se realiz\u00f3 una caminata de observaci\u00f3n por el Parque Urbano Coraz\u00f3n, durante la cual las y los asistentes pudieron identificar 22 especies de aves, entre ellas el maullador negro, el v\u00edreo yucateco, la esmeralda de isla Cozumel, el carpintero yucateco, la reinita mielera, la paloma corona blanca y la perlita azulgris. <\/p>\n\n\n\n<figure class=\"wp-block-image is-style-default\"><a href=\"https:\/\/cgc.qroo.gob.mx\/cjg\/wp-content\/uploads\/2025\/07\/WhatsApp-Image-2025-07-29-at-11.29.29-1.jpeg\"><img decoding=\"async\" src=\"https:\/\/cgc.qroo.gob.mx\/cjg\/wp-content\/uploads\/2025\/07\/WhatsApp-Image-2025-07-29-at-11.29.29-1-585x667.jpeg\" alt=\"\" title=\"WhatsApp Image 2025-07-29 at 11.29.29 (1)\"\/><\/a><\/figure>\n\n\n\n<p>A medida que se iban registrando las especies avistadas, se desarroll\u00f3 una din\u00e1mica educativa tipo bingo, con tarjetas dise\u00f1adas especialmente para reconocer visualmente las aves del parque, lo que permiti\u00f3 una experiencia de aprendizaje divertida y participativa.<\/p>\n\n\n\n<figure class=\"wp-block-image is-style-default\"><a href=\"https:\/\/cgc.qroo.gob.mx\/cjg\/wp-content\/uploads\/2025\/07\/WhatsApp-Image-2025-07-29-at-11.29.28-2.jpeg\"><img decoding=\"async\" src=\"https:\/\/cgc.qroo.gob.mx\/cjg\/wp-content\/uploads\/2025\/07\/WhatsApp-Image-2025-07-29-at-11.29.28-2-585x390.jpeg\" alt=\"\" title=\"WhatsApp Image 2025-07-29 at 11.29.28 (2)\"\/><\/a><\/figure>\n\n\n\n<p>Al finalizar la jornada, se invit\u00f3 a la comunidad a sumarse al XVII Festival de las Aves, que se celebrar\u00e1 en el mes de octubre, y que incluir\u00e1 una amplia gama de actividades educativas, culturales y de avistamiento para todas las edades. Con este tipo de iniciativas, la FPMC reafirma su compromiso de abrir espacios de formaci\u00f3n, reflexi\u00f3n y convivencia que fortalezcan la cultura ambiental y el respeto por la biodiversidad de Cozumel.<\/p>\n","protected":false},"excerpt":{"rendered":"<p>Como parte de las acciones encaminadas a fomentar la conciencia ambiental en la comunidad, la Fundaci\u00f3n de Parques<\/p>\n","protected":false},"author":1,"featured_media":20337,"comment_status":"closed","ping_status":"open","sticky":false,"template":"","format":"standard","meta":{"_monsterinsights_skip_tracking":false,"_monsterinsights_sitenote_active":false,"_monsterinsights_sitenote_note":"","_monsterinsights_sitenote_category":0,"footnotes":""},"categories":[11,24],"tags":[],"class_list":["post-20336","post","type-post","status-publish","format-standard","has-post-thumbnail","hentry","category-noticias","category-quintana-roo"],"yoast_head":"<!-- This site is optimized with the Yoast SEO plugin v18.3 - https:\/\/yoast.com\/wordpress\/plugins\/seo\/ -->\n<title>Promueve la conservaci\u00f3n y el aviturismo con el evento \u201cDescubriendo las Alas de Cozumel\u201d - El Puuc Noticias<\/title>\n<meta name=\"robots\" content=\"index, follow, max-snippet:-1, max-image-preview:large, max-video-preview:-1\" \/>\n<link rel=\"canonical\" href=\"https:\/\/elpuucnoticias.com\/?p=20336\" \/>\n<meta property=\"og:locale\" content=\"es_ES\" \/>\n<meta property=\"og:type\" content=\"article\" \/>\n<meta property=\"og:title\" content=\"Promueve la conservaci\u00f3n y el aviturismo con el evento \u201cDescubriendo las Alas de Cozumel\u201d - El Puuc Noticias\" \/>\n<meta property=\"og:description\" content=\"Como parte de las acciones encaminadas a fomentar la conciencia ambiental en la comunidad, la Fundaci\u00f3n de Parques\" \/>\n<meta property=\"og:url\" content=\"https:\/\/elpuucnoticias.com\/?p=20336\" \/>\n<meta property=\"og:site_name\" content=\"El Puuc Noticias\" \/>\n<meta property=\"article:published_time\" content=\"2025-07-29T19:15:52+00:00\" \/>\n<meta property=\"article:modified_time\" content=\"2025-07-29T19:15:53+00:00\" \/>\n<meta property=\"og:image\" content=\"https:\/\/elpuucnoticias.com\/wp-content\/uploads\/2025\/07\/whatsapp-image-2025-07-29-at-11.29.28.jpeg\" \/>\n\t<meta property=\"og:image:width\" content=\"1280\" \/>\n\t<meta property=\"og:image:height\" content=\"853\" \/>\n\t<meta property=\"og:image:type\" content=\"image\/jpeg\" \/>\n<meta name=\"twitter:card\" content=\"summary_large_image\" \/>\n<meta name=\"twitter:label1\" content=\"Escrito por\" \/>\n\t<meta name=\"twitter:data1\" content=\"elpuucnoticias\" \/>\n\t<meta name=\"twitter:label2\" content=\"Tiempo de lectura\" \/>\n\t<meta name=\"twitter:data2\" content=\"2 minutos\" \/>\n<script type=\"application\/ld+json\" class=\"yoast-schema-graph\">{\"@context\":\"https:\/\/schema.org\",\"@graph\":[{\"@type\":\"WebSite\",\"@id\":\"https:\/\/elpuucnoticias.com\/#website\",\"url\":\"https:\/\/elpuucnoticias.com\/\",\"name\":\"El Puuc Noticias\",\"description\":\"Noticias - Entretenimiento - Deportes\",\"potentialAction\":[{\"@type\":\"SearchAction\",\"target\":{\"@type\":\"EntryPoint\",\"urlTemplate\":\"https:\/\/elpuucnoticias.com\/?s={search_term_string}\"},\"query-input\":\"required name=search_term_string\"}],\"inLanguage\":\"es\"},{\"@type\":\"ImageObject\",\"@id\":\"https:\/\/elpuucnoticias.com\/?p=20336#primaryimage\",\"inLanguage\":\"es\",\"url\":\"https:\/\/elpuucnoticias.com\/wp-content\/uploads\/2025\/07\/whatsapp-image-2025-07-29-at-11.29.28.jpeg\",\"contentUrl\":\"https:\/\/elpuucnoticias.com\/wp-content\/uploads\/2025\/07\/whatsapp-image-2025-07-29-at-11.29.28.jpeg\",\"width\":1280,\"height\":853},{\"@type\":\"WebPage\",\"@id\":\"https:\/\/elpuucnoticias.com\/?p=20336#webpage\",\"url\":\"https:\/\/elpuucnoticias.com\/?p=20336\",\"name\":\"Promueve la conservaci\u00f3n y el aviturismo con el evento \u201cDescubriendo las Alas de Cozumel\u201d - El Puuc Noticias\",\"isPartOf\":{\"@id\":\"https:\/\/elpuucnoticias.com\/#website\"},\"primaryImageOfPage\":{\"@id\":\"https:\/\/elpuucnoticias.com\/?p=20336#primaryimage\"},\"datePublished\":\"2025-07-29T19:15:52+00:00\",\"dateModified\":\"2025-07-29T19:15:53+00:00\",\"author\":{\"@id\":\"https:\/\/elpuucnoticias.com\/#\/schema\/person\/d2ea09e4c97f0160b11cdfb1d856bd9e\"},\"breadcrumb\":{\"@id\":\"https:\/\/elpuucnoticias.com\/?p=20336#breadcrumb\"},\"inLanguage\":\"es\",\"potentialAction\":[{\"@type\":\"ReadAction\",\"target\":[\"https:\/\/elpuucnoticias.com\/?p=20336\"]}]},{\"@type\":\"BreadcrumbList\",\"@id\":\"https:\/\/elpuucnoticias.com\/?p=20336#breadcrumb\",\"itemListElement\":[{\"@type\":\"ListItem\",\"position\":1,\"name\":\"Portada\",\"item\":\"https:\/\/elpuucnoticias.com\/\"},{\"@type\":\"ListItem\",\"position\":2,\"name\":\"Promueve la conservaci\u00f3n y el aviturismo con el evento \u201cDescubriendo las Alas de Cozumel\u201d\"}]},{\"@type\":\"Person\",\"@id\":\"https:\/\/elpuucnoticias.com\/#\/schema\/person\/d2ea09e4c97f0160b11cdfb1d856bd9e\",\"name\":\"elpuucnoticias\",\"image\":{\"@type\":\"ImageObject\",\"@id\":\"https:\/\/elpuucnoticias.com\/#personlogo\",\"inLanguage\":\"es\",\"url\":\"https:\/\/secure.gravatar.com\/avatar\/5290a43657c74ffa15701dbe5b846bd85cc71930d803c84e91046a7333de6ce2?s=96&d=mm&r=g\",\"contentUrl\":\"https:\/\/secure.gravatar.com\/avatar\/5290a43657c74ffa15701dbe5b846bd85cc71930d803c84e91046a7333de6ce2?s=96&d=mm&r=g\",\"caption\":\"elpuucnoticias\"},\"sameAs\":[\"https:\/\/elpuucnoticias.com\"],\"url\":\"https:\/\/elpuucnoticias.com\/?author=1\"}]}<\/script>\n<!-- \/ Yoast SEO plugin. -->","yoast_head_json":{"title":"Promueve la conservaci\u00f3n y el aviturismo con el evento \u201cDescubriendo las Alas de Cozumel\u201d - El Puuc Noticias","robots":{"index":"index","follow":"follow","max-snippet":"max-snippet:-1","max-image-preview":"max-image-preview:large","max-video-preview":"max-video-preview:-1"},"canonical":"https:\/\/elpuucnoticias.com\/?p=20336","og_locale":"es_ES","og_type":"article","og_title":"Promueve la conservaci\u00f3n y el aviturismo con el evento \u201cDescubriendo las Alas de Cozumel\u201d - El Puuc Noticias","og_description":"Como parte de las acciones encaminadas a fomentar la conciencia ambiental en la comunidad, la Fundaci\u00f3n de Parques","og_url":"https:\/\/elpuucnoticias.com\/?p=20336","og_site_name":"El Puuc Noticias","article_published_time":"2025-07-29T19:15:52+00:00","article_modified_time":"2025-07-29T19:15:53+00:00","og_image":[{"width":1280,"height":853,"url":"https:\/\/elpuucnoticias.com\/wp-content\/uploads\/2025\/07\/whatsapp-image-2025-07-29-at-11.29.28.jpeg","type":"image\/jpeg"}],"twitter_card":"summary_large_image","twitter_misc":{"Escrito por":"elpuucnoticias","Tiempo de lectura":"2 minutos"},"schema":{"@context":"https:\/\/schema.org","@graph":[{"@type":"WebSite","@id":"https:\/\/elpuucnoticias.com\/#website","url":"https:\/\/elpuucnoticias.com\/","name":"El Puuc Noticias","description":"Noticias - Entretenimiento - Deportes","potentialAction":[{"@type":"SearchAction","target":{"@type":"EntryPoint","urlTemplate":"https:\/\/elpuucnoticias.com\/?s={search_term_string}"},"query-input":"required name=search_term_string"}],"inLanguage":"es"},{"@type":"ImageObject","@id":"https:\/\/elpuucnoticias.com\/?p=20336#primaryimage","inLanguage":"es","url":"https:\/\/elpuucnoticias.com\/wp-content\/uploads\/2025\/07\/whatsapp-image-2025-07-29-at-11.29.28.jpeg","contentUrl":"https:\/\/elpuucnoticias.com\/wp-content\/uploads\/2025\/07\/whatsapp-image-2025-07-29-at-11.29.28.jpeg","width":1280,"height":853},{"@type":"WebPage","@id":"https:\/\/elpuucnoticias.com\/?p=20336#webpage","url":"https:\/\/elpuucnoticias.com\/?p=20336","name":"Promueve la conservaci\u00f3n y el aviturismo con el evento \u201cDescubriendo las Alas de Cozumel\u201d - El Puuc Noticias","isPartOf":{"@id":"https:\/\/elpuucnoticias.com\/#website"},"primaryImageOfPage":{"@id":"https:\/\/elpuucnoticias.com\/?p=20336#primaryimage"},"datePublished":"2025-07-29T19:15:52+00:00","dateModified":"2025-07-29T19:15:53+00:00","author":{"@id":"https:\/\/elpuucnoticias.com\/#\/schema\/person\/d2ea09e4c97f0160b11cdfb1d856bd9e"},"breadcrumb":{"@id":"https:\/\/elpuucnoticias.com\/?p=20336#breadcrumb"},"inLanguage":"es","potentialAction":[{"@type":"ReadAction","target":["https:\/\/elpuucnoticias.com\/?p=20336"]}]},{"@type":"BreadcrumbList","@id":"https:\/\/elpuucnoticias.com\/?p=20336#breadcrumb","itemListElement":[{"@type":"ListItem","position":1,"name":"Portada","item":"https:\/\/elpuucnoticias.com\/"},{"@type":"ListItem","position":2,"name":"Promueve la conservaci\u00f3n y el aviturismo con el evento \u201cDescubriendo las Alas de Cozumel\u201d"}]},{"@type":"Person","@id":"https:\/\/elpuucnoticias.com\/#\/schema\/person\/d2ea09e4c97f0160b11cdfb1d856bd9e","name":"elpuucnoticias","image":{"@type":"ImageObject","@id":"https:\/\/elpuucnoticias.com\/#personlogo","inLanguage":"es","url":"https:\/\/secure.gravatar.com\/avatar\/5290a43657c74ffa15701dbe5b846bd85cc71930d803c84e91046a7333de6ce2?s=96&d=mm&r=g","contentUrl":"https:\/\/secure.gravatar.com\/avatar\/5290a43657c74ffa15701dbe5b846bd85cc71930d803c84e91046a7333de6ce2?s=96&d=mm&r=g","caption":"elpuucnoticias"},"sameAs":["https:\/\/elpuucnoticias.com"],"url":"https:\/\/elpuucnoticias.com\/?author=1"}]}},"_links":{"self":[{"href":"https:\/\/elpuucnoticias.com\/index.php?rest_route=\/wp\/v2\/posts\/20336","targetHints":{"allow":["GET"]}}],"collection":[{"href":"https:\/\/elpuucnoticias.com\/index.php?rest_route=\/wp\/v2\/posts"}],"about":[{"href":"https:\/\/elpuucnoticias.com\/index.php?rest_route=\/wp\/v2\/types\/post"}],"author":[{"embeddable":true,"href":"https:\/\/elpuucnoticias.com\/index.php?rest_route=\/wp\/v2\/users\/1"}],"replies":[{"embeddable":true,"href":"https:\/\/elpuucnoticias.com\/index.php?rest_route=%2Fwp%2Fv2%2Fcomments&post=20336"}],"version-history":[{"count":1,"href":"https:\/\/elpuucnoticias.com\/index.php?rest_route=\/wp\/v2\/posts\/20336\/revisions"}],"predecessor-version":[{"id":20338,"href":"https:\/\/elpuucnoticias.com\/index.php?rest_route=\/wp\/v2\/posts\/20336\/revisions\/20338"}],"wp:featuredmedia":[{"embeddable":true,"href":"https:\/\/elpuucnoticias.com\/index.php?rest_route=\/wp\/v2\/media\/20337"}],"wp:attachment":[{"href":"https:\/\/elpuucnoticias.com\/index.php?rest_route=%2Fwp%2Fv2%2Fmedia&parent=20336"}],"wp:term":[{"taxonomy":"category","embeddable":true,"href":"https:\/\/elpuucnoticias.com\/index.php?rest_route=%2Fwp%2Fv2%2Fcategories&post=20336"},{"taxonomy":"post_tag","embeddable":true,"href":"https:\/\/elpuucnoticias.com\/index.php?rest_route=%2Fwp%2Fv2%2Ftags&post=20336"}],"curies":[{"name":"wp","href":"https:\/\/api.w.org\/{rel}","templated":true}]}}