{"id":20339,"date":"2025-07-29T13:31:56","date_gmt":"2025-07-29T19:31:56","guid":{"rendered":"https:\/\/elpuucnoticias.com\/?p=20339"},"modified":"2025-07-29T13:31:57","modified_gmt":"2025-07-29T19:31:57","slug":"tekax-celebro-con-orgullo-el-segundo-aniversario-de-su-nombramiento-como-pueblo-magico","status":"publish","type":"post","link":"https:\/\/elpuucnoticias.com\/?p=20339","title":{"rendered":"Tekax celebr\u00f3 con orgullo el Segundo Aniversario de su nombramiento como Pueblo M\u00e1gico"},"content":{"rendered":"\n<p>Como parte de la conmemoraci\u00f3n del Segundo Aniversario del nombramiento de Tekax como Pueblo M\u00e1gico, del 24 al 27 de julio se llevaron a cabo diversas actividades culturales y espirituales que reafirmaron el compromiso del Ayuntamiento con la preservaci\u00f3n de nuestras ra\u00edces y cultura ancestral.<\/p>\n\n\n\n<figure class=\"wp-block-gallery has-nested-images columns-default is-cropped wp-block-gallery-1 is-layout-flex wp-block-gallery-is-layout-flex\">\n<figure class=\"wp-block-image size-large is-style-default\"><img loading=\"lazy\" decoding=\"async\" width=\"1024\" height=\"767\" data-id=\"20347\" src=\"https:\/\/elpuucnoticias.com\/wp-content\/uploads\/2025\/07\/whatsapp-image-2025-07-29-at-12.42.51-pm-1024x767.jpeg\" alt=\"\" class=\"wp-image-20347\" srcset=\"https:\/\/elpuucnoticias.com\/wp-content\/uploads\/2025\/07\/whatsapp-image-2025-07-29-at-12.42.51-pm-1024x767.jpeg 1024w, https:\/\/elpuucnoticias.com\/wp-content\/uploads\/2025\/07\/whatsapp-image-2025-07-29-at-12.42.51-pm-300x225.jpeg 300w, https:\/\/elpuucnoticias.com\/wp-content\/uploads\/2025\/07\/whatsapp-image-2025-07-29-at-12.42.51-pm-768x575.jpeg 768w, https:\/\/elpuucnoticias.com\/wp-content\/uploads\/2025\/07\/whatsapp-image-2025-07-29-at-12.42.51-pm-800x600.jpeg 800w, https:\/\/elpuucnoticias.com\/wp-content\/uploads\/2025\/07\/whatsapp-image-2025-07-29-at-12.42.51-pm-320x240.jpeg 320w, https:\/\/elpuucnoticias.com\/wp-content\/uploads\/2025\/07\/whatsapp-image-2025-07-29-at-12.42.51-pm.jpeg 1040w\" sizes=\"auto, (max-width: 1024px) 100vw, 1024px\" \/><\/figure>\n\n\n\n<figure class=\"wp-block-image size-large is-style-default\"><img loading=\"lazy\" decoding=\"async\" width=\"1024\" height=\"682\" data-id=\"20346\" src=\"https:\/\/elpuucnoticias.com\/wp-content\/uploads\/2025\/07\/whatsapp-image-2025-07-29-at-12.42.51-pm-3-1024x682.jpeg\" alt=\"\" class=\"wp-image-20346\" srcset=\"https:\/\/elpuucnoticias.com\/wp-content\/uploads\/2025\/07\/whatsapp-image-2025-07-29-at-12.42.51-pm-3-1024x682.jpeg 1024w, https:\/\/elpuucnoticias.com\/wp-content\/uploads\/2025\/07\/whatsapp-image-2025-07-29-at-12.42.51-pm-3-300x200.jpeg 300w, https:\/\/elpuucnoticias.com\/wp-content\/uploads\/2025\/07\/whatsapp-image-2025-07-29-at-12.42.51-pm-3-768x512.jpeg 768w, https:\/\/elpuucnoticias.com\/wp-content\/uploads\/2025\/07\/whatsapp-image-2025-07-29-at-12.42.51-pm-3-600x400.jpeg 600w, https:\/\/elpuucnoticias.com\/wp-content\/uploads\/2025\/07\/whatsapp-image-2025-07-29-at-12.42.51-pm-3-320x213.jpeg 320w, https:\/\/elpuucnoticias.com\/wp-content\/uploads\/2025\/07\/whatsapp-image-2025-07-29-at-12.42.51-pm-3.jpeg 1280w\" sizes=\"auto, (max-width: 1024px) 100vw, 1024px\" \/><\/figure>\n<\/figure>\n\n\n\n<p><br>El presidente municipal, Manuel Vallejos reafirm\u00f3 su compromiso por seguir posicionando a Tekax como un referente cultural del sur del estado. Entre los eventos m\u00e1s esperados estuvieron el Primer Festival de Folklor Nacional que atrajo a visitantes de diversos puntos del pa\u00eds.<\/p>\n\n\n\n<p><br>Durante los d\u00edas del festival, Tekax recibi\u00f3 con entusiasmo a delegaciones folkl\u00f3ricas provenientes de Jalisco, Estado de M\u00e9xico, Chiapas, Guerrero, Morelos, Campeche, Quintana Roo y Yucat\u00e1n.<\/p>\n\n\n\n<p>Este encuentro tuvo como objetivo fortalecer la identidad nacional y promover la uni\u00f3n de los pueblos m\u00e1gicos a trav\u00e9s de la danza, la m\u00fasica y las expresiones culturales.<\/p>\n\n\n\n<figure class=\"wp-block-gallery has-nested-images columns-default is-cropped wp-block-gallery-2 is-layout-flex wp-block-gallery-is-layout-flex\">\n<figure class=\"wp-block-image size-large is-style-default\"><img loading=\"lazy\" decoding=\"async\" width=\"1024\" height=\"767\" data-id=\"20344\" src=\"https:\/\/elpuucnoticias.com\/wp-content\/uploads\/2025\/07\/whatsapp-image-2025-07-29-at-12.42.53-pm-1024x767.jpeg\" alt=\"\" class=\"wp-image-20344\" srcset=\"https:\/\/elpuucnoticias.com\/wp-content\/uploads\/2025\/07\/whatsapp-image-2025-07-29-at-12.42.53-pm-1024x767.jpeg 1024w, https:\/\/elpuucnoticias.com\/wp-content\/uploads\/2025\/07\/whatsapp-image-2025-07-29-at-12.42.53-pm-300x225.jpeg 300w, https:\/\/elpuucnoticias.com\/wp-content\/uploads\/2025\/07\/whatsapp-image-2025-07-29-at-12.42.53-pm-768x575.jpeg 768w, https:\/\/elpuucnoticias.com\/wp-content\/uploads\/2025\/07\/whatsapp-image-2025-07-29-at-12.42.53-pm-800x600.jpeg 800w, https:\/\/elpuucnoticias.com\/wp-content\/uploads\/2025\/07\/whatsapp-image-2025-07-29-at-12.42.53-pm-320x240.jpeg 320w, https:\/\/elpuucnoticias.com\/wp-content\/uploads\/2025\/07\/whatsapp-image-2025-07-29-at-12.42.53-pm.jpeg 1040w\" sizes=\"auto, (max-width: 1024px) 100vw, 1024px\" \/><\/figure>\n\n\n\n<figure class=\"wp-block-image size-large is-style-default\"><img loading=\"lazy\" decoding=\"async\" width=\"1024\" height=\"683\" data-id=\"20345\" src=\"https:\/\/elpuucnoticias.com\/wp-content\/uploads\/2025\/07\/whatsapp-image-2025-07-29-at-12.42.54-pm-1024x683.jpeg\" alt=\"\" class=\"wp-image-20345\" srcset=\"https:\/\/elpuucnoticias.com\/wp-content\/uploads\/2025\/07\/whatsapp-image-2025-07-29-at-12.42.54-pm-1024x683.jpeg 1024w, https:\/\/elpuucnoticias.com\/wp-content\/uploads\/2025\/07\/whatsapp-image-2025-07-29-at-12.42.54-pm-300x200.jpeg 300w, https:\/\/elpuucnoticias.com\/wp-content\/uploads\/2025\/07\/whatsapp-image-2025-07-29-at-12.42.54-pm-768x512.jpeg 768w, https:\/\/elpuucnoticias.com\/wp-content\/uploads\/2025\/07\/whatsapp-image-2025-07-29-at-12.42.54-pm-600x400.jpeg 600w, https:\/\/elpuucnoticias.com\/wp-content\/uploads\/2025\/07\/whatsapp-image-2025-07-29-at-12.42.54-pm-320x214.jpeg 320w, https:\/\/elpuucnoticias.com\/wp-content\/uploads\/2025\/07\/whatsapp-image-2025-07-29-at-12.42.54-pm.jpeg 1040w\" sizes=\"auto, (max-width: 1024px) 100vw, 1024px\" \/><\/figure>\n\n\n\n<figure class=\"wp-block-image size-large is-style-default\"><img loading=\"lazy\" decoding=\"async\" width=\"1024\" height=\"683\" data-id=\"20343\" src=\"https:\/\/elpuucnoticias.com\/wp-content\/uploads\/2025\/07\/whatsapp-image-2025-07-29-at-12.42.51-pm-2-1024x683.jpeg\" alt=\"\" class=\"wp-image-20343\" srcset=\"https:\/\/elpuucnoticias.com\/wp-content\/uploads\/2025\/07\/whatsapp-image-2025-07-29-at-12.42.51-pm-2-1024x683.jpeg 1024w, https:\/\/elpuucnoticias.com\/wp-content\/uploads\/2025\/07\/whatsapp-image-2025-07-29-at-12.42.51-pm-2-300x200.jpeg 300w, https:\/\/elpuucnoticias.com\/wp-content\/uploads\/2025\/07\/whatsapp-image-2025-07-29-at-12.42.51-pm-2-768x512.jpeg 768w, https:\/\/elpuucnoticias.com\/wp-content\/uploads\/2025\/07\/whatsapp-image-2025-07-29-at-12.42.51-pm-2-600x400.jpeg 600w, https:\/\/elpuucnoticias.com\/wp-content\/uploads\/2025\/07\/whatsapp-image-2025-07-29-at-12.42.51-pm-2-320x214.jpeg 320w, https:\/\/elpuucnoticias.com\/wp-content\/uploads\/2025\/07\/whatsapp-image-2025-07-29-at-12.42.51-pm-2.jpeg 1040w\" sizes=\"auto, (max-width: 1024px) 100vw, 1024px\" \/><\/figure>\n<\/figure>\n\n\n\n<p><br>Las celebraciones comenzaron el 24 de julio con una Magna Vaquer\u00eda Peninsular, la cual incluy\u00f3 el Primer Concurso de Jarana en categor\u00eda libre. <\/p>\n\n\n\n<p>A lo largo de los d\u00edas 25, 26 y 27 de julio, se realizaron presentaciones folkl\u00f3ricas y bailes populares gratuitos que llenaron de alegr\u00eda y color las principales calles y espacios p\u00fablicos del municipio.<\/p>\n\n\n\n<figure class=\"wp-block-gallery has-nested-images columns-default is-cropped wp-block-gallery-3 is-layout-flex wp-block-gallery-is-layout-flex\">\n<figure class=\"wp-block-image size-large is-style-default\"><img loading=\"lazy\" decoding=\"async\" width=\"1024\" height=\"767\" data-id=\"20341\" src=\"https:\/\/elpuucnoticias.com\/wp-content\/uploads\/2025\/07\/whatsapp-image-2025-07-29-at-12.42.53-pm-1-1024x767.jpeg\" alt=\"\" class=\"wp-image-20341\" srcset=\"https:\/\/elpuucnoticias.com\/wp-content\/uploads\/2025\/07\/whatsapp-image-2025-07-29-at-12.42.53-pm-1-1024x767.jpeg 1024w, https:\/\/elpuucnoticias.com\/wp-content\/uploads\/2025\/07\/whatsapp-image-2025-07-29-at-12.42.53-pm-1-300x225.jpeg 300w, https:\/\/elpuucnoticias.com\/wp-content\/uploads\/2025\/07\/whatsapp-image-2025-07-29-at-12.42.53-pm-1-768x575.jpeg 768w, https:\/\/elpuucnoticias.com\/wp-content\/uploads\/2025\/07\/whatsapp-image-2025-07-29-at-12.42.53-pm-1-800x600.jpeg 800w, https:\/\/elpuucnoticias.com\/wp-content\/uploads\/2025\/07\/whatsapp-image-2025-07-29-at-12.42.53-pm-1-320x240.jpeg 320w, https:\/\/elpuucnoticias.com\/wp-content\/uploads\/2025\/07\/whatsapp-image-2025-07-29-at-12.42.53-pm-1.jpeg 1040w\" sizes=\"auto, (max-width: 1024px) 100vw, 1024px\" \/><\/figure>\n\n\n\n<figure class=\"wp-block-image size-large is-style-default\"><img loading=\"lazy\" decoding=\"async\" width=\"682\" height=\"1024\" data-id=\"20340\" src=\"https:\/\/elpuucnoticias.com\/wp-content\/uploads\/2025\/07\/whatsapp-image-2025-07-29-at-12.42.53-pm-3-682x1024.jpeg\" alt=\"\" class=\"wp-image-20340\" srcset=\"https:\/\/elpuucnoticias.com\/wp-content\/uploads\/2025\/07\/whatsapp-image-2025-07-29-at-12.42.53-pm-3-682x1024.jpeg 682w, https:\/\/elpuucnoticias.com\/wp-content\/uploads\/2025\/07\/whatsapp-image-2025-07-29-at-12.42.53-pm-3-200x300.jpeg 200w, https:\/\/elpuucnoticias.com\/wp-content\/uploads\/2025\/07\/whatsapp-image-2025-07-29-at-12.42.53-pm-3-768x1152.jpeg 768w, https:\/\/elpuucnoticias.com\/wp-content\/uploads\/2025\/07\/whatsapp-image-2025-07-29-at-12.42.53-pm-3-213x320.jpeg 213w, https:\/\/elpuucnoticias.com\/wp-content\/uploads\/2025\/07\/whatsapp-image-2025-07-29-at-12.42.53-pm-3.jpeg 853w\" sizes=\"auto, (max-width: 682px) 100vw, 682px\" \/><\/figure>\n\n\n\n<figure class=\"wp-block-image size-large is-style-default\"><img loading=\"lazy\" decoding=\"async\" width=\"682\" height=\"1024\" data-id=\"20342\" src=\"https:\/\/elpuucnoticias.com\/wp-content\/uploads\/2025\/07\/whatsapp-image-2025-07-29-at-12.42.53-pm-2-682x1024.jpeg\" alt=\"\" class=\"wp-image-20342\" srcset=\"https:\/\/elpuucnoticias.com\/wp-content\/uploads\/2025\/07\/whatsapp-image-2025-07-29-at-12.42.53-pm-2-682x1024.jpeg 682w, https:\/\/elpuucnoticias.com\/wp-content\/uploads\/2025\/07\/whatsapp-image-2025-07-29-at-12.42.53-pm-2-200x300.jpeg 200w, https:\/\/elpuucnoticias.com\/wp-content\/uploads\/2025\/07\/whatsapp-image-2025-07-29-at-12.42.53-pm-2-768x1152.jpeg 768w, https:\/\/elpuucnoticias.com\/wp-content\/uploads\/2025\/07\/whatsapp-image-2025-07-29-at-12.42.53-pm-2-213x320.jpeg 213w, https:\/\/elpuucnoticias.com\/wp-content\/uploads\/2025\/07\/whatsapp-image-2025-07-29-at-12.42.53-pm-2.jpeg 853w\" sizes=\"auto, (max-width: 682px) 100vw, 682px\" \/><\/figure>\n<\/figure>\n\n\n\n<p><br>El festival tambi\u00e9n ofreci\u00f3 una amplia gama de actividades complementarias que incluyeron:<br>\u2022 Espect\u00e1culos de danza<br>\u2022 Vaquer\u00eda y concurso de jarana<br>\u2022 Encendido del fuego sagrado<br>\u2022 Talleres de danza<br>\u2022 Matin\u00e9 de la bella \u00e9poca para bailar danz\u00f3n<br>\u2022 Presentaciones musicales de artistas locales<br>\u2022 Bailes gratuitos<br>\u2022 Expo artesanal<br>\u2022 \u00c1rea gastron\u00f3mica<br>\u2022 Espacio dedicado a carpinteros locales<br>Durante esta semana llena de orgullo, identidad y tradici\u00f3n, Tekax se consolid\u00f3 como un destino tur\u00edstico y cultural de referencia en el sur de Yucat\u00e1n. <\/p>\n\n\n\n<p>Las autoridades municipales agradecieron la participaci\u00f3n de los visitantes y habitantes, destacando que este tipo de festivales no solo honran el pasado, sino que tambi\u00e9n fortalecen el presente y proyectan un futuro de identidad s\u00f3lida y compartida.<\/p>\n","protected":false},"excerpt":{"rendered":"<p>Como parte de la conmemoraci\u00f3n del Segundo Aniversario del nombramiento de Tekax como Pueblo M\u00e1gico, del 24 al<\/p>\n","protected":false},"author":1,"featured_media":20348,"comment_status":"closed","ping_status":"open","sticky":false,"template":"","format":"standard","meta":{"_monsterinsights_skip_tracking":false,"_monsterinsights_sitenote_active":false,"_monsterinsights_sitenote_note":"","_monsterinsights_sitenote_category":0,"footnotes":""},"categories":[11,4],"tags":[],"class_list":["post-20339","post","type-post","status-publish","format-standard","has-post-thumbnail","hentry","category-noticias","category-tekax"],"yoast_head":"<!-- This site is optimized with the Yoast SEO plugin v18.3 - https:\/\/yoast.com\/wordpress\/plugins\/seo\/ -->\n<title>Tekax celebr\u00f3 con orgullo el Segundo Aniversario de su nombramiento como Pueblo M\u00e1gico - El Puuc Noticias<\/title>\n<meta name=\"robots\" content=\"index, follow, max-snippet:-1, max-image-preview:large, max-video-preview:-1\" \/>\n<link rel=\"canonical\" href=\"https:\/\/elpuucnoticias.com\/?p=20339\" \/>\n<meta property=\"og:locale\" content=\"es_ES\" \/>\n<meta property=\"og:type\" content=\"article\" \/>\n<meta property=\"og:title\" content=\"Tekax celebr\u00f3 con orgullo el Segundo Aniversario de su nombramiento como Pueblo M\u00e1gico - El Puuc Noticias\" \/>\n<meta property=\"og:description\" content=\"Como parte de la conmemoraci\u00f3n del Segundo Aniversario del nombramiento de Tekax como Pueblo M\u00e1gico, del 24 al\" \/>\n<meta property=\"og:url\" content=\"https:\/\/elpuucnoticias.com\/?p=20339\" \/>\n<meta property=\"og:site_name\" content=\"El Puuc Noticias\" \/>\n<meta property=\"article:published_time\" content=\"2025-07-29T19:31:56+00:00\" \/>\n<meta property=\"article:modified_time\" content=\"2025-07-29T19:31:57+00:00\" \/>\n<meta property=\"og:image\" content=\"https:\/\/elpuucnoticias.com\/wp-content\/uploads\/2025\/07\/whatsapp-image-2025-07-29-at-12.42.52-pm-1.jpeg\" \/>\n\t<meta property=\"og:image:width\" content=\"1040\" \/>\n\t<meta property=\"og:image:height\" content=\"694\" \/>\n\t<meta property=\"og:image:type\" content=\"image\/jpeg\" \/>\n<meta name=\"twitter:card\" content=\"summary_large_image\" \/>\n<meta name=\"twitter:label1\" content=\"Escrito por\" \/>\n\t<meta name=\"twitter:data1\" content=\"elpuucnoticias\" \/>\n\t<meta name=\"twitter:label2\" content=\"Tiempo de lectura\" \/>\n\t<meta name=\"twitter:data2\" content=\"2 minutos\" \/>\n<script type=\"application\/ld+json\" class=\"yoast-schema-graph\">{\"@context\":\"https:\/\/schema.org\",\"@graph\":[{\"@type\":\"WebSite\",\"@id\":\"https:\/\/elpuucnoticias.com\/#website\",\"url\":\"https:\/\/elpuucnoticias.com\/\",\"name\":\"El Puuc Noticias\",\"description\":\"Noticias - Entretenimiento - Deportes\",\"potentialAction\":[{\"@type\":\"SearchAction\",\"target\":{\"@type\":\"EntryPoint\",\"urlTemplate\":\"https:\/\/elpuucnoticias.com\/?s={search_term_string}\"},\"query-input\":\"required name=search_term_string\"}],\"inLanguage\":\"es\"},{\"@type\":\"ImageObject\",\"@id\":\"https:\/\/elpuucnoticias.com\/?p=20339#primaryimage\",\"inLanguage\":\"es\",\"url\":\"https:\/\/elpuucnoticias.com\/wp-content\/uploads\/2025\/07\/whatsapp-image-2025-07-29-at-12.42.52-pm-1.jpeg\",\"contentUrl\":\"https:\/\/elpuucnoticias.com\/wp-content\/uploads\/2025\/07\/whatsapp-image-2025-07-29-at-12.42.52-pm-1.jpeg\",\"width\":1040,\"height\":694},{\"@type\":\"WebPage\",\"@id\":\"https:\/\/elpuucnoticias.com\/?p=20339#webpage\",\"url\":\"https:\/\/elpuucnoticias.com\/?p=20339\",\"name\":\"Tekax celebr\u00f3 con orgullo el Segundo Aniversario de su nombramiento como Pueblo M\u00e1gico - El Puuc Noticias\",\"isPartOf\":{\"@id\":\"https:\/\/elpuucnoticias.com\/#website\"},\"primaryImageOfPage\":{\"@id\":\"https:\/\/elpuucnoticias.com\/?p=20339#primaryimage\"},\"datePublished\":\"2025-07-29T19:31:56+00:00\",\"dateModified\":\"2025-07-29T19:31:57+00:00\",\"author\":{\"@id\":\"https:\/\/elpuucnoticias.com\/#\/schema\/person\/d2ea09e4c97f0160b11cdfb1d856bd9e\"},\"breadcrumb\":{\"@id\":\"https:\/\/elpuucnoticias.com\/?p=20339#breadcrumb\"},\"inLanguage\":\"es\",\"potentialAction\":[{\"@type\":\"ReadAction\",\"target\":[\"https:\/\/elpuucnoticias.com\/?p=20339\"]}]},{\"@type\":\"BreadcrumbList\",\"@id\":\"https:\/\/elpuucnoticias.com\/?p=20339#breadcrumb\",\"itemListElement\":[{\"@type\":\"ListItem\",\"position\":1,\"name\":\"Portada\",\"item\":\"https:\/\/elpuucnoticias.com\/\"},{\"@type\":\"ListItem\",\"position\":2,\"name\":\"Tekax celebr\u00f3 con orgullo el Segundo Aniversario de su nombramiento como Pueblo M\u00e1gico\"}]},{\"@type\":\"Person\",\"@id\":\"https:\/\/elpuucnoticias.com\/#\/schema\/person\/d2ea09e4c97f0160b11cdfb1d856bd9e\",\"name\":\"elpuucnoticias\",\"image\":{\"@type\":\"ImageObject\",\"@id\":\"https:\/\/elpuucnoticias.com\/#personlogo\",\"inLanguage\":\"es\",\"url\":\"https:\/\/secure.gravatar.com\/avatar\/5290a43657c74ffa15701dbe5b846bd85cc71930d803c84e91046a7333de6ce2?s=96&d=mm&r=g\",\"contentUrl\":\"https:\/\/secure.gravatar.com\/avatar\/5290a43657c74ffa15701dbe5b846bd85cc71930d803c84e91046a7333de6ce2?s=96&d=mm&r=g\",\"caption\":\"elpuucnoticias\"},\"sameAs\":[\"https:\/\/elpuucnoticias.com\"],\"url\":\"https:\/\/elpuucnoticias.com\/?author=1\"}]}<\/script>\n<!-- \/ Yoast SEO plugin. -->","yoast_head_json":{"title":"Tekax celebr\u00f3 con orgullo el Segundo Aniversario de su nombramiento como Pueblo M\u00e1gico - El Puuc Noticias","robots":{"index":"index","follow":"follow","max-snippet":"max-snippet:-1","max-image-preview":"max-image-preview:large","max-video-preview":"max-video-preview:-1"},"canonical":"https:\/\/elpuucnoticias.com\/?p=20339","og_locale":"es_ES","og_type":"article","og_title":"Tekax celebr\u00f3 con orgullo el Segundo Aniversario de su nombramiento como Pueblo M\u00e1gico - El Puuc Noticias","og_description":"Como parte de la conmemoraci\u00f3n del Segundo Aniversario del nombramiento de Tekax como Pueblo M\u00e1gico, del 24 al","og_url":"https:\/\/elpuucnoticias.com\/?p=20339","og_site_name":"El Puuc Noticias","article_published_time":"2025-07-29T19:31:56+00:00","article_modified_time":"2025-07-29T19:31:57+00:00","og_image":[{"width":1040,"height":694,"url":"https:\/\/elpuucnoticias.com\/wp-content\/uploads\/2025\/07\/whatsapp-image-2025-07-29-at-12.42.52-pm-1.jpeg","type":"image\/jpeg"}],"twitter_card":"summary_large_image","twitter_misc":{"Escrito por":"elpuucnoticias","Tiempo de lectura":"2 minutos"},"schema":{"@context":"https:\/\/schema.org","@graph":[{"@type":"WebSite","@id":"https:\/\/elpuucnoticias.com\/#website","url":"https:\/\/elpuucnoticias.com\/","name":"El Puuc Noticias","description":"Noticias - Entretenimiento - Deportes","potentialAction":[{"@type":"SearchAction","target":{"@type":"EntryPoint","urlTemplate":"https:\/\/elpuucnoticias.com\/?s={search_term_string}"},"query-input":"required name=search_term_string"}],"inLanguage":"es"},{"@type":"ImageObject","@id":"https:\/\/elpuucnoticias.com\/?p=20339#primaryimage","inLanguage":"es","url":"https:\/\/elpuucnoticias.com\/wp-content\/uploads\/2025\/07\/whatsapp-image-2025-07-29-at-12.42.52-pm-1.jpeg","contentUrl":"https:\/\/elpuucnoticias.com\/wp-content\/uploads\/2025\/07\/whatsapp-image-2025-07-29-at-12.42.52-pm-1.jpeg","width":1040,"height":694},{"@type":"WebPage","@id":"https:\/\/elpuucnoticias.com\/?p=20339#webpage","url":"https:\/\/elpuucnoticias.com\/?p=20339","name":"Tekax celebr\u00f3 con orgullo el Segundo Aniversario de su nombramiento como Pueblo M\u00e1gico - El Puuc Noticias","isPartOf":{"@id":"https:\/\/elpuucnoticias.com\/#website"},"primaryImageOfPage":{"@id":"https:\/\/elpuucnoticias.com\/?p=20339#primaryimage"},"datePublished":"2025-07-29T19:31:56+00:00","dateModified":"2025-07-29T19:31:57+00:00","author":{"@id":"https:\/\/elpuucnoticias.com\/#\/schema\/person\/d2ea09e4c97f0160b11cdfb1d856bd9e"},"breadcrumb":{"@id":"https:\/\/elpuucnoticias.com\/?p=20339#breadcrumb"},"inLanguage":"es","potentialAction":[{"@type":"ReadAction","target":["https:\/\/elpuucnoticias.com\/?p=20339"]}]},{"@type":"BreadcrumbList","@id":"https:\/\/elpuucnoticias.com\/?p=20339#breadcrumb","itemListElement":[{"@type":"ListItem","position":1,"name":"Portada","item":"https:\/\/elpuucnoticias.com\/"},{"@type":"ListItem","position":2,"name":"Tekax celebr\u00f3 con orgullo el Segundo Aniversario de su nombramiento como Pueblo M\u00e1gico"}]},{"@type":"Person","@id":"https:\/\/elpuucnoticias.com\/#\/schema\/person\/d2ea09e4c97f0160b11cdfb1d856bd9e","name":"elpuucnoticias","image":{"@type":"ImageObject","@id":"https:\/\/elpuucnoticias.com\/#personlogo","inLanguage":"es","url":"https:\/\/secure.gravatar.com\/avatar\/5290a43657c74ffa15701dbe5b846bd85cc71930d803c84e91046a7333de6ce2?s=96&d=mm&r=g","contentUrl":"https:\/\/secure.gravatar.com\/avatar\/5290a43657c74ffa15701dbe5b846bd85cc71930d803c84e91046a7333de6ce2?s=96&d=mm&r=g","caption":"elpuucnoticias"},"sameAs":["https:\/\/elpuucnoticias.com"],"url":"https:\/\/elpuucnoticias.com\/?author=1"}]}},"_links":{"self":[{"href":"https:\/\/elpuucnoticias.com\/index.php?rest_route=\/wp\/v2\/posts\/20339","targetHints":{"allow":["GET"]}}],"collection":[{"href":"https:\/\/elpuucnoticias.com\/index.php?rest_route=\/wp\/v2\/posts"}],"about":[{"href":"https:\/\/elpuucnoticias.com\/index.php?rest_route=\/wp\/v2\/types\/post"}],"author":[{"embeddable":true,"href":"https:\/\/elpuucnoticias.com\/index.php?rest_route=\/wp\/v2\/users\/1"}],"replies":[{"embeddable":true,"href":"https:\/\/elpuucnoticias.com\/index.php?rest_route=%2Fwp%2Fv2%2Fcomments&post=20339"}],"version-history":[{"count":1,"href":"https:\/\/elpuucnoticias.com\/index.php?rest_route=\/wp\/v2\/posts\/20339\/revisions"}],"predecessor-version":[{"id":20349,"href":"https:\/\/elpuucnoticias.com\/index.php?rest_route=\/wp\/v2\/posts\/20339\/revisions\/20349"}],"wp:featuredmedia":[{"embeddable":true,"href":"https:\/\/elpuucnoticias.com\/index.php?rest_route=\/wp\/v2\/media\/20348"}],"wp:attachment":[{"href":"https:\/\/elpuucnoticias.com\/index.php?rest_route=%2Fwp%2Fv2%2Fmedia&parent=20339"}],"wp:term":[{"taxonomy":"category","embeddable":true,"href":"https:\/\/elpuucnoticias.com\/index.php?rest_route=%2Fwp%2Fv2%2Fcategories&post=20339"},{"taxonomy":"post_tag","embeddable":true,"href":"https:\/\/elpuucnoticias.com\/index.php?rest_route=%2Fwp%2Fv2%2Ftags&post=20339"}],"curies":[{"name":"wp","href":"https:\/\/api.w.org\/{rel}","templated":true}]}}