{"id":20359,"date":"2025-07-30T12:32:44","date_gmt":"2025-07-30T18:32:44","guid":{"rendered":"https:\/\/elpuucnoticias.com\/?p=20359"},"modified":"2025-07-30T12:32:45","modified_gmt":"2025-07-30T18:32:45","slug":"mara-lezama-y-chepe-contreras-inician-repavimentacion-de-calles-en-bacalar","status":"publish","type":"post","link":"https:\/\/elpuucnoticias.com\/?p=20359","title":{"rendered":"Mara Lezama y \u201cChepe\u201d Contreras inician repavimentaci\u00f3n de calles en Bacalar"},"content":{"rendered":"\n<p>Para mejorar sustancialmente la imagen urbana, facilitar la movilidad y que las personas vivan mejor, la gobernadora Mara Lezama Espinosa acompa\u00f1\u00f3 al presidente municipal Jos\u00e9 Alfredo Contreras M\u00e9ndez al banderazo de inicio de la rehabilitaci\u00f3n de calles en Bacalar, para el bienestar de m\u00e1s de 12 mil 500 habitantes.<\/p>\n\n\n\n<figure class=\"wp-block-image is-style-default\"><a href=\"https:\/\/cgc.qroo.gob.mx\/cjg\/wp-content\/uploads\/2025\/07\/5243d8c6-5f55-41db-a846-cf73488ca16d-scaled.jpg\"><img decoding=\"async\" src=\"https:\/\/cgc.qroo.gob.mx\/cjg\/wp-content\/uploads\/2025\/07\/5243d8c6-5f55-41db-a846-cf73488ca16d-585x349.jpg\" alt=\"\" title=\"5243d8c6-5f55-41db-a846-cf73488ca16d\"\/><\/a><\/figure>\n\n\n\n<p>Iniciaron los trabajos en la Avenida 11 con calle 12 de la colonia Serapio Flota Mass, que responden a las necesidades de las zonas que m\u00e1s lo requieren y al llamado de la poblaci\u00f3n, con una meta estimada en 8 mil metros cuadrados, adem\u00e1s, en Sor Juana In\u00e9s de la Cruz, Benito Ju\u00e1rez, Luis Donaldo Colosio, 5 de Mayo, Mario Villanueva Madrid, Gonzalo Guerrero y parte del Centro.<\/p>\n\n\n\n<figure class=\"wp-block-image is-style-default\"><a href=\"https:\/\/cgc.qroo.gob.mx\/cjg\/wp-content\/uploads\/2025\/07\/05bdf0ac-1b60-495c-bd19-ca2f855c85b6-scaled.jpg\"><img decoding=\"async\" src=\"https:\/\/cgc.qroo.gob.mx\/cjg\/wp-content\/uploads\/2025\/07\/05bdf0ac-1b60-495c-bd19-ca2f855c85b6-585x368.jpg\" alt=\"\" title=\"05bdf0ac-1b60-495c-bd19-ca2f855c85b6\"\/><\/a><\/figure>\n\n\n\n<p>\u201cEscuchar al pueblo y cumplirle es el coraz\u00f3n del segundo piso de la Cuarta Transformaci\u00f3n. Tener calles en buen estado es una cuesti\u00f3n de justicia social para las familias que viven aqu\u00ed, y para las y los miles de visitantes que a diario llegar a disfrutar de este para\u00edso\u201d, expres\u00f3 la gobernadora Mara Lezama.<\/p>\n\n\n\n<figure class=\"wp-block-image is-style-default\"><a href=\"https:\/\/cgc.qroo.gob.mx\/cjg\/wp-content\/uploads\/2025\/07\/4536b661-469b-464b-bcdb-5481fc92d6b2-scaled.jpg\"><img decoding=\"async\" src=\"https:\/\/cgc.qroo.gob.mx\/cjg\/wp-content\/uploads\/2025\/07\/4536b661-469b-464b-bcdb-5481fc92d6b2-585x390.jpg\" alt=\"\" title=\"4536b661-469b-464b-bcdb-5481fc92d6b2\"\/><\/a><\/figure>\n\n\n\n<p>La inversi\u00f3n que se aplica en esta rehabilitaci\u00f3n de calles es de m\u00e1s de 3 millones 600 mil pesos del Fondo de Aportaciones para el Fortalecimiento Municipal (FORTAMUN), para el bienestar de m\u00e1s de 12 mil 500 habitantes de la cabecera municipal de Bacalar.<\/p>\n\n\n\n<p>\u201cVamos a rehabilitar m\u00e1s de 8 mil metros cuadrados en las zonas que m\u00e1s lo necesitan, porque como bien dice, es un derecho del pueblo contar con calles dignas y es justamente lo que el pueblo nos ha pedido\u201d, afirm\u00f3 por su parte el presidente Contreras M\u00e9ndez.<\/p>\n\n\n\n<figure class=\"wp-block-image is-style-default\"><a href=\"https:\/\/cgc.qroo.gob.mx\/cjg\/wp-content\/uploads\/2025\/07\/53e0a872-06d0-4da0-aa85-2c38b4ef57fc-scaled.jpg\"><img decoding=\"async\" src=\"https:\/\/cgc.qroo.gob.mx\/cjg\/wp-content\/uploads\/2025\/07\/53e0a872-06d0-4da0-aa85-2c38b4ef57fc-585x390.jpg\" alt=\"\" title=\"53e0a872-06d0-4da0-aa85-2c38b4ef57fc\"\/><\/a><\/figure>\n\n\n\n<p>La gobernadora Mara Lezama asever\u00f3 que as\u00ed se avanza en esta nueva forma de gobernar, escuchando, trabajando con honestidad y cumpliendo, sin distancias entre el gobierno y el pueblo, caminando en territorio.<\/p>\n\n\n\n<figure class=\"wp-block-image is-style-default\"><a href=\"https:\/\/cgc.qroo.gob.mx\/cjg\/wp-content\/uploads\/2025\/07\/92d267b1-8969-4fde-a407-b5b1d898b07e-scaled.jpg\"><img decoding=\"async\" src=\"https:\/\/cgc.qroo.gob.mx\/cjg\/wp-content\/uploads\/2025\/07\/92d267b1-8969-4fde-a407-b5b1d898b07e-585x445.jpg\" alt=\"\" title=\"92d267b1-8969-4fde-a407-b5b1d898b07e\"\/><\/a><\/figure>\n\n\n\n<p>\u201cPorque tu bienestar y el de tu familia \u00a1claro que nos importa! continuamos unidas y unidos para transformar\u201d, expres\u00f3 finalmente la gobernadora de Quintana Roo.<\/p>\n\n\n\n<figure class=\"wp-block-image is-style-default\"><a href=\"https:\/\/cgc.qroo.gob.mx\/cjg\/wp-content\/uploads\/2025\/07\/1728c2b3-2c7d-415e-9e7c-dfa0f4f6fbf4-scaled.jpg\"><img decoding=\"async\" src=\"https:\/\/cgc.qroo.gob.mx\/cjg\/wp-content\/uploads\/2025\/07\/1728c2b3-2c7d-415e-9e7c-dfa0f4f6fbf4-585x390.jpg\" alt=\"\" title=\"1728c2b3-2c7d-415e-9e7c-dfa0f4f6fbf4\"\/><\/a><\/figure>\n\n\n\n<p>Acompa\u00f1aron a la gobernadora Mara Lezama durante un recorrido por las calles, el secretario de Obras P\u00fablicas, Jos\u00e9 Rafael Lara D\u00edaz, y director de Desarrollo Urbano, Obra P\u00fablica y Ecolog\u00eda de Bacalar, Romel Cano \u00c1lvarez.<\/p>\n","protected":false},"excerpt":{"rendered":"<p>Para mejorar sustancialmente la imagen urbana, facilitar la movilidad y que las personas vivan mejor, la gobernadora Mara<\/p>\n","protected":false},"author":1,"featured_media":20360,"comment_status":"closed","ping_status":"open","sticky":false,"template":"","format":"standard","meta":{"_monsterinsights_skip_tracking":false,"_monsterinsights_sitenote_active":false,"_monsterinsights_sitenote_note":"","_monsterinsights_sitenote_category":0,"footnotes":""},"categories":[11,24],"tags":[],"class_list":["post-20359","post","type-post","status-publish","format-standard","has-post-thumbnail","hentry","category-noticias","category-quintana-roo"],"yoast_head":"<!-- This site is optimized with the Yoast SEO plugin v18.3 - https:\/\/yoast.com\/wordpress\/plugins\/seo\/ -->\n<title>Mara Lezama y \u201cChepe\u201d Contreras inician repavimentaci\u00f3n de calles en Bacalar - El Puuc Noticias<\/title>\n<meta name=\"robots\" content=\"index, follow, max-snippet:-1, max-image-preview:large, max-video-preview:-1\" \/>\n<link rel=\"canonical\" href=\"https:\/\/elpuucnoticias.com\/?p=20359\" \/>\n<meta property=\"og:locale\" content=\"es_ES\" \/>\n<meta property=\"og:type\" content=\"article\" \/>\n<meta property=\"og:title\" content=\"Mara Lezama y \u201cChepe\u201d Contreras inician repavimentaci\u00f3n de calles en Bacalar - El Puuc Noticias\" \/>\n<meta property=\"og:description\" content=\"Para mejorar sustancialmente la imagen urbana, facilitar la movilidad y que las personas vivan mejor, la gobernadora Mara\" \/>\n<meta property=\"og:url\" content=\"https:\/\/elpuucnoticias.com\/?p=20359\" \/>\n<meta property=\"og:site_name\" content=\"El Puuc Noticias\" \/>\n<meta property=\"article:published_time\" content=\"2025-07-30T18:32:44+00:00\" \/>\n<meta property=\"article:modified_time\" content=\"2025-07-30T18:32:45+00:00\" \/>\n<meta property=\"og:image\" content=\"https:\/\/elpuucnoticias.com\/wp-content\/uploads\/2025\/07\/6463104e-44b2-463b-aff0-7015052abfec-scaled-1.jpg\" \/>\n\t<meta property=\"og:image:width\" content=\"2560\" \/>\n\t<meta property=\"og:image:height\" content=\"1707\" \/>\n\t<meta property=\"og:image:type\" content=\"image\/jpeg\" \/>\n<meta name=\"twitter:card\" content=\"summary_large_image\" \/>\n<meta name=\"twitter:label1\" content=\"Escrito por\" \/>\n\t<meta name=\"twitter:data1\" content=\"elpuucnoticias\" \/>\n\t<meta name=\"twitter:label2\" content=\"Tiempo de lectura\" \/>\n\t<meta name=\"twitter:data2\" content=\"2 minutos\" \/>\n<script type=\"application\/ld+json\" class=\"yoast-schema-graph\">{\"@context\":\"https:\/\/schema.org\",\"@graph\":[{\"@type\":\"WebSite\",\"@id\":\"https:\/\/elpuucnoticias.com\/#website\",\"url\":\"https:\/\/elpuucnoticias.com\/\",\"name\":\"El Puuc Noticias\",\"description\":\"Noticias - Entretenimiento - Deportes\",\"potentialAction\":[{\"@type\":\"SearchAction\",\"target\":{\"@type\":\"EntryPoint\",\"urlTemplate\":\"https:\/\/elpuucnoticias.com\/?s={search_term_string}\"},\"query-input\":\"required name=search_term_string\"}],\"inLanguage\":\"es\"},{\"@type\":\"ImageObject\",\"@id\":\"https:\/\/elpuucnoticias.com\/?p=20359#primaryimage\",\"inLanguage\":\"es\",\"url\":\"https:\/\/elpuucnoticias.com\/wp-content\/uploads\/2025\/07\/6463104e-44b2-463b-aff0-7015052abfec-scaled-1.jpg\",\"contentUrl\":\"https:\/\/elpuucnoticias.com\/wp-content\/uploads\/2025\/07\/6463104e-44b2-463b-aff0-7015052abfec-scaled-1.jpg\",\"width\":2560,\"height\":1707},{\"@type\":\"WebPage\",\"@id\":\"https:\/\/elpuucnoticias.com\/?p=20359#webpage\",\"url\":\"https:\/\/elpuucnoticias.com\/?p=20359\",\"name\":\"Mara Lezama y \u201cChepe\u201d Contreras inician repavimentaci\u00f3n de calles en Bacalar - El Puuc Noticias\",\"isPartOf\":{\"@id\":\"https:\/\/elpuucnoticias.com\/#website\"},\"primaryImageOfPage\":{\"@id\":\"https:\/\/elpuucnoticias.com\/?p=20359#primaryimage\"},\"datePublished\":\"2025-07-30T18:32:44+00:00\",\"dateModified\":\"2025-07-30T18:32:45+00:00\",\"author\":{\"@id\":\"https:\/\/elpuucnoticias.com\/#\/schema\/person\/d2ea09e4c97f0160b11cdfb1d856bd9e\"},\"breadcrumb\":{\"@id\":\"https:\/\/elpuucnoticias.com\/?p=20359#breadcrumb\"},\"inLanguage\":\"es\",\"potentialAction\":[{\"@type\":\"ReadAction\",\"target\":[\"https:\/\/elpuucnoticias.com\/?p=20359\"]}]},{\"@type\":\"BreadcrumbList\",\"@id\":\"https:\/\/elpuucnoticias.com\/?p=20359#breadcrumb\",\"itemListElement\":[{\"@type\":\"ListItem\",\"position\":1,\"name\":\"Portada\",\"item\":\"https:\/\/elpuucnoticias.com\/\"},{\"@type\":\"ListItem\",\"position\":2,\"name\":\"Mara Lezama y \u201cChepe\u201d Contreras inician repavimentaci\u00f3n de calles en Bacalar\"}]},{\"@type\":\"Person\",\"@id\":\"https:\/\/elpuucnoticias.com\/#\/schema\/person\/d2ea09e4c97f0160b11cdfb1d856bd9e\",\"name\":\"elpuucnoticias\",\"image\":{\"@type\":\"ImageObject\",\"@id\":\"https:\/\/elpuucnoticias.com\/#personlogo\",\"inLanguage\":\"es\",\"url\":\"https:\/\/secure.gravatar.com\/avatar\/5290a43657c74ffa15701dbe5b846bd85cc71930d803c84e91046a7333de6ce2?s=96&d=mm&r=g\",\"contentUrl\":\"https:\/\/secure.gravatar.com\/avatar\/5290a43657c74ffa15701dbe5b846bd85cc71930d803c84e91046a7333de6ce2?s=96&d=mm&r=g\",\"caption\":\"elpuucnoticias\"},\"sameAs\":[\"https:\/\/elpuucnoticias.com\"],\"url\":\"https:\/\/elpuucnoticias.com\/?author=1\"}]}<\/script>\n<!-- \/ Yoast SEO plugin. -->","yoast_head_json":{"title":"Mara Lezama y \u201cChepe\u201d Contreras inician repavimentaci\u00f3n de calles en Bacalar - El Puuc Noticias","robots":{"index":"index","follow":"follow","max-snippet":"max-snippet:-1","max-image-preview":"max-image-preview:large","max-video-preview":"max-video-preview:-1"},"canonical":"https:\/\/elpuucnoticias.com\/?p=20359","og_locale":"es_ES","og_type":"article","og_title":"Mara Lezama y \u201cChepe\u201d Contreras inician repavimentaci\u00f3n de calles en Bacalar - El Puuc Noticias","og_description":"Para mejorar sustancialmente la imagen urbana, facilitar la movilidad y que las personas vivan mejor, la gobernadora Mara","og_url":"https:\/\/elpuucnoticias.com\/?p=20359","og_site_name":"El Puuc Noticias","article_published_time":"2025-07-30T18:32:44+00:00","article_modified_time":"2025-07-30T18:32:45+00:00","og_image":[{"width":2560,"height":1707,"url":"https:\/\/elpuucnoticias.com\/wp-content\/uploads\/2025\/07\/6463104e-44b2-463b-aff0-7015052abfec-scaled-1.jpg","type":"image\/jpeg"}],"twitter_card":"summary_large_image","twitter_misc":{"Escrito por":"elpuucnoticias","Tiempo de lectura":"2 minutos"},"schema":{"@context":"https:\/\/schema.org","@graph":[{"@type":"WebSite","@id":"https:\/\/elpuucnoticias.com\/#website","url":"https:\/\/elpuucnoticias.com\/","name":"El Puuc Noticias","description":"Noticias - Entretenimiento - Deportes","potentialAction":[{"@type":"SearchAction","target":{"@type":"EntryPoint","urlTemplate":"https:\/\/elpuucnoticias.com\/?s={search_term_string}"},"query-input":"required name=search_term_string"}],"inLanguage":"es"},{"@type":"ImageObject","@id":"https:\/\/elpuucnoticias.com\/?p=20359#primaryimage","inLanguage":"es","url":"https:\/\/elpuucnoticias.com\/wp-content\/uploads\/2025\/07\/6463104e-44b2-463b-aff0-7015052abfec-scaled-1.jpg","contentUrl":"https:\/\/elpuucnoticias.com\/wp-content\/uploads\/2025\/07\/6463104e-44b2-463b-aff0-7015052abfec-scaled-1.jpg","width":2560,"height":1707},{"@type":"WebPage","@id":"https:\/\/elpuucnoticias.com\/?p=20359#webpage","url":"https:\/\/elpuucnoticias.com\/?p=20359","name":"Mara Lezama y \u201cChepe\u201d Contreras inician repavimentaci\u00f3n de calles en Bacalar - El Puuc Noticias","isPartOf":{"@id":"https:\/\/elpuucnoticias.com\/#website"},"primaryImageOfPage":{"@id":"https:\/\/elpuucnoticias.com\/?p=20359#primaryimage"},"datePublished":"2025-07-30T18:32:44+00:00","dateModified":"2025-07-30T18:32:45+00:00","author":{"@id":"https:\/\/elpuucnoticias.com\/#\/schema\/person\/d2ea09e4c97f0160b11cdfb1d856bd9e"},"breadcrumb":{"@id":"https:\/\/elpuucnoticias.com\/?p=20359#breadcrumb"},"inLanguage":"es","potentialAction":[{"@type":"ReadAction","target":["https:\/\/elpuucnoticias.com\/?p=20359"]}]},{"@type":"BreadcrumbList","@id":"https:\/\/elpuucnoticias.com\/?p=20359#breadcrumb","itemListElement":[{"@type":"ListItem","position":1,"name":"Portada","item":"https:\/\/elpuucnoticias.com\/"},{"@type":"ListItem","position":2,"name":"Mara Lezama y \u201cChepe\u201d Contreras inician repavimentaci\u00f3n de calles en Bacalar"}]},{"@type":"Person","@id":"https:\/\/elpuucnoticias.com\/#\/schema\/person\/d2ea09e4c97f0160b11cdfb1d856bd9e","name":"elpuucnoticias","image":{"@type":"ImageObject","@id":"https:\/\/elpuucnoticias.com\/#personlogo","inLanguage":"es","url":"https:\/\/secure.gravatar.com\/avatar\/5290a43657c74ffa15701dbe5b846bd85cc71930d803c84e91046a7333de6ce2?s=96&d=mm&r=g","contentUrl":"https:\/\/secure.gravatar.com\/avatar\/5290a43657c74ffa15701dbe5b846bd85cc71930d803c84e91046a7333de6ce2?s=96&d=mm&r=g","caption":"elpuucnoticias"},"sameAs":["https:\/\/elpuucnoticias.com"],"url":"https:\/\/elpuucnoticias.com\/?author=1"}]}},"_links":{"self":[{"href":"https:\/\/elpuucnoticias.com\/index.php?rest_route=\/wp\/v2\/posts\/20359","targetHints":{"allow":["GET"]}}],"collection":[{"href":"https:\/\/elpuucnoticias.com\/index.php?rest_route=\/wp\/v2\/posts"}],"about":[{"href":"https:\/\/elpuucnoticias.com\/index.php?rest_route=\/wp\/v2\/types\/post"}],"author":[{"embeddable":true,"href":"https:\/\/elpuucnoticias.com\/index.php?rest_route=\/wp\/v2\/users\/1"}],"replies":[{"embeddable":true,"href":"https:\/\/elpuucnoticias.com\/index.php?rest_route=%2Fwp%2Fv2%2Fcomments&post=20359"}],"version-history":[{"count":1,"href":"https:\/\/elpuucnoticias.com\/index.php?rest_route=\/wp\/v2\/posts\/20359\/revisions"}],"predecessor-version":[{"id":20361,"href":"https:\/\/elpuucnoticias.com\/index.php?rest_route=\/wp\/v2\/posts\/20359\/revisions\/20361"}],"wp:featuredmedia":[{"embeddable":true,"href":"https:\/\/elpuucnoticias.com\/index.php?rest_route=\/wp\/v2\/media\/20360"}],"wp:attachment":[{"href":"https:\/\/elpuucnoticias.com\/index.php?rest_route=%2Fwp%2Fv2%2Fmedia&parent=20359"}],"wp:term":[{"taxonomy":"category","embeddable":true,"href":"https:\/\/elpuucnoticias.com\/index.php?rest_route=%2Fwp%2Fv2%2Fcategories&post=20359"},{"taxonomy":"post_tag","embeddable":true,"href":"https:\/\/elpuucnoticias.com\/index.php?rest_route=%2Fwp%2Fv2%2Ftags&post=20359"}],"curies":[{"name":"wp","href":"https:\/\/api.w.org\/{rel}","templated":true}]}}