{"id":20382,"date":"2025-07-31T12:46:11","date_gmt":"2025-07-31T18:46:11","guid":{"rendered":"https:\/\/elpuucnoticias.com\/?p=20382"},"modified":"2025-07-31T12:46:12","modified_gmt":"2025-07-31T18:46:12","slug":"destacada-participacion-del-quintanarroense-herseleid-carrazco-en-el-panamericano-de-halterofilia","status":"publish","type":"post","link":"https:\/\/elpuucnoticias.com\/?p=20382","title":{"rendered":"Destacada participaci\u00f3n del quintanarroense Herseleid Carrazco en el Panamericano de Halterofilia"},"content":{"rendered":"\n<p>El atleta quintanarroense Herseleid Carrazco Cetz tuvo una destacada participaci\u00f3n en el Campeonato Panamericano de la disciplina de Levantamiento de Pesas, el cual se celebr\u00f3 en la ciudad de Cali, Colombia, donde, tras superar fuertes pruebas, concluy\u00f3 en el quinto sitio de su categor\u00eda.<\/p>\n\n\n\n<p>Tal como marca el Nuevo Acuerdo por el Bienestar y Desarrollo, que impulsa la gobernadora Mara Lezama Espinosa, a trav\u00e9s de la Comisi\u00f3n del Deporte de Quintana Roo (CODEQ), presidida por Jacobo Arzate Hop, se prioriza brindar apoyo y herramientas para que las y los atletas de la entidad puedan cumplir con sus objetivos deportivos y as\u00ed puedan competir en las diferentes competencias de \u00edndole nacional como internacional.<\/p>\n\n\n\n<figure class=\"wp-block-image is-resized is-style-default\"><a href=\"https:\/\/cgc.qroo.gob.mx\/cjg\/wp-content\/uploads\/2025\/07\/WhatsApp-Image-2025-07-30-at-15.25.28-1.jpeg\"><img decoding=\"async\" src=\"https:\/\/cgc.qroo.gob.mx\/cjg\/wp-content\/uploads\/2025\/07\/WhatsApp-Image-2025-07-30-at-15.25.28-1-585x1041.jpeg\" alt=\"\" style=\"width:633px;height:auto\" title=\"WhatsApp Image 2025-07-30 at 15.25.28 (1)\"\/><\/a><\/figure>\n\n\n\n<p>Cabe resaltar que el atleta oriundo de Chetumal tuvo su segunda experiencia compitiendo en un certamen de la categor\u00eda Adultos, donde hizo frente a lo m\u00e1s destacado de la halterofilia, mostrando su gran nivel competitivo y meti\u00e9ndose en la pelea por las medallas ante atletas de experiencia en la divisi\u00f3n.<\/p>\n\n\n\n<p>Carrazco Cetz particip\u00f3 en la divisi\u00f3n de los 65 kilogramos, logrando unas marcas de 125 kilos en Arranque y 160 en Envi\u00f3n, para una sumatoria total de 285 kilogramos, que signific\u00f3 quedarse en el quinto lugar de la competencia, muy cerca de la zona de medallas; el primer sitio fue para Estados Unidos, el segundo lugar para Colombia, tercero fue Per\u00fa y en cuarto concluy\u00f3 Nicaragua.<\/p>\n\n\n\n<p>Es importante resaltar que, en esta competencia de talla continental, Herseleid super\u00f3 sus marcas que hizo en la pasada Olimpiada Nacional CONADE 2025 y, con esto, tambi\u00e9n marc\u00f3 el inicio de su proceso rumbo a buscar su lugar para competir en Los \u00c1ngeles 2028, lo que representar\u00eda sus primeros Juegos Ol\u00edmpicos en su carrera deportiva.<\/p>\n","protected":false},"excerpt":{"rendered":"<p>El atleta quintanarroense Herseleid Carrazco Cetz tuvo una destacada participaci\u00f3n en el Campeonato Panamericano de la disciplina de<\/p>\n","protected":false},"author":1,"featured_media":20383,"comment_status":"closed","ping_status":"open","sticky":false,"template":"","format":"standard","meta":{"_monsterinsights_skip_tracking":false,"_monsterinsights_sitenote_active":false,"_monsterinsights_sitenote_note":"","_monsterinsights_sitenote_category":0,"footnotes":""},"categories":[11,24],"tags":[],"class_list":["post-20382","post","type-post","status-publish","format-standard","has-post-thumbnail","hentry","category-noticias","category-quintana-roo"],"yoast_head":"<!-- This site is optimized with the Yoast SEO plugin v18.3 - https:\/\/yoast.com\/wordpress\/plugins\/seo\/ -->\n<title>Destacada participaci\u00f3n del quintanarroense Herseleid Carrazco en el Panamericano de Halterofilia - El Puuc Noticias<\/title>\n<meta name=\"robots\" content=\"index, follow, max-snippet:-1, max-image-preview:large, max-video-preview:-1\" \/>\n<link rel=\"canonical\" href=\"https:\/\/elpuucnoticias.com\/?p=20382\" \/>\n<meta property=\"og:locale\" content=\"es_ES\" \/>\n<meta property=\"og:type\" content=\"article\" \/>\n<meta property=\"og:title\" content=\"Destacada participaci\u00f3n del quintanarroense Herseleid Carrazco en el Panamericano de Halterofilia - El Puuc Noticias\" \/>\n<meta property=\"og:description\" content=\"El atleta quintanarroense Herseleid Carrazco Cetz tuvo una destacada participaci\u00f3n en el Campeonato Panamericano de la disciplina de\" \/>\n<meta property=\"og:url\" content=\"https:\/\/elpuucnoticias.com\/?p=20382\" \/>\n<meta property=\"og:site_name\" content=\"El Puuc Noticias\" \/>\n<meta property=\"article:published_time\" content=\"2025-07-31T18:46:11+00:00\" \/>\n<meta property=\"article:modified_time\" content=\"2025-07-31T18:46:12+00:00\" \/>\n<meta property=\"og:image\" content=\"https:\/\/elpuucnoticias.com\/wp-content\/uploads\/2025\/07\/whatsapp-image-2025-07-30-at-15.25.28.jpeg\" \/>\n\t<meta property=\"og:image:width\" content=\"591\" \/>\n\t<meta property=\"og:image:height\" content=\"1055\" \/>\n\t<meta property=\"og:image:type\" content=\"image\/jpeg\" \/>\n<meta name=\"twitter:card\" content=\"summary_large_image\" \/>\n<meta name=\"twitter:label1\" content=\"Escrito por\" \/>\n\t<meta name=\"twitter:data1\" content=\"elpuucnoticias\" \/>\n\t<meta name=\"twitter:label2\" content=\"Tiempo de lectura\" \/>\n\t<meta name=\"twitter:data2\" content=\"1 minuto\" \/>\n<script type=\"application\/ld+json\" class=\"yoast-schema-graph\">{\"@context\":\"https:\/\/schema.org\",\"@graph\":[{\"@type\":\"WebSite\",\"@id\":\"https:\/\/elpuucnoticias.com\/#website\",\"url\":\"https:\/\/elpuucnoticias.com\/\",\"name\":\"El Puuc Noticias\",\"description\":\"Noticias - Entretenimiento - Deportes\",\"potentialAction\":[{\"@type\":\"SearchAction\",\"target\":{\"@type\":\"EntryPoint\",\"urlTemplate\":\"https:\/\/elpuucnoticias.com\/?s={search_term_string}\"},\"query-input\":\"required name=search_term_string\"}],\"inLanguage\":\"es\"},{\"@type\":\"ImageObject\",\"@id\":\"https:\/\/elpuucnoticias.com\/?p=20382#primaryimage\",\"inLanguage\":\"es\",\"url\":\"https:\/\/elpuucnoticias.com\/wp-content\/uploads\/2025\/07\/whatsapp-image-2025-07-30-at-15.25.28.jpeg\",\"contentUrl\":\"https:\/\/elpuucnoticias.com\/wp-content\/uploads\/2025\/07\/whatsapp-image-2025-07-30-at-15.25.28.jpeg\",\"width\":591,\"height\":1055},{\"@type\":\"WebPage\",\"@id\":\"https:\/\/elpuucnoticias.com\/?p=20382#webpage\",\"url\":\"https:\/\/elpuucnoticias.com\/?p=20382\",\"name\":\"Destacada participaci\u00f3n del quintanarroense Herseleid Carrazco en el Panamericano de Halterofilia - El Puuc Noticias\",\"isPartOf\":{\"@id\":\"https:\/\/elpuucnoticias.com\/#website\"},\"primaryImageOfPage\":{\"@id\":\"https:\/\/elpuucnoticias.com\/?p=20382#primaryimage\"},\"datePublished\":\"2025-07-31T18:46:11+00:00\",\"dateModified\":\"2025-07-31T18:46:12+00:00\",\"author\":{\"@id\":\"https:\/\/elpuucnoticias.com\/#\/schema\/person\/d2ea09e4c97f0160b11cdfb1d856bd9e\"},\"breadcrumb\":{\"@id\":\"https:\/\/elpuucnoticias.com\/?p=20382#breadcrumb\"},\"inLanguage\":\"es\",\"potentialAction\":[{\"@type\":\"ReadAction\",\"target\":[\"https:\/\/elpuucnoticias.com\/?p=20382\"]}]},{\"@type\":\"BreadcrumbList\",\"@id\":\"https:\/\/elpuucnoticias.com\/?p=20382#breadcrumb\",\"itemListElement\":[{\"@type\":\"ListItem\",\"position\":1,\"name\":\"Portada\",\"item\":\"https:\/\/elpuucnoticias.com\/\"},{\"@type\":\"ListItem\",\"position\":2,\"name\":\"Destacada participaci\u00f3n del quintanarroense Herseleid Carrazco en el Panamericano de Halterofilia\"}]},{\"@type\":\"Person\",\"@id\":\"https:\/\/elpuucnoticias.com\/#\/schema\/person\/d2ea09e4c97f0160b11cdfb1d856bd9e\",\"name\":\"elpuucnoticias\",\"image\":{\"@type\":\"ImageObject\",\"@id\":\"https:\/\/elpuucnoticias.com\/#personlogo\",\"inLanguage\":\"es\",\"url\":\"https:\/\/secure.gravatar.com\/avatar\/5290a43657c74ffa15701dbe5b846bd85cc71930d803c84e91046a7333de6ce2?s=96&d=mm&r=g\",\"contentUrl\":\"https:\/\/secure.gravatar.com\/avatar\/5290a43657c74ffa15701dbe5b846bd85cc71930d803c84e91046a7333de6ce2?s=96&d=mm&r=g\",\"caption\":\"elpuucnoticias\"},\"sameAs\":[\"https:\/\/elpuucnoticias.com\"],\"url\":\"https:\/\/elpuucnoticias.com\/?author=1\"}]}<\/script>\n<!-- \/ Yoast SEO plugin. -->","yoast_head_json":{"title":"Destacada participaci\u00f3n del quintanarroense Herseleid Carrazco en el Panamericano de Halterofilia - El Puuc Noticias","robots":{"index":"index","follow":"follow","max-snippet":"max-snippet:-1","max-image-preview":"max-image-preview:large","max-video-preview":"max-video-preview:-1"},"canonical":"https:\/\/elpuucnoticias.com\/?p=20382","og_locale":"es_ES","og_type":"article","og_title":"Destacada participaci\u00f3n del quintanarroense Herseleid Carrazco en el Panamericano de Halterofilia - El Puuc Noticias","og_description":"El atleta quintanarroense Herseleid Carrazco Cetz tuvo una destacada participaci\u00f3n en el Campeonato Panamericano de la disciplina de","og_url":"https:\/\/elpuucnoticias.com\/?p=20382","og_site_name":"El Puuc Noticias","article_published_time":"2025-07-31T18:46:11+00:00","article_modified_time":"2025-07-31T18:46:12+00:00","og_image":[{"width":591,"height":1055,"url":"https:\/\/elpuucnoticias.com\/wp-content\/uploads\/2025\/07\/whatsapp-image-2025-07-30-at-15.25.28.jpeg","type":"image\/jpeg"}],"twitter_card":"summary_large_image","twitter_misc":{"Escrito por":"elpuucnoticias","Tiempo de lectura":"1 minuto"},"schema":{"@context":"https:\/\/schema.org","@graph":[{"@type":"WebSite","@id":"https:\/\/elpuucnoticias.com\/#website","url":"https:\/\/elpuucnoticias.com\/","name":"El Puuc Noticias","description":"Noticias - Entretenimiento - Deportes","potentialAction":[{"@type":"SearchAction","target":{"@type":"EntryPoint","urlTemplate":"https:\/\/elpuucnoticias.com\/?s={search_term_string}"},"query-input":"required name=search_term_string"}],"inLanguage":"es"},{"@type":"ImageObject","@id":"https:\/\/elpuucnoticias.com\/?p=20382#primaryimage","inLanguage":"es","url":"https:\/\/elpuucnoticias.com\/wp-content\/uploads\/2025\/07\/whatsapp-image-2025-07-30-at-15.25.28.jpeg","contentUrl":"https:\/\/elpuucnoticias.com\/wp-content\/uploads\/2025\/07\/whatsapp-image-2025-07-30-at-15.25.28.jpeg","width":591,"height":1055},{"@type":"WebPage","@id":"https:\/\/elpuucnoticias.com\/?p=20382#webpage","url":"https:\/\/elpuucnoticias.com\/?p=20382","name":"Destacada participaci\u00f3n del quintanarroense Herseleid Carrazco en el Panamericano de Halterofilia - El Puuc Noticias","isPartOf":{"@id":"https:\/\/elpuucnoticias.com\/#website"},"primaryImageOfPage":{"@id":"https:\/\/elpuucnoticias.com\/?p=20382#primaryimage"},"datePublished":"2025-07-31T18:46:11+00:00","dateModified":"2025-07-31T18:46:12+00:00","author":{"@id":"https:\/\/elpuucnoticias.com\/#\/schema\/person\/d2ea09e4c97f0160b11cdfb1d856bd9e"},"breadcrumb":{"@id":"https:\/\/elpuucnoticias.com\/?p=20382#breadcrumb"},"inLanguage":"es","potentialAction":[{"@type":"ReadAction","target":["https:\/\/elpuucnoticias.com\/?p=20382"]}]},{"@type":"BreadcrumbList","@id":"https:\/\/elpuucnoticias.com\/?p=20382#breadcrumb","itemListElement":[{"@type":"ListItem","position":1,"name":"Portada","item":"https:\/\/elpuucnoticias.com\/"},{"@type":"ListItem","position":2,"name":"Destacada participaci\u00f3n del quintanarroense Herseleid Carrazco en el Panamericano de Halterofilia"}]},{"@type":"Person","@id":"https:\/\/elpuucnoticias.com\/#\/schema\/person\/d2ea09e4c97f0160b11cdfb1d856bd9e","name":"elpuucnoticias","image":{"@type":"ImageObject","@id":"https:\/\/elpuucnoticias.com\/#personlogo","inLanguage":"es","url":"https:\/\/secure.gravatar.com\/avatar\/5290a43657c74ffa15701dbe5b846bd85cc71930d803c84e91046a7333de6ce2?s=96&d=mm&r=g","contentUrl":"https:\/\/secure.gravatar.com\/avatar\/5290a43657c74ffa15701dbe5b846bd85cc71930d803c84e91046a7333de6ce2?s=96&d=mm&r=g","caption":"elpuucnoticias"},"sameAs":["https:\/\/elpuucnoticias.com"],"url":"https:\/\/elpuucnoticias.com\/?author=1"}]}},"_links":{"self":[{"href":"https:\/\/elpuucnoticias.com\/index.php?rest_route=\/wp\/v2\/posts\/20382","targetHints":{"allow":["GET"]}}],"collection":[{"href":"https:\/\/elpuucnoticias.com\/index.php?rest_route=\/wp\/v2\/posts"}],"about":[{"href":"https:\/\/elpuucnoticias.com\/index.php?rest_route=\/wp\/v2\/types\/post"}],"author":[{"embeddable":true,"href":"https:\/\/elpuucnoticias.com\/index.php?rest_route=\/wp\/v2\/users\/1"}],"replies":[{"embeddable":true,"href":"https:\/\/elpuucnoticias.com\/index.php?rest_route=%2Fwp%2Fv2%2Fcomments&post=20382"}],"version-history":[{"count":1,"href":"https:\/\/elpuucnoticias.com\/index.php?rest_route=\/wp\/v2\/posts\/20382\/revisions"}],"predecessor-version":[{"id":20384,"href":"https:\/\/elpuucnoticias.com\/index.php?rest_route=\/wp\/v2\/posts\/20382\/revisions\/20384"}],"wp:featuredmedia":[{"embeddable":true,"href":"https:\/\/elpuucnoticias.com\/index.php?rest_route=\/wp\/v2\/media\/20383"}],"wp:attachment":[{"href":"https:\/\/elpuucnoticias.com\/index.php?rest_route=%2Fwp%2Fv2%2Fmedia&parent=20382"}],"wp:term":[{"taxonomy":"category","embeddable":true,"href":"https:\/\/elpuucnoticias.com\/index.php?rest_route=%2Fwp%2Fv2%2Fcategories&post=20382"},{"taxonomy":"post_tag","embeddable":true,"href":"https:\/\/elpuucnoticias.com\/index.php?rest_route=%2Fwp%2Fv2%2Ftags&post=20382"}],"curies":[{"name":"wp","href":"https:\/\/api.w.org\/{rel}","templated":true}]}}