{"id":20422,"date":"2025-08-01T13:43:32","date_gmt":"2025-08-01T19:43:32","guid":{"rendered":"https:\/\/elpuucnoticias.com\/?p=20422"},"modified":"2025-08-01T13:43:32","modified_gmt":"2025-08-01T19:43:32","slug":"refrendan-compromiso-interinstitucional-en-segunda-sesion-ordinaria-del-coesida-2025","status":"publish","type":"post","link":"https:\/\/elpuucnoticias.com\/?p=20422","title":{"rendered":"Refrendan compromiso interinstitucional en Segunda Sesi\u00f3n Ordinaria del COESIDA 2025"},"content":{"rendered":"\n<p>Con el objetivo de fortalecer la coordinaci\u00f3n interinstitucional y consolidar estrategias integrales frente al VIH, se llev\u00f3 a cabo la Segunda Sesi\u00f3n Ordinaria del Consejo Estatal para la Prevenci\u00f3n y Control del S\u00edndrome de Inmunodeficiencia Adquirida 2025.<\/p>\n\n\n\n<p>La sesi\u00f3n fue encabezada por el secretario de Salud del estado, Flavio Carlos Rosado, quien destac\u00f3 que este Consejo cumple una funci\u00f3n esencial al permitir la suma de esfuerzos entre instituciones, niveles de gobierno y organizaciones de la sociedad civil para construir una respuesta m\u00e1s humana, efectiva e incluyente frente al VIH.<\/p>\n\n\n\n<figure class=\"wp-block-image is-style-default\"><a href=\"https:\/\/cgc.qroo.gob.mx\/cjg\/wp-content\/uploads\/2025\/07\/9b252387-8aed-44d5-ad09-fcccd31c5fcc.jpg\"><img decoding=\"async\" src=\"https:\/\/cgc.qroo.gob.mx\/cjg\/wp-content\/uploads\/2025\/07\/9b252387-8aed-44d5-ad09-fcccd31c5fcc-585x386.jpg\" alt=\"\" title=\"9b252387-8aed-44d5-ad09-fcccd31c5fcc\"\/><\/a><\/figure>\n\n\n\n<p>En su mensaje, subray\u00f3 el respaldo decidido de la gobernadora Mara Lezama Espinosa y con base al Nuevo Acuerdo por el Bienestar y Desarrollo de Quintana Roo, a todas las acciones orientadas a mejorar la atenci\u00f3n, fortalecer la prevenci\u00f3n y garantizar el respeto pleno de los derechos de las personas que viven con VIH.<\/p>\n\n\n\n<p>\u201cEl trabajo transversal y coordinado es una de las principales l\u00edneas de esta administraci\u00f3n. Por eso, reconocemos la participaci\u00f3n de representantes de organizaciones de la Sociedad Civil, y de instituciones como el IMSS ordinario, ISSSTE, IMSS Bienestar, y de los sectores naval y militar en esta sesi\u00f3n\u201d, expres\u00f3 el secretario.<\/p>\n\n\n\n<p>Reconoci\u00f3 ampliamente el trabajo realizado por las vocal\u00edas transitorias de las Organizaciones de la Sociedad Civil. Su valiosa participaci\u00f3n ha permitido visibilizar las necesidades de la poblaci\u00f3n, al tiempo que fortalece el di\u00e1logo colaborativo para enfrentar los retos con soluciones concretas y adaptadas a la realidad de Quintana Roo.<\/p>\n\n\n\n<figure class=\"wp-block-image is-style-default\"><a href=\"https:\/\/cgc.qroo.gob.mx\/cjg\/wp-content\/uploads\/2025\/07\/8a7e8779-e979-48e9-aca4-0bea1c492186.jpg\"><img decoding=\"async\" src=\"https:\/\/cgc.qroo.gob.mx\/cjg\/wp-content\/uploads\/2025\/07\/8a7e8779-e979-48e9-aca4-0bea1c492186-585x552.jpg\" alt=\"\" title=\"8a7e8779-e979-48e9-aca4-0bea1c492186\"\/><\/a><\/figure>\n\n\n\n<p>Las intervenciones de las organizaciones de la sociedad civil presentes como Vida Positiva Playa, Codisc\u00fan, Prodiversidad y Red Positiva, han sido fundamentales, \u201ceste espacio tambi\u00e9n les pertenece. Sus informes, ideas y propuestas son clave para construir respuestas m\u00e1s s\u00f3lidas y emp\u00e1ticas\u201d, concluy\u00f3.<\/p>\n\n\n\n<p>Durante la sesi\u00f3n, se refrend\u00f3 que el tema del VIH es una prioridad en la agenda de salud p\u00fablica del estado, y que solo mediante la colaboraci\u00f3n interinstitucional ser\u00e1 posible cerrar brechas, eliminar estigmas y lograr un impacto real y duradero en la vida de las personas.<\/p>\n\n\n\n<p>Finalmente se dio lectura a los acuerdos y compromisos de quienes forman parte del COESIDA.<\/p>\n","protected":false},"excerpt":{"rendered":"<p>Con el objetivo de fortalecer la coordinaci\u00f3n interinstitucional y consolidar estrategias integrales frente al VIH, se llev\u00f3 a<\/p>\n","protected":false},"author":1,"featured_media":20423,"comment_status":"closed","ping_status":"open","sticky":false,"template":"","format":"standard","meta":{"_monsterinsights_skip_tracking":false,"_monsterinsights_sitenote_active":false,"_monsterinsights_sitenote_note":"","_monsterinsights_sitenote_category":0,"footnotes":""},"categories":[11,24],"tags":[],"class_list":["post-20422","post","type-post","status-publish","format-standard","has-post-thumbnail","hentry","category-noticias","category-quintana-roo"],"yoast_head":"<!-- This site is optimized with the Yoast SEO plugin v18.3 - https:\/\/yoast.com\/wordpress\/plugins\/seo\/ -->\n<title>Refrendan compromiso interinstitucional en Segunda Sesi\u00f3n Ordinaria del COESIDA 2025 - El Puuc Noticias<\/title>\n<meta name=\"robots\" content=\"index, follow, max-snippet:-1, max-image-preview:large, max-video-preview:-1\" \/>\n<link rel=\"canonical\" href=\"https:\/\/elpuucnoticias.com\/?p=20422\" \/>\n<meta property=\"og:locale\" content=\"es_ES\" \/>\n<meta property=\"og:type\" content=\"article\" \/>\n<meta property=\"og:title\" content=\"Refrendan compromiso interinstitucional en Segunda Sesi\u00f3n Ordinaria del COESIDA 2025 - El Puuc Noticias\" \/>\n<meta property=\"og:description\" content=\"Con el objetivo de fortalecer la coordinaci\u00f3n interinstitucional y consolidar estrategias integrales frente al VIH, se llev\u00f3 a\" \/>\n<meta property=\"og:url\" content=\"https:\/\/elpuucnoticias.com\/?p=20422\" \/>\n<meta property=\"og:site_name\" content=\"El Puuc Noticias\" \/>\n<meta property=\"article:published_time\" content=\"2025-08-01T19:43:32+00:00\" \/>\n<meta property=\"og:image\" content=\"https:\/\/elpuucnoticias.com\/wp-content\/uploads\/2025\/08\/726ab434-b506-42e7-87e4-506ec44e9d0f.jpg\" \/>\n\t<meta property=\"og:image:width\" content=\"1600\" \/>\n\t<meta property=\"og:image:height\" content=\"898\" \/>\n\t<meta property=\"og:image:type\" content=\"image\/jpeg\" \/>\n<meta name=\"twitter:card\" content=\"summary_large_image\" \/>\n<meta name=\"twitter:label1\" content=\"Escrito por\" \/>\n\t<meta name=\"twitter:data1\" content=\"elpuucnoticias\" \/>\n\t<meta name=\"twitter:label2\" content=\"Tiempo de lectura\" \/>\n\t<meta name=\"twitter:data2\" content=\"2 minutos\" \/>\n<script type=\"application\/ld+json\" class=\"yoast-schema-graph\">{\"@context\":\"https:\/\/schema.org\",\"@graph\":[{\"@type\":\"WebSite\",\"@id\":\"https:\/\/elpuucnoticias.com\/#website\",\"url\":\"https:\/\/elpuucnoticias.com\/\",\"name\":\"El Puuc Noticias\",\"description\":\"Noticias - Entretenimiento - Deportes\",\"potentialAction\":[{\"@type\":\"SearchAction\",\"target\":{\"@type\":\"EntryPoint\",\"urlTemplate\":\"https:\/\/elpuucnoticias.com\/?s={search_term_string}\"},\"query-input\":\"required name=search_term_string\"}],\"inLanguage\":\"es\"},{\"@type\":\"ImageObject\",\"@id\":\"https:\/\/elpuucnoticias.com\/?p=20422#primaryimage\",\"inLanguage\":\"es\",\"url\":\"https:\/\/elpuucnoticias.com\/wp-content\/uploads\/2025\/08\/726ab434-b506-42e7-87e4-506ec44e9d0f.jpg\",\"contentUrl\":\"https:\/\/elpuucnoticias.com\/wp-content\/uploads\/2025\/08\/726ab434-b506-42e7-87e4-506ec44e9d0f.jpg\",\"width\":1600,\"height\":898},{\"@type\":\"WebPage\",\"@id\":\"https:\/\/elpuucnoticias.com\/?p=20422#webpage\",\"url\":\"https:\/\/elpuucnoticias.com\/?p=20422\",\"name\":\"Refrendan compromiso interinstitucional en Segunda Sesi\u00f3n Ordinaria del COESIDA 2025 - El Puuc Noticias\",\"isPartOf\":{\"@id\":\"https:\/\/elpuucnoticias.com\/#website\"},\"primaryImageOfPage\":{\"@id\":\"https:\/\/elpuucnoticias.com\/?p=20422#primaryimage\"},\"datePublished\":\"2025-08-01T19:43:32+00:00\",\"dateModified\":\"2025-08-01T19:43:32+00:00\",\"author\":{\"@id\":\"https:\/\/elpuucnoticias.com\/#\/schema\/person\/d2ea09e4c97f0160b11cdfb1d856bd9e\"},\"breadcrumb\":{\"@id\":\"https:\/\/elpuucnoticias.com\/?p=20422#breadcrumb\"},\"inLanguage\":\"es\",\"potentialAction\":[{\"@type\":\"ReadAction\",\"target\":[\"https:\/\/elpuucnoticias.com\/?p=20422\"]}]},{\"@type\":\"BreadcrumbList\",\"@id\":\"https:\/\/elpuucnoticias.com\/?p=20422#breadcrumb\",\"itemListElement\":[{\"@type\":\"ListItem\",\"position\":1,\"name\":\"Portada\",\"item\":\"https:\/\/elpuucnoticias.com\/\"},{\"@type\":\"ListItem\",\"position\":2,\"name\":\"Refrendan compromiso interinstitucional en Segunda Sesi\u00f3n Ordinaria del COESIDA 2025\"}]},{\"@type\":\"Person\",\"@id\":\"https:\/\/elpuucnoticias.com\/#\/schema\/person\/d2ea09e4c97f0160b11cdfb1d856bd9e\",\"name\":\"elpuucnoticias\",\"image\":{\"@type\":\"ImageObject\",\"@id\":\"https:\/\/elpuucnoticias.com\/#personlogo\",\"inLanguage\":\"es\",\"url\":\"https:\/\/secure.gravatar.com\/avatar\/5290a43657c74ffa15701dbe5b846bd85cc71930d803c84e91046a7333de6ce2?s=96&d=mm&r=g\",\"contentUrl\":\"https:\/\/secure.gravatar.com\/avatar\/5290a43657c74ffa15701dbe5b846bd85cc71930d803c84e91046a7333de6ce2?s=96&d=mm&r=g\",\"caption\":\"elpuucnoticias\"},\"sameAs\":[\"https:\/\/elpuucnoticias.com\"],\"url\":\"https:\/\/elpuucnoticias.com\/?author=1\"}]}<\/script>\n<!-- \/ Yoast SEO plugin. -->","yoast_head_json":{"title":"Refrendan compromiso interinstitucional en Segunda Sesi\u00f3n Ordinaria del COESIDA 2025 - El Puuc Noticias","robots":{"index":"index","follow":"follow","max-snippet":"max-snippet:-1","max-image-preview":"max-image-preview:large","max-video-preview":"max-video-preview:-1"},"canonical":"https:\/\/elpuucnoticias.com\/?p=20422","og_locale":"es_ES","og_type":"article","og_title":"Refrendan compromiso interinstitucional en Segunda Sesi\u00f3n Ordinaria del COESIDA 2025 - El Puuc Noticias","og_description":"Con el objetivo de fortalecer la coordinaci\u00f3n interinstitucional y consolidar estrategias integrales frente al VIH, se llev\u00f3 a","og_url":"https:\/\/elpuucnoticias.com\/?p=20422","og_site_name":"El Puuc Noticias","article_published_time":"2025-08-01T19:43:32+00:00","og_image":[{"width":1600,"height":898,"url":"https:\/\/elpuucnoticias.com\/wp-content\/uploads\/2025\/08\/726ab434-b506-42e7-87e4-506ec44e9d0f.jpg","type":"image\/jpeg"}],"twitter_card":"summary_large_image","twitter_misc":{"Escrito por":"elpuucnoticias","Tiempo de lectura":"2 minutos"},"schema":{"@context":"https:\/\/schema.org","@graph":[{"@type":"WebSite","@id":"https:\/\/elpuucnoticias.com\/#website","url":"https:\/\/elpuucnoticias.com\/","name":"El Puuc Noticias","description":"Noticias - Entretenimiento - Deportes","potentialAction":[{"@type":"SearchAction","target":{"@type":"EntryPoint","urlTemplate":"https:\/\/elpuucnoticias.com\/?s={search_term_string}"},"query-input":"required name=search_term_string"}],"inLanguage":"es"},{"@type":"ImageObject","@id":"https:\/\/elpuucnoticias.com\/?p=20422#primaryimage","inLanguage":"es","url":"https:\/\/elpuucnoticias.com\/wp-content\/uploads\/2025\/08\/726ab434-b506-42e7-87e4-506ec44e9d0f.jpg","contentUrl":"https:\/\/elpuucnoticias.com\/wp-content\/uploads\/2025\/08\/726ab434-b506-42e7-87e4-506ec44e9d0f.jpg","width":1600,"height":898},{"@type":"WebPage","@id":"https:\/\/elpuucnoticias.com\/?p=20422#webpage","url":"https:\/\/elpuucnoticias.com\/?p=20422","name":"Refrendan compromiso interinstitucional en Segunda Sesi\u00f3n Ordinaria del COESIDA 2025 - El Puuc Noticias","isPartOf":{"@id":"https:\/\/elpuucnoticias.com\/#website"},"primaryImageOfPage":{"@id":"https:\/\/elpuucnoticias.com\/?p=20422#primaryimage"},"datePublished":"2025-08-01T19:43:32+00:00","dateModified":"2025-08-01T19:43:32+00:00","author":{"@id":"https:\/\/elpuucnoticias.com\/#\/schema\/person\/d2ea09e4c97f0160b11cdfb1d856bd9e"},"breadcrumb":{"@id":"https:\/\/elpuucnoticias.com\/?p=20422#breadcrumb"},"inLanguage":"es","potentialAction":[{"@type":"ReadAction","target":["https:\/\/elpuucnoticias.com\/?p=20422"]}]},{"@type":"BreadcrumbList","@id":"https:\/\/elpuucnoticias.com\/?p=20422#breadcrumb","itemListElement":[{"@type":"ListItem","position":1,"name":"Portada","item":"https:\/\/elpuucnoticias.com\/"},{"@type":"ListItem","position":2,"name":"Refrendan compromiso interinstitucional en Segunda Sesi\u00f3n Ordinaria del COESIDA 2025"}]},{"@type":"Person","@id":"https:\/\/elpuucnoticias.com\/#\/schema\/person\/d2ea09e4c97f0160b11cdfb1d856bd9e","name":"elpuucnoticias","image":{"@type":"ImageObject","@id":"https:\/\/elpuucnoticias.com\/#personlogo","inLanguage":"es","url":"https:\/\/secure.gravatar.com\/avatar\/5290a43657c74ffa15701dbe5b846bd85cc71930d803c84e91046a7333de6ce2?s=96&d=mm&r=g","contentUrl":"https:\/\/secure.gravatar.com\/avatar\/5290a43657c74ffa15701dbe5b846bd85cc71930d803c84e91046a7333de6ce2?s=96&d=mm&r=g","caption":"elpuucnoticias"},"sameAs":["https:\/\/elpuucnoticias.com"],"url":"https:\/\/elpuucnoticias.com\/?author=1"}]}},"_links":{"self":[{"href":"https:\/\/elpuucnoticias.com\/index.php?rest_route=\/wp\/v2\/posts\/20422","targetHints":{"allow":["GET"]}}],"collection":[{"href":"https:\/\/elpuucnoticias.com\/index.php?rest_route=\/wp\/v2\/posts"}],"about":[{"href":"https:\/\/elpuucnoticias.com\/index.php?rest_route=\/wp\/v2\/types\/post"}],"author":[{"embeddable":true,"href":"https:\/\/elpuucnoticias.com\/index.php?rest_route=\/wp\/v2\/users\/1"}],"replies":[{"embeddable":true,"href":"https:\/\/elpuucnoticias.com\/index.php?rest_route=%2Fwp%2Fv2%2Fcomments&post=20422"}],"version-history":[{"count":1,"href":"https:\/\/elpuucnoticias.com\/index.php?rest_route=\/wp\/v2\/posts\/20422\/revisions"}],"predecessor-version":[{"id":20424,"href":"https:\/\/elpuucnoticias.com\/index.php?rest_route=\/wp\/v2\/posts\/20422\/revisions\/20424"}],"wp:featuredmedia":[{"embeddable":true,"href":"https:\/\/elpuucnoticias.com\/index.php?rest_route=\/wp\/v2\/media\/20423"}],"wp:attachment":[{"href":"https:\/\/elpuucnoticias.com\/index.php?rest_route=%2Fwp%2Fv2%2Fmedia&parent=20422"}],"wp:term":[{"taxonomy":"category","embeddable":true,"href":"https:\/\/elpuucnoticias.com\/index.php?rest_route=%2Fwp%2Fv2%2Fcategories&post=20422"},{"taxonomy":"post_tag","embeddable":true,"href":"https:\/\/elpuucnoticias.com\/index.php?rest_route=%2Fwp%2Fv2%2Ftags&post=20422"}],"curies":[{"name":"wp","href":"https:\/\/api.w.org\/{rel}","templated":true}]}}