{"id":20428,"date":"2025-08-01T13:58:15","date_gmt":"2025-08-01T19:58:15","guid":{"rendered":"https:\/\/elpuucnoticias.com\/?p=20428"},"modified":"2025-08-01T13:58:16","modified_gmt":"2025-08-01T19:58:16","slug":"anuncia-mara-lezama-inversion-de-11-5-mdp-en-la-rehabilitacion-de-las-villas-del-cedar-cancun","status":"publish","type":"post","link":"https:\/\/elpuucnoticias.com\/?p=20428","title":{"rendered":"Anuncia Mara Lezama inversi\u00f3n de 11.5 mdp en la rehabilitaci\u00f3n de las Villas del CEDAR Canc\u00fan"},"content":{"rendered":"\n<p>La gobernadora Mara Lezama Espinosa anunci\u00f3 una inversi\u00f3n de 11.5 millones de pesos en la rehabilitaci\u00f3n de las Villas del Centro Estatal Deportivo de Alto Rendimiento (CEDAR) de Canc\u00fan, un espacio donde las y los deportistas de la entidad viven, descansan y se desarrollan de manera integral.<\/p>\n\n\n\n<figure class=\"wp-block-image is-style-default\"><a href=\"https:\/\/cgc.qroo.gob.mx\/cjg\/wp-content\/uploads\/2025\/07\/a3aceeac-fee4-4c86-ba51-074ea78758b3-scaled.jpg\"><img decoding=\"async\" src=\"https:\/\/cgc.qroo.gob.mx\/cjg\/wp-content\/uploads\/2025\/07\/a3aceeac-fee4-4c86-ba51-074ea78758b3-585x390.jpg\" alt=\"\" title=\"a3aceeac-fee4-4c86-ba51-074ea78758b3\"\/><\/a><\/figure>\n\n\n\n<p>\u201cAqu\u00ed se forman las y los campeones de Quintana Roo. Aqu\u00ed est\u00e1n viviendo, entrenando, sue\u00f1an nuestras y nuestros atletas quintanarroenses y por eso estamos rehabilitando las villas de alto rendimiento con dinero que no le pertenece al gobierno sino al pueblo\u201d, expres\u00f3 la primera mujer gobernadora de Quintana Roo.<\/p>\n\n\n\n<figure class=\"wp-block-image is-style-default\"><a href=\"https:\/\/cgc.qroo.gob.mx\/cjg\/wp-content\/uploads\/2025\/07\/13031a32-cb09-49b2-be83-c774d63b2a7c-scaled.jpg\"><img decoding=\"async\" src=\"https:\/\/cgc.qroo.gob.mx\/cjg\/wp-content\/uploads\/2025\/07\/13031a32-cb09-49b2-be83-c774d63b2a7c-585x390.jpg\" alt=\"\" title=\"13031a32-cb09-49b2-be83-c774d63b2a7c\"\/><\/a><\/figure>\n\n\n\n<p>Mara Lezama encabez\u00f3 un recorrido para supervisar la obra, donde Jacobo Arzate Hop, presidente de la Comisi\u00f3n del Deporte de Quintana Roo (CODEQ), inform\u00f3 que presenta un avance del 60% y se espera concluir e inaugurar en octubre pr\u00f3ximo.<\/p>\n\n\n\n<figure class=\"wp-block-image is-style-default\"><a href=\"https:\/\/cgc.qroo.gob.mx\/cjg\/wp-content\/uploads\/2025\/07\/0d845e7a-7bb0-4aad-b742-7f60894c6833-scaled.jpg\"><img decoding=\"async\" src=\"https:\/\/cgc.qroo.gob.mx\/cjg\/wp-content\/uploads\/2025\/07\/0d845e7a-7bb0-4aad-b742-7f60894c6833-585x390.jpg\" alt=\"\" title=\"0d845e7a-7bb0-4aad-b742-7f60894c6833\"\/><\/a><\/figure>\n\n\n\n<p>Tal como marca el Nuevo Acuerdo por el Bienestar y Desarrollo, el deporte es una herramienta importante para la construcci\u00f3n de paz y la recuperaci\u00f3n del tejido social, por eso a trav\u00e9s de la CODEQ se trabaja #ANivelDeCancha para dotar de espacios dignos y de calidad a las y los atletas de la entidad.<\/p>\n\n\n\n<figure class=\"wp-block-image is-style-default\"><a href=\"https:\/\/cgc.qroo.gob.mx\/cjg\/wp-content\/uploads\/2025\/07\/91eecbb3-a3cb-4d3b-bebb-7a61536f9f87-scaled.jpg\"><img decoding=\"async\" src=\"https:\/\/cgc.qroo.gob.mx\/cjg\/wp-content\/uploads\/2025\/07\/91eecbb3-a3cb-4d3b-bebb-7a61536f9f87-585x390.jpg\" alt=\"\" title=\"91eecbb3-a3cb-4d3b-bebb-7a61536f9f87\"\/><\/a><\/figure>\n\n\n\n<p>\u201cEn este gobierno humanista con coraz\u00f3n feminista promover el deporte tambi\u00e9n es cuidar la salud, es darle a las ni\u00f1as, ni\u00f1os y j\u00f3venes herramientas para que se alejen de las conductas autodestructivas y puedan llegar tan alto como se lo propongan\u201d, a\u00f1adi\u00f3 la gobernadora Mara Lezama.<\/p>\n\n\n\n<p>Esta rehabilitaci\u00f3n se logr\u00f3 gracias a la gesti\u00f3n realizada por la Gobernadora para aplicar el Programa Federal del Est\u00edmulo Fiscal de Incentivo al Deporte de Alto Rendimiento (EFIDEPORTE), y les da continuidad a las acciones para poner a las y los deportistas en el centro de las decisiones recordando que tambi\u00e9n se rehabilitaron y mejoraron las instalaciones del CEDAR Chetumal.<\/p>\n\n\n\n<figure class=\"wp-block-image is-style-default\"><a href=\"https:\/\/cgc.qroo.gob.mx\/cjg\/wp-content\/uploads\/2025\/07\/182a90e3-f4f4-4333-85c5-1edf303c8a55-scaled.jpg\"><img decoding=\"async\" src=\"https:\/\/cgc.qroo.gob.mx\/cjg\/wp-content\/uploads\/2025\/07\/182a90e3-f4f4-4333-85c5-1edf303c8a55-585x390.jpg\" alt=\"\" title=\"182a90e3-f4f4-4333-85c5-1edf303c8a55\"\/><\/a><\/figure>\n\n\n\n<p>Sobre las acciones de estos trabajos, inform\u00f3 que se realizar\u00e1 la colocaci\u00f3n de muebles sanitarios, closets, canceler\u00eda, as\u00ed como recubrimiento en los ba\u00f1os, colocaci\u00f3n de aires acondicionados, recubrimientos de interiores y exteriores, adem\u00e1s de instalaciones de luminarias, contactos y apagadores, una nueva l\u00ednea el\u00e9ctrica, por mencionar algunas y con ello brindar atenci\u00f3n a alrededor de 80 deportistas internos.<\/p>\n\n\n\n<figure class=\"wp-block-image is-style-default\"><a href=\"https:\/\/cgc.qroo.gob.mx\/cjg\/wp-content\/uploads\/2025\/07\/324a01b6-a0a1-4cdf-844a-1006ea8622ad-scaled.jpg\"><img decoding=\"async\" src=\"https:\/\/cgc.qroo.gob.mx\/cjg\/wp-content\/uploads\/2025\/07\/324a01b6-a0a1-4cdf-844a-1006ea8622ad-585x329.jpg\" alt=\"\" title=\"324a01b6-a0a1-4cdf-844a-1006ea8622ad\"\/><\/a><\/figure>\n\n\n\n<p>Durante el recorrido, tambi\u00e9n se inform\u00f3 que en las instalaciones del CEDAR Canc\u00fan se han invertido m\u00e1s de 80 millones de pesos, ya que la presente administraci\u00f3n ha realizado trabajos como la rehabilitaci\u00f3n de la cancha de pasto sint\u00e9tico, la construcci\u00f3n del sistema de tratamiento de aguas residuales y cisterna de agua potable, as\u00ed como la rehabilitaci\u00f3n de la techumbre de las naves y la colocaci\u00f3n de una nueva techumbre en la alberca semiol\u00edmpica.<\/p>\n\n\n\n<figure class=\"wp-block-image is-style-default\"><a href=\"https:\/\/cgc.qroo.gob.mx\/cjg\/wp-content\/uploads\/2025\/07\/10689678-a866-42f2-ac1e-a49a1ac5bd67-scaled.jpg\"><img decoding=\"async\" src=\"https:\/\/cgc.qroo.gob.mx\/cjg\/wp-content\/uploads\/2025\/07\/10689678-a866-42f2-ac1e-a49a1ac5bd67-585x390.jpg\" alt=\"\" title=\"10689678-a866-42f2-ac1e-a49a1ac5bd67\"\/><\/a><\/figure>\n\n\n\n<p>\u201cDe esto se trata esta nueva forma diferente de gobernar, de transparentar los recursos y las y los atletas claro que nos importan. As\u00ed que tendr\u00e1n villas deportivas totalmente nuevas, rehabilitadas, para ellas y ellos, finaliz\u00f3 Mara Lezama\u201d.<\/p>\n\n\n\n<p>Tambi\u00e9n estuvo en el recorrido el diputado Eric Arcila Arjona.<\/p>\n","protected":false},"excerpt":{"rendered":"<p>La gobernadora Mara Lezama Espinosa anunci\u00f3 una inversi\u00f3n de 11.5 millones de pesos en la rehabilitaci\u00f3n de las<\/p>\n","protected":false},"author":1,"featured_media":20429,"comment_status":"closed","ping_status":"open","sticky":false,"template":"","format":"standard","meta":{"_monsterinsights_skip_tracking":false,"_monsterinsights_sitenote_active":false,"_monsterinsights_sitenote_note":"","_monsterinsights_sitenote_category":0,"footnotes":""},"categories":[11,24],"tags":[],"class_list":["post-20428","post","type-post","status-publish","format-standard","has-post-thumbnail","hentry","category-noticias","category-quintana-roo"],"yoast_head":"<!-- This site is optimized with the Yoast SEO plugin v18.3 - https:\/\/yoast.com\/wordpress\/plugins\/seo\/ -->\n<title>Anuncia Mara Lezama inversi\u00f3n de 11.5 mdp en la rehabilitaci\u00f3n de las Villas del CEDAR Canc\u00fan - El Puuc Noticias<\/title>\n<meta name=\"robots\" content=\"index, follow, max-snippet:-1, max-image-preview:large, max-video-preview:-1\" \/>\n<link rel=\"canonical\" href=\"https:\/\/elpuucnoticias.com\/?p=20428\" \/>\n<meta property=\"og:locale\" content=\"es_ES\" \/>\n<meta property=\"og:type\" content=\"article\" \/>\n<meta property=\"og:title\" content=\"Anuncia Mara Lezama inversi\u00f3n de 11.5 mdp en la rehabilitaci\u00f3n de las Villas del CEDAR Canc\u00fan - El Puuc Noticias\" \/>\n<meta property=\"og:description\" content=\"La gobernadora Mara Lezama Espinosa anunci\u00f3 una inversi\u00f3n de 11.5 millones de pesos en la rehabilitaci\u00f3n de las\" \/>\n<meta property=\"og:url\" content=\"https:\/\/elpuucnoticias.com\/?p=20428\" \/>\n<meta property=\"og:site_name\" content=\"El Puuc Noticias\" \/>\n<meta property=\"article:published_time\" content=\"2025-08-01T19:58:15+00:00\" \/>\n<meta property=\"article:modified_time\" content=\"2025-08-01T19:58:16+00:00\" \/>\n<meta property=\"og:image\" content=\"https:\/\/elpuucnoticias.com\/wp-content\/uploads\/2025\/08\/0ff4f4b5-a104-4352-a1e5-d4988cc08cdd-scaled-1.jpg\" \/>\n\t<meta property=\"og:image:width\" content=\"2560\" \/>\n\t<meta property=\"og:image:height\" content=\"1707\" \/>\n\t<meta property=\"og:image:type\" content=\"image\/jpeg\" \/>\n<meta name=\"twitter:card\" content=\"summary_large_image\" \/>\n<meta name=\"twitter:label1\" content=\"Escrito por\" \/>\n\t<meta name=\"twitter:data1\" content=\"elpuucnoticias\" \/>\n\t<meta name=\"twitter:label2\" content=\"Tiempo de lectura\" \/>\n\t<meta name=\"twitter:data2\" content=\"3 minutos\" \/>\n<script type=\"application\/ld+json\" class=\"yoast-schema-graph\">{\"@context\":\"https:\/\/schema.org\",\"@graph\":[{\"@type\":\"WebSite\",\"@id\":\"https:\/\/elpuucnoticias.com\/#website\",\"url\":\"https:\/\/elpuucnoticias.com\/\",\"name\":\"El Puuc Noticias\",\"description\":\"Noticias - Entretenimiento - Deportes\",\"potentialAction\":[{\"@type\":\"SearchAction\",\"target\":{\"@type\":\"EntryPoint\",\"urlTemplate\":\"https:\/\/elpuucnoticias.com\/?s={search_term_string}\"},\"query-input\":\"required name=search_term_string\"}],\"inLanguage\":\"es\"},{\"@type\":\"ImageObject\",\"@id\":\"https:\/\/elpuucnoticias.com\/?p=20428#primaryimage\",\"inLanguage\":\"es\",\"url\":\"https:\/\/elpuucnoticias.com\/wp-content\/uploads\/2025\/08\/0ff4f4b5-a104-4352-a1e5-d4988cc08cdd-scaled-1.jpg\",\"contentUrl\":\"https:\/\/elpuucnoticias.com\/wp-content\/uploads\/2025\/08\/0ff4f4b5-a104-4352-a1e5-d4988cc08cdd-scaled-1.jpg\",\"width\":2560,\"height\":1707},{\"@type\":\"WebPage\",\"@id\":\"https:\/\/elpuucnoticias.com\/?p=20428#webpage\",\"url\":\"https:\/\/elpuucnoticias.com\/?p=20428\",\"name\":\"Anuncia Mara Lezama inversi\u00f3n de 11.5 mdp en la rehabilitaci\u00f3n de las Villas del CEDAR Canc\u00fan - El Puuc Noticias\",\"isPartOf\":{\"@id\":\"https:\/\/elpuucnoticias.com\/#website\"},\"primaryImageOfPage\":{\"@id\":\"https:\/\/elpuucnoticias.com\/?p=20428#primaryimage\"},\"datePublished\":\"2025-08-01T19:58:15+00:00\",\"dateModified\":\"2025-08-01T19:58:16+00:00\",\"author\":{\"@id\":\"https:\/\/elpuucnoticias.com\/#\/schema\/person\/d2ea09e4c97f0160b11cdfb1d856bd9e\"},\"breadcrumb\":{\"@id\":\"https:\/\/elpuucnoticias.com\/?p=20428#breadcrumb\"},\"inLanguage\":\"es\",\"potentialAction\":[{\"@type\":\"ReadAction\",\"target\":[\"https:\/\/elpuucnoticias.com\/?p=20428\"]}]},{\"@type\":\"BreadcrumbList\",\"@id\":\"https:\/\/elpuucnoticias.com\/?p=20428#breadcrumb\",\"itemListElement\":[{\"@type\":\"ListItem\",\"position\":1,\"name\":\"Portada\",\"item\":\"https:\/\/elpuucnoticias.com\/\"},{\"@type\":\"ListItem\",\"position\":2,\"name\":\"Anuncia Mara Lezama inversi\u00f3n de 11.5 mdp en la rehabilitaci\u00f3n de las Villas del CEDAR Canc\u00fan\"}]},{\"@type\":\"Person\",\"@id\":\"https:\/\/elpuucnoticias.com\/#\/schema\/person\/d2ea09e4c97f0160b11cdfb1d856bd9e\",\"name\":\"elpuucnoticias\",\"image\":{\"@type\":\"ImageObject\",\"@id\":\"https:\/\/elpuucnoticias.com\/#personlogo\",\"inLanguage\":\"es\",\"url\":\"https:\/\/secure.gravatar.com\/avatar\/5290a43657c74ffa15701dbe5b846bd85cc71930d803c84e91046a7333de6ce2?s=96&d=mm&r=g\",\"contentUrl\":\"https:\/\/secure.gravatar.com\/avatar\/5290a43657c74ffa15701dbe5b846bd85cc71930d803c84e91046a7333de6ce2?s=96&d=mm&r=g\",\"caption\":\"elpuucnoticias\"},\"sameAs\":[\"https:\/\/elpuucnoticias.com\"],\"url\":\"https:\/\/elpuucnoticias.com\/?author=1\"}]}<\/script>\n<!-- \/ Yoast SEO plugin. -->","yoast_head_json":{"title":"Anuncia Mara Lezama inversi\u00f3n de 11.5 mdp en la rehabilitaci\u00f3n de las Villas del CEDAR Canc\u00fan - El Puuc Noticias","robots":{"index":"index","follow":"follow","max-snippet":"max-snippet:-1","max-image-preview":"max-image-preview:large","max-video-preview":"max-video-preview:-1"},"canonical":"https:\/\/elpuucnoticias.com\/?p=20428","og_locale":"es_ES","og_type":"article","og_title":"Anuncia Mara Lezama inversi\u00f3n de 11.5 mdp en la rehabilitaci\u00f3n de las Villas del CEDAR Canc\u00fan - El Puuc Noticias","og_description":"La gobernadora Mara Lezama Espinosa anunci\u00f3 una inversi\u00f3n de 11.5 millones de pesos en la rehabilitaci\u00f3n de las","og_url":"https:\/\/elpuucnoticias.com\/?p=20428","og_site_name":"El Puuc Noticias","article_published_time":"2025-08-01T19:58:15+00:00","article_modified_time":"2025-08-01T19:58:16+00:00","og_image":[{"width":2560,"height":1707,"url":"https:\/\/elpuucnoticias.com\/wp-content\/uploads\/2025\/08\/0ff4f4b5-a104-4352-a1e5-d4988cc08cdd-scaled-1.jpg","type":"image\/jpeg"}],"twitter_card":"summary_large_image","twitter_misc":{"Escrito por":"elpuucnoticias","Tiempo de lectura":"3 minutos"},"schema":{"@context":"https:\/\/schema.org","@graph":[{"@type":"WebSite","@id":"https:\/\/elpuucnoticias.com\/#website","url":"https:\/\/elpuucnoticias.com\/","name":"El Puuc Noticias","description":"Noticias - Entretenimiento - Deportes","potentialAction":[{"@type":"SearchAction","target":{"@type":"EntryPoint","urlTemplate":"https:\/\/elpuucnoticias.com\/?s={search_term_string}"},"query-input":"required name=search_term_string"}],"inLanguage":"es"},{"@type":"ImageObject","@id":"https:\/\/elpuucnoticias.com\/?p=20428#primaryimage","inLanguage":"es","url":"https:\/\/elpuucnoticias.com\/wp-content\/uploads\/2025\/08\/0ff4f4b5-a104-4352-a1e5-d4988cc08cdd-scaled-1.jpg","contentUrl":"https:\/\/elpuucnoticias.com\/wp-content\/uploads\/2025\/08\/0ff4f4b5-a104-4352-a1e5-d4988cc08cdd-scaled-1.jpg","width":2560,"height":1707},{"@type":"WebPage","@id":"https:\/\/elpuucnoticias.com\/?p=20428#webpage","url":"https:\/\/elpuucnoticias.com\/?p=20428","name":"Anuncia Mara Lezama inversi\u00f3n de 11.5 mdp en la rehabilitaci\u00f3n de las Villas del CEDAR Canc\u00fan - El Puuc Noticias","isPartOf":{"@id":"https:\/\/elpuucnoticias.com\/#website"},"primaryImageOfPage":{"@id":"https:\/\/elpuucnoticias.com\/?p=20428#primaryimage"},"datePublished":"2025-08-01T19:58:15+00:00","dateModified":"2025-08-01T19:58:16+00:00","author":{"@id":"https:\/\/elpuucnoticias.com\/#\/schema\/person\/d2ea09e4c97f0160b11cdfb1d856bd9e"},"breadcrumb":{"@id":"https:\/\/elpuucnoticias.com\/?p=20428#breadcrumb"},"inLanguage":"es","potentialAction":[{"@type":"ReadAction","target":["https:\/\/elpuucnoticias.com\/?p=20428"]}]},{"@type":"BreadcrumbList","@id":"https:\/\/elpuucnoticias.com\/?p=20428#breadcrumb","itemListElement":[{"@type":"ListItem","position":1,"name":"Portada","item":"https:\/\/elpuucnoticias.com\/"},{"@type":"ListItem","position":2,"name":"Anuncia Mara Lezama inversi\u00f3n de 11.5 mdp en la rehabilitaci\u00f3n de las Villas del CEDAR Canc\u00fan"}]},{"@type":"Person","@id":"https:\/\/elpuucnoticias.com\/#\/schema\/person\/d2ea09e4c97f0160b11cdfb1d856bd9e","name":"elpuucnoticias","image":{"@type":"ImageObject","@id":"https:\/\/elpuucnoticias.com\/#personlogo","inLanguage":"es","url":"https:\/\/secure.gravatar.com\/avatar\/5290a43657c74ffa15701dbe5b846bd85cc71930d803c84e91046a7333de6ce2?s=96&d=mm&r=g","contentUrl":"https:\/\/secure.gravatar.com\/avatar\/5290a43657c74ffa15701dbe5b846bd85cc71930d803c84e91046a7333de6ce2?s=96&d=mm&r=g","caption":"elpuucnoticias"},"sameAs":["https:\/\/elpuucnoticias.com"],"url":"https:\/\/elpuucnoticias.com\/?author=1"}]}},"_links":{"self":[{"href":"https:\/\/elpuucnoticias.com\/index.php?rest_route=\/wp\/v2\/posts\/20428","targetHints":{"allow":["GET"]}}],"collection":[{"href":"https:\/\/elpuucnoticias.com\/index.php?rest_route=\/wp\/v2\/posts"}],"about":[{"href":"https:\/\/elpuucnoticias.com\/index.php?rest_route=\/wp\/v2\/types\/post"}],"author":[{"embeddable":true,"href":"https:\/\/elpuucnoticias.com\/index.php?rest_route=\/wp\/v2\/users\/1"}],"replies":[{"embeddable":true,"href":"https:\/\/elpuucnoticias.com\/index.php?rest_route=%2Fwp%2Fv2%2Fcomments&post=20428"}],"version-history":[{"count":1,"href":"https:\/\/elpuucnoticias.com\/index.php?rest_route=\/wp\/v2\/posts\/20428\/revisions"}],"predecessor-version":[{"id":20430,"href":"https:\/\/elpuucnoticias.com\/index.php?rest_route=\/wp\/v2\/posts\/20428\/revisions\/20430"}],"wp:featuredmedia":[{"embeddable":true,"href":"https:\/\/elpuucnoticias.com\/index.php?rest_route=\/wp\/v2\/media\/20429"}],"wp:attachment":[{"href":"https:\/\/elpuucnoticias.com\/index.php?rest_route=%2Fwp%2Fv2%2Fmedia&parent=20428"}],"wp:term":[{"taxonomy":"category","embeddable":true,"href":"https:\/\/elpuucnoticias.com\/index.php?rest_route=%2Fwp%2Fv2%2Fcategories&post=20428"},{"taxonomy":"post_tag","embeddable":true,"href":"https:\/\/elpuucnoticias.com\/index.php?rest_route=%2Fwp%2Fv2%2Ftags&post=20428"}],"curies":[{"name":"wp","href":"https:\/\/api.w.org\/{rel}","templated":true}]}}