{"id":2043,"date":"2022-06-03T00:23:21","date_gmt":"2022-06-03T06:23:21","guid":{"rendered":"https:\/\/elpuucnoticias.com\/?p=2043"},"modified":"2022-06-03T00:23:23","modified_gmt":"2022-06-03T06:23:23","slug":"alan-euan-garcia-atleta-de-tenis-de-mesa-entrena-desde-la-capital-del-estado-para-los-nacionales-conade-2022","status":"publish","type":"post","link":"https:\/\/elpuucnoticias.com\/?p=2043","title":{"rendered":"Alan Euan Garc\u00eda, atleta de Tenis de Mesa entrena desde la capital del estado, para los Nacionales CONADE 2022"},"content":{"rendered":"\n<p>El chetumale\u00f1o, Alan Euan Garc\u00eda, tendr\u00e1 su primera participaci\u00f3n en la m\u00e1xima justa deportiva del pa\u00eds, al formar parte de la delegaci\u00f3n quintanarroense de la disciplina de Tenis de Mesa que participar\u00e1 en los Juegos Nacionales CONADE 2022.<\/p>\n\n\n\n<p>Bajo la tutela del profesor Mauricio Osorio, Alan ha trabajado intensamente desde el 2019, con la firme intenci\u00f3n de portar el uniforme estatal y pelear por una medalla para Quintana Roo en la fiesta deportiva m\u00e1s grande del pa\u00eds, sue\u00f1o que por fin cumplir\u00e1 este a\u00f1o.<\/p>\n\n\n\n<figure class=\"wp-block-image size-large is-resized\"><img loading=\"lazy\" decoding=\"async\" src=\"https:\/\/elpuucnoticias.com\/wp-content\/uploads\/2022\/05\/felino-flayer-1024x583.jpg\" alt=\"\" class=\"wp-image-1402\" width=\"394\" height=\"224\" srcset=\"https:\/\/elpuucnoticias.com\/wp-content\/uploads\/2022\/05\/felino-flayer-1024x583.jpg 1024w, https:\/\/elpuucnoticias.com\/wp-content\/uploads\/2022\/05\/felino-flayer-300x171.jpg 300w, https:\/\/elpuucnoticias.com\/wp-content\/uploads\/2022\/05\/felino-flayer-768x437.jpg 768w, https:\/\/elpuucnoticias.com\/wp-content\/uploads\/2022\/05\/felino-flayer.jpg 1237w\" sizes=\"auto, (max-width: 394px) 100vw, 394px\" \/><\/figure>\n\n\n\n<p>En el proceso del a\u00f1o pasado los resultados no favorecieron del todo al entusiasta tenismesista capitalino, pues no logr\u00f3 superar las eliminatorias estatales y se qued\u00f3 con las ganas de formar parte del equipo quintanarroense.<\/p>\n\n\n\n<p>No obstante, eso no lo desanim\u00f3, por el contrario, lo motiv\u00f3 a esforzarse a\u00fan m\u00e1s y en el proceso de este a\u00f1o super\u00f3 la etapa estatal y obtuvo el derecho de participar en el Macro Regional, que tuvo como sede el estado de Veracruz y donde enfrent\u00f3 a competidores de estados como Chipas, Yucat\u00e1n, Tabasco, Campeche e instituciones como el Instituto Polit\u00e9cnico Nacional (IPN).<\/p>\n\n\n\n<p>Gracias a su entusiasmo, concentraci\u00f3n y excelente t\u00e9cnica, Alan Euan consigui\u00f3 el boleto para los Juegos Nacionales CONADE de este a\u00f1o, lo cual representa una gran alegr\u00eda para \u00e9l.<\/p>\n\n\n\n<figure class=\"wp-block-image size-large is-resized\"><img loading=\"lazy\" decoding=\"async\" src=\"https:\/\/elpuucnoticias.com\/wp-content\/uploads\/2022\/05\/bioclinics-1024x254.jpeg\" alt=\"\" class=\"wp-image-1910\" width=\"396\" height=\"98\" srcset=\"https:\/\/elpuucnoticias.com\/wp-content\/uploads\/2022\/05\/bioclinics-1024x254.jpeg 1024w, https:\/\/elpuucnoticias.com\/wp-content\/uploads\/2022\/05\/bioclinics-300x74.jpeg 300w, https:\/\/elpuucnoticias.com\/wp-content\/uploads\/2022\/05\/bioclinics-768x191.jpeg 768w, https:\/\/elpuucnoticias.com\/wp-content\/uploads\/2022\/05\/bioclinics.jpeg 1156w\" sizes=\"auto, (max-width: 396px) 100vw, 396px\" \/><\/figure>\n\n\n\n<p>\u201cMe siento muy contento de que por fin consegu\u00ed estar en la selecci\u00f3n estatal. Ser\u00e1 mi primera vez en un evento nacional y quiero dar todo mi esfuerzo para conseguir una medalla para Quintana Roo\u201d, se\u00f1al\u00f3 el atleta.<\/p>\n\n\n\n<p>Reconoci\u00f3 que esto no ser\u00e1 nada f\u00e1cil, aunque conf\u00eda en su calidad como deportista despu\u00e9s de lo demostrado en el Macro Regional, adem\u00e1s, resalt\u00f3 que continuar\u00e1 bajo una intensa preparaci\u00f3n en las instalaciones del gimnasio Nohoch Suk\u00fan, en Chetumal, donde es guiado por su entrenador para llegar en inmejorables condiciones a los Nacionales CONADE 2022.<\/p>\n","protected":false},"excerpt":{"rendered":"<p>El chetumale\u00f1o, Alan Euan Garc\u00eda, tendr\u00e1 su primera participaci\u00f3n en la m\u00e1xima justa deportiva del pa\u00eds, al formar<\/p>\n","protected":false},"author":1,"featured_media":2044,"comment_status":"closed","ping_status":"open","sticky":false,"template":"","format":"standard","meta":{"_monsterinsights_skip_tracking":false,"_monsterinsights_sitenote_active":false,"_monsterinsights_sitenote_note":"","_monsterinsights_sitenote_category":0,"footnotes":""},"categories":[7,11],"tags":[],"class_list":["post-2043","post","type-post","status-publish","format-standard","has-post-thumbnail","hentry","category-impacto-deportivo","category-noticias"],"yoast_head":"<!-- This site is optimized with the Yoast SEO plugin v18.3 - https:\/\/yoast.com\/wordpress\/plugins\/seo\/ -->\n<title>Alan Euan Garc\u00eda, atleta de Tenis de Mesa entrena desde la capital del estado, para los Nacionales CONADE 2022 - El Puuc Noticias<\/title>\n<meta name=\"robots\" content=\"index, follow, max-snippet:-1, max-image-preview:large, max-video-preview:-1\" \/>\n<link rel=\"canonical\" href=\"https:\/\/elpuucnoticias.com\/?p=2043\" \/>\n<meta property=\"og:locale\" content=\"es_ES\" \/>\n<meta property=\"og:type\" content=\"article\" \/>\n<meta property=\"og:title\" content=\"Alan Euan Garc\u00eda, atleta de Tenis de Mesa entrena desde la capital del estado, para los Nacionales CONADE 2022 - El Puuc Noticias\" \/>\n<meta property=\"og:description\" content=\"El chetumale\u00f1o, Alan Euan Garc\u00eda, tendr\u00e1 su primera participaci\u00f3n en la m\u00e1xima justa deportiva del pa\u00eds, al formar\" \/>\n<meta property=\"og:url\" content=\"https:\/\/elpuucnoticias.com\/?p=2043\" \/>\n<meta property=\"og:site_name\" content=\"El Puuc Noticias\" \/>\n<meta property=\"article:published_time\" content=\"2022-06-03T06:23:21+00:00\" \/>\n<meta property=\"article:modified_time\" content=\"2022-06-03T06:23:23+00:00\" \/>\n<meta property=\"og:image\" content=\"https:\/\/elpuucnoticias.com\/wp-content\/uploads\/2022\/06\/WhatsApp-Image-2022-06-02-at-5.02.17-PM.jpeg\" \/>\n\t<meta property=\"og:image:width\" content=\"964\" \/>\n\t<meta property=\"og:image:height\" content=\"583\" \/>\n\t<meta property=\"og:image:type\" content=\"image\/jpeg\" \/>\n<meta name=\"twitter:card\" content=\"summary_large_image\" \/>\n<meta name=\"twitter:label1\" content=\"Escrito por\" \/>\n\t<meta name=\"twitter:data1\" content=\"elpuucnoticias\" \/>\n\t<meta name=\"twitter:label2\" content=\"Tiempo de lectura\" \/>\n\t<meta name=\"twitter:data2\" content=\"2 minutos\" \/>\n<script type=\"application\/ld+json\" class=\"yoast-schema-graph\">{\"@context\":\"https:\/\/schema.org\",\"@graph\":[{\"@type\":\"WebSite\",\"@id\":\"https:\/\/elpuucnoticias.com\/#website\",\"url\":\"https:\/\/elpuucnoticias.com\/\",\"name\":\"El Puuc Noticias\",\"description\":\"Noticias - Entretenimiento - Deportes\",\"potentialAction\":[{\"@type\":\"SearchAction\",\"target\":{\"@type\":\"EntryPoint\",\"urlTemplate\":\"https:\/\/elpuucnoticias.com\/?s={search_term_string}\"},\"query-input\":\"required name=search_term_string\"}],\"inLanguage\":\"es\"},{\"@type\":\"ImageObject\",\"@id\":\"https:\/\/elpuucnoticias.com\/?p=2043#primaryimage\",\"inLanguage\":\"es\",\"url\":\"https:\/\/elpuucnoticias.com\/wp-content\/uploads\/2022\/06\/WhatsApp-Image-2022-06-02-at-5.02.17-PM.jpeg\",\"contentUrl\":\"https:\/\/elpuucnoticias.com\/wp-content\/uploads\/2022\/06\/WhatsApp-Image-2022-06-02-at-5.02.17-PM.jpeg\",\"width\":964,\"height\":583},{\"@type\":\"WebPage\",\"@id\":\"https:\/\/elpuucnoticias.com\/?p=2043#webpage\",\"url\":\"https:\/\/elpuucnoticias.com\/?p=2043\",\"name\":\"Alan Euan Garc\u00eda, atleta de Tenis de Mesa entrena desde la capital del estado, para los Nacionales CONADE 2022 - El Puuc Noticias\",\"isPartOf\":{\"@id\":\"https:\/\/elpuucnoticias.com\/#website\"},\"primaryImageOfPage\":{\"@id\":\"https:\/\/elpuucnoticias.com\/?p=2043#primaryimage\"},\"datePublished\":\"2022-06-03T06:23:21+00:00\",\"dateModified\":\"2022-06-03T06:23:23+00:00\",\"author\":{\"@id\":\"https:\/\/elpuucnoticias.com\/#\/schema\/person\/d2ea09e4c97f0160b11cdfb1d856bd9e\"},\"breadcrumb\":{\"@id\":\"https:\/\/elpuucnoticias.com\/?p=2043#breadcrumb\"},\"inLanguage\":\"es\",\"potentialAction\":[{\"@type\":\"ReadAction\",\"target\":[\"https:\/\/elpuucnoticias.com\/?p=2043\"]}]},{\"@type\":\"BreadcrumbList\",\"@id\":\"https:\/\/elpuucnoticias.com\/?p=2043#breadcrumb\",\"itemListElement\":[{\"@type\":\"ListItem\",\"position\":1,\"name\":\"Portada\",\"item\":\"https:\/\/elpuucnoticias.com\/\"},{\"@type\":\"ListItem\",\"position\":2,\"name\":\"Alan Euan Garc\u00eda, atleta de Tenis de Mesa entrena desde la capital del estado, para los Nacionales CONADE 2022\"}]},{\"@type\":\"Person\",\"@id\":\"https:\/\/elpuucnoticias.com\/#\/schema\/person\/d2ea09e4c97f0160b11cdfb1d856bd9e\",\"name\":\"elpuucnoticias\",\"image\":{\"@type\":\"ImageObject\",\"@id\":\"https:\/\/elpuucnoticias.com\/#personlogo\",\"inLanguage\":\"es\",\"url\":\"https:\/\/secure.gravatar.com\/avatar\/5290a43657c74ffa15701dbe5b846bd85cc71930d803c84e91046a7333de6ce2?s=96&d=mm&r=g\",\"contentUrl\":\"https:\/\/secure.gravatar.com\/avatar\/5290a43657c74ffa15701dbe5b846bd85cc71930d803c84e91046a7333de6ce2?s=96&d=mm&r=g\",\"caption\":\"elpuucnoticias\"},\"sameAs\":[\"https:\/\/elpuucnoticias.com\"],\"url\":\"https:\/\/elpuucnoticias.com\/?author=1\"}]}<\/script>\n<!-- \/ Yoast SEO plugin. -->","yoast_head_json":{"title":"Alan Euan Garc\u00eda, atleta de Tenis de Mesa entrena desde la capital del estado, para los Nacionales CONADE 2022 - El Puuc Noticias","robots":{"index":"index","follow":"follow","max-snippet":"max-snippet:-1","max-image-preview":"max-image-preview:large","max-video-preview":"max-video-preview:-1"},"canonical":"https:\/\/elpuucnoticias.com\/?p=2043","og_locale":"es_ES","og_type":"article","og_title":"Alan Euan Garc\u00eda, atleta de Tenis de Mesa entrena desde la capital del estado, para los Nacionales CONADE 2022 - El Puuc Noticias","og_description":"El chetumale\u00f1o, Alan Euan Garc\u00eda, tendr\u00e1 su primera participaci\u00f3n en la m\u00e1xima justa deportiva del pa\u00eds, al formar","og_url":"https:\/\/elpuucnoticias.com\/?p=2043","og_site_name":"El Puuc Noticias","article_published_time":"2022-06-03T06:23:21+00:00","article_modified_time":"2022-06-03T06:23:23+00:00","og_image":[{"width":964,"height":583,"url":"https:\/\/elpuucnoticias.com\/wp-content\/uploads\/2022\/06\/WhatsApp-Image-2022-06-02-at-5.02.17-PM.jpeg","type":"image\/jpeg"}],"twitter_card":"summary_large_image","twitter_misc":{"Escrito por":"elpuucnoticias","Tiempo de lectura":"2 minutos"},"schema":{"@context":"https:\/\/schema.org","@graph":[{"@type":"WebSite","@id":"https:\/\/elpuucnoticias.com\/#website","url":"https:\/\/elpuucnoticias.com\/","name":"El Puuc Noticias","description":"Noticias - Entretenimiento - Deportes","potentialAction":[{"@type":"SearchAction","target":{"@type":"EntryPoint","urlTemplate":"https:\/\/elpuucnoticias.com\/?s={search_term_string}"},"query-input":"required name=search_term_string"}],"inLanguage":"es"},{"@type":"ImageObject","@id":"https:\/\/elpuucnoticias.com\/?p=2043#primaryimage","inLanguage":"es","url":"https:\/\/elpuucnoticias.com\/wp-content\/uploads\/2022\/06\/WhatsApp-Image-2022-06-02-at-5.02.17-PM.jpeg","contentUrl":"https:\/\/elpuucnoticias.com\/wp-content\/uploads\/2022\/06\/WhatsApp-Image-2022-06-02-at-5.02.17-PM.jpeg","width":964,"height":583},{"@type":"WebPage","@id":"https:\/\/elpuucnoticias.com\/?p=2043#webpage","url":"https:\/\/elpuucnoticias.com\/?p=2043","name":"Alan Euan Garc\u00eda, atleta de Tenis de Mesa entrena desde la capital del estado, para los Nacionales CONADE 2022 - El Puuc Noticias","isPartOf":{"@id":"https:\/\/elpuucnoticias.com\/#website"},"primaryImageOfPage":{"@id":"https:\/\/elpuucnoticias.com\/?p=2043#primaryimage"},"datePublished":"2022-06-03T06:23:21+00:00","dateModified":"2022-06-03T06:23:23+00:00","author":{"@id":"https:\/\/elpuucnoticias.com\/#\/schema\/person\/d2ea09e4c97f0160b11cdfb1d856bd9e"},"breadcrumb":{"@id":"https:\/\/elpuucnoticias.com\/?p=2043#breadcrumb"},"inLanguage":"es","potentialAction":[{"@type":"ReadAction","target":["https:\/\/elpuucnoticias.com\/?p=2043"]}]},{"@type":"BreadcrumbList","@id":"https:\/\/elpuucnoticias.com\/?p=2043#breadcrumb","itemListElement":[{"@type":"ListItem","position":1,"name":"Portada","item":"https:\/\/elpuucnoticias.com\/"},{"@type":"ListItem","position":2,"name":"Alan Euan Garc\u00eda, atleta de Tenis de Mesa entrena desde la capital del estado, para los Nacionales CONADE 2022"}]},{"@type":"Person","@id":"https:\/\/elpuucnoticias.com\/#\/schema\/person\/d2ea09e4c97f0160b11cdfb1d856bd9e","name":"elpuucnoticias","image":{"@type":"ImageObject","@id":"https:\/\/elpuucnoticias.com\/#personlogo","inLanguage":"es","url":"https:\/\/secure.gravatar.com\/avatar\/5290a43657c74ffa15701dbe5b846bd85cc71930d803c84e91046a7333de6ce2?s=96&d=mm&r=g","contentUrl":"https:\/\/secure.gravatar.com\/avatar\/5290a43657c74ffa15701dbe5b846bd85cc71930d803c84e91046a7333de6ce2?s=96&d=mm&r=g","caption":"elpuucnoticias"},"sameAs":["https:\/\/elpuucnoticias.com"],"url":"https:\/\/elpuucnoticias.com\/?author=1"}]}},"_links":{"self":[{"href":"https:\/\/elpuucnoticias.com\/index.php?rest_route=\/wp\/v2\/posts\/2043","targetHints":{"allow":["GET"]}}],"collection":[{"href":"https:\/\/elpuucnoticias.com\/index.php?rest_route=\/wp\/v2\/posts"}],"about":[{"href":"https:\/\/elpuucnoticias.com\/index.php?rest_route=\/wp\/v2\/types\/post"}],"author":[{"embeddable":true,"href":"https:\/\/elpuucnoticias.com\/index.php?rest_route=\/wp\/v2\/users\/1"}],"replies":[{"embeddable":true,"href":"https:\/\/elpuucnoticias.com\/index.php?rest_route=%2Fwp%2Fv2%2Fcomments&post=2043"}],"version-history":[{"count":1,"href":"https:\/\/elpuucnoticias.com\/index.php?rest_route=\/wp\/v2\/posts\/2043\/revisions"}],"predecessor-version":[{"id":2045,"href":"https:\/\/elpuucnoticias.com\/index.php?rest_route=\/wp\/v2\/posts\/2043\/revisions\/2045"}],"wp:featuredmedia":[{"embeddable":true,"href":"https:\/\/elpuucnoticias.com\/index.php?rest_route=\/wp\/v2\/media\/2044"}],"wp:attachment":[{"href":"https:\/\/elpuucnoticias.com\/index.php?rest_route=%2Fwp%2Fv2%2Fmedia&parent=2043"}],"wp:term":[{"taxonomy":"category","embeddable":true,"href":"https:\/\/elpuucnoticias.com\/index.php?rest_route=%2Fwp%2Fv2%2Fcategories&post=2043"},{"taxonomy":"post_tag","embeddable":true,"href":"https:\/\/elpuucnoticias.com\/index.php?rest_route=%2Fwp%2Fv2%2Ftags&post=2043"}],"curies":[{"name":"wp","href":"https:\/\/api.w.org\/{rel}","templated":true}]}}