{"id":20431,"date":"2025-08-01T14:00:29","date_gmt":"2025-08-01T20:00:29","guid":{"rendered":"https:\/\/elpuucnoticias.com\/?p=20431"},"modified":"2025-08-01T14:00:30","modified_gmt":"2025-08-01T20:00:30","slug":"feria-de-la-miel-lagrimas-de-oro-maya-celebra-la-apicultura-y-fortalece-el-campo-quintanarroense","status":"publish","type":"post","link":"https:\/\/elpuucnoticias.com\/?p=20431","title":{"rendered":"Feria de la Miel \u201cL\u00e1grimas de Oro Maya\u201d celebra la apicultura y fortalece el campo quintanarroense"},"content":{"rendered":"\n<p>Este jueves fue inaugurada la Feria de la Miel \u201cL\u00e1grimas de Oro Maya (K\u2019ank\u2019an maayaj ja\u2019il ich)\u201d, evento organizado por el Gobierno del Estado de Quintana Roo, a trav\u00e9s de la Secretar\u00eda de Desarrollo Agropecuario, Rural y Pesca (SEDARPE) y el Comit\u00e9 Estatal para el Fomento y Protecci\u00f3n Pecuaria. Este encuentro celebra la apicultura como fuente de cultura, sustento y desarrollo para las comunidades rurales.<\/p>\n\n\n\n<figure class=\"wp-block-image is-style-default\"><a href=\"https:\/\/cgc.qroo.gob.mx\/cjg\/wp-content\/uploads\/2025\/07\/ed715534-9f6c-4d78-85ef-ced74e8688d5.jpg\"><img decoding=\"async\" src=\"https:\/\/cgc.qroo.gob.mx\/cjg\/wp-content\/uploads\/2025\/07\/ed715534-9f6c-4d78-85ef-ced74e8688d5-585x390.jpg\" alt=\"\" title=\"ed715534-9f6c-4d78-85ef-ced74e8688d5\"\/><\/a><\/figure>\n\n\n\n<p>La feria se enmarca en el Nuevo Acuerdo por el Bienestar y Desarrollo de Quintana Roo, promovido por la gobernadora Mara Lezama Espinosa, que busca transformar el modelo de gesti\u00f3n p\u00fablica desde el territorio, con \u00e9tica y cercan\u00eda. La producci\u00f3n ap\u00edcola forma parte de esta visi\u00f3n integradora que impulsa la prosperidad compartida, reconociendo el esfuerzo de las productoras y los productores, as\u00ed como su papel productivo, econ\u00f3mico y social en el desarrollo rural del estado.<\/p>\n\n\n\n<p>Durante el evento, se ofrecieron recorridos por stands, muestras gastron\u00f3micas, venta directa de productos, pl\u00e1ticas educativas y actividades infantiles, destacando la relevancia de las abejas en los procesos de polinizaci\u00f3n y la seguridad alimentaria. La educaci\u00f3n ambiental fue uno de los ejes centrales del encuentro, vinculando el conocimiento t\u00e9cnico con la conciencia ciudadana.<\/p>\n\n\n\n<p>Se presentaron diversos productos derivados de la apicultura, como polen, prop\u00f3leo, jalea real, hidromiel, cera, cremas, jabones, dulces y miel de distintas floraciones, reflejando la riqueza de esta actividad y su potencial en el mercado local.<\/p>\n\n\n\n<figure class=\"wp-block-image is-style-default\"><a href=\"https:\/\/cgc.qroo.gob.mx\/cjg\/wp-content\/uploads\/2025\/07\/20e196c9-3038-4265-bce4-ea2718115566.jpg\"><img decoding=\"async\" src=\"https:\/\/cgc.qroo.gob.mx\/cjg\/wp-content\/uploads\/2025\/07\/20e196c9-3038-4265-bce4-ea2718115566-585x878.jpg\" alt=\"\" title=\"20e196c9-3038-4265-bce4-ea2718115566\"\/><\/a><\/figure>\n\n\n\n<p>El titular de la SEDARPE, Jorge Aguilar Osorio, subray\u00f3 que esta feria representa una coordinaci\u00f3n efectiva entre gobierno y productores, alineada con un modelo de gobernanza inclusivo y transformador. Tambi\u00e9n enfatiz\u00f3 la importancia de conservar a las abejas por su relevancia ecol\u00f3gica y valor nutricional.<\/p>\n\n\n\n<p>Con eventos como la Feria \u201cL\u00e1grimas de Oro Maya\u201d, el Gobierno de Quintana Roo suma voluntades con el campo como motor de desarrollo, bienestar y cultura. La transformaci\u00f3n en territorio ocurre con participaci\u00f3n activa, cercan\u00eda institucional y visi\u00f3n de futuro.<\/p>\n\n\n\n<figure class=\"wp-block-image is-style-default\"><a href=\"https:\/\/cgc.qroo.gob.mx\/cjg\/wp-content\/uploads\/2025\/07\/b40fa3a1-eae9-4931-84aa-e4b766dda7ff.jpg\"><img decoding=\"async\" src=\"https:\/\/cgc.qroo.gob.mx\/cjg\/wp-content\/uploads\/2025\/07\/b40fa3a1-eae9-4931-84aa-e4b766dda7ff-585x516.jpg\" alt=\"\" title=\"b40fa3a1-eae9-4931-84aa-e4b766dda7ff\"\/><\/a><\/figure>\n\n\n\n<p>Cabe se\u00f1alar que este evento se realiza en apoyo a las y los apicultores que cumplen con buenas pr\u00e1cticas pecuarias. Participaron 27 productores provenientes de los municipios de Oth\u00f3n P. Blanco, Bacalar, L\u00e1zaro C\u00e1rdenas y Playa del Carmen.<\/p>\n\n\n\n<p>Estuvieron presentes la presidenta municipal de Playa del Carmen, Estefan\u00eda Mercado, el Presidente del Comit\u00e9 Estatal de Fomento y Protecci\u00f3n Pecuaria, Sergio Crisanto Morteo, entre otras autoridades.<\/p>\n","protected":false},"excerpt":{"rendered":"<p>Este jueves fue inaugurada la Feria de la Miel \u201cL\u00e1grimas de Oro Maya (K\u2019ank\u2019an maayaj ja\u2019il ich)\u201d, evento<\/p>\n","protected":false},"author":1,"featured_media":20432,"comment_status":"closed","ping_status":"open","sticky":false,"template":"","format":"standard","meta":{"_monsterinsights_skip_tracking":false,"_monsterinsights_sitenote_active":false,"_monsterinsights_sitenote_note":"","_monsterinsights_sitenote_category":0,"footnotes":""},"categories":[11,24],"tags":[],"class_list":["post-20431","post","type-post","status-publish","format-standard","has-post-thumbnail","hentry","category-noticias","category-quintana-roo"],"yoast_head":"<!-- This site is optimized with the Yoast SEO plugin v18.3 - https:\/\/yoast.com\/wordpress\/plugins\/seo\/ -->\n<title>Feria de la Miel \u201cL\u00e1grimas de Oro Maya\u201d celebra la apicultura y fortalece el campo quintanarroense - El Puuc Noticias<\/title>\n<meta name=\"robots\" content=\"index, follow, max-snippet:-1, max-image-preview:large, max-video-preview:-1\" \/>\n<link rel=\"canonical\" href=\"https:\/\/elpuucnoticias.com\/?p=20431\" \/>\n<meta property=\"og:locale\" content=\"es_ES\" \/>\n<meta property=\"og:type\" content=\"article\" \/>\n<meta property=\"og:title\" content=\"Feria de la Miel \u201cL\u00e1grimas de Oro Maya\u201d celebra la apicultura y fortalece el campo quintanarroense - El Puuc Noticias\" \/>\n<meta property=\"og:description\" content=\"Este jueves fue inaugurada la Feria de la Miel \u201cL\u00e1grimas de Oro Maya (K\u2019ank\u2019an maayaj ja\u2019il ich)\u201d, evento\" \/>\n<meta property=\"og:url\" content=\"https:\/\/elpuucnoticias.com\/?p=20431\" \/>\n<meta property=\"og:site_name\" content=\"El Puuc Noticias\" \/>\n<meta property=\"article:published_time\" content=\"2025-08-01T20:00:29+00:00\" \/>\n<meta property=\"article:modified_time\" content=\"2025-08-01T20:00:30+00:00\" \/>\n<meta property=\"og:image\" content=\"https:\/\/elpuucnoticias.com\/wp-content\/uploads\/2025\/08\/b1e092b7-7e05-4167-bf45-1f8b9b780147.jpg\" \/>\n\t<meta property=\"og:image:width\" content=\"1296\" \/>\n\t<meta property=\"og:image:height\" content=\"864\" \/>\n\t<meta property=\"og:image:type\" content=\"image\/jpeg\" \/>\n<meta name=\"twitter:card\" content=\"summary_large_image\" \/>\n<meta name=\"twitter:label1\" content=\"Escrito por\" \/>\n\t<meta name=\"twitter:data1\" content=\"elpuucnoticias\" \/>\n\t<meta name=\"twitter:label2\" content=\"Tiempo de lectura\" \/>\n\t<meta name=\"twitter:data2\" content=\"2 minutos\" \/>\n<script type=\"application\/ld+json\" class=\"yoast-schema-graph\">{\"@context\":\"https:\/\/schema.org\",\"@graph\":[{\"@type\":\"WebSite\",\"@id\":\"https:\/\/elpuucnoticias.com\/#website\",\"url\":\"https:\/\/elpuucnoticias.com\/\",\"name\":\"El Puuc Noticias\",\"description\":\"Noticias - Entretenimiento - Deportes\",\"potentialAction\":[{\"@type\":\"SearchAction\",\"target\":{\"@type\":\"EntryPoint\",\"urlTemplate\":\"https:\/\/elpuucnoticias.com\/?s={search_term_string}\"},\"query-input\":\"required name=search_term_string\"}],\"inLanguage\":\"es\"},{\"@type\":\"ImageObject\",\"@id\":\"https:\/\/elpuucnoticias.com\/?p=20431#primaryimage\",\"inLanguage\":\"es\",\"url\":\"https:\/\/elpuucnoticias.com\/wp-content\/uploads\/2025\/08\/b1e092b7-7e05-4167-bf45-1f8b9b780147.jpg\",\"contentUrl\":\"https:\/\/elpuucnoticias.com\/wp-content\/uploads\/2025\/08\/b1e092b7-7e05-4167-bf45-1f8b9b780147.jpg\",\"width\":1296,\"height\":864},{\"@type\":\"WebPage\",\"@id\":\"https:\/\/elpuucnoticias.com\/?p=20431#webpage\",\"url\":\"https:\/\/elpuucnoticias.com\/?p=20431\",\"name\":\"Feria de la Miel \u201cL\u00e1grimas de Oro Maya\u201d celebra la apicultura y fortalece el campo quintanarroense - El Puuc Noticias\",\"isPartOf\":{\"@id\":\"https:\/\/elpuucnoticias.com\/#website\"},\"primaryImageOfPage\":{\"@id\":\"https:\/\/elpuucnoticias.com\/?p=20431#primaryimage\"},\"datePublished\":\"2025-08-01T20:00:29+00:00\",\"dateModified\":\"2025-08-01T20:00:30+00:00\",\"author\":{\"@id\":\"https:\/\/elpuucnoticias.com\/#\/schema\/person\/d2ea09e4c97f0160b11cdfb1d856bd9e\"},\"breadcrumb\":{\"@id\":\"https:\/\/elpuucnoticias.com\/?p=20431#breadcrumb\"},\"inLanguage\":\"es\",\"potentialAction\":[{\"@type\":\"ReadAction\",\"target\":[\"https:\/\/elpuucnoticias.com\/?p=20431\"]}]},{\"@type\":\"BreadcrumbList\",\"@id\":\"https:\/\/elpuucnoticias.com\/?p=20431#breadcrumb\",\"itemListElement\":[{\"@type\":\"ListItem\",\"position\":1,\"name\":\"Portada\",\"item\":\"https:\/\/elpuucnoticias.com\/\"},{\"@type\":\"ListItem\",\"position\":2,\"name\":\"Feria de la Miel \u201cL\u00e1grimas de Oro Maya\u201d celebra la apicultura y fortalece el campo quintanarroense\"}]},{\"@type\":\"Person\",\"@id\":\"https:\/\/elpuucnoticias.com\/#\/schema\/person\/d2ea09e4c97f0160b11cdfb1d856bd9e\",\"name\":\"elpuucnoticias\",\"image\":{\"@type\":\"ImageObject\",\"@id\":\"https:\/\/elpuucnoticias.com\/#personlogo\",\"inLanguage\":\"es\",\"url\":\"https:\/\/secure.gravatar.com\/avatar\/5290a43657c74ffa15701dbe5b846bd85cc71930d803c84e91046a7333de6ce2?s=96&d=mm&r=g\",\"contentUrl\":\"https:\/\/secure.gravatar.com\/avatar\/5290a43657c74ffa15701dbe5b846bd85cc71930d803c84e91046a7333de6ce2?s=96&d=mm&r=g\",\"caption\":\"elpuucnoticias\"},\"sameAs\":[\"https:\/\/elpuucnoticias.com\"],\"url\":\"https:\/\/elpuucnoticias.com\/?author=1\"}]}<\/script>\n<!-- \/ Yoast SEO plugin. -->","yoast_head_json":{"title":"Feria de la Miel \u201cL\u00e1grimas de Oro Maya\u201d celebra la apicultura y fortalece el campo quintanarroense - El Puuc Noticias","robots":{"index":"index","follow":"follow","max-snippet":"max-snippet:-1","max-image-preview":"max-image-preview:large","max-video-preview":"max-video-preview:-1"},"canonical":"https:\/\/elpuucnoticias.com\/?p=20431","og_locale":"es_ES","og_type":"article","og_title":"Feria de la Miel \u201cL\u00e1grimas de Oro Maya\u201d celebra la apicultura y fortalece el campo quintanarroense - El Puuc Noticias","og_description":"Este jueves fue inaugurada la Feria de la Miel \u201cL\u00e1grimas de Oro Maya (K\u2019ank\u2019an maayaj ja\u2019il ich)\u201d, evento","og_url":"https:\/\/elpuucnoticias.com\/?p=20431","og_site_name":"El Puuc Noticias","article_published_time":"2025-08-01T20:00:29+00:00","article_modified_time":"2025-08-01T20:00:30+00:00","og_image":[{"width":1296,"height":864,"url":"https:\/\/elpuucnoticias.com\/wp-content\/uploads\/2025\/08\/b1e092b7-7e05-4167-bf45-1f8b9b780147.jpg","type":"image\/jpeg"}],"twitter_card":"summary_large_image","twitter_misc":{"Escrito por":"elpuucnoticias","Tiempo de lectura":"2 minutos"},"schema":{"@context":"https:\/\/schema.org","@graph":[{"@type":"WebSite","@id":"https:\/\/elpuucnoticias.com\/#website","url":"https:\/\/elpuucnoticias.com\/","name":"El Puuc Noticias","description":"Noticias - Entretenimiento - Deportes","potentialAction":[{"@type":"SearchAction","target":{"@type":"EntryPoint","urlTemplate":"https:\/\/elpuucnoticias.com\/?s={search_term_string}"},"query-input":"required name=search_term_string"}],"inLanguage":"es"},{"@type":"ImageObject","@id":"https:\/\/elpuucnoticias.com\/?p=20431#primaryimage","inLanguage":"es","url":"https:\/\/elpuucnoticias.com\/wp-content\/uploads\/2025\/08\/b1e092b7-7e05-4167-bf45-1f8b9b780147.jpg","contentUrl":"https:\/\/elpuucnoticias.com\/wp-content\/uploads\/2025\/08\/b1e092b7-7e05-4167-bf45-1f8b9b780147.jpg","width":1296,"height":864},{"@type":"WebPage","@id":"https:\/\/elpuucnoticias.com\/?p=20431#webpage","url":"https:\/\/elpuucnoticias.com\/?p=20431","name":"Feria de la Miel \u201cL\u00e1grimas de Oro Maya\u201d celebra la apicultura y fortalece el campo quintanarroense - El Puuc Noticias","isPartOf":{"@id":"https:\/\/elpuucnoticias.com\/#website"},"primaryImageOfPage":{"@id":"https:\/\/elpuucnoticias.com\/?p=20431#primaryimage"},"datePublished":"2025-08-01T20:00:29+00:00","dateModified":"2025-08-01T20:00:30+00:00","author":{"@id":"https:\/\/elpuucnoticias.com\/#\/schema\/person\/d2ea09e4c97f0160b11cdfb1d856bd9e"},"breadcrumb":{"@id":"https:\/\/elpuucnoticias.com\/?p=20431#breadcrumb"},"inLanguage":"es","potentialAction":[{"@type":"ReadAction","target":["https:\/\/elpuucnoticias.com\/?p=20431"]}]},{"@type":"BreadcrumbList","@id":"https:\/\/elpuucnoticias.com\/?p=20431#breadcrumb","itemListElement":[{"@type":"ListItem","position":1,"name":"Portada","item":"https:\/\/elpuucnoticias.com\/"},{"@type":"ListItem","position":2,"name":"Feria de la Miel \u201cL\u00e1grimas de Oro Maya\u201d celebra la apicultura y fortalece el campo quintanarroense"}]},{"@type":"Person","@id":"https:\/\/elpuucnoticias.com\/#\/schema\/person\/d2ea09e4c97f0160b11cdfb1d856bd9e","name":"elpuucnoticias","image":{"@type":"ImageObject","@id":"https:\/\/elpuucnoticias.com\/#personlogo","inLanguage":"es","url":"https:\/\/secure.gravatar.com\/avatar\/5290a43657c74ffa15701dbe5b846bd85cc71930d803c84e91046a7333de6ce2?s=96&d=mm&r=g","contentUrl":"https:\/\/secure.gravatar.com\/avatar\/5290a43657c74ffa15701dbe5b846bd85cc71930d803c84e91046a7333de6ce2?s=96&d=mm&r=g","caption":"elpuucnoticias"},"sameAs":["https:\/\/elpuucnoticias.com"],"url":"https:\/\/elpuucnoticias.com\/?author=1"}]}},"_links":{"self":[{"href":"https:\/\/elpuucnoticias.com\/index.php?rest_route=\/wp\/v2\/posts\/20431","targetHints":{"allow":["GET"]}}],"collection":[{"href":"https:\/\/elpuucnoticias.com\/index.php?rest_route=\/wp\/v2\/posts"}],"about":[{"href":"https:\/\/elpuucnoticias.com\/index.php?rest_route=\/wp\/v2\/types\/post"}],"author":[{"embeddable":true,"href":"https:\/\/elpuucnoticias.com\/index.php?rest_route=\/wp\/v2\/users\/1"}],"replies":[{"embeddable":true,"href":"https:\/\/elpuucnoticias.com\/index.php?rest_route=%2Fwp%2Fv2%2Fcomments&post=20431"}],"version-history":[{"count":1,"href":"https:\/\/elpuucnoticias.com\/index.php?rest_route=\/wp\/v2\/posts\/20431\/revisions"}],"predecessor-version":[{"id":20433,"href":"https:\/\/elpuucnoticias.com\/index.php?rest_route=\/wp\/v2\/posts\/20431\/revisions\/20433"}],"wp:featuredmedia":[{"embeddable":true,"href":"https:\/\/elpuucnoticias.com\/index.php?rest_route=\/wp\/v2\/media\/20432"}],"wp:attachment":[{"href":"https:\/\/elpuucnoticias.com\/index.php?rest_route=%2Fwp%2Fv2%2Fmedia&parent=20431"}],"wp:term":[{"taxonomy":"category","embeddable":true,"href":"https:\/\/elpuucnoticias.com\/index.php?rest_route=%2Fwp%2Fv2%2Fcategories&post=20431"},{"taxonomy":"post_tag","embeddable":true,"href":"https:\/\/elpuucnoticias.com\/index.php?rest_route=%2Fwp%2Fv2%2Ftags&post=20431"}],"curies":[{"name":"wp","href":"https:\/\/api.w.org\/{rel}","templated":true}]}}