{"id":20464,"date":"2025-08-05T11:44:19","date_gmt":"2025-08-05T17:44:19","guid":{"rendered":"https:\/\/elpuucnoticias.com\/?p=20464"},"modified":"2025-08-05T11:44:20","modified_gmt":"2025-08-05T17:44:20","slug":"lactancia-materna-derecho-fundamental-de-la-primera-infancia","status":"publish","type":"post","link":"https:\/\/elpuucnoticias.com\/?p=20464","title":{"rendered":"Lactancia materna, derecho fundamental de la primera infancia"},"content":{"rendered":"\n<p>En el marco de la Semana Mundial de la Lactancia Materna 2025, que se conmemora del 1 al 7 de agosto, la Secretar\u00eda Ejecutiva del Sistema de Protecci\u00f3n de Ni\u00f1as, Ni\u00f1os y Adolescentes (SIPINNA) exhorta a las autoridades, instituciones y la sociedad en general a garantizar el derecho de la ni\u00f1ez a la salud, la nutrici\u00f3n adecuada y al desarrollo integral, desde los primeros d\u00edas de vida, a trav\u00e9s de entornos en los que las madres amamanten de manera informada, acompa\u00f1ada y segura.<\/p>\n\n\n\n<p>Como parte de este compromiso, la Secretar\u00eda Ejecutiva del SIPINNA impulsa la Ruta Integral de Atenciones (RIA) \u2013eje de la Estrategia Nacional de Atenci\u00f3n a la Primera Infancia (ENAPI)\u2013, dise\u00f1ada para fortalecer la atenci\u00f3n a ni\u00f1as y ni\u00f1os de cero a cinco a\u00f1os y reducir brechas de desigualdad, como lo establece el Nuevo Acuerdo por el Bienestar y Desarrollo de Quintana Roo, promovido por la gobernadora Mara Lezama Espinosa.<\/p>\n\n\n\n<figure class=\"wp-block-image is-style-default\"><a href=\"https:\/\/cgc.qroo.gob.mx\/cjg\/wp-content\/uploads\/2025\/08\/cb7188fb-b352-4bd3-a785-1aa58a7dafbb.jpg\"><img decoding=\"async\" src=\"https:\/\/cgc.qroo.gob.mx\/cjg\/wp-content\/uploads\/2025\/08\/cb7188fb-b352-4bd3-a785-1aa58a7dafbb-585x621.jpg\" alt=\"\" title=\"cb7188fb-b352-4bd3-a785-1aa58a7dafbb\"\/><\/a><\/figure>\n\n\n\n<p>En ese sentido, el encargado del despecho de la Secretar\u00eda Ejecutiva del SIPINNA, Jorge Isa\u00edas Quintanilla Osorio, explic\u00f3 que entre las acciones clave de la RIA destacan la promoci\u00f3n y protecci\u00f3n de la lactancia materna exclusiva y complementaria, as\u00ed como el seguimiento de las pr\u00e1cticas de lactancia, alimentaci\u00f3n y nutrici\u00f3n, aspectos fundamentales para una primera infancia saludable.<\/p>\n\n\n\n<p>Dijo que el objetivo es generar condiciones que fortalezcan el v\u00ednculo entre madres y beb\u00e9s en todos los espacios, a fin de que la lactancia sea una pr\u00e1ctica protegida y respetada, como parte de la visi\u00f3n humanista con coraz\u00f3n feminista de este gobierno.<\/p>\n\n\n\n<p>\u201cPromover la lactancia no es solo una acci\u00f3n de salud p\u00fablica; es un acto de justicia social que reconoce el rol de las mujeres en la crianza y protege el inicio de la vida con dignidad y bienestar. Ese es el compromiso que impulsa la gobernadora Mara Lezama y que desde la Secretar\u00eda Ejecutiva del SIPINNA refrendamos con convicci\u00f3n\u201d, concluy\u00f3 Quintanilla Osorio.<\/p>\n","protected":false},"excerpt":{"rendered":"<p>En el marco de la Semana Mundial de la Lactancia Materna 2025, que se conmemora del 1 al<\/p>\n","protected":false},"author":1,"featured_media":20465,"comment_status":"closed","ping_status":"open","sticky":false,"template":"","format":"standard","meta":{"_monsterinsights_skip_tracking":false,"_monsterinsights_sitenote_active":false,"_monsterinsights_sitenote_note":"","_monsterinsights_sitenote_category":0,"footnotes":""},"categories":[11,24],"tags":[],"class_list":["post-20464","post","type-post","status-publish","format-standard","has-post-thumbnail","hentry","category-noticias","category-quintana-roo"],"yoast_head":"<!-- This site is optimized with the Yoast SEO plugin v18.3 - https:\/\/yoast.com\/wordpress\/plugins\/seo\/ -->\n<title>Lactancia materna, derecho fundamental de la primera infancia - El Puuc Noticias<\/title>\n<meta name=\"robots\" content=\"index, follow, max-snippet:-1, max-image-preview:large, max-video-preview:-1\" \/>\n<link rel=\"canonical\" href=\"https:\/\/elpuucnoticias.com\/?p=20464\" \/>\n<meta property=\"og:locale\" content=\"es_ES\" \/>\n<meta property=\"og:type\" content=\"article\" \/>\n<meta property=\"og:title\" content=\"Lactancia materna, derecho fundamental de la primera infancia - El Puuc Noticias\" \/>\n<meta property=\"og:description\" content=\"En el marco de la Semana Mundial de la Lactancia Materna 2025, que se conmemora del 1 al\" \/>\n<meta property=\"og:url\" content=\"https:\/\/elpuucnoticias.com\/?p=20464\" \/>\n<meta property=\"og:site_name\" content=\"El Puuc Noticias\" \/>\n<meta property=\"article:published_time\" content=\"2025-08-05T17:44:19+00:00\" \/>\n<meta property=\"article:modified_time\" content=\"2025-08-05T17:44:20+00:00\" \/>\n<meta property=\"og:image\" content=\"https:\/\/elpuucnoticias.com\/wp-content\/uploads\/2025\/08\/9ad248b9-71c4-431b-a2e7-778ce4997a85.jpg\" \/>\n\t<meta property=\"og:image:width\" content=\"570\" \/>\n\t<meta property=\"og:image:height\" content=\"379\" \/>\n\t<meta property=\"og:image:type\" content=\"image\/jpeg\" \/>\n<meta name=\"twitter:card\" content=\"summary_large_image\" \/>\n<meta name=\"twitter:label1\" content=\"Escrito por\" \/>\n\t<meta name=\"twitter:data1\" content=\"elpuucnoticias\" \/>\n\t<meta name=\"twitter:label2\" content=\"Tiempo de lectura\" \/>\n\t<meta name=\"twitter:data2\" content=\"2 minutos\" \/>\n<script type=\"application\/ld+json\" class=\"yoast-schema-graph\">{\"@context\":\"https:\/\/schema.org\",\"@graph\":[{\"@type\":\"WebSite\",\"@id\":\"https:\/\/elpuucnoticias.com\/#website\",\"url\":\"https:\/\/elpuucnoticias.com\/\",\"name\":\"El Puuc Noticias\",\"description\":\"Noticias - Entretenimiento - Deportes\",\"potentialAction\":[{\"@type\":\"SearchAction\",\"target\":{\"@type\":\"EntryPoint\",\"urlTemplate\":\"https:\/\/elpuucnoticias.com\/?s={search_term_string}\"},\"query-input\":\"required name=search_term_string\"}],\"inLanguage\":\"es\"},{\"@type\":\"ImageObject\",\"@id\":\"https:\/\/elpuucnoticias.com\/?p=20464#primaryimage\",\"inLanguage\":\"es\",\"url\":\"https:\/\/elpuucnoticias.com\/wp-content\/uploads\/2025\/08\/9ad248b9-71c4-431b-a2e7-778ce4997a85.jpg\",\"contentUrl\":\"https:\/\/elpuucnoticias.com\/wp-content\/uploads\/2025\/08\/9ad248b9-71c4-431b-a2e7-778ce4997a85.jpg\",\"width\":570,\"height\":379},{\"@type\":\"WebPage\",\"@id\":\"https:\/\/elpuucnoticias.com\/?p=20464#webpage\",\"url\":\"https:\/\/elpuucnoticias.com\/?p=20464\",\"name\":\"Lactancia materna, derecho fundamental de la primera infancia - El Puuc Noticias\",\"isPartOf\":{\"@id\":\"https:\/\/elpuucnoticias.com\/#website\"},\"primaryImageOfPage\":{\"@id\":\"https:\/\/elpuucnoticias.com\/?p=20464#primaryimage\"},\"datePublished\":\"2025-08-05T17:44:19+00:00\",\"dateModified\":\"2025-08-05T17:44:20+00:00\",\"author\":{\"@id\":\"https:\/\/elpuucnoticias.com\/#\/schema\/person\/d2ea09e4c97f0160b11cdfb1d856bd9e\"},\"breadcrumb\":{\"@id\":\"https:\/\/elpuucnoticias.com\/?p=20464#breadcrumb\"},\"inLanguage\":\"es\",\"potentialAction\":[{\"@type\":\"ReadAction\",\"target\":[\"https:\/\/elpuucnoticias.com\/?p=20464\"]}]},{\"@type\":\"BreadcrumbList\",\"@id\":\"https:\/\/elpuucnoticias.com\/?p=20464#breadcrumb\",\"itemListElement\":[{\"@type\":\"ListItem\",\"position\":1,\"name\":\"Portada\",\"item\":\"https:\/\/elpuucnoticias.com\/\"},{\"@type\":\"ListItem\",\"position\":2,\"name\":\"Lactancia materna, derecho fundamental de la primera infancia\"}]},{\"@type\":\"Person\",\"@id\":\"https:\/\/elpuucnoticias.com\/#\/schema\/person\/d2ea09e4c97f0160b11cdfb1d856bd9e\",\"name\":\"elpuucnoticias\",\"image\":{\"@type\":\"ImageObject\",\"@id\":\"https:\/\/elpuucnoticias.com\/#personlogo\",\"inLanguage\":\"es\",\"url\":\"https:\/\/secure.gravatar.com\/avatar\/5290a43657c74ffa15701dbe5b846bd85cc71930d803c84e91046a7333de6ce2?s=96&d=mm&r=g\",\"contentUrl\":\"https:\/\/secure.gravatar.com\/avatar\/5290a43657c74ffa15701dbe5b846bd85cc71930d803c84e91046a7333de6ce2?s=96&d=mm&r=g\",\"caption\":\"elpuucnoticias\"},\"sameAs\":[\"https:\/\/elpuucnoticias.com\"],\"url\":\"https:\/\/elpuucnoticias.com\/?author=1\"}]}<\/script>\n<!-- \/ Yoast SEO plugin. -->","yoast_head_json":{"title":"Lactancia materna, derecho fundamental de la primera infancia - El Puuc Noticias","robots":{"index":"index","follow":"follow","max-snippet":"max-snippet:-1","max-image-preview":"max-image-preview:large","max-video-preview":"max-video-preview:-1"},"canonical":"https:\/\/elpuucnoticias.com\/?p=20464","og_locale":"es_ES","og_type":"article","og_title":"Lactancia materna, derecho fundamental de la primera infancia - El Puuc Noticias","og_description":"En el marco de la Semana Mundial de la Lactancia Materna 2025, que se conmemora del 1 al","og_url":"https:\/\/elpuucnoticias.com\/?p=20464","og_site_name":"El Puuc Noticias","article_published_time":"2025-08-05T17:44:19+00:00","article_modified_time":"2025-08-05T17:44:20+00:00","og_image":[{"width":570,"height":379,"url":"https:\/\/elpuucnoticias.com\/wp-content\/uploads\/2025\/08\/9ad248b9-71c4-431b-a2e7-778ce4997a85.jpg","type":"image\/jpeg"}],"twitter_card":"summary_large_image","twitter_misc":{"Escrito por":"elpuucnoticias","Tiempo de lectura":"2 minutos"},"schema":{"@context":"https:\/\/schema.org","@graph":[{"@type":"WebSite","@id":"https:\/\/elpuucnoticias.com\/#website","url":"https:\/\/elpuucnoticias.com\/","name":"El Puuc Noticias","description":"Noticias - Entretenimiento - Deportes","potentialAction":[{"@type":"SearchAction","target":{"@type":"EntryPoint","urlTemplate":"https:\/\/elpuucnoticias.com\/?s={search_term_string}"},"query-input":"required name=search_term_string"}],"inLanguage":"es"},{"@type":"ImageObject","@id":"https:\/\/elpuucnoticias.com\/?p=20464#primaryimage","inLanguage":"es","url":"https:\/\/elpuucnoticias.com\/wp-content\/uploads\/2025\/08\/9ad248b9-71c4-431b-a2e7-778ce4997a85.jpg","contentUrl":"https:\/\/elpuucnoticias.com\/wp-content\/uploads\/2025\/08\/9ad248b9-71c4-431b-a2e7-778ce4997a85.jpg","width":570,"height":379},{"@type":"WebPage","@id":"https:\/\/elpuucnoticias.com\/?p=20464#webpage","url":"https:\/\/elpuucnoticias.com\/?p=20464","name":"Lactancia materna, derecho fundamental de la primera infancia - El Puuc Noticias","isPartOf":{"@id":"https:\/\/elpuucnoticias.com\/#website"},"primaryImageOfPage":{"@id":"https:\/\/elpuucnoticias.com\/?p=20464#primaryimage"},"datePublished":"2025-08-05T17:44:19+00:00","dateModified":"2025-08-05T17:44:20+00:00","author":{"@id":"https:\/\/elpuucnoticias.com\/#\/schema\/person\/d2ea09e4c97f0160b11cdfb1d856bd9e"},"breadcrumb":{"@id":"https:\/\/elpuucnoticias.com\/?p=20464#breadcrumb"},"inLanguage":"es","potentialAction":[{"@type":"ReadAction","target":["https:\/\/elpuucnoticias.com\/?p=20464"]}]},{"@type":"BreadcrumbList","@id":"https:\/\/elpuucnoticias.com\/?p=20464#breadcrumb","itemListElement":[{"@type":"ListItem","position":1,"name":"Portada","item":"https:\/\/elpuucnoticias.com\/"},{"@type":"ListItem","position":2,"name":"Lactancia materna, derecho fundamental de la primera infancia"}]},{"@type":"Person","@id":"https:\/\/elpuucnoticias.com\/#\/schema\/person\/d2ea09e4c97f0160b11cdfb1d856bd9e","name":"elpuucnoticias","image":{"@type":"ImageObject","@id":"https:\/\/elpuucnoticias.com\/#personlogo","inLanguage":"es","url":"https:\/\/secure.gravatar.com\/avatar\/5290a43657c74ffa15701dbe5b846bd85cc71930d803c84e91046a7333de6ce2?s=96&d=mm&r=g","contentUrl":"https:\/\/secure.gravatar.com\/avatar\/5290a43657c74ffa15701dbe5b846bd85cc71930d803c84e91046a7333de6ce2?s=96&d=mm&r=g","caption":"elpuucnoticias"},"sameAs":["https:\/\/elpuucnoticias.com"],"url":"https:\/\/elpuucnoticias.com\/?author=1"}]}},"_links":{"self":[{"href":"https:\/\/elpuucnoticias.com\/index.php?rest_route=\/wp\/v2\/posts\/20464","targetHints":{"allow":["GET"]}}],"collection":[{"href":"https:\/\/elpuucnoticias.com\/index.php?rest_route=\/wp\/v2\/posts"}],"about":[{"href":"https:\/\/elpuucnoticias.com\/index.php?rest_route=\/wp\/v2\/types\/post"}],"author":[{"embeddable":true,"href":"https:\/\/elpuucnoticias.com\/index.php?rest_route=\/wp\/v2\/users\/1"}],"replies":[{"embeddable":true,"href":"https:\/\/elpuucnoticias.com\/index.php?rest_route=%2Fwp%2Fv2%2Fcomments&post=20464"}],"version-history":[{"count":1,"href":"https:\/\/elpuucnoticias.com\/index.php?rest_route=\/wp\/v2\/posts\/20464\/revisions"}],"predecessor-version":[{"id":20466,"href":"https:\/\/elpuucnoticias.com\/index.php?rest_route=\/wp\/v2\/posts\/20464\/revisions\/20466"}],"wp:featuredmedia":[{"embeddable":true,"href":"https:\/\/elpuucnoticias.com\/index.php?rest_route=\/wp\/v2\/media\/20465"}],"wp:attachment":[{"href":"https:\/\/elpuucnoticias.com\/index.php?rest_route=%2Fwp%2Fv2%2Fmedia&parent=20464"}],"wp:term":[{"taxonomy":"category","embeddable":true,"href":"https:\/\/elpuucnoticias.com\/index.php?rest_route=%2Fwp%2Fv2%2Fcategories&post=20464"},{"taxonomy":"post_tag","embeddable":true,"href":"https:\/\/elpuucnoticias.com\/index.php?rest_route=%2Fwp%2Fv2%2Ftags&post=20464"}],"curies":[{"name":"wp","href":"https:\/\/api.w.org\/{rel}","templated":true}]}}