{"id":2047,"date":"2022-06-03T13:10:07","date_gmt":"2022-06-03T19:10:07","guid":{"rendered":"https:\/\/elpuucnoticias.com\/?p=2047"},"modified":"2022-06-03T13:10:09","modified_gmt":"2022-06-03T19:10:09","slug":"la-perla-del-sur-con-importantes-avances-en-materia-de-infraestructura-rafael-montalvo-destaca-obras-que-vienen-para-ticul-como-la-segunda-etapa-del-mercado-municipal","status":"publish","type":"post","link":"https:\/\/elpuucnoticias.com\/?p=2047","title":{"rendered":"La Perla del Sur con importantes avances en materia de infraestructura. Rafael Montalvo destaca obras que vienen para Ticul como la segunda etapa del mercado municipal"},"content":{"rendered":"\n<p>A nueve meses del inicio de la segunda administraci\u00f3n de Rafael Montalvo Mata, el Ayuntamiento sigue avanzando en materia de infraestructura, y se informa de un importante avance en trabajos de pavimentaci\u00f3n de calles, la remodelaci\u00f3n del parque principal y la perforaci\u00f3n de pozos.<\/p>\n\n\n\n<p>Si bien, la Comuna ticule\u00f1a se ha visto afectada por los temas de inseguridad, en d\u00edas pasados el alcalde panista anunci\u00f3 la rehabilitaci\u00f3n de las casetas de vigilancia y el incremento de las medidas para la prevenci\u00f3n del delito, aunque tambi\u00e9n invitan a la comunidad a denunciar.<\/p>\n\n\n\n<figure class=\"wp-block-image size-large is-resized\"><img loading=\"lazy\" decoding=\"async\" src=\"https:\/\/elpuucnoticias.com\/wp-content\/uploads\/2022\/05\/bioclinics-1024x254.jpeg\" alt=\"\" class=\"wp-image-1910\" width=\"435\" height=\"108\" srcset=\"https:\/\/elpuucnoticias.com\/wp-content\/uploads\/2022\/05\/bioclinics-1024x254.jpeg 1024w, https:\/\/elpuucnoticias.com\/wp-content\/uploads\/2022\/05\/bioclinics-300x74.jpeg 300w, https:\/\/elpuucnoticias.com\/wp-content\/uploads\/2022\/05\/bioclinics-768x191.jpeg 768w, https:\/\/elpuucnoticias.com\/wp-content\/uploads\/2022\/05\/bioclinics.jpeg 1156w\" sizes=\"auto, (max-width: 435px) 100vw, 435px\" \/><\/figure>\n\n\n\n<p>En materia de infraestructura se informa del avance en los trabajos de atenci\u00f3n de las calles. Los trabajos de rehabilitaci\u00f3n de caminos en la cabecera municipal representan un importante avance a nueve meses del inicio de la administraci\u00f3n.<\/p>\n\n\n\n<figure class=\"wp-block-image size-large\"><img loading=\"lazy\" decoding=\"async\" width=\"1024\" height=\"682\" src=\"https:\/\/elpuucnoticias.com\/wp-content\/uploads\/2022\/06\/mercado-ticul1-1024x682.jpg\" alt=\"\" class=\"wp-image-2050\" srcset=\"https:\/\/elpuucnoticias.com\/wp-content\/uploads\/2022\/06\/mercado-ticul1-1024x682.jpg 1024w, https:\/\/elpuucnoticias.com\/wp-content\/uploads\/2022\/06\/mercado-ticul1-300x200.jpg 300w, https:\/\/elpuucnoticias.com\/wp-content\/uploads\/2022\/06\/mercado-ticul1-768x512.jpg 768w, https:\/\/elpuucnoticias.com\/wp-content\/uploads\/2022\/06\/mercado-ticul1.jpg 1280w\" sizes=\"auto, (max-width: 1024px) 100vw, 1024px\" \/><\/figure>\n\n\n\n<p>Se han atendidos calles principales como la 26, 19, 23, entre otras, as\u00ed como la 35 entre 10 y 12, 35 entre 12 y 14, de la colonia San Sebasti\u00e1n. Se ha informado que se han atendido 45,690 metros cuadrados de vialidades en Ticul y las comisar\u00edas.<\/p>\n\n\n\n<p>En cuanto a la remodelaci\u00f3n del parque principal se inform\u00f3 que debe estar listo antes del inicio de los festejos por el 155 aniversario de Ticul como ciudad. En un recorrido por el lugar se constat\u00f3 el inicio de la colocaci\u00f3n de los nuevos pisos que dar\u00e1n una mejor imagen al Centro.<\/p>\n\n\n\n<figure class=\"wp-block-image size-large is-resized\"><img loading=\"lazy\" decoding=\"async\" src=\"https:\/\/elpuucnoticias.com\/wp-content\/uploads\/2022\/05\/felino-flayer-1024x583.jpg\" alt=\"\" class=\"wp-image-1402\" width=\"360\" height=\"205\" srcset=\"https:\/\/elpuucnoticias.com\/wp-content\/uploads\/2022\/05\/felino-flayer-1024x583.jpg 1024w, https:\/\/elpuucnoticias.com\/wp-content\/uploads\/2022\/05\/felino-flayer-300x171.jpg 300w, https:\/\/elpuucnoticias.com\/wp-content\/uploads\/2022\/05\/felino-flayer-768x437.jpg 768w, https:\/\/elpuucnoticias.com\/wp-content\/uploads\/2022\/05\/felino-flayer.jpg 1237w\" sizes=\"auto, (max-width: 360px) 100vw, 360px\" \/><\/figure>\n\n\n\n<p>Ante el inicio de las lluvias se han intensificado tambi\u00e9n los trabajos para la perforaci\u00f3n de pozos pluviales en el municipio en zonas donde se presentan problemas de inundaciones. De acuerdo con el Ayuntamiento se incluyeron diez nuevos pozos en diferentes ubicaciones.<\/p>\n\n\n\n<p>En esta obra se contemplaron calles como la 16 entre 29 y 31, 18 entre 15 y 17, 17 entre 24 y 26, 14 entre 11 y 13, 24 por 45, 45 por 24-A, adem\u00e1s de varios pozos en las comisar\u00edas de Pustunich y Yothol\u00edn.<\/p>\n\n\n\n<figure class=\"wp-block-image size-large\"><img loading=\"lazy\" decoding=\"async\" width=\"1024\" height=\"576\" src=\"https:\/\/elpuucnoticias.com\/wp-content\/uploads\/2022\/06\/mercado-ticul-2-1024x576.jpg\" alt=\"\" class=\"wp-image-2049\" srcset=\"https:\/\/elpuucnoticias.com\/wp-content\/uploads\/2022\/06\/mercado-ticul-2-1024x576.jpg 1024w, https:\/\/elpuucnoticias.com\/wp-content\/uploads\/2022\/06\/mercado-ticul-2-300x169.jpg 300w, https:\/\/elpuucnoticias.com\/wp-content\/uploads\/2022\/06\/mercado-ticul-2-768x432.jpg 768w, https:\/\/elpuucnoticias.com\/wp-content\/uploads\/2022\/06\/mercado-ticul-2.jpg 1200w\" sizes=\"auto, (max-width: 1024px) 100vw, 1024px\" \/><\/figure>\n\n\n\n<p>De acuerdo con Rafael Montalvo Mata vienen m\u00e1s y mejores obras para que La Perla del Sur sea un punto de referencia importante en el Sur del Estado. \u00abHemos entregado esta semana el d\u00e9cimo primer domo escolar, ya se prepara la segunda etapa del mercado municipal en su parte posterior sobre la calle 21, ya tenemos mejores instalaciones deportivas con la mejora del Complejo Deportivo en el Auditorio Municipal\u00bb.<\/p>\n\n\n\n<p>\u00abVamos a seguir trabajando y escuchando las necesidades de los habitantes. Si bien hay temas que atender, no nos vamos a cansar hasta sacar adelante a Ticul y sus comisar\u00edas\u00bb, refiri\u00f3 el primer edil.\u2014 <em>El Puuc Noticias<\/em> <\/p>\n","protected":false},"excerpt":{"rendered":"<p>A nueve meses del inicio de la segunda administraci\u00f3n de Rafael Montalvo Mata, el Ayuntamiento sigue avanzando en<\/p>\n","protected":false},"author":1,"featured_media":2048,"comment_status":"closed","ping_status":"open","sticky":false,"template":"","format":"standard","meta":{"_monsterinsights_skip_tracking":false,"_monsterinsights_sitenote_active":false,"_monsterinsights_sitenote_note":"","_monsterinsights_sitenote_category":0,"footnotes":""},"categories":[11,13],"tags":[],"class_list":["post-2047","post","type-post","status-publish","format-standard","has-post-thumbnail","hentry","category-noticias","category-ticul"],"yoast_head":"<!-- This site is optimized with the Yoast SEO plugin v18.3 - https:\/\/yoast.com\/wordpress\/plugins\/seo\/ -->\n<title>La Perla del Sur con importantes avances en materia de infraestructura. Rafael Montalvo destaca obras que vienen para Ticul como la segunda etapa del mercado municipal - El Puuc Noticias<\/title>\n<meta name=\"robots\" content=\"index, follow, max-snippet:-1, max-image-preview:large, max-video-preview:-1\" \/>\n<link rel=\"canonical\" href=\"https:\/\/elpuucnoticias.com\/?p=2047\" \/>\n<meta property=\"og:locale\" content=\"es_ES\" \/>\n<meta property=\"og:type\" content=\"article\" \/>\n<meta property=\"og:title\" content=\"La Perla del Sur con importantes avances en materia de infraestructura. Rafael Montalvo destaca obras que vienen para Ticul como la segunda etapa del mercado municipal - El Puuc Noticias\" \/>\n<meta property=\"og:description\" content=\"A nueve meses del inicio de la segunda administraci\u00f3n de Rafael Montalvo Mata, el Ayuntamiento sigue avanzando en\" \/>\n<meta property=\"og:url\" content=\"https:\/\/elpuucnoticias.com\/?p=2047\" \/>\n<meta property=\"og:site_name\" content=\"El Puuc Noticias\" \/>\n<meta property=\"article:published_time\" content=\"2022-06-03T19:10:07+00:00\" \/>\n<meta property=\"article:modified_time\" content=\"2022-06-03T19:10:09+00:00\" \/>\n<meta property=\"og:image\" content=\"https:\/\/elpuucnoticias.com\/wp-content\/uploads\/2022\/06\/mercado-ticulenos.jpeg\" \/>\n\t<meta property=\"og:image:width\" content=\"2500\" \/>\n\t<meta property=\"og:image:height\" content=\"1824\" \/>\n\t<meta property=\"og:image:type\" content=\"image\/jpeg\" \/>\n<meta name=\"twitter:card\" content=\"summary_large_image\" \/>\n<meta name=\"twitter:label1\" content=\"Escrito por\" \/>\n\t<meta name=\"twitter:data1\" content=\"elpuucnoticias\" \/>\n\t<meta name=\"twitter:label2\" content=\"Tiempo de lectura\" \/>\n\t<meta name=\"twitter:data2\" content=\"3 minutos\" \/>\n<script type=\"application\/ld+json\" class=\"yoast-schema-graph\">{\"@context\":\"https:\/\/schema.org\",\"@graph\":[{\"@type\":\"WebSite\",\"@id\":\"https:\/\/elpuucnoticias.com\/#website\",\"url\":\"https:\/\/elpuucnoticias.com\/\",\"name\":\"El Puuc Noticias\",\"description\":\"Noticias - Entretenimiento - Deportes\",\"potentialAction\":[{\"@type\":\"SearchAction\",\"target\":{\"@type\":\"EntryPoint\",\"urlTemplate\":\"https:\/\/elpuucnoticias.com\/?s={search_term_string}\"},\"query-input\":\"required name=search_term_string\"}],\"inLanguage\":\"es\"},{\"@type\":\"ImageObject\",\"@id\":\"https:\/\/elpuucnoticias.com\/?p=2047#primaryimage\",\"inLanguage\":\"es\",\"url\":\"https:\/\/elpuucnoticias.com\/wp-content\/uploads\/2022\/06\/mercado-ticulenos.jpeg\",\"contentUrl\":\"https:\/\/elpuucnoticias.com\/wp-content\/uploads\/2022\/06\/mercado-ticulenos.jpeg\",\"width\":2500,\"height\":1824},{\"@type\":\"WebPage\",\"@id\":\"https:\/\/elpuucnoticias.com\/?p=2047#webpage\",\"url\":\"https:\/\/elpuucnoticias.com\/?p=2047\",\"name\":\"La Perla del Sur con importantes avances en materia de infraestructura. Rafael Montalvo destaca obras que vienen para Ticul como la segunda etapa del mercado municipal - El Puuc Noticias\",\"isPartOf\":{\"@id\":\"https:\/\/elpuucnoticias.com\/#website\"},\"primaryImageOfPage\":{\"@id\":\"https:\/\/elpuucnoticias.com\/?p=2047#primaryimage\"},\"datePublished\":\"2022-06-03T19:10:07+00:00\",\"dateModified\":\"2022-06-03T19:10:09+00:00\",\"author\":{\"@id\":\"https:\/\/elpuucnoticias.com\/#\/schema\/person\/d2ea09e4c97f0160b11cdfb1d856bd9e\"},\"breadcrumb\":{\"@id\":\"https:\/\/elpuucnoticias.com\/?p=2047#breadcrumb\"},\"inLanguage\":\"es\",\"potentialAction\":[{\"@type\":\"ReadAction\",\"target\":[\"https:\/\/elpuucnoticias.com\/?p=2047\"]}]},{\"@type\":\"BreadcrumbList\",\"@id\":\"https:\/\/elpuucnoticias.com\/?p=2047#breadcrumb\",\"itemListElement\":[{\"@type\":\"ListItem\",\"position\":1,\"name\":\"Portada\",\"item\":\"https:\/\/elpuucnoticias.com\/\"},{\"@type\":\"ListItem\",\"position\":2,\"name\":\"La Perla del Sur con importantes avances en materia de infraestructura. Rafael Montalvo destaca obras que vienen para Ticul como la segunda etapa del mercado municipal\"}]},{\"@type\":\"Person\",\"@id\":\"https:\/\/elpuucnoticias.com\/#\/schema\/person\/d2ea09e4c97f0160b11cdfb1d856bd9e\",\"name\":\"elpuucnoticias\",\"image\":{\"@type\":\"ImageObject\",\"@id\":\"https:\/\/elpuucnoticias.com\/#personlogo\",\"inLanguage\":\"es\",\"url\":\"https:\/\/secure.gravatar.com\/avatar\/5290a43657c74ffa15701dbe5b846bd85cc71930d803c84e91046a7333de6ce2?s=96&d=mm&r=g\",\"contentUrl\":\"https:\/\/secure.gravatar.com\/avatar\/5290a43657c74ffa15701dbe5b846bd85cc71930d803c84e91046a7333de6ce2?s=96&d=mm&r=g\",\"caption\":\"elpuucnoticias\"},\"sameAs\":[\"https:\/\/elpuucnoticias.com\"],\"url\":\"https:\/\/elpuucnoticias.com\/?author=1\"}]}<\/script>\n<!-- \/ Yoast SEO plugin. -->","yoast_head_json":{"title":"La Perla del Sur con importantes avances en materia de infraestructura. Rafael Montalvo destaca obras que vienen para Ticul como la segunda etapa del mercado municipal - El Puuc Noticias","robots":{"index":"index","follow":"follow","max-snippet":"max-snippet:-1","max-image-preview":"max-image-preview:large","max-video-preview":"max-video-preview:-1"},"canonical":"https:\/\/elpuucnoticias.com\/?p=2047","og_locale":"es_ES","og_type":"article","og_title":"La Perla del Sur con importantes avances en materia de infraestructura. Rafael Montalvo destaca obras que vienen para Ticul como la segunda etapa del mercado municipal - El Puuc Noticias","og_description":"A nueve meses del inicio de la segunda administraci\u00f3n de Rafael Montalvo Mata, el Ayuntamiento sigue avanzando en","og_url":"https:\/\/elpuucnoticias.com\/?p=2047","og_site_name":"El Puuc Noticias","article_published_time":"2022-06-03T19:10:07+00:00","article_modified_time":"2022-06-03T19:10:09+00:00","og_image":[{"width":2500,"height":1824,"url":"https:\/\/elpuucnoticias.com\/wp-content\/uploads\/2022\/06\/mercado-ticulenos.jpeg","type":"image\/jpeg"}],"twitter_card":"summary_large_image","twitter_misc":{"Escrito por":"elpuucnoticias","Tiempo de lectura":"3 minutos"},"schema":{"@context":"https:\/\/schema.org","@graph":[{"@type":"WebSite","@id":"https:\/\/elpuucnoticias.com\/#website","url":"https:\/\/elpuucnoticias.com\/","name":"El Puuc Noticias","description":"Noticias - Entretenimiento - Deportes","potentialAction":[{"@type":"SearchAction","target":{"@type":"EntryPoint","urlTemplate":"https:\/\/elpuucnoticias.com\/?s={search_term_string}"},"query-input":"required name=search_term_string"}],"inLanguage":"es"},{"@type":"ImageObject","@id":"https:\/\/elpuucnoticias.com\/?p=2047#primaryimage","inLanguage":"es","url":"https:\/\/elpuucnoticias.com\/wp-content\/uploads\/2022\/06\/mercado-ticulenos.jpeg","contentUrl":"https:\/\/elpuucnoticias.com\/wp-content\/uploads\/2022\/06\/mercado-ticulenos.jpeg","width":2500,"height":1824},{"@type":"WebPage","@id":"https:\/\/elpuucnoticias.com\/?p=2047#webpage","url":"https:\/\/elpuucnoticias.com\/?p=2047","name":"La Perla del Sur con importantes avances en materia de infraestructura. Rafael Montalvo destaca obras que vienen para Ticul como la segunda etapa del mercado municipal - El Puuc Noticias","isPartOf":{"@id":"https:\/\/elpuucnoticias.com\/#website"},"primaryImageOfPage":{"@id":"https:\/\/elpuucnoticias.com\/?p=2047#primaryimage"},"datePublished":"2022-06-03T19:10:07+00:00","dateModified":"2022-06-03T19:10:09+00:00","author":{"@id":"https:\/\/elpuucnoticias.com\/#\/schema\/person\/d2ea09e4c97f0160b11cdfb1d856bd9e"},"breadcrumb":{"@id":"https:\/\/elpuucnoticias.com\/?p=2047#breadcrumb"},"inLanguage":"es","potentialAction":[{"@type":"ReadAction","target":["https:\/\/elpuucnoticias.com\/?p=2047"]}]},{"@type":"BreadcrumbList","@id":"https:\/\/elpuucnoticias.com\/?p=2047#breadcrumb","itemListElement":[{"@type":"ListItem","position":1,"name":"Portada","item":"https:\/\/elpuucnoticias.com\/"},{"@type":"ListItem","position":2,"name":"La Perla del Sur con importantes avances en materia de infraestructura. Rafael Montalvo destaca obras que vienen para Ticul como la segunda etapa del mercado municipal"}]},{"@type":"Person","@id":"https:\/\/elpuucnoticias.com\/#\/schema\/person\/d2ea09e4c97f0160b11cdfb1d856bd9e","name":"elpuucnoticias","image":{"@type":"ImageObject","@id":"https:\/\/elpuucnoticias.com\/#personlogo","inLanguage":"es","url":"https:\/\/secure.gravatar.com\/avatar\/5290a43657c74ffa15701dbe5b846bd85cc71930d803c84e91046a7333de6ce2?s=96&d=mm&r=g","contentUrl":"https:\/\/secure.gravatar.com\/avatar\/5290a43657c74ffa15701dbe5b846bd85cc71930d803c84e91046a7333de6ce2?s=96&d=mm&r=g","caption":"elpuucnoticias"},"sameAs":["https:\/\/elpuucnoticias.com"],"url":"https:\/\/elpuucnoticias.com\/?author=1"}]}},"_links":{"self":[{"href":"https:\/\/elpuucnoticias.com\/index.php?rest_route=\/wp\/v2\/posts\/2047","targetHints":{"allow":["GET"]}}],"collection":[{"href":"https:\/\/elpuucnoticias.com\/index.php?rest_route=\/wp\/v2\/posts"}],"about":[{"href":"https:\/\/elpuucnoticias.com\/index.php?rest_route=\/wp\/v2\/types\/post"}],"author":[{"embeddable":true,"href":"https:\/\/elpuucnoticias.com\/index.php?rest_route=\/wp\/v2\/users\/1"}],"replies":[{"embeddable":true,"href":"https:\/\/elpuucnoticias.com\/index.php?rest_route=%2Fwp%2Fv2%2Fcomments&post=2047"}],"version-history":[{"count":1,"href":"https:\/\/elpuucnoticias.com\/index.php?rest_route=\/wp\/v2\/posts\/2047\/revisions"}],"predecessor-version":[{"id":2051,"href":"https:\/\/elpuucnoticias.com\/index.php?rest_route=\/wp\/v2\/posts\/2047\/revisions\/2051"}],"wp:featuredmedia":[{"embeddable":true,"href":"https:\/\/elpuucnoticias.com\/index.php?rest_route=\/wp\/v2\/media\/2048"}],"wp:attachment":[{"href":"https:\/\/elpuucnoticias.com\/index.php?rest_route=%2Fwp%2Fv2%2Fmedia&parent=2047"}],"wp:term":[{"taxonomy":"category","embeddable":true,"href":"https:\/\/elpuucnoticias.com\/index.php?rest_route=%2Fwp%2Fv2%2Fcategories&post=2047"},{"taxonomy":"post_tag","embeddable":true,"href":"https:\/\/elpuucnoticias.com\/index.php?rest_route=%2Fwp%2Fv2%2Ftags&post=2047"}],"curies":[{"name":"wp","href":"https:\/\/api.w.org\/{rel}","templated":true}]}}