{"id":20477,"date":"2025-08-05T12:01:03","date_gmt":"2025-08-05T18:01:03","guid":{"rendered":"https:\/\/elpuucnoticias.com\/?p=20477"},"modified":"2025-08-05T12:01:04","modified_gmt":"2025-08-05T18:01:04","slug":"brillante-participacion-de-quintana-roo-en-el-campeonato-nacional-de-atletismo-master","status":"publish","type":"post","link":"https:\/\/elpuucnoticias.com\/?p=20477","title":{"rendered":"Brillante participaci\u00f3n de Quintana Roo en el Campeonato Nacional de Atletismo M\u00e1ster"},"content":{"rendered":"\n<p>Una selecci\u00f3n de Quintana Roo tuvo una destacada participaci\u00f3n en el Campeonato Nacional de Atletismo M\u00e1ster 2025, que se celebr\u00f3 en el estado de San Luis Potos\u00ed, y donde al final conquistaron un total de 12 medallas, de las cuales fueron seis de oro, cuatro de plata y dos de bronce.<\/p>\n\n\n\n<p>A trav\u00e9s de la Comisi\u00f3n del Deporte de Quintana Roo, presidida por Jacobo Arzate Hop, se respalda y apoya a las y los atletas para que cumplan sus objetivos, tal como se estipula en el Nuevo Acuerdo por el Bienestar y Desarrollo, que impulsa la gobernadora Mara Lezama Espinosa.<\/p>\n\n\n\n<figure class=\"wp-block-image is-style-default\"><a href=\"https:\/\/cgc.qroo.gob.mx\/cjg\/wp-content\/uploads\/2025\/08\/IMG-20250802-WA0025.jpg\"><img decoding=\"async\" src=\"https:\/\/cgc.qroo.gob.mx\/cjg\/wp-content\/uploads\/2025\/08\/IMG-20250802-WA0025-585x329.jpg\" alt=\"\" title=\"IMG-20250802-WA0025\"\/><\/a><\/figure>\n\n\n\n<p>El emblem\u00e1tico Estadio \u201cPlan de San Luis\u201d fue el escenario en el que se vivieron emocionantes jornadas, con grandes episodios deportivos en este evento, que reuni\u00f3 a lo mejor del atletismo m\u00e1ster de todo el pa\u00eds.<\/p>\n\n\n\n<figure class=\"wp-block-image is-style-default\"><a href=\"https:\/\/cgc.qroo.gob.mx\/cjg\/wp-content\/uploads\/2025\/08\/IMG-20250802-WA0029.jpg\"><img decoding=\"async\" src=\"https:\/\/cgc.qroo.gob.mx\/cjg\/wp-content\/uploads\/2025\/08\/IMG-20250802-WA0029-585x967.jpg\" alt=\"\" title=\"IMG-20250802-WA0029\"\/><\/a><\/figure>\n\n\n\n<p>En cuanto a los resultados, el representativo estatal inici\u00f3 su cosecha de metales por conducto de Pablo Villamonte S\u00e1nchez, quien particip\u00f3 en la categor\u00eda 30-34 a\u00f1os y conquist\u00f3 medalla de oro en salto de altura, as\u00ed como plata en lanzamiento de jabalina, plata en salto de longitud y plata en salto triple.<\/p>\n\n\n\n<figure class=\"wp-block-image is-style-default\"><a href=\"https:\/\/cgc.qroo.gob.mx\/cjg\/wp-content\/uploads\/2025\/08\/IMG-20250802-WA0026.jpg\"><img decoding=\"async\" src=\"https:\/\/cgc.qroo.gob.mx\/cjg\/wp-content\/uploads\/2025\/08\/IMG-20250802-WA0026-585x389.jpg\" alt=\"\" title=\"IMG-20250802-WA0026\"\/><\/a><\/figure>\n\n\n\n<p>Jessica Villalobos Dorado se colg\u00f3 dos medallas de oro, la primera en los 80 metros con vallas y la segunda en lanzamiento de jabalina, as\u00ed como una plata en salto de longitud, esto en la categor\u00eda 40-44 a\u00f1os.<\/p>\n\n\n\n<figure class=\"wp-block-image is-style-default\"><a href=\"https:\/\/cgc.qroo.gob.mx\/cjg\/wp-content\/uploads\/2025\/08\/IMG-20250802-WA0027.jpg\"><img decoding=\"async\" src=\"https:\/\/cgc.qroo.gob.mx\/cjg\/wp-content\/uploads\/2025\/08\/IMG-20250802-WA0027-585x1040.jpg\" alt=\"\" title=\"IMG-20250802-WA0027\"\/><\/a><\/figure>\n\n\n\n<p>Por su parte, Salvador Hidalgo Arellano, tambi\u00e9n en la categor\u00eda 40-44, se alz\u00f3 con la medalla de oro en los 110 metros con vallas, adem\u00e1s de un cuarto lugar en los 100 metros planos.<\/p>\n\n\n\n<p>Wilson Chan Ram\u00edrez subi\u00f3 a lo m\u00e1s alto del podio para recibir la medalla de oro en la prueba de salto triple, as\u00ed como un bronce en salto de longitud, dentro de la categor\u00eda 60-64 a\u00f1os.<\/p>\n\n\n\n<figure class=\"wp-block-image is-style-default\"><a href=\"https:\/\/cgc.qroo.gob.mx\/cjg\/wp-content\/uploads\/2025\/08\/IMG-20250802-WA0028.jpg\"><img decoding=\"async\" src=\"https:\/\/cgc.qroo.gob.mx\/cjg\/wp-content\/uploads\/2025\/08\/IMG-20250802-WA0028-585x390.jpg\" alt=\"\" title=\"IMG-20250802-WA0028\"\/><\/a><\/figure>\n\n\n\n<p>La \u00faltima medalla de oro para el estado la consigui\u00f3 Mauricio Ar\u00edstides Camargo Espinosa, en la prueba de 400 metros con vallas, y sell\u00f3 su participaci\u00f3n con una de bronce en los 800 metros planos.<\/p>\n\n\n\n<p>Otro atleta que tambi\u00e9n hizo una buena competencia fue Luis Torres Flota, quien logr\u00f3 dos cuartos lugares en la categor\u00eda 35-39 a\u00f1os.<\/p>\n","protected":false},"excerpt":{"rendered":"<p>Una selecci\u00f3n de Quintana Roo tuvo una destacada participaci\u00f3n en el Campeonato Nacional de Atletismo M\u00e1ster 2025, que<\/p>\n","protected":false},"author":1,"featured_media":20478,"comment_status":"closed","ping_status":"open","sticky":false,"template":"","format":"standard","meta":{"_monsterinsights_skip_tracking":false,"_monsterinsights_sitenote_active":false,"_monsterinsights_sitenote_note":"","_monsterinsights_sitenote_category":0,"footnotes":""},"categories":[11,24],"tags":[],"class_list":["post-20477","post","type-post","status-publish","format-standard","has-post-thumbnail","hentry","category-noticias","category-quintana-roo"],"yoast_head":"<!-- This site is optimized with the Yoast SEO plugin v18.3 - https:\/\/yoast.com\/wordpress\/plugins\/seo\/ -->\n<title>Brillante participaci\u00f3n de Quintana Roo en el Campeonato Nacional de Atletismo M\u00e1ster - El Puuc Noticias<\/title>\n<meta name=\"robots\" content=\"index, follow, max-snippet:-1, max-image-preview:large, max-video-preview:-1\" \/>\n<link rel=\"canonical\" href=\"https:\/\/elpuucnoticias.com\/?p=20477\" \/>\n<meta property=\"og:locale\" content=\"es_ES\" \/>\n<meta property=\"og:type\" content=\"article\" \/>\n<meta property=\"og:title\" content=\"Brillante participaci\u00f3n de Quintana Roo en el Campeonato Nacional de Atletismo M\u00e1ster - El Puuc Noticias\" \/>\n<meta property=\"og:description\" content=\"Una selecci\u00f3n de Quintana Roo tuvo una destacada participaci\u00f3n en el Campeonato Nacional de Atletismo M\u00e1ster 2025, que\" \/>\n<meta property=\"og:url\" content=\"https:\/\/elpuucnoticias.com\/?p=20477\" \/>\n<meta property=\"og:site_name\" content=\"El Puuc Noticias\" \/>\n<meta property=\"article:published_time\" content=\"2025-08-05T18:01:03+00:00\" \/>\n<meta property=\"article:modified_time\" content=\"2025-08-05T18:01:04+00:00\" \/>\n<meta property=\"og:image\" content=\"https:\/\/elpuucnoticias.com\/wp-content\/uploads\/2025\/08\/img-20250802-wa0030.jpg\" \/>\n\t<meta property=\"og:image:width\" content=\"1600\" \/>\n\t<meta property=\"og:image:height\" content=\"1200\" \/>\n\t<meta property=\"og:image:type\" content=\"image\/jpeg\" \/>\n<meta name=\"twitter:card\" content=\"summary_large_image\" \/>\n<meta name=\"twitter:label1\" content=\"Escrito por\" \/>\n\t<meta name=\"twitter:data1\" content=\"elpuucnoticias\" \/>\n\t<meta name=\"twitter:label2\" content=\"Tiempo de lectura\" \/>\n\t<meta name=\"twitter:data2\" content=\"2 minutos\" \/>\n<script type=\"application\/ld+json\" class=\"yoast-schema-graph\">{\"@context\":\"https:\/\/schema.org\",\"@graph\":[{\"@type\":\"WebSite\",\"@id\":\"https:\/\/elpuucnoticias.com\/#website\",\"url\":\"https:\/\/elpuucnoticias.com\/\",\"name\":\"El Puuc Noticias\",\"description\":\"Noticias - Entretenimiento - Deportes\",\"potentialAction\":[{\"@type\":\"SearchAction\",\"target\":{\"@type\":\"EntryPoint\",\"urlTemplate\":\"https:\/\/elpuucnoticias.com\/?s={search_term_string}\"},\"query-input\":\"required name=search_term_string\"}],\"inLanguage\":\"es\"},{\"@type\":\"ImageObject\",\"@id\":\"https:\/\/elpuucnoticias.com\/?p=20477#primaryimage\",\"inLanguage\":\"es\",\"url\":\"https:\/\/elpuucnoticias.com\/wp-content\/uploads\/2025\/08\/img-20250802-wa0030.jpg\",\"contentUrl\":\"https:\/\/elpuucnoticias.com\/wp-content\/uploads\/2025\/08\/img-20250802-wa0030.jpg\",\"width\":1600,\"height\":1200},{\"@type\":\"WebPage\",\"@id\":\"https:\/\/elpuucnoticias.com\/?p=20477#webpage\",\"url\":\"https:\/\/elpuucnoticias.com\/?p=20477\",\"name\":\"Brillante participaci\u00f3n de Quintana Roo en el Campeonato Nacional de Atletismo M\u00e1ster - El Puuc Noticias\",\"isPartOf\":{\"@id\":\"https:\/\/elpuucnoticias.com\/#website\"},\"primaryImageOfPage\":{\"@id\":\"https:\/\/elpuucnoticias.com\/?p=20477#primaryimage\"},\"datePublished\":\"2025-08-05T18:01:03+00:00\",\"dateModified\":\"2025-08-05T18:01:04+00:00\",\"author\":{\"@id\":\"https:\/\/elpuucnoticias.com\/#\/schema\/person\/d2ea09e4c97f0160b11cdfb1d856bd9e\"},\"breadcrumb\":{\"@id\":\"https:\/\/elpuucnoticias.com\/?p=20477#breadcrumb\"},\"inLanguage\":\"es\",\"potentialAction\":[{\"@type\":\"ReadAction\",\"target\":[\"https:\/\/elpuucnoticias.com\/?p=20477\"]}]},{\"@type\":\"BreadcrumbList\",\"@id\":\"https:\/\/elpuucnoticias.com\/?p=20477#breadcrumb\",\"itemListElement\":[{\"@type\":\"ListItem\",\"position\":1,\"name\":\"Portada\",\"item\":\"https:\/\/elpuucnoticias.com\/\"},{\"@type\":\"ListItem\",\"position\":2,\"name\":\"Brillante participaci\u00f3n de Quintana Roo en el Campeonato Nacional de Atletismo M\u00e1ster\"}]},{\"@type\":\"Person\",\"@id\":\"https:\/\/elpuucnoticias.com\/#\/schema\/person\/d2ea09e4c97f0160b11cdfb1d856bd9e\",\"name\":\"elpuucnoticias\",\"image\":{\"@type\":\"ImageObject\",\"@id\":\"https:\/\/elpuucnoticias.com\/#personlogo\",\"inLanguage\":\"es\",\"url\":\"https:\/\/secure.gravatar.com\/avatar\/5290a43657c74ffa15701dbe5b846bd85cc71930d803c84e91046a7333de6ce2?s=96&d=mm&r=g\",\"contentUrl\":\"https:\/\/secure.gravatar.com\/avatar\/5290a43657c74ffa15701dbe5b846bd85cc71930d803c84e91046a7333de6ce2?s=96&d=mm&r=g\",\"caption\":\"elpuucnoticias\"},\"sameAs\":[\"https:\/\/elpuucnoticias.com\"],\"url\":\"https:\/\/elpuucnoticias.com\/?author=1\"}]}<\/script>\n<!-- \/ Yoast SEO plugin. -->","yoast_head_json":{"title":"Brillante participaci\u00f3n de Quintana Roo en el Campeonato Nacional de Atletismo M\u00e1ster - El Puuc Noticias","robots":{"index":"index","follow":"follow","max-snippet":"max-snippet:-1","max-image-preview":"max-image-preview:large","max-video-preview":"max-video-preview:-1"},"canonical":"https:\/\/elpuucnoticias.com\/?p=20477","og_locale":"es_ES","og_type":"article","og_title":"Brillante participaci\u00f3n de Quintana Roo en el Campeonato Nacional de Atletismo M\u00e1ster - El Puuc Noticias","og_description":"Una selecci\u00f3n de Quintana Roo tuvo una destacada participaci\u00f3n en el Campeonato Nacional de Atletismo M\u00e1ster 2025, que","og_url":"https:\/\/elpuucnoticias.com\/?p=20477","og_site_name":"El Puuc Noticias","article_published_time":"2025-08-05T18:01:03+00:00","article_modified_time":"2025-08-05T18:01:04+00:00","og_image":[{"width":1600,"height":1200,"url":"https:\/\/elpuucnoticias.com\/wp-content\/uploads\/2025\/08\/img-20250802-wa0030.jpg","type":"image\/jpeg"}],"twitter_card":"summary_large_image","twitter_misc":{"Escrito por":"elpuucnoticias","Tiempo de lectura":"2 minutos"},"schema":{"@context":"https:\/\/schema.org","@graph":[{"@type":"WebSite","@id":"https:\/\/elpuucnoticias.com\/#website","url":"https:\/\/elpuucnoticias.com\/","name":"El Puuc Noticias","description":"Noticias - Entretenimiento - Deportes","potentialAction":[{"@type":"SearchAction","target":{"@type":"EntryPoint","urlTemplate":"https:\/\/elpuucnoticias.com\/?s={search_term_string}"},"query-input":"required name=search_term_string"}],"inLanguage":"es"},{"@type":"ImageObject","@id":"https:\/\/elpuucnoticias.com\/?p=20477#primaryimage","inLanguage":"es","url":"https:\/\/elpuucnoticias.com\/wp-content\/uploads\/2025\/08\/img-20250802-wa0030.jpg","contentUrl":"https:\/\/elpuucnoticias.com\/wp-content\/uploads\/2025\/08\/img-20250802-wa0030.jpg","width":1600,"height":1200},{"@type":"WebPage","@id":"https:\/\/elpuucnoticias.com\/?p=20477#webpage","url":"https:\/\/elpuucnoticias.com\/?p=20477","name":"Brillante participaci\u00f3n de Quintana Roo en el Campeonato Nacional de Atletismo M\u00e1ster - El Puuc Noticias","isPartOf":{"@id":"https:\/\/elpuucnoticias.com\/#website"},"primaryImageOfPage":{"@id":"https:\/\/elpuucnoticias.com\/?p=20477#primaryimage"},"datePublished":"2025-08-05T18:01:03+00:00","dateModified":"2025-08-05T18:01:04+00:00","author":{"@id":"https:\/\/elpuucnoticias.com\/#\/schema\/person\/d2ea09e4c97f0160b11cdfb1d856bd9e"},"breadcrumb":{"@id":"https:\/\/elpuucnoticias.com\/?p=20477#breadcrumb"},"inLanguage":"es","potentialAction":[{"@type":"ReadAction","target":["https:\/\/elpuucnoticias.com\/?p=20477"]}]},{"@type":"BreadcrumbList","@id":"https:\/\/elpuucnoticias.com\/?p=20477#breadcrumb","itemListElement":[{"@type":"ListItem","position":1,"name":"Portada","item":"https:\/\/elpuucnoticias.com\/"},{"@type":"ListItem","position":2,"name":"Brillante participaci\u00f3n de Quintana Roo en el Campeonato Nacional de Atletismo M\u00e1ster"}]},{"@type":"Person","@id":"https:\/\/elpuucnoticias.com\/#\/schema\/person\/d2ea09e4c97f0160b11cdfb1d856bd9e","name":"elpuucnoticias","image":{"@type":"ImageObject","@id":"https:\/\/elpuucnoticias.com\/#personlogo","inLanguage":"es","url":"https:\/\/secure.gravatar.com\/avatar\/5290a43657c74ffa15701dbe5b846bd85cc71930d803c84e91046a7333de6ce2?s=96&d=mm&r=g","contentUrl":"https:\/\/secure.gravatar.com\/avatar\/5290a43657c74ffa15701dbe5b846bd85cc71930d803c84e91046a7333de6ce2?s=96&d=mm&r=g","caption":"elpuucnoticias"},"sameAs":["https:\/\/elpuucnoticias.com"],"url":"https:\/\/elpuucnoticias.com\/?author=1"}]}},"_links":{"self":[{"href":"https:\/\/elpuucnoticias.com\/index.php?rest_route=\/wp\/v2\/posts\/20477","targetHints":{"allow":["GET"]}}],"collection":[{"href":"https:\/\/elpuucnoticias.com\/index.php?rest_route=\/wp\/v2\/posts"}],"about":[{"href":"https:\/\/elpuucnoticias.com\/index.php?rest_route=\/wp\/v2\/types\/post"}],"author":[{"embeddable":true,"href":"https:\/\/elpuucnoticias.com\/index.php?rest_route=\/wp\/v2\/users\/1"}],"replies":[{"embeddable":true,"href":"https:\/\/elpuucnoticias.com\/index.php?rest_route=%2Fwp%2Fv2%2Fcomments&post=20477"}],"version-history":[{"count":1,"href":"https:\/\/elpuucnoticias.com\/index.php?rest_route=\/wp\/v2\/posts\/20477\/revisions"}],"predecessor-version":[{"id":20479,"href":"https:\/\/elpuucnoticias.com\/index.php?rest_route=\/wp\/v2\/posts\/20477\/revisions\/20479"}],"wp:featuredmedia":[{"embeddable":true,"href":"https:\/\/elpuucnoticias.com\/index.php?rest_route=\/wp\/v2\/media\/20478"}],"wp:attachment":[{"href":"https:\/\/elpuucnoticias.com\/index.php?rest_route=%2Fwp%2Fv2%2Fmedia&parent=20477"}],"wp:term":[{"taxonomy":"category","embeddable":true,"href":"https:\/\/elpuucnoticias.com\/index.php?rest_route=%2Fwp%2Fv2%2Fcategories&post=20477"},{"taxonomy":"post_tag","embeddable":true,"href":"https:\/\/elpuucnoticias.com\/index.php?rest_route=%2Fwp%2Fv2%2Ftags&post=20477"}],"curies":[{"name":"wp","href":"https:\/\/api.w.org\/{rel}","templated":true}]}}