{"id":20486,"date":"2025-08-05T12:18:31","date_gmt":"2025-08-05T18:18:31","guid":{"rendered":"https:\/\/elpuucnoticias.com\/?p=20486"},"modified":"2025-08-05T12:18:32","modified_gmt":"2025-08-05T18:18:32","slug":"la-secretaria-de-infraestructura-comunicaciones-y-transportes-y-el-gobierno-de-cdmx-trabajan-coordinadamente-en-planeacion-de-linea-4-de-cablebus-en-beneficio-de-298-mil-habitantes","status":"publish","type":"post","link":"https:\/\/elpuucnoticias.com\/?p=20486","title":{"rendered":"La Secretar\u00eda de Infraestructura, Comunicaciones y Transportes y el Gobierno de CDMX trabajan coordinadamente en planeaci\u00f3n de l\u00ednea 4 de cableb\u00fas en beneficio de 298 mil habitantes"},"content":{"rendered":"\n<p>Este innovador sistema de transporte contar\u00e1 con 8 estaciones y permitir\u00e1 a los usuarios ahorros de tiempo de viaje de 33 por ciento<\/p>\n\n\n\n<figure class=\"wp-block-gallery has-nested-images columns-default is-cropped wp-block-gallery-1 is-layout-flex wp-block-gallery-is-layout-flex\">\n<figure class=\"wp-block-image size-large is-style-default\"><img loading=\"lazy\" decoding=\"async\" width=\"1024\" height=\"562\" data-id=\"20488\" src=\"https:\/\/elpuucnoticias.com\/wp-content\/uploads\/2025\/08\/whatsapp-image-2025-08-05-at-11.30.57-am-1-1024x562.jpeg\" alt=\"\" class=\"wp-image-20488\" srcset=\"https:\/\/elpuucnoticias.com\/wp-content\/uploads\/2025\/08\/whatsapp-image-2025-08-05-at-11.30.57-am-1-1024x562.jpeg 1024w, https:\/\/elpuucnoticias.com\/wp-content\/uploads\/2025\/08\/whatsapp-image-2025-08-05-at-11.30.57-am-1-300x165.jpeg 300w, https:\/\/elpuucnoticias.com\/wp-content\/uploads\/2025\/08\/whatsapp-image-2025-08-05-at-11.30.57-am-1-768x422.jpeg 768w, https:\/\/elpuucnoticias.com\/wp-content\/uploads\/2025\/08\/whatsapp-image-2025-08-05-at-11.30.57-am-1-320x176.jpeg 320w, https:\/\/elpuucnoticias.com\/wp-content\/uploads\/2025\/08\/whatsapp-image-2025-08-05-at-11.30.57-am-1.jpeg 1280w\" sizes=\"auto, (max-width: 1024px) 100vw, 1024px\" \/><\/figure>\n\n\n\n<figure class=\"wp-block-image size-large is-style-default\"><img loading=\"lazy\" decoding=\"async\" width=\"1024\" height=\"565\" data-id=\"20487\" src=\"https:\/\/elpuucnoticias.com\/wp-content\/uploads\/2025\/08\/whatsapp-image-2025-08-05-at-11.30.57-am-1024x565.jpeg\" alt=\"\" class=\"wp-image-20487\" srcset=\"https:\/\/elpuucnoticias.com\/wp-content\/uploads\/2025\/08\/whatsapp-image-2025-08-05-at-11.30.57-am-1024x565.jpeg 1024w, https:\/\/elpuucnoticias.com\/wp-content\/uploads\/2025\/08\/whatsapp-image-2025-08-05-at-11.30.57-am-300x165.jpeg 300w, https:\/\/elpuucnoticias.com\/wp-content\/uploads\/2025\/08\/whatsapp-image-2025-08-05-at-11.30.57-am-768x424.jpeg 768w, https:\/\/elpuucnoticias.com\/wp-content\/uploads\/2025\/08\/whatsapp-image-2025-08-05-at-11.30.57-am-320x177.jpeg 320w, https:\/\/elpuucnoticias.com\/wp-content\/uploads\/2025\/08\/whatsapp-image-2025-08-05-at-11.30.57-am.jpeg 1280w\" sizes=\"auto, (max-width: 1024px) 100vw, 1024px\" \/><\/figure>\n<\/figure>\n\n\n\n<p>Su construcci\u00f3n se efectuar\u00e1 en dos a\u00f1os, con una inversi\u00f3n de 4 mil 754 mdp; contar\u00e1 con alrededor de 393 cabinas<\/p>\n\n\n\n<p>La Secretar\u00eda de Infraestructura, Comunicaciones y Transportes (SICT) a cargo de Jes\u00fas Esteva Medina, trabaja de manera coordinada con el Gobierno de la Ciudad de M\u00e9xico en la planeaci\u00f3n e implementaci\u00f3n del proyecto Cableb\u00fas L\u00ednea 4, que beneficiar\u00e1 a m\u00e1s de 298 mil 818 habitantes.<\/p>\n\n\n\n<p>Con una inversi\u00f3n de 4 mil 754 mdp, este sistema de transporte en su modalidad de telef\u00e9rico conectar\u00e1 a la zona de Pedregales con Ciudad Universitaria.<\/p>\n\n\n\n<p>Permitir\u00e1 a los usuarios ahorrar 33 por ciento de viaje en un recorrido de 40 minutos, se\u00f1al\u00f3 la Agencia Reguladora del Transporte Ferroviario (ARTF), \u00f3rgano desconcentrado de la SICT.<\/p>\n\n\n\n<p>La nueva L\u00ednea, cuya construcci\u00f3n se efectuar\u00e1 en dos a\u00f1os, contar\u00e1 con ocho estaciones: Pedregal de San Nicol\u00e1s, Cultura Maya, Parque Morelos, CEFORMA, Mercado Hidalgo, Perisur, Cantera y Universidad.<\/p>\n\n\n\n<figure class=\"wp-block-gallery has-nested-images columns-default is-cropped wp-block-gallery-2 is-layout-flex wp-block-gallery-is-layout-flex\">\n<figure class=\"wp-block-image size-large is-style-default\"><img loading=\"lazy\" decoding=\"async\" width=\"768\" height=\"1024\" data-id=\"20489\" src=\"https:\/\/elpuucnoticias.com\/wp-content\/uploads\/2025\/08\/whatsapp-image-2025-08-05-at-11.30.56-am-768x1024.jpeg\" alt=\"\" class=\"wp-image-20489\" srcset=\"https:\/\/elpuucnoticias.com\/wp-content\/uploads\/2025\/08\/whatsapp-image-2025-08-05-at-11.30.56-am-768x1024.jpeg 768w, https:\/\/elpuucnoticias.com\/wp-content\/uploads\/2025\/08\/whatsapp-image-2025-08-05-at-11.30.56-am-225x300.jpeg 225w, https:\/\/elpuucnoticias.com\/wp-content\/uploads\/2025\/08\/whatsapp-image-2025-08-05-at-11.30.56-am-240x320.jpeg 240w, https:\/\/elpuucnoticias.com\/wp-content\/uploads\/2025\/08\/whatsapp-image-2025-08-05-at-11.30.56-am.jpeg 960w\" sizes=\"auto, (max-width: 768px) 100vw, 768px\" \/><\/figure>\n\n\n\n<figure class=\"wp-block-image size-large is-style-default\"><img loading=\"lazy\" decoding=\"async\" width=\"1024\" height=\"594\" data-id=\"20490\" src=\"https:\/\/elpuucnoticias.com\/wp-content\/uploads\/2025\/08\/whatsapp-image-2025-08-05-at-11.30.54-am-1-1024x594.jpeg\" alt=\"\" class=\"wp-image-20490\" srcset=\"https:\/\/elpuucnoticias.com\/wp-content\/uploads\/2025\/08\/whatsapp-image-2025-08-05-at-11.30.54-am-1-1024x594.jpeg 1024w, https:\/\/elpuucnoticias.com\/wp-content\/uploads\/2025\/08\/whatsapp-image-2025-08-05-at-11.30.54-am-1-300x174.jpeg 300w, https:\/\/elpuucnoticias.com\/wp-content\/uploads\/2025\/08\/whatsapp-image-2025-08-05-at-11.30.54-am-1-768x445.jpeg 768w, https:\/\/elpuucnoticias.com\/wp-content\/uploads\/2025\/08\/whatsapp-image-2025-08-05-at-11.30.54-am-1-320x186.jpeg 320w, https:\/\/elpuucnoticias.com\/wp-content\/uploads\/2025\/08\/whatsapp-image-2025-08-05-at-11.30.54-am-1.jpeg 1280w\" sizes=\"auto, (max-width: 1024px) 100vw, 1024px\" \/><\/figure>\n<\/figure>\n\n\n\n<p>Tendr\u00e1 unas 393 cabinas para pasajeros, y se estima una demanda de 65 mil personas al d\u00eda.<\/p>\n\n\n\n<p>Esta modalidad de transporte se enlazar\u00e1 con la L\u00ednea 3 del Metro, la L\u00ednea 1 del Metrob\u00fas y la L\u00ednea 12 del Troleb\u00fas. Atender\u00e1 a zonas de bajo desarrollo social y baja conectividad.<\/p>\n\n\n\n<p>Dar\u00e1 servicio a 30 colonias de Tlalpan y a 9 colonias de Coyoac\u00e1n; adem\u00e1s de la conexi\u00f3n con Ciudad Universitaria, Instituto Nacional de Pediatr\u00eda, Parque Nacional Fuentes Brotantes, Mercado Miguel Hidalgo y el Centro de Educaci\u00f3n Ambiental ECOGUARDAS.<\/p>\n\n\n\n<figure class=\"wp-block-image size-large is-style-default\"><img loading=\"lazy\" decoding=\"async\" width=\"1024\" height=\"682\" src=\"https:\/\/elpuucnoticias.com\/wp-content\/uploads\/2025\/08\/whatsapp-image-2025-08-05-at-11.30.56-am-1-1024x682.jpeg\" alt=\"\" class=\"wp-image-20491\" srcset=\"https:\/\/elpuucnoticias.com\/wp-content\/uploads\/2025\/08\/whatsapp-image-2025-08-05-at-11.30.56-am-1-1024x682.jpeg 1024w, https:\/\/elpuucnoticias.com\/wp-content\/uploads\/2025\/08\/whatsapp-image-2025-08-05-at-11.30.56-am-1-300x200.jpeg 300w, https:\/\/elpuucnoticias.com\/wp-content\/uploads\/2025\/08\/whatsapp-image-2025-08-05-at-11.30.56-am-1-768x511.jpeg 768w, https:\/\/elpuucnoticias.com\/wp-content\/uploads\/2025\/08\/whatsapp-image-2025-08-05-at-11.30.56-am-1-600x400.jpeg 600w, https:\/\/elpuucnoticias.com\/wp-content\/uploads\/2025\/08\/whatsapp-image-2025-08-05-at-11.30.56-am-1-320x213.jpeg 320w, https:\/\/elpuucnoticias.com\/wp-content\/uploads\/2025\/08\/whatsapp-image-2025-08-05-at-11.30.56-am-1.jpeg 1280w\" sizes=\"auto, (max-width: 1024px) 100vw, 1024px\" \/><\/figure>\n\n\n\n<p>En su longitud de 11.4 km, la L\u00ednea 4 del Cableb\u00fas ser\u00e1 la m\u00e1s larga del mundo en su modalidad de telef\u00e9rico, con lo que superar\u00e1 a la L\u00ednea 2, que opera en Iztapalapa, con una longitud de 10.6 km y que cuenta con 7 estaciones.<\/p>\n\n\n\n<p>A la fecha dan servicio a pasajeros, dos l\u00edneas m\u00e1s en la Ciudad de M\u00e9xico: la 1, con longitud de 9.2 km y seis estaciones, y la L\u00ednea 3 de 5.5 km y seis estaciones.<\/p>\n\n\n\n<p>Las l\u00edneas 1, 2 y 3 acumulan m\u00e1s de 160 millones de viajes desde que se inaugur\u00f3 la primera en 2021.<\/p>\n","protected":false},"excerpt":{"rendered":"<p>Este innovador sistema de transporte contar\u00e1 con 8 estaciones y permitir\u00e1 a los usuarios ahorros de tiempo de<\/p>\n","protected":false},"author":1,"featured_media":20492,"comment_status":"closed","ping_status":"open","sticky":false,"template":"","format":"standard","meta":{"_monsterinsights_skip_tracking":false,"_monsterinsights_sitenote_active":false,"_monsterinsights_sitenote_note":"","_monsterinsights_sitenote_category":0,"footnotes":""},"categories":[42],"tags":[],"class_list":["post-20486","post","type-post","status-publish","format-standard","has-post-thumbnail","hentry","category-nacional"],"yoast_head":"<!-- This site is optimized with the Yoast SEO plugin v18.3 - https:\/\/yoast.com\/wordpress\/plugins\/seo\/ -->\n<title>La Secretar\u00eda de Infraestructura, Comunicaciones y Transportes y el Gobierno de CDMX trabajan coordinadamente en planeaci\u00f3n de l\u00ednea 4 de cableb\u00fas en beneficio de 298 mil habitantes - El Puuc Noticias<\/title>\n<meta name=\"robots\" content=\"index, follow, max-snippet:-1, max-image-preview:large, max-video-preview:-1\" \/>\n<link rel=\"canonical\" href=\"https:\/\/elpuucnoticias.com\/?p=20486\" \/>\n<meta property=\"og:locale\" content=\"es_ES\" \/>\n<meta property=\"og:type\" content=\"article\" \/>\n<meta property=\"og:title\" content=\"La Secretar\u00eda de Infraestructura, Comunicaciones y Transportes y el Gobierno de CDMX trabajan coordinadamente en planeaci\u00f3n de l\u00ednea 4 de cableb\u00fas en beneficio de 298 mil habitantes - El Puuc Noticias\" \/>\n<meta property=\"og:description\" content=\"Este innovador sistema de transporte contar\u00e1 con 8 estaciones y permitir\u00e1 a los usuarios ahorros de tiempo de\" \/>\n<meta property=\"og:url\" content=\"https:\/\/elpuucnoticias.com\/?p=20486\" \/>\n<meta property=\"og:site_name\" content=\"El Puuc Noticias\" \/>\n<meta property=\"article:published_time\" content=\"2025-08-05T18:18:31+00:00\" \/>\n<meta property=\"article:modified_time\" content=\"2025-08-05T18:18:32+00:00\" \/>\n<meta property=\"og:image\" content=\"https:\/\/elpuucnoticias.com\/wp-content\/uploads\/2025\/08\/whatsapp-image-2025-08-05-at-11.30.54-am.jpeg\" \/>\n\t<meta property=\"og:image:width\" content=\"1280\" \/>\n\t<meta property=\"og:image:height\" content=\"852\" \/>\n\t<meta property=\"og:image:type\" content=\"image\/jpeg\" \/>\n<meta name=\"twitter:card\" content=\"summary_large_image\" \/>\n<meta name=\"twitter:label1\" content=\"Escrito por\" \/>\n\t<meta name=\"twitter:data1\" content=\"elpuucnoticias\" \/>\n\t<meta name=\"twitter:label2\" content=\"Tiempo de lectura\" \/>\n\t<meta name=\"twitter:data2\" content=\"2 minutos\" \/>\n<script type=\"application\/ld+json\" class=\"yoast-schema-graph\">{\"@context\":\"https:\/\/schema.org\",\"@graph\":[{\"@type\":\"WebSite\",\"@id\":\"https:\/\/elpuucnoticias.com\/#website\",\"url\":\"https:\/\/elpuucnoticias.com\/\",\"name\":\"El Puuc Noticias\",\"description\":\"Noticias - Entretenimiento - Deportes\",\"potentialAction\":[{\"@type\":\"SearchAction\",\"target\":{\"@type\":\"EntryPoint\",\"urlTemplate\":\"https:\/\/elpuucnoticias.com\/?s={search_term_string}\"},\"query-input\":\"required name=search_term_string\"}],\"inLanguage\":\"es\"},{\"@type\":\"ImageObject\",\"@id\":\"https:\/\/elpuucnoticias.com\/?p=20486#primaryimage\",\"inLanguage\":\"es\",\"url\":\"https:\/\/elpuucnoticias.com\/wp-content\/uploads\/2025\/08\/whatsapp-image-2025-08-05-at-11.30.54-am.jpeg\",\"contentUrl\":\"https:\/\/elpuucnoticias.com\/wp-content\/uploads\/2025\/08\/whatsapp-image-2025-08-05-at-11.30.54-am.jpeg\",\"width\":1280,\"height\":852},{\"@type\":\"WebPage\",\"@id\":\"https:\/\/elpuucnoticias.com\/?p=20486#webpage\",\"url\":\"https:\/\/elpuucnoticias.com\/?p=20486\",\"name\":\"La Secretar\u00eda de Infraestructura, Comunicaciones y Transportes y el Gobierno de CDMX trabajan coordinadamente en planeaci\u00f3n de l\u00ednea 4 de cableb\u00fas en beneficio de 298 mil habitantes - El Puuc Noticias\",\"isPartOf\":{\"@id\":\"https:\/\/elpuucnoticias.com\/#website\"},\"primaryImageOfPage\":{\"@id\":\"https:\/\/elpuucnoticias.com\/?p=20486#primaryimage\"},\"datePublished\":\"2025-08-05T18:18:31+00:00\",\"dateModified\":\"2025-08-05T18:18:32+00:00\",\"author\":{\"@id\":\"https:\/\/elpuucnoticias.com\/#\/schema\/person\/d2ea09e4c97f0160b11cdfb1d856bd9e\"},\"breadcrumb\":{\"@id\":\"https:\/\/elpuucnoticias.com\/?p=20486#breadcrumb\"},\"inLanguage\":\"es\",\"potentialAction\":[{\"@type\":\"ReadAction\",\"target\":[\"https:\/\/elpuucnoticias.com\/?p=20486\"]}]},{\"@type\":\"BreadcrumbList\",\"@id\":\"https:\/\/elpuucnoticias.com\/?p=20486#breadcrumb\",\"itemListElement\":[{\"@type\":\"ListItem\",\"position\":1,\"name\":\"Portada\",\"item\":\"https:\/\/elpuucnoticias.com\/\"},{\"@type\":\"ListItem\",\"position\":2,\"name\":\"La Secretar\u00eda de Infraestructura, Comunicaciones y Transportes y el Gobierno de CDMX trabajan coordinadamente en planeaci\u00f3n de l\u00ednea 4 de cableb\u00fas en beneficio de 298 mil habitantes\"}]},{\"@type\":\"Person\",\"@id\":\"https:\/\/elpuucnoticias.com\/#\/schema\/person\/d2ea09e4c97f0160b11cdfb1d856bd9e\",\"name\":\"elpuucnoticias\",\"image\":{\"@type\":\"ImageObject\",\"@id\":\"https:\/\/elpuucnoticias.com\/#personlogo\",\"inLanguage\":\"es\",\"url\":\"https:\/\/secure.gravatar.com\/avatar\/5290a43657c74ffa15701dbe5b846bd85cc71930d803c84e91046a7333de6ce2?s=96&d=mm&r=g\",\"contentUrl\":\"https:\/\/secure.gravatar.com\/avatar\/5290a43657c74ffa15701dbe5b846bd85cc71930d803c84e91046a7333de6ce2?s=96&d=mm&r=g\",\"caption\":\"elpuucnoticias\"},\"sameAs\":[\"https:\/\/elpuucnoticias.com\"],\"url\":\"https:\/\/elpuucnoticias.com\/?author=1\"}]}<\/script>\n<!-- \/ Yoast SEO plugin. -->","yoast_head_json":{"title":"La Secretar\u00eda de Infraestructura, Comunicaciones y Transportes y el Gobierno de CDMX trabajan coordinadamente en planeaci\u00f3n de l\u00ednea 4 de cableb\u00fas en beneficio de 298 mil habitantes - El Puuc Noticias","robots":{"index":"index","follow":"follow","max-snippet":"max-snippet:-1","max-image-preview":"max-image-preview:large","max-video-preview":"max-video-preview:-1"},"canonical":"https:\/\/elpuucnoticias.com\/?p=20486","og_locale":"es_ES","og_type":"article","og_title":"La Secretar\u00eda de Infraestructura, Comunicaciones y Transportes y el Gobierno de CDMX trabajan coordinadamente en planeaci\u00f3n de l\u00ednea 4 de cableb\u00fas en beneficio de 298 mil habitantes - El Puuc Noticias","og_description":"Este innovador sistema de transporte contar\u00e1 con 8 estaciones y permitir\u00e1 a los usuarios ahorros de tiempo de","og_url":"https:\/\/elpuucnoticias.com\/?p=20486","og_site_name":"El Puuc Noticias","article_published_time":"2025-08-05T18:18:31+00:00","article_modified_time":"2025-08-05T18:18:32+00:00","og_image":[{"width":1280,"height":852,"url":"https:\/\/elpuucnoticias.com\/wp-content\/uploads\/2025\/08\/whatsapp-image-2025-08-05-at-11.30.54-am.jpeg","type":"image\/jpeg"}],"twitter_card":"summary_large_image","twitter_misc":{"Escrito por":"elpuucnoticias","Tiempo de lectura":"2 minutos"},"schema":{"@context":"https:\/\/schema.org","@graph":[{"@type":"WebSite","@id":"https:\/\/elpuucnoticias.com\/#website","url":"https:\/\/elpuucnoticias.com\/","name":"El Puuc Noticias","description":"Noticias - Entretenimiento - Deportes","potentialAction":[{"@type":"SearchAction","target":{"@type":"EntryPoint","urlTemplate":"https:\/\/elpuucnoticias.com\/?s={search_term_string}"},"query-input":"required name=search_term_string"}],"inLanguage":"es"},{"@type":"ImageObject","@id":"https:\/\/elpuucnoticias.com\/?p=20486#primaryimage","inLanguage":"es","url":"https:\/\/elpuucnoticias.com\/wp-content\/uploads\/2025\/08\/whatsapp-image-2025-08-05-at-11.30.54-am.jpeg","contentUrl":"https:\/\/elpuucnoticias.com\/wp-content\/uploads\/2025\/08\/whatsapp-image-2025-08-05-at-11.30.54-am.jpeg","width":1280,"height":852},{"@type":"WebPage","@id":"https:\/\/elpuucnoticias.com\/?p=20486#webpage","url":"https:\/\/elpuucnoticias.com\/?p=20486","name":"La Secretar\u00eda de Infraestructura, Comunicaciones y Transportes y el Gobierno de CDMX trabajan coordinadamente en planeaci\u00f3n de l\u00ednea 4 de cableb\u00fas en beneficio de 298 mil habitantes - El Puuc Noticias","isPartOf":{"@id":"https:\/\/elpuucnoticias.com\/#website"},"primaryImageOfPage":{"@id":"https:\/\/elpuucnoticias.com\/?p=20486#primaryimage"},"datePublished":"2025-08-05T18:18:31+00:00","dateModified":"2025-08-05T18:18:32+00:00","author":{"@id":"https:\/\/elpuucnoticias.com\/#\/schema\/person\/d2ea09e4c97f0160b11cdfb1d856bd9e"},"breadcrumb":{"@id":"https:\/\/elpuucnoticias.com\/?p=20486#breadcrumb"},"inLanguage":"es","potentialAction":[{"@type":"ReadAction","target":["https:\/\/elpuucnoticias.com\/?p=20486"]}]},{"@type":"BreadcrumbList","@id":"https:\/\/elpuucnoticias.com\/?p=20486#breadcrumb","itemListElement":[{"@type":"ListItem","position":1,"name":"Portada","item":"https:\/\/elpuucnoticias.com\/"},{"@type":"ListItem","position":2,"name":"La Secretar\u00eda de Infraestructura, Comunicaciones y Transportes y el Gobierno de CDMX trabajan coordinadamente en planeaci\u00f3n de l\u00ednea 4 de cableb\u00fas en beneficio de 298 mil habitantes"}]},{"@type":"Person","@id":"https:\/\/elpuucnoticias.com\/#\/schema\/person\/d2ea09e4c97f0160b11cdfb1d856bd9e","name":"elpuucnoticias","image":{"@type":"ImageObject","@id":"https:\/\/elpuucnoticias.com\/#personlogo","inLanguage":"es","url":"https:\/\/secure.gravatar.com\/avatar\/5290a43657c74ffa15701dbe5b846bd85cc71930d803c84e91046a7333de6ce2?s=96&d=mm&r=g","contentUrl":"https:\/\/secure.gravatar.com\/avatar\/5290a43657c74ffa15701dbe5b846bd85cc71930d803c84e91046a7333de6ce2?s=96&d=mm&r=g","caption":"elpuucnoticias"},"sameAs":["https:\/\/elpuucnoticias.com"],"url":"https:\/\/elpuucnoticias.com\/?author=1"}]}},"_links":{"self":[{"href":"https:\/\/elpuucnoticias.com\/index.php?rest_route=\/wp\/v2\/posts\/20486","targetHints":{"allow":["GET"]}}],"collection":[{"href":"https:\/\/elpuucnoticias.com\/index.php?rest_route=\/wp\/v2\/posts"}],"about":[{"href":"https:\/\/elpuucnoticias.com\/index.php?rest_route=\/wp\/v2\/types\/post"}],"author":[{"embeddable":true,"href":"https:\/\/elpuucnoticias.com\/index.php?rest_route=\/wp\/v2\/users\/1"}],"replies":[{"embeddable":true,"href":"https:\/\/elpuucnoticias.com\/index.php?rest_route=%2Fwp%2Fv2%2Fcomments&post=20486"}],"version-history":[{"count":1,"href":"https:\/\/elpuucnoticias.com\/index.php?rest_route=\/wp\/v2\/posts\/20486\/revisions"}],"predecessor-version":[{"id":20493,"href":"https:\/\/elpuucnoticias.com\/index.php?rest_route=\/wp\/v2\/posts\/20486\/revisions\/20493"}],"wp:featuredmedia":[{"embeddable":true,"href":"https:\/\/elpuucnoticias.com\/index.php?rest_route=\/wp\/v2\/media\/20492"}],"wp:attachment":[{"href":"https:\/\/elpuucnoticias.com\/index.php?rest_route=%2Fwp%2Fv2%2Fmedia&parent=20486"}],"wp:term":[{"taxonomy":"category","embeddable":true,"href":"https:\/\/elpuucnoticias.com\/index.php?rest_route=%2Fwp%2Fv2%2Fcategories&post=20486"},{"taxonomy":"post_tag","embeddable":true,"href":"https:\/\/elpuucnoticias.com\/index.php?rest_route=%2Fwp%2Fv2%2Ftags&post=20486"}],"curies":[{"name":"wp","href":"https:\/\/api.w.org\/{rel}","templated":true}]}}