{"id":20494,"date":"2025-08-05T12:23:31","date_gmt":"2025-08-05T18:23:31","guid":{"rendered":"https:\/\/elpuucnoticias.com\/?p=20494"},"modified":"2025-08-05T12:23:31","modified_gmt":"2025-08-05T18:23:31","slug":"detenido-por-su-presunta-participacion-en-homicidio-en-kanasin","status":"publish","type":"post","link":"https:\/\/elpuucnoticias.com\/?p=20494","title":{"rendered":"Detenido por su presunta participaci\u00f3n en homicidio en Kanas\u00edn"},"content":{"rendered":"\n<p><a><\/a>La SSP, a trav\u00e9s de la Polic\u00eda Estatal de Investigaci\u00f3n (PEI), en coordinaci\u00f3n con la Fiscal\u00eda General del Estado (FGE), contin\u00faa fortaleciendo las acciones de procuraci\u00f3n de justicia mediante la ejecuci\u00f3n de \u00f3rdenes judiciales.<\/p>\n\n\n\n<p>Fue detenido Jimmy Alejandro \u201cN\u201d, de 47 a\u00f1os de edad, por su presunta participaci\u00f3n en el homicidio de Jos\u00e9 El\u00edas A. R., de 61 a\u00f1os, ocurrido en 2022 en la colonia Pol\u00edgono San Pedro del municipio de Kanas\u00edn.<\/p>\n\n\n\n<p>De acuerdo con la investigaci\u00f3n, ambos se encontraban consumiendo bebidas alcoh\u00f3licas cuando iniciaron una discusi\u00f3n. El ahora detenido presuntamente lo tir\u00f3 al suelo y lo golpe\u00f3 con patadas hasta dejarlo inm\u00f3vil. Posteriormente, abandon\u00f3 el lugar y permaneci\u00f3 pr\u00f3fugo desde entonces.<\/p>\n\n\n\n<p>Como resultado de las labores de investigaci\u00f3n realizadas por la PEI de la SSP, en coordinaci\u00f3n con la FGE, el sujeto fue localizado, detenido y puesto a disposici\u00f3n del Juez de Control que libr\u00f3 la orden de aprehensi\u00f3n en su contra, con base en los datos de prueba recabados.<\/p>\n\n\n\n<p>La SSP reitera su compromiso con el cumplimiento de la ley y exhorta a la ciudadan\u00eda a colaborar con las autoridades reportando cualquier informaci\u00f3n que contribuya al esclarecimiento de hechos delictivos a trav\u00e9s del 9-1-1 o denuncia an\u00f3nima 089.<\/p>\n","protected":false},"excerpt":{"rendered":"<p>La SSP, a trav\u00e9s de la Polic\u00eda Estatal de Investigaci\u00f3n (PEI), en coordinaci\u00f3n con la Fiscal\u00eda General del<\/p>\n","protected":false},"author":1,"featured_media":20495,"comment_status":"closed","ping_status":"open","sticky":false,"template":"","format":"standard","meta":{"_monsterinsights_skip_tracking":false,"_monsterinsights_sitenote_active":false,"_monsterinsights_sitenote_note":"","_monsterinsights_sitenote_category":0,"footnotes":""},"categories":[11,3],"tags":[],"class_list":["post-20494","post","type-post","status-publish","format-standard","has-post-thumbnail","hentry","category-noticias","category-policiacas"],"yoast_head":"<!-- This site is optimized with the Yoast SEO plugin v18.3 - https:\/\/yoast.com\/wordpress\/plugins\/seo\/ -->\n<title>Detenido por su presunta participaci\u00f3n en homicidio en Kanas\u00edn - El Puuc Noticias<\/title>\n<meta name=\"robots\" content=\"index, follow, max-snippet:-1, max-image-preview:large, max-video-preview:-1\" \/>\n<link rel=\"canonical\" href=\"https:\/\/elpuucnoticias.com\/?p=20494\" \/>\n<meta property=\"og:locale\" content=\"es_ES\" \/>\n<meta property=\"og:type\" content=\"article\" \/>\n<meta property=\"og:title\" content=\"Detenido por su presunta participaci\u00f3n en homicidio en Kanas\u00edn - El Puuc Noticias\" \/>\n<meta property=\"og:description\" content=\"La SSP, a trav\u00e9s de la Polic\u00eda Estatal de Investigaci\u00f3n (PEI), en coordinaci\u00f3n con la Fiscal\u00eda General del\" \/>\n<meta property=\"og:url\" content=\"https:\/\/elpuucnoticias.com\/?p=20494\" \/>\n<meta property=\"og:site_name\" content=\"El Puuc Noticias\" \/>\n<meta property=\"article:published_time\" content=\"2025-08-05T18:23:31+00:00\" \/>\n<meta property=\"og:image\" content=\"https:\/\/elpuucnoticias.com\/wp-content\/uploads\/2025\/08\/528602145_1169938541834012_391698387865781617_n.jpg\" \/>\n\t<meta property=\"og:image:width\" content=\"936\" \/>\n\t<meta property=\"og:image:height\" content=\"763\" \/>\n\t<meta property=\"og:image:type\" content=\"image\/jpeg\" \/>\n<meta name=\"twitter:card\" content=\"summary_large_image\" \/>\n<meta name=\"twitter:label1\" content=\"Escrito por\" \/>\n\t<meta name=\"twitter:data1\" content=\"elpuucnoticias\" \/>\n\t<meta name=\"twitter:label2\" content=\"Tiempo de lectura\" \/>\n\t<meta name=\"twitter:data2\" content=\"1 minuto\" \/>\n<script type=\"application\/ld+json\" class=\"yoast-schema-graph\">{\"@context\":\"https:\/\/schema.org\",\"@graph\":[{\"@type\":\"WebSite\",\"@id\":\"https:\/\/elpuucnoticias.com\/#website\",\"url\":\"https:\/\/elpuucnoticias.com\/\",\"name\":\"El Puuc Noticias\",\"description\":\"Noticias - Entretenimiento - Deportes\",\"potentialAction\":[{\"@type\":\"SearchAction\",\"target\":{\"@type\":\"EntryPoint\",\"urlTemplate\":\"https:\/\/elpuucnoticias.com\/?s={search_term_string}\"},\"query-input\":\"required name=search_term_string\"}],\"inLanguage\":\"es\"},{\"@type\":\"ImageObject\",\"@id\":\"https:\/\/elpuucnoticias.com\/?p=20494#primaryimage\",\"inLanguage\":\"es\",\"url\":\"https:\/\/elpuucnoticias.com\/wp-content\/uploads\/2025\/08\/528602145_1169938541834012_391698387865781617_n.jpg\",\"contentUrl\":\"https:\/\/elpuucnoticias.com\/wp-content\/uploads\/2025\/08\/528602145_1169938541834012_391698387865781617_n.jpg\",\"width\":936,\"height\":763},{\"@type\":\"WebPage\",\"@id\":\"https:\/\/elpuucnoticias.com\/?p=20494#webpage\",\"url\":\"https:\/\/elpuucnoticias.com\/?p=20494\",\"name\":\"Detenido por su presunta participaci\u00f3n en homicidio en Kanas\u00edn - El Puuc Noticias\",\"isPartOf\":{\"@id\":\"https:\/\/elpuucnoticias.com\/#website\"},\"primaryImageOfPage\":{\"@id\":\"https:\/\/elpuucnoticias.com\/?p=20494#primaryimage\"},\"datePublished\":\"2025-08-05T18:23:31+00:00\",\"dateModified\":\"2025-08-05T18:23:31+00:00\",\"author\":{\"@id\":\"https:\/\/elpuucnoticias.com\/#\/schema\/person\/d2ea09e4c97f0160b11cdfb1d856bd9e\"},\"breadcrumb\":{\"@id\":\"https:\/\/elpuucnoticias.com\/?p=20494#breadcrumb\"},\"inLanguage\":\"es\",\"potentialAction\":[{\"@type\":\"ReadAction\",\"target\":[\"https:\/\/elpuucnoticias.com\/?p=20494\"]}]},{\"@type\":\"BreadcrumbList\",\"@id\":\"https:\/\/elpuucnoticias.com\/?p=20494#breadcrumb\",\"itemListElement\":[{\"@type\":\"ListItem\",\"position\":1,\"name\":\"Portada\",\"item\":\"https:\/\/elpuucnoticias.com\/\"},{\"@type\":\"ListItem\",\"position\":2,\"name\":\"Detenido por su presunta participaci\u00f3n en homicidio en Kanas\u00edn\"}]},{\"@type\":\"Person\",\"@id\":\"https:\/\/elpuucnoticias.com\/#\/schema\/person\/d2ea09e4c97f0160b11cdfb1d856bd9e\",\"name\":\"elpuucnoticias\",\"image\":{\"@type\":\"ImageObject\",\"@id\":\"https:\/\/elpuucnoticias.com\/#personlogo\",\"inLanguage\":\"es\",\"url\":\"https:\/\/secure.gravatar.com\/avatar\/5290a43657c74ffa15701dbe5b846bd85cc71930d803c84e91046a7333de6ce2?s=96&d=mm&r=g\",\"contentUrl\":\"https:\/\/secure.gravatar.com\/avatar\/5290a43657c74ffa15701dbe5b846bd85cc71930d803c84e91046a7333de6ce2?s=96&d=mm&r=g\",\"caption\":\"elpuucnoticias\"},\"sameAs\":[\"https:\/\/elpuucnoticias.com\"],\"url\":\"https:\/\/elpuucnoticias.com\/?author=1\"}]}<\/script>\n<!-- \/ Yoast SEO plugin. -->","yoast_head_json":{"title":"Detenido por su presunta participaci\u00f3n en homicidio en Kanas\u00edn - El Puuc Noticias","robots":{"index":"index","follow":"follow","max-snippet":"max-snippet:-1","max-image-preview":"max-image-preview:large","max-video-preview":"max-video-preview:-1"},"canonical":"https:\/\/elpuucnoticias.com\/?p=20494","og_locale":"es_ES","og_type":"article","og_title":"Detenido por su presunta participaci\u00f3n en homicidio en Kanas\u00edn - El Puuc Noticias","og_description":"La SSP, a trav\u00e9s de la Polic\u00eda Estatal de Investigaci\u00f3n (PEI), en coordinaci\u00f3n con la Fiscal\u00eda General del","og_url":"https:\/\/elpuucnoticias.com\/?p=20494","og_site_name":"El Puuc Noticias","article_published_time":"2025-08-05T18:23:31+00:00","og_image":[{"width":936,"height":763,"url":"https:\/\/elpuucnoticias.com\/wp-content\/uploads\/2025\/08\/528602145_1169938541834012_391698387865781617_n.jpg","type":"image\/jpeg"}],"twitter_card":"summary_large_image","twitter_misc":{"Escrito por":"elpuucnoticias","Tiempo de lectura":"1 minuto"},"schema":{"@context":"https:\/\/schema.org","@graph":[{"@type":"WebSite","@id":"https:\/\/elpuucnoticias.com\/#website","url":"https:\/\/elpuucnoticias.com\/","name":"El Puuc Noticias","description":"Noticias - Entretenimiento - Deportes","potentialAction":[{"@type":"SearchAction","target":{"@type":"EntryPoint","urlTemplate":"https:\/\/elpuucnoticias.com\/?s={search_term_string}"},"query-input":"required name=search_term_string"}],"inLanguage":"es"},{"@type":"ImageObject","@id":"https:\/\/elpuucnoticias.com\/?p=20494#primaryimage","inLanguage":"es","url":"https:\/\/elpuucnoticias.com\/wp-content\/uploads\/2025\/08\/528602145_1169938541834012_391698387865781617_n.jpg","contentUrl":"https:\/\/elpuucnoticias.com\/wp-content\/uploads\/2025\/08\/528602145_1169938541834012_391698387865781617_n.jpg","width":936,"height":763},{"@type":"WebPage","@id":"https:\/\/elpuucnoticias.com\/?p=20494#webpage","url":"https:\/\/elpuucnoticias.com\/?p=20494","name":"Detenido por su presunta participaci\u00f3n en homicidio en Kanas\u00edn - El Puuc Noticias","isPartOf":{"@id":"https:\/\/elpuucnoticias.com\/#website"},"primaryImageOfPage":{"@id":"https:\/\/elpuucnoticias.com\/?p=20494#primaryimage"},"datePublished":"2025-08-05T18:23:31+00:00","dateModified":"2025-08-05T18:23:31+00:00","author":{"@id":"https:\/\/elpuucnoticias.com\/#\/schema\/person\/d2ea09e4c97f0160b11cdfb1d856bd9e"},"breadcrumb":{"@id":"https:\/\/elpuucnoticias.com\/?p=20494#breadcrumb"},"inLanguage":"es","potentialAction":[{"@type":"ReadAction","target":["https:\/\/elpuucnoticias.com\/?p=20494"]}]},{"@type":"BreadcrumbList","@id":"https:\/\/elpuucnoticias.com\/?p=20494#breadcrumb","itemListElement":[{"@type":"ListItem","position":1,"name":"Portada","item":"https:\/\/elpuucnoticias.com\/"},{"@type":"ListItem","position":2,"name":"Detenido por su presunta participaci\u00f3n en homicidio en Kanas\u00edn"}]},{"@type":"Person","@id":"https:\/\/elpuucnoticias.com\/#\/schema\/person\/d2ea09e4c97f0160b11cdfb1d856bd9e","name":"elpuucnoticias","image":{"@type":"ImageObject","@id":"https:\/\/elpuucnoticias.com\/#personlogo","inLanguage":"es","url":"https:\/\/secure.gravatar.com\/avatar\/5290a43657c74ffa15701dbe5b846bd85cc71930d803c84e91046a7333de6ce2?s=96&d=mm&r=g","contentUrl":"https:\/\/secure.gravatar.com\/avatar\/5290a43657c74ffa15701dbe5b846bd85cc71930d803c84e91046a7333de6ce2?s=96&d=mm&r=g","caption":"elpuucnoticias"},"sameAs":["https:\/\/elpuucnoticias.com"],"url":"https:\/\/elpuucnoticias.com\/?author=1"}]}},"_links":{"self":[{"href":"https:\/\/elpuucnoticias.com\/index.php?rest_route=\/wp\/v2\/posts\/20494","targetHints":{"allow":["GET"]}}],"collection":[{"href":"https:\/\/elpuucnoticias.com\/index.php?rest_route=\/wp\/v2\/posts"}],"about":[{"href":"https:\/\/elpuucnoticias.com\/index.php?rest_route=\/wp\/v2\/types\/post"}],"author":[{"embeddable":true,"href":"https:\/\/elpuucnoticias.com\/index.php?rest_route=\/wp\/v2\/users\/1"}],"replies":[{"embeddable":true,"href":"https:\/\/elpuucnoticias.com\/index.php?rest_route=%2Fwp%2Fv2%2Fcomments&post=20494"}],"version-history":[{"count":1,"href":"https:\/\/elpuucnoticias.com\/index.php?rest_route=\/wp\/v2\/posts\/20494\/revisions"}],"predecessor-version":[{"id":20496,"href":"https:\/\/elpuucnoticias.com\/index.php?rest_route=\/wp\/v2\/posts\/20494\/revisions\/20496"}],"wp:featuredmedia":[{"embeddable":true,"href":"https:\/\/elpuucnoticias.com\/index.php?rest_route=\/wp\/v2\/media\/20495"}],"wp:attachment":[{"href":"https:\/\/elpuucnoticias.com\/index.php?rest_route=%2Fwp%2Fv2%2Fmedia&parent=20494"}],"wp:term":[{"taxonomy":"category","embeddable":true,"href":"https:\/\/elpuucnoticias.com\/index.php?rest_route=%2Fwp%2Fv2%2Fcategories&post=20494"},{"taxonomy":"post_tag","embeddable":true,"href":"https:\/\/elpuucnoticias.com\/index.php?rest_route=%2Fwp%2Fv2%2Ftags&post=20494"}],"curies":[{"name":"wp","href":"https:\/\/api.w.org\/{rel}","templated":true}]}}