{"id":20507,"date":"2025-08-06T13:05:04","date_gmt":"2025-08-06T19:05:04","guid":{"rendered":"https:\/\/elpuucnoticias.com\/?p=20507"},"modified":"2025-08-06T13:05:04","modified_gmt":"2025-08-06T19:05:04","slug":"dif-quintana-roo-y-unicef-capacitan-a-dif-municipales-para-la-proteccion-de-ninas-ninos-y-adolescentes-frente-a-explotacion-y-violencia","status":"publish","type":"post","link":"https:\/\/elpuucnoticias.com\/?p=20507","title":{"rendered":"DIF Quintana Roo y UNICEF capacitan a DIF municipales para la protecci\u00f3n de ni\u00f1as, ni\u00f1os y adolescentes frente a explotaci\u00f3n y violencia"},"content":{"rendered":"\n<p>Al encabezar la apertura de la jornada de \u201cFortalecimiento de Capacidades Institucionales para la Protecci\u00f3n de Ni\u00f1as, Ni\u00f1os y Adolescentes frente al Abuso, la Explotaci\u00f3n y Violencia en los Municipios de Quintana Roo\u201d, la gobernadora Mara Lezama Espinosa manifest\u00f3 su deseo en que cada uno de los asistentes, desde su trinchera, haga posible devolverle la esperanza a esos seres humanos a quienes les han arrancado su infancia o su adolescencia.<\/p>\n\n\n\n<figure class=\"wp-block-image is-style-default\"><a href=\"https:\/\/cgc.qroo.gob.mx\/cjg\/wp-content\/uploads\/2025\/08\/d9fa6a44-fd7d-41e6-86c9-df392e31ee02-scaled.jpg\"><img decoding=\"async\" src=\"https:\/\/cgc.qroo.gob.mx\/cjg\/wp-content\/uploads\/2025\/08\/d9fa6a44-fd7d-41e6-86c9-df392e31ee02-585x390.jpg\" alt=\"\" title=\"d9fa6a44-fd7d-41e6-86c9-df392e31ee02\"\/><\/a><\/figure>\n\n\n\n<p>Esta jornada fue convocada por la presidenta honoraria del DIF Quintana Roo, Ver\u00f3nica Lezama Espinosa, con el apoyo de la UNICEF M\u00e9xico, representado por el Oficial Nacional de Protecci\u00f3n a la Infancia, Jos\u00e9 Antonio Ruiz, para capacitar a los 11 municipios en sus capacidades para la protecci\u00f3n de las ni\u00f1as, ni\u00f1os y adolescentes.<\/p>\n\n\n\n<p>Est\u00e1 dirigido a servidores p\u00fablicos de diversas instancias estatales y municipales, como la Fiscal\u00eda General del Estado, Secretar\u00eda de Salud, Secretar\u00eda de Seguridad Ciudadana, DIF Municipales, entre otros, que se encargan de dar atenci\u00f3n de primer contacto con ni\u00f1as, ni\u00f1os y adolescentes que han sido v\u00edctimas de alg\u00fan delito o cuyos derechos han sido vulnerados.<\/p>\n\n\n\n<figure class=\"wp-block-image is-style-default\"><a href=\"https:\/\/cgc.qroo.gob.mx\/cjg\/wp-content\/uploads\/2025\/08\/b8df559c-458f-4085-8a53-ad3981e9a76b-scaled.jpg\"><img decoding=\"async\" src=\"https:\/\/cgc.qroo.gob.mx\/cjg\/wp-content\/uploads\/2025\/08\/b8df559c-458f-4085-8a53-ad3981e9a76b-585x390.jpg\" alt=\"\" title=\"b8df559c-458f-4085-8a53-ad3981e9a76b\"\/><\/a><\/figure>\n\n\n\n<p>Al dirigirse a los asistentes, la gobernadora Mara Lezama destac\u00f3 la importancia de esta capacitaci\u00f3n, porque detr\u00e1s de cada ni\u00f1a o ni\u00f1o hay una historia, una v\u00edctima de innumerables formas de coptarlo, enga\u00f1arlo, de ser presa de los malos.<\/p>\n\n\n\n<figure class=\"wp-block-image is-style-default\"><a href=\"https:\/\/cgc.qroo.gob.mx\/cjg\/wp-content\/uploads\/2025\/08\/0d0a008e-fe41-4bfd-a71e-a4197ea8b1c8-scaled.jpg\"><img decoding=\"async\" src=\"https:\/\/cgc.qroo.gob.mx\/cjg\/wp-content\/uploads\/2025\/08\/0d0a008e-fe41-4bfd-a71e-a4197ea8b1c8-585x337.jpg\" alt=\"\" title=\"0d0a008e-fe41-4bfd-a71e-a4197ea8b1c8\"\/><\/a><\/figure>\n\n\n\n<p>Por eso, afirm\u00f3 que en este gobierno diferente, humanista con coraz\u00f3n feminista se trabaja desde el d\u00eda 1 en acciones, programas y campa\u00f1as de orientaci\u00f3n, como \u201cL@s Ni\u00f1a@s no se Rompen\u201d y \u201cContra la Trata\u201d.<\/p>\n\n\n\n<p>Dijo que personalmente, en todos los eventos en los que asisten ni\u00f1as, ni\u00f1os y adolescentes siempre les habla de esa l\u00ednea invisible, imperceptible entre el bien y el mal, del peligro de las redes sociales, de c\u00f3mo los malos recurren a miles y miles de formas para llegar a ellos.<\/p>\n\n\n\n<figure class=\"wp-block-image is-style-default\"><a href=\"https:\/\/cgc.qroo.gob.mx\/cjg\/wp-content\/uploads\/2025\/08\/5e476aa4-3288-4b6f-bdb1-283353efdb78-scaled.jpg\"><img decoding=\"async\" src=\"https:\/\/cgc.qroo.gob.mx\/cjg\/wp-content\/uploads\/2025\/08\/5e476aa4-3288-4b6f-bdb1-283353efdb78-585x390.jpg\" alt=\"\" title=\"5e476aa4-3288-4b6f-bdb1-283353efdb78\"\/><\/a><\/figure>\n\n\n\n<p>Por ello, la titular del Ejecutivo consider\u00f3 importante, fundamental, que quien llegue a atenderlos tenga esa fortaleza para no fallarles, tenga las palabras exactas, la no revictimizaci\u00f3n. \u201cPor eso hoy felicito una vez m\u00e1s este trabajo interinstitucional. Por eso les agradezco su tiempo de venir, de tomar el curso y de salir de aqu\u00ed con muchas herramientas\u201d.<\/p>\n\n\n\n<figure class=\"wp-block-image is-style-default\"><a href=\"https:\/\/cgc.qroo.gob.mx\/cjg\/wp-content\/uploads\/2025\/08\/5283e5a1-bbe4-4261-8815-d16fbcf9a539-scaled.jpg\"><img decoding=\"async\" src=\"https:\/\/cgc.qroo.gob.mx\/cjg\/wp-content\/uploads\/2025\/08\/5283e5a1-bbe4-4261-8815-d16fbcf9a539-585x390.jpg\" alt=\"\" title=\"5283e5a1-bbe4-4261-8815-d16fbcf9a539\"\/><\/a><\/figure>\n\n\n\n<p>\u201cEl dolor existe y este gobierno s\u00ed lo visibiliza. No es c\u00f3modo decir que no pasa nada, eso ser\u00eda mentira. Hay que visibilizar el dolor, el flagelo, el delito, porque sino, no puede combatirlo\u201d, asegur\u00f3 la Gobernadora.<\/p>\n\n\n\n<p>Por su parte, la presidenta honoraria del DIF Quintana Roo, Ver\u00f3nica Lezama Espinosa, dijo con firmeza que en la dignidad, los derechos de las ni\u00f1as, ni\u00f1os y adolescentes; su protecci\u00f3n frente al abuso, la explotaci\u00f3n y la violencia no se dar\u00e1 ni un paso atr\u00e1s \u201cporque no queremos m\u00e1s ni\u00f1os rotos, que sean v\u00edctimas de violencia\u201d.<\/p>\n\n\n\n<figure class=\"wp-block-image is-style-default\"><a href=\"https:\/\/cgc.qroo.gob.mx\/cjg\/wp-content\/uploads\/2025\/08\/a39d4215-b941-4aba-ab02-057b7881c5bc-scaled.jpg\"><img decoding=\"async\" src=\"https:\/\/cgc.qroo.gob.mx\/cjg\/wp-content\/uploads\/2025\/08\/a39d4215-b941-4aba-ab02-057b7881c5bc-585x390.jpg\" alt=\"\" title=\"a39d4215-b941-4aba-ab02-057b7881c5bc\"\/><\/a><\/figure>\n\n\n\n<p>\u201cAunque tengamos en este gobierno nuestras casas de asistencia totalmente rehabilitadas, equipadas, dignas, no queremos que m\u00e1s ni\u00f1as, ni\u00f1os y adolescentes ingresen porque han sido v\u00edctimas de abuso, explotaci\u00f3n y violencia. Ese es el compromiso firme de un gobierno profundamente humanista, con coraz\u00f3n feminista\u201d, a\u00f1adi\u00f3 la presidenta honoraria del DIF Quintana Roo.<\/p>\n\n\n\n<p>Durante el evento, el Oficial Nacional de Protecci\u00f3n a la Infancia de la UNICEF, Jos\u00e9 Antonio Ruiz, dijo que la protecci\u00f3n de los derechos de ni\u00f1as, ni\u00f1os y adolescentes es responsabilidad de todas y todos. \u201cNo hay una sola instituci\u00f3n que pueda eximirse de su responsabilidad de contribuir a que cada ni\u00f1a, ni\u00f1o y adolescente, pueda ejercer plenamente su derecho a vivir libre de violencia\u201d, cit\u00f3.<\/p>\n\n\n\n<p>En el pres\u00eddium tambi\u00e9n estuvieron Abril Cristina Sabido Alc\u00e9rreca, directora general del DIF Quintana Roo; Pablo Guti\u00e9rrez, secretario general del Ayuntamiento de Benito Ju\u00e1rez; la Magistrada Unitaria para Adolescentes del Poder Judicial, Teresa de Jes\u00fas Villa Velasco; Elda Xix Eu\u00e1n, secretaria de Educaci\u00f3n; la diputada Euterpe Guti\u00e9rrez Valasis, presidenta de la Comisi\u00f3n de Turismo y Asuntos Internacionales del Congreso del Estado; y el Rector de la UT Canc\u00fan, Enrique Ba\u00f1os Abedun.<\/p>\n","protected":false},"excerpt":{"rendered":"<p>Al encabezar la apertura de la jornada de \u201cFortalecimiento de Capacidades Institucionales para la Protecci\u00f3n de Ni\u00f1as, Ni\u00f1os<\/p>\n","protected":false},"author":1,"featured_media":20508,"comment_status":"closed","ping_status":"open","sticky":false,"template":"","format":"standard","meta":{"_monsterinsights_skip_tracking":false,"_monsterinsights_sitenote_active":false,"_monsterinsights_sitenote_note":"","_monsterinsights_sitenote_category":0,"footnotes":""},"categories":[11,24],"tags":[],"class_list":["post-20507","post","type-post","status-publish","format-standard","has-post-thumbnail","hentry","category-noticias","category-quintana-roo"],"yoast_head":"<!-- This site is optimized with the Yoast SEO plugin v18.3 - https:\/\/yoast.com\/wordpress\/plugins\/seo\/ -->\n<title>DIF Quintana Roo y UNICEF capacitan a DIF municipales para la protecci\u00f3n de ni\u00f1as, ni\u00f1os y adolescentes frente a explotaci\u00f3n y violencia - El Puuc Noticias<\/title>\n<meta name=\"robots\" content=\"index, follow, max-snippet:-1, max-image-preview:large, max-video-preview:-1\" \/>\n<link rel=\"canonical\" href=\"https:\/\/elpuucnoticias.com\/?p=20507\" \/>\n<meta property=\"og:locale\" content=\"es_ES\" \/>\n<meta property=\"og:type\" content=\"article\" \/>\n<meta property=\"og:title\" content=\"DIF Quintana Roo y UNICEF capacitan a DIF municipales para la protecci\u00f3n de ni\u00f1as, ni\u00f1os y adolescentes frente a explotaci\u00f3n y violencia - El Puuc Noticias\" \/>\n<meta property=\"og:description\" content=\"Al encabezar la apertura de la jornada de \u201cFortalecimiento de Capacidades Institucionales para la Protecci\u00f3n de Ni\u00f1as, Ni\u00f1os\" \/>\n<meta property=\"og:url\" content=\"https:\/\/elpuucnoticias.com\/?p=20507\" \/>\n<meta property=\"og:site_name\" content=\"El Puuc Noticias\" \/>\n<meta property=\"article:published_time\" content=\"2025-08-06T19:05:04+00:00\" \/>\n<meta property=\"og:image\" content=\"https:\/\/elpuucnoticias.com\/wp-content\/uploads\/2025\/08\/b0ab390f-3a70-433e-aa50-5c09c619b786-scaled-1.jpg\" \/>\n\t<meta property=\"og:image:width\" content=\"2560\" \/>\n\t<meta property=\"og:image:height\" content=\"1707\" \/>\n\t<meta property=\"og:image:type\" content=\"image\/jpeg\" \/>\n<meta name=\"twitter:card\" content=\"summary_large_image\" \/>\n<meta name=\"twitter:label1\" content=\"Escrito por\" \/>\n\t<meta name=\"twitter:data1\" content=\"elpuucnoticias\" \/>\n\t<meta name=\"twitter:label2\" content=\"Tiempo de lectura\" \/>\n\t<meta name=\"twitter:data2\" content=\"4 minutos\" \/>\n<script type=\"application\/ld+json\" class=\"yoast-schema-graph\">{\"@context\":\"https:\/\/schema.org\",\"@graph\":[{\"@type\":\"WebSite\",\"@id\":\"https:\/\/elpuucnoticias.com\/#website\",\"url\":\"https:\/\/elpuucnoticias.com\/\",\"name\":\"El Puuc Noticias\",\"description\":\"Noticias - Entretenimiento - Deportes\",\"potentialAction\":[{\"@type\":\"SearchAction\",\"target\":{\"@type\":\"EntryPoint\",\"urlTemplate\":\"https:\/\/elpuucnoticias.com\/?s={search_term_string}\"},\"query-input\":\"required name=search_term_string\"}],\"inLanguage\":\"es\"},{\"@type\":\"ImageObject\",\"@id\":\"https:\/\/elpuucnoticias.com\/?p=20507#primaryimage\",\"inLanguage\":\"es\",\"url\":\"https:\/\/elpuucnoticias.com\/wp-content\/uploads\/2025\/08\/b0ab390f-3a70-433e-aa50-5c09c619b786-scaled-1.jpg\",\"contentUrl\":\"https:\/\/elpuucnoticias.com\/wp-content\/uploads\/2025\/08\/b0ab390f-3a70-433e-aa50-5c09c619b786-scaled-1.jpg\",\"width\":2560,\"height\":1707},{\"@type\":\"WebPage\",\"@id\":\"https:\/\/elpuucnoticias.com\/?p=20507#webpage\",\"url\":\"https:\/\/elpuucnoticias.com\/?p=20507\",\"name\":\"DIF Quintana Roo y UNICEF capacitan a DIF municipales para la protecci\u00f3n de ni\u00f1as, ni\u00f1os y adolescentes frente a explotaci\u00f3n y violencia - El Puuc Noticias\",\"isPartOf\":{\"@id\":\"https:\/\/elpuucnoticias.com\/#website\"},\"primaryImageOfPage\":{\"@id\":\"https:\/\/elpuucnoticias.com\/?p=20507#primaryimage\"},\"datePublished\":\"2025-08-06T19:05:04+00:00\",\"dateModified\":\"2025-08-06T19:05:04+00:00\",\"author\":{\"@id\":\"https:\/\/elpuucnoticias.com\/#\/schema\/person\/d2ea09e4c97f0160b11cdfb1d856bd9e\"},\"breadcrumb\":{\"@id\":\"https:\/\/elpuucnoticias.com\/?p=20507#breadcrumb\"},\"inLanguage\":\"es\",\"potentialAction\":[{\"@type\":\"ReadAction\",\"target\":[\"https:\/\/elpuucnoticias.com\/?p=20507\"]}]},{\"@type\":\"BreadcrumbList\",\"@id\":\"https:\/\/elpuucnoticias.com\/?p=20507#breadcrumb\",\"itemListElement\":[{\"@type\":\"ListItem\",\"position\":1,\"name\":\"Portada\",\"item\":\"https:\/\/elpuucnoticias.com\/\"},{\"@type\":\"ListItem\",\"position\":2,\"name\":\"DIF Quintana Roo y UNICEF capacitan a DIF municipales para la protecci\u00f3n de ni\u00f1as, ni\u00f1os y adolescentes frente a explotaci\u00f3n y violencia\"}]},{\"@type\":\"Person\",\"@id\":\"https:\/\/elpuucnoticias.com\/#\/schema\/person\/d2ea09e4c97f0160b11cdfb1d856bd9e\",\"name\":\"elpuucnoticias\",\"image\":{\"@type\":\"ImageObject\",\"@id\":\"https:\/\/elpuucnoticias.com\/#personlogo\",\"inLanguage\":\"es\",\"url\":\"https:\/\/secure.gravatar.com\/avatar\/5290a43657c74ffa15701dbe5b846bd85cc71930d803c84e91046a7333de6ce2?s=96&d=mm&r=g\",\"contentUrl\":\"https:\/\/secure.gravatar.com\/avatar\/5290a43657c74ffa15701dbe5b846bd85cc71930d803c84e91046a7333de6ce2?s=96&d=mm&r=g\",\"caption\":\"elpuucnoticias\"},\"sameAs\":[\"https:\/\/elpuucnoticias.com\"],\"url\":\"https:\/\/elpuucnoticias.com\/?author=1\"}]}<\/script>\n<!-- \/ Yoast SEO plugin. -->","yoast_head_json":{"title":"DIF Quintana Roo y UNICEF capacitan a DIF municipales para la protecci\u00f3n de ni\u00f1as, ni\u00f1os y adolescentes frente a explotaci\u00f3n y violencia - El Puuc Noticias","robots":{"index":"index","follow":"follow","max-snippet":"max-snippet:-1","max-image-preview":"max-image-preview:large","max-video-preview":"max-video-preview:-1"},"canonical":"https:\/\/elpuucnoticias.com\/?p=20507","og_locale":"es_ES","og_type":"article","og_title":"DIF Quintana Roo y UNICEF capacitan a DIF municipales para la protecci\u00f3n de ni\u00f1as, ni\u00f1os y adolescentes frente a explotaci\u00f3n y violencia - El Puuc Noticias","og_description":"Al encabezar la apertura de la jornada de \u201cFortalecimiento de Capacidades Institucionales para la Protecci\u00f3n de Ni\u00f1as, Ni\u00f1os","og_url":"https:\/\/elpuucnoticias.com\/?p=20507","og_site_name":"El Puuc Noticias","article_published_time":"2025-08-06T19:05:04+00:00","og_image":[{"width":2560,"height":1707,"url":"https:\/\/elpuucnoticias.com\/wp-content\/uploads\/2025\/08\/b0ab390f-3a70-433e-aa50-5c09c619b786-scaled-1.jpg","type":"image\/jpeg"}],"twitter_card":"summary_large_image","twitter_misc":{"Escrito por":"elpuucnoticias","Tiempo de lectura":"4 minutos"},"schema":{"@context":"https:\/\/schema.org","@graph":[{"@type":"WebSite","@id":"https:\/\/elpuucnoticias.com\/#website","url":"https:\/\/elpuucnoticias.com\/","name":"El Puuc Noticias","description":"Noticias - Entretenimiento - Deportes","potentialAction":[{"@type":"SearchAction","target":{"@type":"EntryPoint","urlTemplate":"https:\/\/elpuucnoticias.com\/?s={search_term_string}"},"query-input":"required name=search_term_string"}],"inLanguage":"es"},{"@type":"ImageObject","@id":"https:\/\/elpuucnoticias.com\/?p=20507#primaryimage","inLanguage":"es","url":"https:\/\/elpuucnoticias.com\/wp-content\/uploads\/2025\/08\/b0ab390f-3a70-433e-aa50-5c09c619b786-scaled-1.jpg","contentUrl":"https:\/\/elpuucnoticias.com\/wp-content\/uploads\/2025\/08\/b0ab390f-3a70-433e-aa50-5c09c619b786-scaled-1.jpg","width":2560,"height":1707},{"@type":"WebPage","@id":"https:\/\/elpuucnoticias.com\/?p=20507#webpage","url":"https:\/\/elpuucnoticias.com\/?p=20507","name":"DIF Quintana Roo y UNICEF capacitan a DIF municipales para la protecci\u00f3n de ni\u00f1as, ni\u00f1os y adolescentes frente a explotaci\u00f3n y violencia - El Puuc Noticias","isPartOf":{"@id":"https:\/\/elpuucnoticias.com\/#website"},"primaryImageOfPage":{"@id":"https:\/\/elpuucnoticias.com\/?p=20507#primaryimage"},"datePublished":"2025-08-06T19:05:04+00:00","dateModified":"2025-08-06T19:05:04+00:00","author":{"@id":"https:\/\/elpuucnoticias.com\/#\/schema\/person\/d2ea09e4c97f0160b11cdfb1d856bd9e"},"breadcrumb":{"@id":"https:\/\/elpuucnoticias.com\/?p=20507#breadcrumb"},"inLanguage":"es","potentialAction":[{"@type":"ReadAction","target":["https:\/\/elpuucnoticias.com\/?p=20507"]}]},{"@type":"BreadcrumbList","@id":"https:\/\/elpuucnoticias.com\/?p=20507#breadcrumb","itemListElement":[{"@type":"ListItem","position":1,"name":"Portada","item":"https:\/\/elpuucnoticias.com\/"},{"@type":"ListItem","position":2,"name":"DIF Quintana Roo y UNICEF capacitan a DIF municipales para la protecci\u00f3n de ni\u00f1as, ni\u00f1os y adolescentes frente a explotaci\u00f3n y violencia"}]},{"@type":"Person","@id":"https:\/\/elpuucnoticias.com\/#\/schema\/person\/d2ea09e4c97f0160b11cdfb1d856bd9e","name":"elpuucnoticias","image":{"@type":"ImageObject","@id":"https:\/\/elpuucnoticias.com\/#personlogo","inLanguage":"es","url":"https:\/\/secure.gravatar.com\/avatar\/5290a43657c74ffa15701dbe5b846bd85cc71930d803c84e91046a7333de6ce2?s=96&d=mm&r=g","contentUrl":"https:\/\/secure.gravatar.com\/avatar\/5290a43657c74ffa15701dbe5b846bd85cc71930d803c84e91046a7333de6ce2?s=96&d=mm&r=g","caption":"elpuucnoticias"},"sameAs":["https:\/\/elpuucnoticias.com"],"url":"https:\/\/elpuucnoticias.com\/?author=1"}]}},"_links":{"self":[{"href":"https:\/\/elpuucnoticias.com\/index.php?rest_route=\/wp\/v2\/posts\/20507","targetHints":{"allow":["GET"]}}],"collection":[{"href":"https:\/\/elpuucnoticias.com\/index.php?rest_route=\/wp\/v2\/posts"}],"about":[{"href":"https:\/\/elpuucnoticias.com\/index.php?rest_route=\/wp\/v2\/types\/post"}],"author":[{"embeddable":true,"href":"https:\/\/elpuucnoticias.com\/index.php?rest_route=\/wp\/v2\/users\/1"}],"replies":[{"embeddable":true,"href":"https:\/\/elpuucnoticias.com\/index.php?rest_route=%2Fwp%2Fv2%2Fcomments&post=20507"}],"version-history":[{"count":1,"href":"https:\/\/elpuucnoticias.com\/index.php?rest_route=\/wp\/v2\/posts\/20507\/revisions"}],"predecessor-version":[{"id":20509,"href":"https:\/\/elpuucnoticias.com\/index.php?rest_route=\/wp\/v2\/posts\/20507\/revisions\/20509"}],"wp:featuredmedia":[{"embeddable":true,"href":"https:\/\/elpuucnoticias.com\/index.php?rest_route=\/wp\/v2\/media\/20508"}],"wp:attachment":[{"href":"https:\/\/elpuucnoticias.com\/index.php?rest_route=%2Fwp%2Fv2%2Fmedia&parent=20507"}],"wp:term":[{"taxonomy":"category","embeddable":true,"href":"https:\/\/elpuucnoticias.com\/index.php?rest_route=%2Fwp%2Fv2%2Fcategories&post=20507"},{"taxonomy":"post_tag","embeddable":true,"href":"https:\/\/elpuucnoticias.com\/index.php?rest_route=%2Fwp%2Fv2%2Ftags&post=20507"}],"curies":[{"name":"wp","href":"https:\/\/api.w.org\/{rel}","templated":true}]}}