{"id":20513,"date":"2025-08-06T13:13:39","date_gmt":"2025-08-06T19:13:39","guid":{"rendered":"https:\/\/elpuucnoticias.com\/?p=20513"},"modified":"2025-08-06T13:13:40","modified_gmt":"2025-08-06T19:13:40","slug":"registra-cancun-un-crecimiento-del-2-1-en-trafico-aereo-durante-julio-y-reafirma-el-liderazgo-del-caribe-mexicano-en-conectividad","status":"publish","type":"post","link":"https:\/\/elpuucnoticias.com\/?p=20513","title":{"rendered":"Registra Canc\u00fan un crecimiento del 2.1\u202f% en tr\u00e1fico a\u00e9reo durante julio y reafirma el liderazgo del Caribe Mexicano en conectividad"},"content":{"rendered":"\n<p>El Caribe Mexicano contin\u00faa posicion\u00e1ndose como el destino tur\u00edstico mejor conectado del pa\u00eds, al registrar durante julio de este a\u00f1o, el Aeropuerto Internacional de Canc\u00fan registr\u00f3 un total de 2 millones 631 mil 540 pasajeros, lo que representa un crecimiento del 2.1% respecto al mismo mes de 2024, de acuerdo con datos oficiales del Grupo Aeroportuario del Sureste (ASUR).<\/p>\n\n\n\n<figure class=\"wp-block-image is-style-default\"><a href=\"https:\/\/cgc.qroo.gob.mx\/cjg\/wp-content\/uploads\/2025\/08\/WhatsApp-Image-2025-08-06-at-09.54.27-1.jpeg\"><img decoding=\"async\" src=\"https:\/\/cgc.qroo.gob.mx\/cjg\/wp-content\/uploads\/2025\/08\/WhatsApp-Image-2025-08-06-at-09.54.27-1-585x311.jpeg\" alt=\"\" title=\"WhatsApp Image 2025-08-06 at 09.54.27 (1)\"\/><\/a><\/figure>\n\n\n\n<figure class=\"wp-block-image is-style-default\"><a href=\"https:\/\/cgc.qroo.gob.mx\/cjg\/wp-content\/uploads\/2025\/08\/WhatsApp-Image-2025-08-06-at-09.54.28-4.jpeg\"><img decoding=\"async\" src=\"https:\/\/cgc.qroo.gob.mx\/cjg\/wp-content\/uploads\/2025\/08\/WhatsApp-Image-2025-08-06-at-09.54.28-4-585x323.jpeg\" alt=\"\" title=\"WhatsApp Image 2025-08-06 at 09.54.28 (4)\"\/><\/a><\/figure>\n\n\n\n<p>Estos resultados son gracias a las gestiones realizadas por la gobernadora Mara Lezama Espinosa y las ferias internacionales, donde se ha destacado que el turismo es motor principal de la econom\u00eda de Quintana Roo y su prosperidad llegue a todos los hogares del estado.<\/p>\n\n\n\n<figure class=\"wp-block-image is-style-default\"><a href=\"https:\/\/cgc.qroo.gob.mx\/cjg\/wp-content\/uploads\/2025\/08\/WhatsApp-Image-2025-08-06-at-09.54.27.jpeg\"><img decoding=\"async\" src=\"https:\/\/cgc.qroo.gob.mx\/cjg\/wp-content\/uploads\/2025\/08\/WhatsApp-Image-2025-08-06-at-09.54.27-585x344.jpeg\" alt=\"\" title=\"WhatsApp Image 2025-08-06 at 09.54.27\"\/><\/a><\/figure>\n\n\n\n<p>Este incremento se debe principalmente al fuerte repunte del turismo internacional, que aument\u00f3 un 4.4%, al pasar de un mill\u00f3n 637 mil 174 a un mill\u00f3n 709 mil 759 pasajeros internacionales. Aunque el tr\u00e1fico nacional mostr\u00f3 una ligera disminuci\u00f3n del 2.0%, el comportamiento positivo del mercado internacional impuls\u00f3 el crecimiento total del aeropuerto.<\/p>\n\n\n\n<figure class=\"wp-block-image is-style-default\"><a href=\"https:\/\/cgc.qroo.gob.mx\/cjg\/wp-content\/uploads\/2025\/08\/WhatsApp-Image-2025-08-06-at-09.54.28-1.jpeg\"><img decoding=\"async\" src=\"https:\/\/cgc.qroo.gob.mx\/cjg\/wp-content\/uploads\/2025\/08\/WhatsApp-Image-2025-08-06-at-09.54.28-1-585x350.jpeg\" alt=\"\" title=\"WhatsApp Image 2025-08-06 at 09.54.28 (1)\"\/><\/a><\/figure>\n\n\n\n<figure class=\"wp-block-image is-style-default\"><a href=\"https:\/\/cgc.qroo.gob.mx\/cjg\/wp-content\/uploads\/2025\/08\/WhatsApp-Image-2025-08-06-at-09.54.28-2.jpeg\"><img decoding=\"async\" src=\"https:\/\/cgc.qroo.gob.mx\/cjg\/wp-content\/uploads\/2025\/08\/WhatsApp-Image-2025-08-06-at-09.54.28-2-585x324.jpeg\" alt=\"\" title=\"WhatsApp Image 2025-08-06 at 09.54.28 (2)\"\/><\/a><\/figure>\n\n\n\n<p>\u201cEste crecimiento reafirma la confianza del mundo en el Caribe Mexicano. La conectividad a\u00e9rea es uno de nuestros grandes activos y vamos a seguir fortaleci\u00e9ndola para que el turismo siga generando bienestar a m\u00e1s familias quintanarroenses como lo ha reafirmado la gobernadora Mara Lezama en la Nueva Era del Turismo\u201d, afirm\u00f3 el titular de la Secretar\u00eda Estatal de Turismo (SEDETUR) Bernardo Cueto Riestra.<\/p>\n\n\n\n<figure class=\"wp-block-image is-style-default\"><a href=\"https:\/\/cgc.qroo.gob.mx\/cjg\/wp-content\/uploads\/2025\/08\/WhatsApp-Image-2025-08-06-at-09.54.27-2.jpeg\"><img decoding=\"async\" src=\"https:\/\/cgc.qroo.gob.mx\/cjg\/wp-content\/uploads\/2025\/08\/WhatsApp-Image-2025-08-06-at-09.54.27-2-585x347.jpeg\" alt=\"\" title=\"WhatsApp Image 2025-08-06 at 09.54.27 (2)\"\/><\/a><\/figure>\n\n\n\n<p>Asimismo, destac\u00f3 la importancia estrat\u00e9gica de este resultado: \u201cCada vuelo que aterriza en Canc\u00fan representa desarrollo, empleos y mejores oportunidades. Esta nueva era de conectividad fortalece nuestra visi\u00f3n de un turismo con justicia social, donde el \u00e9xito del destino se traduzca en prosperidad compartida para todas y todos\u201d.<\/p>\n\n\n\n<figure class=\"wp-block-image is-style-default\"><a href=\"https:\/\/cgc.qroo.gob.mx\/cjg\/wp-content\/uploads\/2025\/08\/WhatsApp-Image-2025-08-06-at-09.54.28-3.jpeg\"><img decoding=\"async\" src=\"https:\/\/cgc.qroo.gob.mx\/cjg\/wp-content\/uploads\/2025\/08\/WhatsApp-Image-2025-08-06-at-09.54.28-3-585x310.jpeg\" alt=\"\" title=\"WhatsApp Image 2025-08-06 at 09.54.28 (3)\"\/><\/a><\/figure>\n\n\n\n<p>Finalmente se\u00f1al\u00f3 que Quintana Roo contin\u00faa liderando el tr\u00e1fico a\u00e9reo en M\u00e9xico gracias a su infraestructura, promoci\u00f3n internacional y preferencia de los mercados globales. Canc\u00fan se consolida como un hub tur\u00edstico esencial para el pa\u00eds y Am\u00e9rica Latina.<\/p>\n","protected":false},"excerpt":{"rendered":"<p>El Caribe Mexicano contin\u00faa posicion\u00e1ndose como el destino tur\u00edstico mejor conectado del pa\u00eds, al registrar durante julio de<\/p>\n","protected":false},"author":1,"featured_media":20514,"comment_status":"closed","ping_status":"open","sticky":false,"template":"","format":"standard","meta":{"_monsterinsights_skip_tracking":false,"_monsterinsights_sitenote_active":false,"_monsterinsights_sitenote_note":"","_monsterinsights_sitenote_category":0,"footnotes":""},"categories":[11,24],"tags":[],"class_list":["post-20513","post","type-post","status-publish","format-standard","has-post-thumbnail","hentry","category-noticias","category-quintana-roo"],"yoast_head":"<!-- This site is optimized with the Yoast SEO plugin v18.3 - https:\/\/yoast.com\/wordpress\/plugins\/seo\/ -->\n<title>Registra Canc\u00fan un crecimiento del 2.1\u202f% en tr\u00e1fico a\u00e9reo durante julio y reafirma el liderazgo del Caribe Mexicano en conectividad - El Puuc Noticias<\/title>\n<meta name=\"robots\" content=\"index, follow, max-snippet:-1, max-image-preview:large, max-video-preview:-1\" \/>\n<link rel=\"canonical\" href=\"https:\/\/elpuucnoticias.com\/?p=20513\" \/>\n<meta property=\"og:locale\" content=\"es_ES\" \/>\n<meta property=\"og:type\" content=\"article\" \/>\n<meta property=\"og:title\" content=\"Registra Canc\u00fan un crecimiento del 2.1\u202f% en tr\u00e1fico a\u00e9reo durante julio y reafirma el liderazgo del Caribe Mexicano en conectividad - El Puuc Noticias\" \/>\n<meta property=\"og:description\" content=\"El Caribe Mexicano contin\u00faa posicion\u00e1ndose como el destino tur\u00edstico mejor conectado del pa\u00eds, al registrar durante julio de\" \/>\n<meta property=\"og:url\" content=\"https:\/\/elpuucnoticias.com\/?p=20513\" \/>\n<meta property=\"og:site_name\" content=\"El Puuc Noticias\" \/>\n<meta property=\"article:published_time\" content=\"2025-08-06T19:13:39+00:00\" \/>\n<meta property=\"article:modified_time\" content=\"2025-08-06T19:13:40+00:00\" \/>\n<meta property=\"og:image\" content=\"https:\/\/elpuucnoticias.com\/wp-content\/uploads\/2025\/08\/whatsapp-image-2025-08-06-at-09.54.28.jpeg\" \/>\n\t<meta property=\"og:image:width\" content=\"1152\" \/>\n\t<meta property=\"og:image:height\" content=\"640\" \/>\n\t<meta property=\"og:image:type\" content=\"image\/jpeg\" \/>\n<meta name=\"twitter:card\" content=\"summary_large_image\" \/>\n<meta name=\"twitter:label1\" content=\"Escrito por\" \/>\n\t<meta name=\"twitter:data1\" content=\"elpuucnoticias\" \/>\n\t<meta name=\"twitter:label2\" content=\"Tiempo de lectura\" \/>\n\t<meta name=\"twitter:data2\" content=\"2 minutos\" \/>\n<script type=\"application\/ld+json\" class=\"yoast-schema-graph\">{\"@context\":\"https:\/\/schema.org\",\"@graph\":[{\"@type\":\"WebSite\",\"@id\":\"https:\/\/elpuucnoticias.com\/#website\",\"url\":\"https:\/\/elpuucnoticias.com\/\",\"name\":\"El Puuc Noticias\",\"description\":\"Noticias - Entretenimiento - Deportes\",\"potentialAction\":[{\"@type\":\"SearchAction\",\"target\":{\"@type\":\"EntryPoint\",\"urlTemplate\":\"https:\/\/elpuucnoticias.com\/?s={search_term_string}\"},\"query-input\":\"required name=search_term_string\"}],\"inLanguage\":\"es\"},{\"@type\":\"ImageObject\",\"@id\":\"https:\/\/elpuucnoticias.com\/?p=20513#primaryimage\",\"inLanguage\":\"es\",\"url\":\"https:\/\/elpuucnoticias.com\/wp-content\/uploads\/2025\/08\/whatsapp-image-2025-08-06-at-09.54.28.jpeg\",\"contentUrl\":\"https:\/\/elpuucnoticias.com\/wp-content\/uploads\/2025\/08\/whatsapp-image-2025-08-06-at-09.54.28.jpeg\",\"width\":1152,\"height\":640},{\"@type\":\"WebPage\",\"@id\":\"https:\/\/elpuucnoticias.com\/?p=20513#webpage\",\"url\":\"https:\/\/elpuucnoticias.com\/?p=20513\",\"name\":\"Registra Canc\u00fan un crecimiento del 2.1\u202f% en tr\u00e1fico a\u00e9reo durante julio y reafirma el liderazgo del Caribe Mexicano en conectividad - El Puuc Noticias\",\"isPartOf\":{\"@id\":\"https:\/\/elpuucnoticias.com\/#website\"},\"primaryImageOfPage\":{\"@id\":\"https:\/\/elpuucnoticias.com\/?p=20513#primaryimage\"},\"datePublished\":\"2025-08-06T19:13:39+00:00\",\"dateModified\":\"2025-08-06T19:13:40+00:00\",\"author\":{\"@id\":\"https:\/\/elpuucnoticias.com\/#\/schema\/person\/d2ea09e4c97f0160b11cdfb1d856bd9e\"},\"breadcrumb\":{\"@id\":\"https:\/\/elpuucnoticias.com\/?p=20513#breadcrumb\"},\"inLanguage\":\"es\",\"potentialAction\":[{\"@type\":\"ReadAction\",\"target\":[\"https:\/\/elpuucnoticias.com\/?p=20513\"]}]},{\"@type\":\"BreadcrumbList\",\"@id\":\"https:\/\/elpuucnoticias.com\/?p=20513#breadcrumb\",\"itemListElement\":[{\"@type\":\"ListItem\",\"position\":1,\"name\":\"Portada\",\"item\":\"https:\/\/elpuucnoticias.com\/\"},{\"@type\":\"ListItem\",\"position\":2,\"name\":\"Registra Canc\u00fan un crecimiento del 2.1\u202f% en tr\u00e1fico a\u00e9reo durante julio y reafirma el liderazgo del Caribe Mexicano en conectividad\"}]},{\"@type\":\"Person\",\"@id\":\"https:\/\/elpuucnoticias.com\/#\/schema\/person\/d2ea09e4c97f0160b11cdfb1d856bd9e\",\"name\":\"elpuucnoticias\",\"image\":{\"@type\":\"ImageObject\",\"@id\":\"https:\/\/elpuucnoticias.com\/#personlogo\",\"inLanguage\":\"es\",\"url\":\"https:\/\/secure.gravatar.com\/avatar\/5290a43657c74ffa15701dbe5b846bd85cc71930d803c84e91046a7333de6ce2?s=96&d=mm&r=g\",\"contentUrl\":\"https:\/\/secure.gravatar.com\/avatar\/5290a43657c74ffa15701dbe5b846bd85cc71930d803c84e91046a7333de6ce2?s=96&d=mm&r=g\",\"caption\":\"elpuucnoticias\"},\"sameAs\":[\"https:\/\/elpuucnoticias.com\"],\"url\":\"https:\/\/elpuucnoticias.com\/?author=1\"}]}<\/script>\n<!-- \/ Yoast SEO plugin. -->","yoast_head_json":{"title":"Registra Canc\u00fan un crecimiento del 2.1\u202f% en tr\u00e1fico a\u00e9reo durante julio y reafirma el liderazgo del Caribe Mexicano en conectividad - El Puuc Noticias","robots":{"index":"index","follow":"follow","max-snippet":"max-snippet:-1","max-image-preview":"max-image-preview:large","max-video-preview":"max-video-preview:-1"},"canonical":"https:\/\/elpuucnoticias.com\/?p=20513","og_locale":"es_ES","og_type":"article","og_title":"Registra Canc\u00fan un crecimiento del 2.1\u202f% en tr\u00e1fico a\u00e9reo durante julio y reafirma el liderazgo del Caribe Mexicano en conectividad - El Puuc Noticias","og_description":"El Caribe Mexicano contin\u00faa posicion\u00e1ndose como el destino tur\u00edstico mejor conectado del pa\u00eds, al registrar durante julio de","og_url":"https:\/\/elpuucnoticias.com\/?p=20513","og_site_name":"El Puuc Noticias","article_published_time":"2025-08-06T19:13:39+00:00","article_modified_time":"2025-08-06T19:13:40+00:00","og_image":[{"width":1152,"height":640,"url":"https:\/\/elpuucnoticias.com\/wp-content\/uploads\/2025\/08\/whatsapp-image-2025-08-06-at-09.54.28.jpeg","type":"image\/jpeg"}],"twitter_card":"summary_large_image","twitter_misc":{"Escrito por":"elpuucnoticias","Tiempo de lectura":"2 minutos"},"schema":{"@context":"https:\/\/schema.org","@graph":[{"@type":"WebSite","@id":"https:\/\/elpuucnoticias.com\/#website","url":"https:\/\/elpuucnoticias.com\/","name":"El Puuc Noticias","description":"Noticias - Entretenimiento - Deportes","potentialAction":[{"@type":"SearchAction","target":{"@type":"EntryPoint","urlTemplate":"https:\/\/elpuucnoticias.com\/?s={search_term_string}"},"query-input":"required name=search_term_string"}],"inLanguage":"es"},{"@type":"ImageObject","@id":"https:\/\/elpuucnoticias.com\/?p=20513#primaryimage","inLanguage":"es","url":"https:\/\/elpuucnoticias.com\/wp-content\/uploads\/2025\/08\/whatsapp-image-2025-08-06-at-09.54.28.jpeg","contentUrl":"https:\/\/elpuucnoticias.com\/wp-content\/uploads\/2025\/08\/whatsapp-image-2025-08-06-at-09.54.28.jpeg","width":1152,"height":640},{"@type":"WebPage","@id":"https:\/\/elpuucnoticias.com\/?p=20513#webpage","url":"https:\/\/elpuucnoticias.com\/?p=20513","name":"Registra Canc\u00fan un crecimiento del 2.1\u202f% en tr\u00e1fico a\u00e9reo durante julio y reafirma el liderazgo del Caribe Mexicano en conectividad - El Puuc Noticias","isPartOf":{"@id":"https:\/\/elpuucnoticias.com\/#website"},"primaryImageOfPage":{"@id":"https:\/\/elpuucnoticias.com\/?p=20513#primaryimage"},"datePublished":"2025-08-06T19:13:39+00:00","dateModified":"2025-08-06T19:13:40+00:00","author":{"@id":"https:\/\/elpuucnoticias.com\/#\/schema\/person\/d2ea09e4c97f0160b11cdfb1d856bd9e"},"breadcrumb":{"@id":"https:\/\/elpuucnoticias.com\/?p=20513#breadcrumb"},"inLanguage":"es","potentialAction":[{"@type":"ReadAction","target":["https:\/\/elpuucnoticias.com\/?p=20513"]}]},{"@type":"BreadcrumbList","@id":"https:\/\/elpuucnoticias.com\/?p=20513#breadcrumb","itemListElement":[{"@type":"ListItem","position":1,"name":"Portada","item":"https:\/\/elpuucnoticias.com\/"},{"@type":"ListItem","position":2,"name":"Registra Canc\u00fan un crecimiento del 2.1\u202f% en tr\u00e1fico a\u00e9reo durante julio y reafirma el liderazgo del Caribe Mexicano en conectividad"}]},{"@type":"Person","@id":"https:\/\/elpuucnoticias.com\/#\/schema\/person\/d2ea09e4c97f0160b11cdfb1d856bd9e","name":"elpuucnoticias","image":{"@type":"ImageObject","@id":"https:\/\/elpuucnoticias.com\/#personlogo","inLanguage":"es","url":"https:\/\/secure.gravatar.com\/avatar\/5290a43657c74ffa15701dbe5b846bd85cc71930d803c84e91046a7333de6ce2?s=96&d=mm&r=g","contentUrl":"https:\/\/secure.gravatar.com\/avatar\/5290a43657c74ffa15701dbe5b846bd85cc71930d803c84e91046a7333de6ce2?s=96&d=mm&r=g","caption":"elpuucnoticias"},"sameAs":["https:\/\/elpuucnoticias.com"],"url":"https:\/\/elpuucnoticias.com\/?author=1"}]}},"_links":{"self":[{"href":"https:\/\/elpuucnoticias.com\/index.php?rest_route=\/wp\/v2\/posts\/20513","targetHints":{"allow":["GET"]}}],"collection":[{"href":"https:\/\/elpuucnoticias.com\/index.php?rest_route=\/wp\/v2\/posts"}],"about":[{"href":"https:\/\/elpuucnoticias.com\/index.php?rest_route=\/wp\/v2\/types\/post"}],"author":[{"embeddable":true,"href":"https:\/\/elpuucnoticias.com\/index.php?rest_route=\/wp\/v2\/users\/1"}],"replies":[{"embeddable":true,"href":"https:\/\/elpuucnoticias.com\/index.php?rest_route=%2Fwp%2Fv2%2Fcomments&post=20513"}],"version-history":[{"count":1,"href":"https:\/\/elpuucnoticias.com\/index.php?rest_route=\/wp\/v2\/posts\/20513\/revisions"}],"predecessor-version":[{"id":20515,"href":"https:\/\/elpuucnoticias.com\/index.php?rest_route=\/wp\/v2\/posts\/20513\/revisions\/20515"}],"wp:featuredmedia":[{"embeddable":true,"href":"https:\/\/elpuucnoticias.com\/index.php?rest_route=\/wp\/v2\/media\/20514"}],"wp:attachment":[{"href":"https:\/\/elpuucnoticias.com\/index.php?rest_route=%2Fwp%2Fv2%2Fmedia&parent=20513"}],"wp:term":[{"taxonomy":"category","embeddable":true,"href":"https:\/\/elpuucnoticias.com\/index.php?rest_route=%2Fwp%2Fv2%2Fcategories&post=20513"},{"taxonomy":"post_tag","embeddable":true,"href":"https:\/\/elpuucnoticias.com\/index.php?rest_route=%2Fwp%2Fv2%2Ftags&post=20513"}],"curies":[{"name":"wp","href":"https:\/\/api.w.org\/{rel}","templated":true}]}}