{"id":20516,"date":"2025-08-08T10:52:54","date_gmt":"2025-08-08T16:52:54","guid":{"rendered":"https:\/\/elpuucnoticias.com\/?p=20516"},"modified":"2025-08-08T10:52:55","modified_gmt":"2025-08-08T16:52:55","slug":"quintana-roo-es-el-primer-estado-en-sumarse-al-plan-mexico-y-anuncia-mara-lezama-y-marcelo-ebrard-adquisicion-de-autobuses-electricos-totalmente-hechos-en-mexico","status":"publish","type":"post","link":"https:\/\/elpuucnoticias.com\/?p=20516","title":{"rendered":"Quintana Roo es el primer estado en sumarse al Plan M\u00e9xico y anuncia Mara Lezama y Marcelo Ebrard, adquisici\u00f3n de autobuses el\u00e9ctricos totalmente hechos en M\u00e9xico"},"content":{"rendered":"\n<p>Al anunciar que Quintana Roo har\u00e1 la primera compra en todo el pa\u00eds de los autobuses el\u00e9ctricos Taruk que se producen en M\u00e9xico, la gobernadora Mara Lezama Espinosa afirm\u00f3 que tambi\u00e9n se convierte en la primera entidad en sumarse al Plan M\u00e9xico que impulsa la Presidenta Claudia Sheinbaum, para el fortalecimiento de la econom\u00eda nacional.<\/p>\n\n\n\n<p>Acompa\u00f1ada del secretario de Econom\u00eda, Marcelo Ebrard Casaubon, y del director general de Potencia Industrial Taruk, Roberto Gottfriend, la gobernadora Mara Lezama destac\u00f3 que esta decisi\u00f3n le dar\u00e1 a Chetumal un transporte p\u00fablico el\u00e9ctrico digno, amigable con el medio ambiente, pero tambi\u00e9n apoyar\u00e1 a la econom\u00eda nacional y a las industrias mexicanas.<\/p>\n\n\n\n<p>Marcelo Ebrard afirm\u00f3, por su parte, que esta es una muy buena iniciativa para fortalecer la econom\u00eda del pa\u00eds y sortear las crisis. \u201cDefender a nuestro pa\u00eds, apoyarlo entre nosotros. Si tienes algo hecho en M\u00e9xico \u00bfpara qu\u00e9 traer de fuera? Gracias Mara por esta decisi\u00f3n\u201d, a\u00f1adi\u00f3.<\/p>\n\n\n\n<p>Los autobuses Taruk son el\u00e9ctricos dise\u00f1ados y fabricados en M\u00e9xico, cuyo nombre significa \u201ccorrecaminos\u201d en lengua yaqui. Son el resultado de un proyecto conjunto entre el gobierno mexicano, empresas como Megaflux y DINA, y centros de investigaci\u00f3n como el Conacyt, la UNAM, la UAM y CIATEQ. El Taruk busca promover la movilidad limpia y fortalecer la industria nacional de transporte el\u00e9ctrico.<\/p>\n\n\n\n<p>El proyecto por dotar a Chetumal de un sistema de movilidad digno y eficiente es una iniciativa que no s\u00f3lo atiende una deuda hist\u00f3rica de m\u00e1s de una d\u00e9cada sin transporte p\u00fablico en la capital, sino que articula el desarrollo econ\u00f3mico con el bienestar de las y los ciudadanos.<\/p>\n\n\n\n<p>A\u00f1adi\u00f3 que Quintana Roo ser\u00e1 el primer estado, y Chetumal la primera ciudad, en donde rodar\u00e1n los autobuses Taruk, con lo que se apoyar\u00e1 el Plan M\u00e9xico.<\/p>\n\n\n\n<p>La decisi\u00f3n responde tambi\u00e9n al ejercicio de participaci\u00f3n ciudadana realizado mediante el programa \u201cTu Ruta Chetumal\u201d, a trav\u00e9s del cual se recogieron las necesidades, propuestas y preocupaciones de las y los habitantes de la capital del estado.<\/p>\n","protected":false},"excerpt":{"rendered":"<p>Al anunciar que Quintana Roo har\u00e1 la primera compra en todo el pa\u00eds de los autobuses el\u00e9ctricos Taruk<\/p>\n","protected":false},"author":1,"featured_media":20517,"comment_status":"closed","ping_status":"open","sticky":false,"template":"","format":"standard","meta":{"_monsterinsights_skip_tracking":false,"_monsterinsights_sitenote_active":false,"_monsterinsights_sitenote_note":"","_monsterinsights_sitenote_category":0,"footnotes":""},"categories":[11,24],"tags":[],"class_list":["post-20516","post","type-post","status-publish","format-standard","has-post-thumbnail","hentry","category-noticias","category-quintana-roo"],"yoast_head":"<!-- This site is optimized with the Yoast SEO plugin v18.3 - https:\/\/yoast.com\/wordpress\/plugins\/seo\/ -->\n<title>Quintana Roo es el primer estado en sumarse al Plan M\u00e9xico y anuncia Mara Lezama y Marcelo Ebrard, adquisici\u00f3n de autobuses el\u00e9ctricos totalmente hechos en M\u00e9xico - El Puuc Noticias<\/title>\n<meta name=\"robots\" content=\"index, follow, max-snippet:-1, max-image-preview:large, max-video-preview:-1\" \/>\n<link rel=\"canonical\" href=\"https:\/\/elpuucnoticias.com\/?p=20516\" \/>\n<meta property=\"og:locale\" content=\"es_ES\" \/>\n<meta property=\"og:type\" content=\"article\" \/>\n<meta property=\"og:title\" content=\"Quintana Roo es el primer estado en sumarse al Plan M\u00e9xico y anuncia Mara Lezama y Marcelo Ebrard, adquisici\u00f3n de autobuses el\u00e9ctricos totalmente hechos en M\u00e9xico - El Puuc Noticias\" \/>\n<meta property=\"og:description\" content=\"Al anunciar que Quintana Roo har\u00e1 la primera compra en todo el pa\u00eds de los autobuses el\u00e9ctricos Taruk\" \/>\n<meta property=\"og:url\" content=\"https:\/\/elpuucnoticias.com\/?p=20516\" \/>\n<meta property=\"og:site_name\" content=\"El Puuc Noticias\" \/>\n<meta property=\"article:published_time\" content=\"2025-08-08T16:52:54+00:00\" \/>\n<meta property=\"article:modified_time\" content=\"2025-08-08T16:52:55+00:00\" \/>\n<meta name=\"twitter:card\" content=\"summary_large_image\" \/>\n<meta name=\"twitter:label1\" content=\"Escrito por\" \/>\n\t<meta name=\"twitter:data1\" content=\"elpuucnoticias\" \/>\n\t<meta name=\"twitter:label2\" content=\"Tiempo de lectura\" \/>\n\t<meta name=\"twitter:data2\" content=\"2 minutos\" \/>\n<script type=\"application\/ld+json\" class=\"yoast-schema-graph\">{\"@context\":\"https:\/\/schema.org\",\"@graph\":[{\"@type\":\"WebSite\",\"@id\":\"https:\/\/elpuucnoticias.com\/#website\",\"url\":\"https:\/\/elpuucnoticias.com\/\",\"name\":\"El Puuc Noticias\",\"description\":\"Noticias - Entretenimiento - Deportes\",\"potentialAction\":[{\"@type\":\"SearchAction\",\"target\":{\"@type\":\"EntryPoint\",\"urlTemplate\":\"https:\/\/elpuucnoticias.com\/?s={search_term_string}\"},\"query-input\":\"required name=search_term_string\"}],\"inLanguage\":\"es\"},{\"@type\":\"ImageObject\",\"@id\":\"https:\/\/elpuucnoticias.com\/?p=20516#primaryimage\",\"inLanguage\":\"es\",\"url\":\"https:\/\/elpuucnoticias.com\/wp-content\/uploads\/2025\/08\/dac2d757-eed4-4472-809c-7c9d833c76d6-scaled-1.jpg\",\"contentUrl\":\"https:\/\/elpuucnoticias.com\/wp-content\/uploads\/2025\/08\/dac2d757-eed4-4472-809c-7c9d833c76d6-scaled-1.jpg\",\"width\":2560,\"height\":1707},{\"@type\":\"WebPage\",\"@id\":\"https:\/\/elpuucnoticias.com\/?p=20516#webpage\",\"url\":\"https:\/\/elpuucnoticias.com\/?p=20516\",\"name\":\"Quintana Roo es el primer estado en sumarse al Plan M\u00e9xico y anuncia Mara Lezama y Marcelo Ebrard, adquisici\u00f3n de autobuses el\u00e9ctricos totalmente hechos en M\u00e9xico - El Puuc Noticias\",\"isPartOf\":{\"@id\":\"https:\/\/elpuucnoticias.com\/#website\"},\"primaryImageOfPage\":{\"@id\":\"https:\/\/elpuucnoticias.com\/?p=20516#primaryimage\"},\"datePublished\":\"2025-08-08T16:52:54+00:00\",\"dateModified\":\"2025-08-08T16:52:55+00:00\",\"author\":{\"@id\":\"https:\/\/elpuucnoticias.com\/#\/schema\/person\/d2ea09e4c97f0160b11cdfb1d856bd9e\"},\"breadcrumb\":{\"@id\":\"https:\/\/elpuucnoticias.com\/?p=20516#breadcrumb\"},\"inLanguage\":\"es\",\"potentialAction\":[{\"@type\":\"ReadAction\",\"target\":[\"https:\/\/elpuucnoticias.com\/?p=20516\"]}]},{\"@type\":\"BreadcrumbList\",\"@id\":\"https:\/\/elpuucnoticias.com\/?p=20516#breadcrumb\",\"itemListElement\":[{\"@type\":\"ListItem\",\"position\":1,\"name\":\"Portada\",\"item\":\"https:\/\/elpuucnoticias.com\/\"},{\"@type\":\"ListItem\",\"position\":2,\"name\":\"Quintana Roo es el primer estado en sumarse al Plan M\u00e9xico y anuncia Mara Lezama y Marcelo Ebrard, adquisici\u00f3n de autobuses el\u00e9ctricos totalmente hechos en M\u00e9xico\"}]},{\"@type\":\"Person\",\"@id\":\"https:\/\/elpuucnoticias.com\/#\/schema\/person\/d2ea09e4c97f0160b11cdfb1d856bd9e\",\"name\":\"elpuucnoticias\",\"image\":{\"@type\":\"ImageObject\",\"@id\":\"https:\/\/elpuucnoticias.com\/#personlogo\",\"inLanguage\":\"es\",\"url\":\"https:\/\/secure.gravatar.com\/avatar\/5290a43657c74ffa15701dbe5b846bd85cc71930d803c84e91046a7333de6ce2?s=96&d=mm&r=g\",\"contentUrl\":\"https:\/\/secure.gravatar.com\/avatar\/5290a43657c74ffa15701dbe5b846bd85cc71930d803c84e91046a7333de6ce2?s=96&d=mm&r=g\",\"caption\":\"elpuucnoticias\"},\"sameAs\":[\"https:\/\/elpuucnoticias.com\"],\"url\":\"https:\/\/elpuucnoticias.com\/?author=1\"}]}<\/script>\n<!-- \/ Yoast SEO plugin. -->","yoast_head_json":{"title":"Quintana Roo es el primer estado en sumarse al Plan M\u00e9xico y anuncia Mara Lezama y Marcelo Ebrard, adquisici\u00f3n de autobuses el\u00e9ctricos totalmente hechos en M\u00e9xico - El Puuc Noticias","robots":{"index":"index","follow":"follow","max-snippet":"max-snippet:-1","max-image-preview":"max-image-preview:large","max-video-preview":"max-video-preview:-1"},"canonical":"https:\/\/elpuucnoticias.com\/?p=20516","og_locale":"es_ES","og_type":"article","og_title":"Quintana Roo es el primer estado en sumarse al Plan M\u00e9xico y anuncia Mara Lezama y Marcelo Ebrard, adquisici\u00f3n de autobuses el\u00e9ctricos totalmente hechos en M\u00e9xico - El Puuc Noticias","og_description":"Al anunciar que Quintana Roo har\u00e1 la primera compra en todo el pa\u00eds de los autobuses el\u00e9ctricos Taruk","og_url":"https:\/\/elpuucnoticias.com\/?p=20516","og_site_name":"El Puuc Noticias","article_published_time":"2025-08-08T16:52:54+00:00","article_modified_time":"2025-08-08T16:52:55+00:00","twitter_card":"summary_large_image","twitter_misc":{"Escrito por":"elpuucnoticias","Tiempo de lectura":"2 minutos"},"schema":{"@context":"https:\/\/schema.org","@graph":[{"@type":"WebSite","@id":"https:\/\/elpuucnoticias.com\/#website","url":"https:\/\/elpuucnoticias.com\/","name":"El Puuc Noticias","description":"Noticias - Entretenimiento - Deportes","potentialAction":[{"@type":"SearchAction","target":{"@type":"EntryPoint","urlTemplate":"https:\/\/elpuucnoticias.com\/?s={search_term_string}"},"query-input":"required name=search_term_string"}],"inLanguage":"es"},{"@type":"ImageObject","@id":"https:\/\/elpuucnoticias.com\/?p=20516#primaryimage","inLanguage":"es","url":"https:\/\/elpuucnoticias.com\/wp-content\/uploads\/2025\/08\/dac2d757-eed4-4472-809c-7c9d833c76d6-scaled-1.jpg","contentUrl":"https:\/\/elpuucnoticias.com\/wp-content\/uploads\/2025\/08\/dac2d757-eed4-4472-809c-7c9d833c76d6-scaled-1.jpg","width":2560,"height":1707},{"@type":"WebPage","@id":"https:\/\/elpuucnoticias.com\/?p=20516#webpage","url":"https:\/\/elpuucnoticias.com\/?p=20516","name":"Quintana Roo es el primer estado en sumarse al Plan M\u00e9xico y anuncia Mara Lezama y Marcelo Ebrard, adquisici\u00f3n de autobuses el\u00e9ctricos totalmente hechos en M\u00e9xico - El Puuc Noticias","isPartOf":{"@id":"https:\/\/elpuucnoticias.com\/#website"},"primaryImageOfPage":{"@id":"https:\/\/elpuucnoticias.com\/?p=20516#primaryimage"},"datePublished":"2025-08-08T16:52:54+00:00","dateModified":"2025-08-08T16:52:55+00:00","author":{"@id":"https:\/\/elpuucnoticias.com\/#\/schema\/person\/d2ea09e4c97f0160b11cdfb1d856bd9e"},"breadcrumb":{"@id":"https:\/\/elpuucnoticias.com\/?p=20516#breadcrumb"},"inLanguage":"es","potentialAction":[{"@type":"ReadAction","target":["https:\/\/elpuucnoticias.com\/?p=20516"]}]},{"@type":"BreadcrumbList","@id":"https:\/\/elpuucnoticias.com\/?p=20516#breadcrumb","itemListElement":[{"@type":"ListItem","position":1,"name":"Portada","item":"https:\/\/elpuucnoticias.com\/"},{"@type":"ListItem","position":2,"name":"Quintana Roo es el primer estado en sumarse al Plan M\u00e9xico y anuncia Mara Lezama y Marcelo Ebrard, adquisici\u00f3n de autobuses el\u00e9ctricos totalmente hechos en M\u00e9xico"}]},{"@type":"Person","@id":"https:\/\/elpuucnoticias.com\/#\/schema\/person\/d2ea09e4c97f0160b11cdfb1d856bd9e","name":"elpuucnoticias","image":{"@type":"ImageObject","@id":"https:\/\/elpuucnoticias.com\/#personlogo","inLanguage":"es","url":"https:\/\/secure.gravatar.com\/avatar\/5290a43657c74ffa15701dbe5b846bd85cc71930d803c84e91046a7333de6ce2?s=96&d=mm&r=g","contentUrl":"https:\/\/secure.gravatar.com\/avatar\/5290a43657c74ffa15701dbe5b846bd85cc71930d803c84e91046a7333de6ce2?s=96&d=mm&r=g","caption":"elpuucnoticias"},"sameAs":["https:\/\/elpuucnoticias.com"],"url":"https:\/\/elpuucnoticias.com\/?author=1"}]}},"_links":{"self":[{"href":"https:\/\/elpuucnoticias.com\/index.php?rest_route=\/wp\/v2\/posts\/20516","targetHints":{"allow":["GET"]}}],"collection":[{"href":"https:\/\/elpuucnoticias.com\/index.php?rest_route=\/wp\/v2\/posts"}],"about":[{"href":"https:\/\/elpuucnoticias.com\/index.php?rest_route=\/wp\/v2\/types\/post"}],"author":[{"embeddable":true,"href":"https:\/\/elpuucnoticias.com\/index.php?rest_route=\/wp\/v2\/users\/1"}],"replies":[{"embeddable":true,"href":"https:\/\/elpuucnoticias.com\/index.php?rest_route=%2Fwp%2Fv2%2Fcomments&post=20516"}],"version-history":[{"count":1,"href":"https:\/\/elpuucnoticias.com\/index.php?rest_route=\/wp\/v2\/posts\/20516\/revisions"}],"predecessor-version":[{"id":20518,"href":"https:\/\/elpuucnoticias.com\/index.php?rest_route=\/wp\/v2\/posts\/20516\/revisions\/20518"}],"wp:featuredmedia":[{"embeddable":true,"href":"https:\/\/elpuucnoticias.com\/index.php?rest_route=\/wp\/v2\/media\/20517"}],"wp:attachment":[{"href":"https:\/\/elpuucnoticias.com\/index.php?rest_route=%2Fwp%2Fv2%2Fmedia&parent=20516"}],"wp:term":[{"taxonomy":"category","embeddable":true,"href":"https:\/\/elpuucnoticias.com\/index.php?rest_route=%2Fwp%2Fv2%2Fcategories&post=20516"},{"taxonomy":"post_tag","embeddable":true,"href":"https:\/\/elpuucnoticias.com\/index.php?rest_route=%2Fwp%2Fv2%2Ftags&post=20516"}],"curies":[{"name":"wp","href":"https:\/\/api.w.org\/{rel}","templated":true}]}}