{"id":20521,"date":"2025-08-08T11:01:18","date_gmt":"2025-08-08T17:01:18","guid":{"rendered":"https:\/\/elpuucnoticias.com\/?p=20521"},"modified":"2025-08-08T11:01:18","modified_gmt":"2025-08-08T17:01:18","slug":"mara-lezama-y-marcelo-ebrard-impulsan-el-posicionamiento-internacional-de-quintana-roo-con-certificaciones-hecho-en-mexico","status":"publish","type":"post","link":"https:\/\/elpuucnoticias.com\/?p=20521","title":{"rendered":"Mara Lezama y Marcelo Ebrard impulsan el posicionamiento internacional de Quintana Roo con certificaciones Hecho en M\u00e9xico"},"content":{"rendered":"\n<p>Empresarios y productores locales recibieron 14 certificados \u201cHecho en M\u00e9xico\u201d, que representan el reconocimiento oficial a la calidad, identidad y potencial exportador de los productos locales, de manos de la gobernadora Mara Lezama Espinosa y del secretario Econom\u00eda Marcelo Ebrard Casaub\u00f3n.<\/p>\n\n\n\n<figure class=\"wp-block-image is-style-default\"><a href=\"https:\/\/cgc.qroo.gob.mx\/cjg\/wp-content\/uploads\/2025\/08\/c29cfb19-6db5-4b88-a94f-8a9df8877e88-scaled.jpg\"><img decoding=\"async\" src=\"https:\/\/cgc.qroo.gob.mx\/cjg\/wp-content\/uploads\/2025\/08\/c29cfb19-6db5-4b88-a94f-8a9df8877e88-585x390.jpg\" alt=\"\" title=\"c29cfb19-6db5-4b88-a94f-8a9df8877e88\"\/><\/a><\/figure>\n\n\n\n<p>Durante el evento realizado en el lobby del Centro Internacional de Negocios y Convenciones de Chetumal, se inform\u00f3 que estos productos ya cuentan con el distintivo \u201cHecho en Quintana Roo\u201d. La certificaci\u00f3n \u201cHecho en M\u00e9xico\u201d forma parte de una estrategia nacional para fortalecer la industria mexicana y posicionar a Quintana Roo como referente de innovaci\u00f3n y sostenibilidad.<\/p>\n\n\n\n<figure class=\"wp-block-image is-style-default\"><a href=\"https:\/\/cgc.qroo.gob.mx\/cjg\/wp-content\/uploads\/2025\/08\/2b1f7fdb-fef4-4ac3-8e66-97829a766a63-scaled.jpg\"><img decoding=\"async\" src=\"https:\/\/cgc.qroo.gob.mx\/cjg\/wp-content\/uploads\/2025\/08\/2b1f7fdb-fef4-4ac3-8e66-97829a766a63-585x390.jpg\" alt=\"\" title=\"2b1f7fdb-fef4-4ac3-8e66-97829a766a63\"\/><\/a><\/figure>\n\n\n\n<p>\u201cHoy estamos aqu\u00ed porque durante muchos a\u00f1os el leg\u00edtimo anhelo de las y los emprendedores quintanarroenses permaneci\u00f3 en el olvido. No hab\u00eda apoyo para que esos productos pudieran llegar a otras partes del mundo, ni siquiera en nuestra misma geograf\u00eda estatal. Hoy lo estamos logrando, somos un gobierno diferente, humanista con coraz\u00f3n feminista, que trabaja de la mano del pueblo. Este d\u00eda marca un momento clave para el sur del estado y para nuestra querida capital, porque estamos dando pasos firmes para devolverle ese brillo que nunca debi\u00f3 perder\u201d, expres\u00f3 la gobernadora Mara Lezama al destacar que esta es una acci\u00f3n que va m\u00e1s all\u00e1 de un reconocimiento, \u201cporque simboliza el valor de lo que hacemos aqu\u00ed, el talento de nuestra gente, la fuerza de nuestras familias emprendedoras, la esencia de nuestra identidad\u201d.<\/p>\n\n\n\n<p>Mara Lezama destac\u00f3 que con el Nuevo Acuerdo por el Bienestar y Desarrollo de Quintana Roo, el respaldo de la Presidenta Claudia Sheinbaum, y el apoyo del secretario Marcelo Ebrard, se construye un nuevo rostro para Chetumal, una ciudad que vuelve a brillar, a ser motor de desarrollo y a estar en el centro de las decisiones.<\/p>\n\n\n\n<figure class=\"wp-block-image is-style-default\"><a href=\"https:\/\/cgc.qroo.gob.mx\/cjg\/wp-content\/uploads\/2025\/08\/2f91cb86-1c9d-416c-9651-f6d8968cf090-scaled.jpg\"><img decoding=\"async\" src=\"https:\/\/cgc.qroo.gob.mx\/cjg\/wp-content\/uploads\/2025\/08\/2f91cb86-1c9d-416c-9651-f6d8968cf090-585x390.jpg\" alt=\"\" title=\"2f91cb86-1c9d-416c-9651-f6d8968cf090\"\/><\/a><\/figure>\n\n\n\n<p>Por su parte, el secretario Marcelo Ebrard, despu\u00e9s de destacar la gesti\u00f3n incansable de la gobernadora Mara Lezama por la creaci\u00f3n del Polo de Desarrollo de Chetumal, explic\u00f3 que el impulso del distintivo \u201cHecho en M\u00e9xico\u201d forma parte del \u201cPlan M\u00e9xico\u201d, que tiene por objetivo impulsar la producci\u00f3n y el consumo local y afrontar con \u00e9xito los embates del cambio econ\u00f3mico mundial.<\/p>\n\n\n\n<p>Y los Polos de Desarrollo tienen por objetivo impulsar esa producci\u00f3n, el crecimiento econ\u00f3mico, el fomento a la inversi\u00f3n, es poner la infraestructura, los incentivos fiscales, ir a buscar las empresas. Eso se est\u00e1 haciendo en Chetumal, la capital del estado.<\/p>\n\n\n\n<figure class=\"wp-block-image is-style-default\"><a href=\"https:\/\/cgc.qroo.gob.mx\/cjg\/wp-content\/uploads\/2025\/08\/038bb212-f862-422e-b1df-0da9f463dd92-scaled.jpg\"><img decoding=\"async\" src=\"https:\/\/cgc.qroo.gob.mx\/cjg\/wp-content\/uploads\/2025\/08\/038bb212-f862-422e-b1df-0da9f463dd92-585x390.jpg\" alt=\"\" title=\"038bb212-f862-422e-b1df-0da9f463dd92\"\/><\/a><\/figure>\n\n\n\n<p>Al destacar la importancia del distintivo \u201cHecho en M\u00e9xico\u201d, el secretario Marcelo Ebrard indic\u00f3 que se han entregado mil 100, que garantizan la calidad del producto, les dan identidad en el mundo. Pidi\u00f3 que se cuide esa calidad y esa imagen.<\/p>\n\n\n\n<p>Este acto se enmarca en una jornada institucional dedicada a fortalecer la identidad productiva de la regi\u00f3n y consolidar su integraci\u00f3n en las cadenas de valor nacionales e internacionales, con visi\u00f3n transformadora y como parte del Plan M\u00e9xico impulsado por la Presidenta Claudia Sheinbaum.<\/p>\n\n\n\n<figure class=\"wp-block-image is-style-default\"><a href=\"https:\/\/cgc.qroo.gob.mx\/cjg\/wp-content\/uploads\/2025\/08\/bc572789-fee2-4acb-ab90-89a5bf47ead4-scaled.jpg\"><img decoding=\"async\" src=\"https:\/\/cgc.qroo.gob.mx\/cjg\/wp-content\/uploads\/2025\/08\/bc572789-fee2-4acb-ab90-89a5bf47ead4-585x390.jpg\" alt=\"\" title=\"bc572789-fee2-4acb-ab90-89a5bf47ead4\"\/><\/a><\/figure>\n\n\n\n<p>Durante el evento, se reconoci\u00f3 a las y los empresarios que, con talento, esfuerzo y compromiso, han colocado a Quintana Roo en el mapa nacional como un estado que genera valor agregado, innovaci\u00f3n y sustentabilidad. Las empresas con la marca \u201cHecho en M\u00e9xico\u201d son: Altsil, Playa del Bikini, Antal M\u00e9xico, La Tradicional, Faymon, Chokilkin, Dicogra, Hilos del Mar, Levitex del Caribe, Mimetate, Caf\u00e9 Damalo, Mande Patr\u00f3n y Chicza.<\/p>\n\n\n\n<p>De acuerdo con la Secretar\u00eda de Desarrollo Econ\u00f3mico (SEDE), actualmente 290 empresarias y empresarios procesan cerca de 3 mil productos con el distintivo \u201cHecho en Quintana Roo\u201d, muchos de los cuales ya est\u00e1n en proceso de certificaci\u00f3n nacional.<\/p>\n\n\n\n<figure class=\"wp-block-image is-style-default\"><a href=\"https:\/\/cgc.qroo.gob.mx\/cjg\/wp-content\/uploads\/2025\/08\/92a4ecb1-28d0-477b-a975-9859cbfcb323-scaled.jpg\"><img decoding=\"async\" src=\"https:\/\/cgc.qroo.gob.mx\/cjg\/wp-content\/uploads\/2025\/08\/92a4ecb1-28d0-477b-a975-9859cbfcb323-585x390.jpg\" alt=\"\" title=\"92a4ecb1-28d0-477b-a975-9859cbfcb323\"\/><\/a><\/figure>\n\n\n\n<p>Estas acciones forman parte de una estrategia m\u00e1s amplia que contempla m\u00e1s de 607 millones de pesos disponibles para financiamiento de MiPyMEs y una pol\u00edtica p\u00fablica activa para vincular la producci\u00f3n local con mercados tur\u00edsticos, nacionales e internacionales.<\/p>\n\n\n\n<p>Participaron en este evento el subsecretario de Industria y Comercio, Vidal Llerenas Morales; el titular de la Unidad de Prospectiva, Planeaci\u00f3n y Evaluaci\u00f3n de la Secretar\u00eda de Econom\u00eda y Coordinador de Corredores del Bienestar, Carlos Alfonso Candelaria L\u00f3pez; la presidenta municipal de Oth\u00f3n P. Blanco, Yensunni Mart\u00ednez Hern\u00e1ndez; el magistrado Heyden Cebada Rivas, presidente del Tribunal Superior de Justicia; diputado Jorge Arturo San\u00e9n Cervantes, presidente de la Junta de Gobierno y Coordinaci\u00f3n Pol\u00edtica del Congreso del Estado; Roberto Gottfried, director general de Potencia Industrial Taruk, y el titular de la SEDE, Paul Carrillo de C\u00e1ceres.<\/p>\n","protected":false},"excerpt":{"rendered":"<p>Empresarios y productores locales recibieron 14 certificados \u201cHecho en M\u00e9xico\u201d, que representan el reconocimiento oficial a la calidad,<\/p>\n","protected":false},"author":1,"featured_media":20522,"comment_status":"closed","ping_status":"open","sticky":false,"template":"","format":"standard","meta":{"_monsterinsights_skip_tracking":false,"_monsterinsights_sitenote_active":false,"_monsterinsights_sitenote_note":"","_monsterinsights_sitenote_category":0,"footnotes":""},"categories":[11,24],"tags":[],"class_list":["post-20521","post","type-post","status-publish","format-standard","has-post-thumbnail","hentry","category-noticias","category-quintana-roo"],"yoast_head":"<!-- This site is optimized with the Yoast SEO plugin v18.3 - https:\/\/yoast.com\/wordpress\/plugins\/seo\/ -->\n<title>Mara Lezama y Marcelo Ebrard impulsan el posicionamiento internacional de Quintana Roo con certificaciones Hecho en M\u00e9xico - El Puuc Noticias<\/title>\n<meta name=\"robots\" content=\"index, follow, max-snippet:-1, max-image-preview:large, max-video-preview:-1\" \/>\n<link rel=\"canonical\" href=\"https:\/\/elpuucnoticias.com\/?p=20521\" \/>\n<meta property=\"og:locale\" content=\"es_ES\" \/>\n<meta property=\"og:type\" content=\"article\" \/>\n<meta property=\"og:title\" content=\"Mara Lezama y Marcelo Ebrard impulsan el posicionamiento internacional de Quintana Roo con certificaciones Hecho en M\u00e9xico - El Puuc Noticias\" \/>\n<meta property=\"og:description\" content=\"Empresarios y productores locales recibieron 14 certificados \u201cHecho en M\u00e9xico\u201d, que representan el reconocimiento oficial a la calidad,\" \/>\n<meta property=\"og:url\" content=\"https:\/\/elpuucnoticias.com\/?p=20521\" \/>\n<meta property=\"og:site_name\" content=\"El Puuc Noticias\" \/>\n<meta property=\"article:published_time\" content=\"2025-08-08T17:01:18+00:00\" \/>\n<meta property=\"og:image\" content=\"https:\/\/elpuucnoticias.com\/wp-content\/uploads\/2025\/08\/33939895-8472-4238-b74a-a1af6f30d452-scaled-1.jpg\" \/>\n\t<meta property=\"og:image:width\" content=\"2560\" \/>\n\t<meta property=\"og:image:height\" content=\"1431\" \/>\n\t<meta property=\"og:image:type\" content=\"image\/jpeg\" \/>\n<meta name=\"twitter:card\" content=\"summary_large_image\" \/>\n<meta name=\"twitter:label1\" content=\"Escrito por\" \/>\n\t<meta name=\"twitter:data1\" content=\"elpuucnoticias\" \/>\n\t<meta name=\"twitter:label2\" content=\"Tiempo de lectura\" \/>\n\t<meta name=\"twitter:data2\" content=\"4 minutos\" \/>\n<script type=\"application\/ld+json\" class=\"yoast-schema-graph\">{\"@context\":\"https:\/\/schema.org\",\"@graph\":[{\"@type\":\"WebSite\",\"@id\":\"https:\/\/elpuucnoticias.com\/#website\",\"url\":\"https:\/\/elpuucnoticias.com\/\",\"name\":\"El Puuc Noticias\",\"description\":\"Noticias - Entretenimiento - Deportes\",\"potentialAction\":[{\"@type\":\"SearchAction\",\"target\":{\"@type\":\"EntryPoint\",\"urlTemplate\":\"https:\/\/elpuucnoticias.com\/?s={search_term_string}\"},\"query-input\":\"required name=search_term_string\"}],\"inLanguage\":\"es\"},{\"@type\":\"ImageObject\",\"@id\":\"https:\/\/elpuucnoticias.com\/?p=20521#primaryimage\",\"inLanguage\":\"es\",\"url\":\"https:\/\/elpuucnoticias.com\/wp-content\/uploads\/2025\/08\/33939895-8472-4238-b74a-a1af6f30d452-scaled-1.jpg\",\"contentUrl\":\"https:\/\/elpuucnoticias.com\/wp-content\/uploads\/2025\/08\/33939895-8472-4238-b74a-a1af6f30d452-scaled-1.jpg\",\"width\":2560,\"height\":1431},{\"@type\":\"WebPage\",\"@id\":\"https:\/\/elpuucnoticias.com\/?p=20521#webpage\",\"url\":\"https:\/\/elpuucnoticias.com\/?p=20521\",\"name\":\"Mara Lezama y Marcelo Ebrard impulsan el posicionamiento internacional de Quintana Roo con certificaciones Hecho en M\u00e9xico - El Puuc Noticias\",\"isPartOf\":{\"@id\":\"https:\/\/elpuucnoticias.com\/#website\"},\"primaryImageOfPage\":{\"@id\":\"https:\/\/elpuucnoticias.com\/?p=20521#primaryimage\"},\"datePublished\":\"2025-08-08T17:01:18+00:00\",\"dateModified\":\"2025-08-08T17:01:18+00:00\",\"author\":{\"@id\":\"https:\/\/elpuucnoticias.com\/#\/schema\/person\/d2ea09e4c97f0160b11cdfb1d856bd9e\"},\"breadcrumb\":{\"@id\":\"https:\/\/elpuucnoticias.com\/?p=20521#breadcrumb\"},\"inLanguage\":\"es\",\"potentialAction\":[{\"@type\":\"ReadAction\",\"target\":[\"https:\/\/elpuucnoticias.com\/?p=20521\"]}]},{\"@type\":\"BreadcrumbList\",\"@id\":\"https:\/\/elpuucnoticias.com\/?p=20521#breadcrumb\",\"itemListElement\":[{\"@type\":\"ListItem\",\"position\":1,\"name\":\"Portada\",\"item\":\"https:\/\/elpuucnoticias.com\/\"},{\"@type\":\"ListItem\",\"position\":2,\"name\":\"Mara Lezama y Marcelo Ebrard impulsan el posicionamiento internacional de Quintana Roo con certificaciones Hecho en M\u00e9xico\"}]},{\"@type\":\"Person\",\"@id\":\"https:\/\/elpuucnoticias.com\/#\/schema\/person\/d2ea09e4c97f0160b11cdfb1d856bd9e\",\"name\":\"elpuucnoticias\",\"image\":{\"@type\":\"ImageObject\",\"@id\":\"https:\/\/elpuucnoticias.com\/#personlogo\",\"inLanguage\":\"es\",\"url\":\"https:\/\/secure.gravatar.com\/avatar\/5290a43657c74ffa15701dbe5b846bd85cc71930d803c84e91046a7333de6ce2?s=96&d=mm&r=g\",\"contentUrl\":\"https:\/\/secure.gravatar.com\/avatar\/5290a43657c74ffa15701dbe5b846bd85cc71930d803c84e91046a7333de6ce2?s=96&d=mm&r=g\",\"caption\":\"elpuucnoticias\"},\"sameAs\":[\"https:\/\/elpuucnoticias.com\"],\"url\":\"https:\/\/elpuucnoticias.com\/?author=1\"}]}<\/script>\n<!-- \/ Yoast SEO plugin. -->","yoast_head_json":{"title":"Mara Lezama y Marcelo Ebrard impulsan el posicionamiento internacional de Quintana Roo con certificaciones Hecho en M\u00e9xico - El Puuc Noticias","robots":{"index":"index","follow":"follow","max-snippet":"max-snippet:-1","max-image-preview":"max-image-preview:large","max-video-preview":"max-video-preview:-1"},"canonical":"https:\/\/elpuucnoticias.com\/?p=20521","og_locale":"es_ES","og_type":"article","og_title":"Mara Lezama y Marcelo Ebrard impulsan el posicionamiento internacional de Quintana Roo con certificaciones Hecho en M\u00e9xico - El Puuc Noticias","og_description":"Empresarios y productores locales recibieron 14 certificados \u201cHecho en M\u00e9xico\u201d, que representan el reconocimiento oficial a la calidad,","og_url":"https:\/\/elpuucnoticias.com\/?p=20521","og_site_name":"El Puuc Noticias","article_published_time":"2025-08-08T17:01:18+00:00","og_image":[{"width":2560,"height":1431,"url":"https:\/\/elpuucnoticias.com\/wp-content\/uploads\/2025\/08\/33939895-8472-4238-b74a-a1af6f30d452-scaled-1.jpg","type":"image\/jpeg"}],"twitter_card":"summary_large_image","twitter_misc":{"Escrito por":"elpuucnoticias","Tiempo de lectura":"4 minutos"},"schema":{"@context":"https:\/\/schema.org","@graph":[{"@type":"WebSite","@id":"https:\/\/elpuucnoticias.com\/#website","url":"https:\/\/elpuucnoticias.com\/","name":"El Puuc Noticias","description":"Noticias - Entretenimiento - Deportes","potentialAction":[{"@type":"SearchAction","target":{"@type":"EntryPoint","urlTemplate":"https:\/\/elpuucnoticias.com\/?s={search_term_string}"},"query-input":"required name=search_term_string"}],"inLanguage":"es"},{"@type":"ImageObject","@id":"https:\/\/elpuucnoticias.com\/?p=20521#primaryimage","inLanguage":"es","url":"https:\/\/elpuucnoticias.com\/wp-content\/uploads\/2025\/08\/33939895-8472-4238-b74a-a1af6f30d452-scaled-1.jpg","contentUrl":"https:\/\/elpuucnoticias.com\/wp-content\/uploads\/2025\/08\/33939895-8472-4238-b74a-a1af6f30d452-scaled-1.jpg","width":2560,"height":1431},{"@type":"WebPage","@id":"https:\/\/elpuucnoticias.com\/?p=20521#webpage","url":"https:\/\/elpuucnoticias.com\/?p=20521","name":"Mara Lezama y Marcelo Ebrard impulsan el posicionamiento internacional de Quintana Roo con certificaciones Hecho en M\u00e9xico - El Puuc Noticias","isPartOf":{"@id":"https:\/\/elpuucnoticias.com\/#website"},"primaryImageOfPage":{"@id":"https:\/\/elpuucnoticias.com\/?p=20521#primaryimage"},"datePublished":"2025-08-08T17:01:18+00:00","dateModified":"2025-08-08T17:01:18+00:00","author":{"@id":"https:\/\/elpuucnoticias.com\/#\/schema\/person\/d2ea09e4c97f0160b11cdfb1d856bd9e"},"breadcrumb":{"@id":"https:\/\/elpuucnoticias.com\/?p=20521#breadcrumb"},"inLanguage":"es","potentialAction":[{"@type":"ReadAction","target":["https:\/\/elpuucnoticias.com\/?p=20521"]}]},{"@type":"BreadcrumbList","@id":"https:\/\/elpuucnoticias.com\/?p=20521#breadcrumb","itemListElement":[{"@type":"ListItem","position":1,"name":"Portada","item":"https:\/\/elpuucnoticias.com\/"},{"@type":"ListItem","position":2,"name":"Mara Lezama y Marcelo Ebrard impulsan el posicionamiento internacional de Quintana Roo con certificaciones Hecho en M\u00e9xico"}]},{"@type":"Person","@id":"https:\/\/elpuucnoticias.com\/#\/schema\/person\/d2ea09e4c97f0160b11cdfb1d856bd9e","name":"elpuucnoticias","image":{"@type":"ImageObject","@id":"https:\/\/elpuucnoticias.com\/#personlogo","inLanguage":"es","url":"https:\/\/secure.gravatar.com\/avatar\/5290a43657c74ffa15701dbe5b846bd85cc71930d803c84e91046a7333de6ce2?s=96&d=mm&r=g","contentUrl":"https:\/\/secure.gravatar.com\/avatar\/5290a43657c74ffa15701dbe5b846bd85cc71930d803c84e91046a7333de6ce2?s=96&d=mm&r=g","caption":"elpuucnoticias"},"sameAs":["https:\/\/elpuucnoticias.com"],"url":"https:\/\/elpuucnoticias.com\/?author=1"}]}},"_links":{"self":[{"href":"https:\/\/elpuucnoticias.com\/index.php?rest_route=\/wp\/v2\/posts\/20521","targetHints":{"allow":["GET"]}}],"collection":[{"href":"https:\/\/elpuucnoticias.com\/index.php?rest_route=\/wp\/v2\/posts"}],"about":[{"href":"https:\/\/elpuucnoticias.com\/index.php?rest_route=\/wp\/v2\/types\/post"}],"author":[{"embeddable":true,"href":"https:\/\/elpuucnoticias.com\/index.php?rest_route=\/wp\/v2\/users\/1"}],"replies":[{"embeddable":true,"href":"https:\/\/elpuucnoticias.com\/index.php?rest_route=%2Fwp%2Fv2%2Fcomments&post=20521"}],"version-history":[{"count":1,"href":"https:\/\/elpuucnoticias.com\/index.php?rest_route=\/wp\/v2\/posts\/20521\/revisions"}],"predecessor-version":[{"id":20523,"href":"https:\/\/elpuucnoticias.com\/index.php?rest_route=\/wp\/v2\/posts\/20521\/revisions\/20523"}],"wp:featuredmedia":[{"embeddable":true,"href":"https:\/\/elpuucnoticias.com\/index.php?rest_route=\/wp\/v2\/media\/20522"}],"wp:attachment":[{"href":"https:\/\/elpuucnoticias.com\/index.php?rest_route=%2Fwp%2Fv2%2Fmedia&parent=20521"}],"wp:term":[{"taxonomy":"category","embeddable":true,"href":"https:\/\/elpuucnoticias.com\/index.php?rest_route=%2Fwp%2Fv2%2Fcategories&post=20521"},{"taxonomy":"post_tag","embeddable":true,"href":"https:\/\/elpuucnoticias.com\/index.php?rest_route=%2Fwp%2Fv2%2Ftags&post=20521"}],"curies":[{"name":"wp","href":"https:\/\/api.w.org\/{rel}","templated":true}]}}