{"id":20524,"date":"2025-08-08T11:08:52","date_gmt":"2025-08-08T17:08:52","guid":{"rendered":"https:\/\/elpuucnoticias.com\/?p=20524"},"modified":"2025-08-08T11:08:53","modified_gmt":"2025-08-08T17:08:53","slug":"promueve-mara-lezama-la-construccion-de-paz-a-traves-del-tradicional-curso-de-verano-baaxloob-paalaloob-2025","status":"publish","type":"post","link":"https:\/\/elpuucnoticias.com\/?p=20524","title":{"rendered":"Promueve Mara Lezama la Construcci\u00f3n de Paz a trav\u00e9s del tradicional Curso de Verano \u201cBaaxlo\u2019ob Paalalo\u2019ob 2025\u201d"},"content":{"rendered":"\n<p>Al resaltar la importancia de promover la Construcci\u00f3n de Paz a trav\u00e9s de la pr\u00e1ctica del deporte, la gobernadora Mara Lezama Espinosa encabez\u00f3 la Exhibici\u00f3n Deportiva Por La Paz del tradicional Curso de Verano \u201cBaaxlo\u2019ob Paalalo\u2019ob 2025\u201d, misma que realizaron las y los 300 participantes de este programa vacacional que se realiza en Chetumal y que organiza la Comisi\u00f3n del Deporte de Quintana Roo (CODEQ).<\/p>\n\n\n\n<figure class=\"wp-block-image is-style-default\"><a href=\"https:\/\/cgc.qroo.gob.mx\/cjg\/wp-content\/uploads\/2025\/08\/a5841a5b-61c7-4067-bdfd-d599816de8c1-scaled.jpg\"><img decoding=\"async\" src=\"https:\/\/cgc.qroo.gob.mx\/cjg\/wp-content\/uploads\/2025\/08\/a5841a5b-61c7-4067-bdfd-d599816de8c1-585x350.jpg\" alt=\"\" title=\"a5841a5b-61c7-4067-bdfd-d599816de8c1\"\/><\/a><\/figure>\n\n\n\n<p>Durante el evento y despu\u00e9s de entregar medallas a los participantes, la gobernadora Mara Lezama destac\u00f3 que lo aprendido, lo exhibido, tiene que ver con la estrategia integral de construcci\u00f3n de paz a trav\u00e9s del deporte, del arte, de la cultura.<\/p>\n\n\n\n<figure class=\"wp-block-image is-style-default\"><a href=\"https:\/\/cgc.qroo.gob.mx\/cjg\/wp-content\/uploads\/2025\/08\/6d7e46c4-f015-46b2-b01b-416bc2bd1cca-scaled.jpg\"><img decoding=\"async\" src=\"https:\/\/cgc.qroo.gob.mx\/cjg\/wp-content\/uploads\/2025\/08\/6d7e46c4-f015-46b2-b01b-416bc2bd1cca-585x390.jpg\" alt=\"\" title=\"6d7e46c4-f015-46b2-b01b-416bc2bd1cca\"\/><\/a><\/figure>\n\n\n\n<p>La Gobernadora asever\u00f3 que tambi\u00e9n es importante inculcar los valores, entre ellos la honestidad, la paz, el respeto, la tolerancia, la solidaridad y la empat\u00eda. \u201cEn un mundo en el que estamos inmersos en las redes sociales, en el internet y en la informaci\u00f3n, a veces pensar\u00edamos que los valores han pasado de moda, y los valores deben de ser parte fundamental de cualquier ser humano para ser la mejor versi\u00f3n de ti mismo\u201d expres\u00f3.<\/p>\n\n\n\n<figure class=\"wp-block-image is-style-default\"><a href=\"https:\/\/cgc.qroo.gob.mx\/cjg\/wp-content\/uploads\/2025\/08\/3cfc7d90-1fed-480b-ae71-9cc3987e3404-scaled.jpg\"><img decoding=\"async\" src=\"https:\/\/cgc.qroo.gob.mx\/cjg\/wp-content\/uploads\/2025\/08\/3cfc7d90-1fed-480b-ae71-9cc3987e3404-585x390.jpg\" alt=\"\" title=\"3cfc7d90-1fed-480b-ae71-9cc3987e3404\"\/><\/a><\/figure>\n\n\n\n<p>A las ni\u00f1as, ni\u00f1os, j\u00f3venes y adolescentes que se reunieron en el Gimnasio Nohoch Sukun de esta capital, la titular del Ejecutivo les pidi\u00f3 que hagan siempre deporte, que lleven una vida saludable, que hablen con la verdad, que siempre respeten. A los mayores los exhort\u00f3 a evitar caer en conductas autodestructivas, a no normalizar la agresi\u00f3n, a que no los cosifiquen, que no se dejen agredir, a ser libres y vivir libres de violencias.<\/p>\n\n\n\n<p>Para esta edici\u00f3n del \u201cBaaxlo\u2019ob Paalalo\u2019ob\u201d, que se traduce en \u201cJuego de Ni\u00f1os\u201d, se cont\u00f3 con una participaci\u00f3n de 800 ni\u00f1as, ni\u00f1os y j\u00f3venes que participaron en Chetumal y Canc\u00fan y ante la presencia de la Gobernadora hicieron una exhibici\u00f3n de lo aprendido en este programa vacacional que se realiza desde el pasado 21 de julio y que finalizar\u00e1 este viernes 8 de agosto, como parte de las acciones que enmarcan el Nuevo Acuerdo por el Bienestar y Desarrollo.<\/p>\n\n\n\n<figure class=\"wp-block-image is-style-default\"><a href=\"https:\/\/cgc.qroo.gob.mx\/cjg\/wp-content\/uploads\/2025\/08\/5d51c185-fb2d-41ad-8a91-ab815664c7aa-scaled.jpg\"><img decoding=\"async\" src=\"https:\/\/cgc.qroo.gob.mx\/cjg\/wp-content\/uploads\/2025\/08\/5d51c185-fb2d-41ad-8a91-ab815664c7aa-585x390.jpg\" alt=\"\" title=\"5d51c185-fb2d-41ad-8a91-ab815664c7aa\"\/><\/a><\/figure>\n\n\n\n<p>Durante el protocolo se resalt\u00f3 la participaci\u00f3n de 18 ni\u00f1as y ni\u00f1os con discapacidad intelectual, con el acompa\u00f1amiento de la joven Estrella Guadalupe Cruz Huitzil, monitora con discapacidad visual (ceguera), reafirmando el compromiso de trabajar con la inclusi\u00f3n.<\/p>\n\n\n\n<p>Por su parte, Jacobo Arzate Hop, presidente de la CODEQ se\u00f1al\u00f3: Estamos muy contentos de realizar un a\u00f1o m\u00e1s nuestro tradicional \u201cBaaxlo\u2019ob Paalalo\u2019ob\u201d, donde las y los participantes adem\u00e1s de adquirir conocimiento, se est\u00e1n llevando nuevas amistades e inolvidables experiencias, y todo enfocado a la promoci\u00f3n de la paz.<\/p>\n\n\n\n<figure class=\"wp-block-image is-style-default\"><a href=\"https:\/\/cgc.qroo.gob.mx\/cjg\/wp-content\/uploads\/2025\/08\/52528ac8-6f0f-41ee-8743-7357fca1b4ef-scaled.jpg\"><img decoding=\"async\" src=\"https:\/\/cgc.qroo.gob.mx\/cjg\/wp-content\/uploads\/2025\/08\/52528ac8-6f0f-41ee-8743-7357fca1b4ef-585x390.jpg\" alt=\"\" title=\"52528ac8-6f0f-41ee-8743-7357fca1b4ef\"\/><\/a><\/figure>\n\n\n\n<p>En tanto, el diputado Eric Arcila Arjona, resalt\u00f3 la importancia de seguir priorizando el deporte para el crecimiento y desarrollo de la ni\u00f1ez y juventud quintanarroense. \u201cSin duda este Curso de Verano ha servido para impulsar a futuros deportistas y felicitamos a todas y todos los que participan\u201d, coment\u00f3.<\/p>\n\n\n\n<p>Algunas de las actividades realizadas en el \u201cBaaxlo\u2019ob Paalalo\u2019ob\u201d fueron activaci\u00f3n f\u00edsica, b\u00e1squetbol, b\u00e9isbol, boxeo, f\u00fatbol 7, halterofilia, nataci\u00f3n, tenis de mesa, tenis y voleibol; tambi\u00e9n se impartieron pl\u00e1ticas nutricionales, pl\u00e1ticas motivacionales y una conferencia contra el acoso escolar; adem\u00e1s de actividades culturales como m\u00fasica, pintura y dibujo, y globoflexia.<\/p>\n\n\n\n<figure class=\"wp-block-image is-style-default\"><a href=\"https:\/\/cgc.qroo.gob.mx\/cjg\/wp-content\/uploads\/2025\/08\/24526131-7617-429e-9cf4-618fc8b37cf1-scaled.jpg\"><img decoding=\"async\" src=\"https:\/\/cgc.qroo.gob.mx\/cjg\/wp-content\/uploads\/2025\/08\/24526131-7617-429e-9cf4-618fc8b37cf1-585x390.jpg\" alt=\"\" title=\"24526131-7617-429e-9cf4-618fc8b37cf1\"\/><\/a><\/figure>\n\n\n\n<p>Al evento tambi\u00e9n estuvieron presentes la pesista Andrea Sak Nikt\u00e9 Uitzil, quien fungi\u00f3 como madrina del evento y Leandro Arg\u00fcelles, atleta de luchas asociadas, quien antes de ser medallista nacional, es un atleta que en su infancia particip\u00f3 en el \u201cBaaxlo\u2019ob Paalalo\u2019ob\u201d.<\/p>\n\n\n\n<p>Tambi\u00e9n estuvieron Yensunni Mart\u00ednez Hern\u00e1ndez, presidenta municipal de Oth\u00f3n P. Blanco, y el diputado Saulo Aguilar Bern\u00e9s.<\/p>\n","protected":false},"excerpt":{"rendered":"<p>Al resaltar la importancia de promover la Construcci\u00f3n de Paz a trav\u00e9s de la pr\u00e1ctica del deporte, la<\/p>\n","protected":false},"author":1,"featured_media":20525,"comment_status":"closed","ping_status":"open","sticky":false,"template":"","format":"standard","meta":{"_monsterinsights_skip_tracking":false,"_monsterinsights_sitenote_active":false,"_monsterinsights_sitenote_note":"","_monsterinsights_sitenote_category":0,"footnotes":""},"categories":[11,24],"tags":[],"class_list":["post-20524","post","type-post","status-publish","format-standard","has-post-thumbnail","hentry","category-noticias","category-quintana-roo"],"yoast_head":"<!-- This site is optimized with the Yoast SEO plugin v18.3 - https:\/\/yoast.com\/wordpress\/plugins\/seo\/ -->\n<title>Promueve Mara Lezama la Construcci\u00f3n de Paz a trav\u00e9s del tradicional Curso de Verano \u201cBaaxlo\u2019ob Paalalo\u2019ob 2025\u201d - El Puuc Noticias<\/title>\n<meta name=\"robots\" content=\"index, follow, max-snippet:-1, max-image-preview:large, max-video-preview:-1\" \/>\n<link rel=\"canonical\" href=\"https:\/\/elpuucnoticias.com\/?p=20524\" \/>\n<meta property=\"og:locale\" content=\"es_ES\" \/>\n<meta property=\"og:type\" content=\"article\" \/>\n<meta property=\"og:title\" content=\"Promueve Mara Lezama la Construcci\u00f3n de Paz a trav\u00e9s del tradicional Curso de Verano \u201cBaaxlo\u2019ob Paalalo\u2019ob 2025\u201d - El Puuc Noticias\" \/>\n<meta property=\"og:description\" content=\"Al resaltar la importancia de promover la Construcci\u00f3n de Paz a trav\u00e9s de la pr\u00e1ctica del deporte, la\" \/>\n<meta property=\"og:url\" content=\"https:\/\/elpuucnoticias.com\/?p=20524\" \/>\n<meta property=\"og:site_name\" content=\"El Puuc Noticias\" \/>\n<meta property=\"article:published_time\" content=\"2025-08-08T17:08:52+00:00\" \/>\n<meta property=\"article:modified_time\" content=\"2025-08-08T17:08:53+00:00\" \/>\n<meta property=\"og:image\" content=\"https:\/\/elpuucnoticias.com\/wp-content\/uploads\/2025\/08\/33c71eef-39f0-4f3e-9afa-de58add0bee6-scaled-1.jpg\" \/>\n\t<meta property=\"og:image:width\" content=\"2560\" \/>\n\t<meta property=\"og:image:height\" content=\"1156\" \/>\n\t<meta property=\"og:image:type\" content=\"image\/jpeg\" \/>\n<meta name=\"twitter:card\" content=\"summary_large_image\" \/>\n<meta name=\"twitter:label1\" content=\"Escrito por\" \/>\n\t<meta name=\"twitter:data1\" content=\"elpuucnoticias\" \/>\n\t<meta name=\"twitter:label2\" content=\"Tiempo de lectura\" \/>\n\t<meta name=\"twitter:data2\" content=\"3 minutos\" \/>\n<script type=\"application\/ld+json\" class=\"yoast-schema-graph\">{\"@context\":\"https:\/\/schema.org\",\"@graph\":[{\"@type\":\"WebSite\",\"@id\":\"https:\/\/elpuucnoticias.com\/#website\",\"url\":\"https:\/\/elpuucnoticias.com\/\",\"name\":\"El Puuc Noticias\",\"description\":\"Noticias - Entretenimiento - Deportes\",\"potentialAction\":[{\"@type\":\"SearchAction\",\"target\":{\"@type\":\"EntryPoint\",\"urlTemplate\":\"https:\/\/elpuucnoticias.com\/?s={search_term_string}\"},\"query-input\":\"required name=search_term_string\"}],\"inLanguage\":\"es\"},{\"@type\":\"ImageObject\",\"@id\":\"https:\/\/elpuucnoticias.com\/?p=20524#primaryimage\",\"inLanguage\":\"es\",\"url\":\"https:\/\/elpuucnoticias.com\/wp-content\/uploads\/2025\/08\/33c71eef-39f0-4f3e-9afa-de58add0bee6-scaled-1.jpg\",\"contentUrl\":\"https:\/\/elpuucnoticias.com\/wp-content\/uploads\/2025\/08\/33c71eef-39f0-4f3e-9afa-de58add0bee6-scaled-1.jpg\",\"width\":2560,\"height\":1156},{\"@type\":\"WebPage\",\"@id\":\"https:\/\/elpuucnoticias.com\/?p=20524#webpage\",\"url\":\"https:\/\/elpuucnoticias.com\/?p=20524\",\"name\":\"Promueve Mara Lezama la Construcci\u00f3n de Paz a trav\u00e9s del tradicional Curso de Verano \u201cBaaxlo\u2019ob Paalalo\u2019ob 2025\u201d - El Puuc Noticias\",\"isPartOf\":{\"@id\":\"https:\/\/elpuucnoticias.com\/#website\"},\"primaryImageOfPage\":{\"@id\":\"https:\/\/elpuucnoticias.com\/?p=20524#primaryimage\"},\"datePublished\":\"2025-08-08T17:08:52+00:00\",\"dateModified\":\"2025-08-08T17:08:53+00:00\",\"author\":{\"@id\":\"https:\/\/elpuucnoticias.com\/#\/schema\/person\/d2ea09e4c97f0160b11cdfb1d856bd9e\"},\"breadcrumb\":{\"@id\":\"https:\/\/elpuucnoticias.com\/?p=20524#breadcrumb\"},\"inLanguage\":\"es\",\"potentialAction\":[{\"@type\":\"ReadAction\",\"target\":[\"https:\/\/elpuucnoticias.com\/?p=20524\"]}]},{\"@type\":\"BreadcrumbList\",\"@id\":\"https:\/\/elpuucnoticias.com\/?p=20524#breadcrumb\",\"itemListElement\":[{\"@type\":\"ListItem\",\"position\":1,\"name\":\"Portada\",\"item\":\"https:\/\/elpuucnoticias.com\/\"},{\"@type\":\"ListItem\",\"position\":2,\"name\":\"Promueve Mara Lezama la Construcci\u00f3n de Paz a trav\u00e9s del tradicional Curso de Verano \u201cBaaxlo\u2019ob Paalalo\u2019ob 2025\u201d\"}]},{\"@type\":\"Person\",\"@id\":\"https:\/\/elpuucnoticias.com\/#\/schema\/person\/d2ea09e4c97f0160b11cdfb1d856bd9e\",\"name\":\"elpuucnoticias\",\"image\":{\"@type\":\"ImageObject\",\"@id\":\"https:\/\/elpuucnoticias.com\/#personlogo\",\"inLanguage\":\"es\",\"url\":\"https:\/\/secure.gravatar.com\/avatar\/5290a43657c74ffa15701dbe5b846bd85cc71930d803c84e91046a7333de6ce2?s=96&d=mm&r=g\",\"contentUrl\":\"https:\/\/secure.gravatar.com\/avatar\/5290a43657c74ffa15701dbe5b846bd85cc71930d803c84e91046a7333de6ce2?s=96&d=mm&r=g\",\"caption\":\"elpuucnoticias\"},\"sameAs\":[\"https:\/\/elpuucnoticias.com\"],\"url\":\"https:\/\/elpuucnoticias.com\/?author=1\"}]}<\/script>\n<!-- \/ Yoast SEO plugin. -->","yoast_head_json":{"title":"Promueve Mara Lezama la Construcci\u00f3n de Paz a trav\u00e9s del tradicional Curso de Verano \u201cBaaxlo\u2019ob Paalalo\u2019ob 2025\u201d - El Puuc Noticias","robots":{"index":"index","follow":"follow","max-snippet":"max-snippet:-1","max-image-preview":"max-image-preview:large","max-video-preview":"max-video-preview:-1"},"canonical":"https:\/\/elpuucnoticias.com\/?p=20524","og_locale":"es_ES","og_type":"article","og_title":"Promueve Mara Lezama la Construcci\u00f3n de Paz a trav\u00e9s del tradicional Curso de Verano \u201cBaaxlo\u2019ob Paalalo\u2019ob 2025\u201d - El Puuc Noticias","og_description":"Al resaltar la importancia de promover la Construcci\u00f3n de Paz a trav\u00e9s de la pr\u00e1ctica del deporte, la","og_url":"https:\/\/elpuucnoticias.com\/?p=20524","og_site_name":"El Puuc Noticias","article_published_time":"2025-08-08T17:08:52+00:00","article_modified_time":"2025-08-08T17:08:53+00:00","og_image":[{"width":2560,"height":1156,"url":"https:\/\/elpuucnoticias.com\/wp-content\/uploads\/2025\/08\/33c71eef-39f0-4f3e-9afa-de58add0bee6-scaled-1.jpg","type":"image\/jpeg"}],"twitter_card":"summary_large_image","twitter_misc":{"Escrito por":"elpuucnoticias","Tiempo de lectura":"3 minutos"},"schema":{"@context":"https:\/\/schema.org","@graph":[{"@type":"WebSite","@id":"https:\/\/elpuucnoticias.com\/#website","url":"https:\/\/elpuucnoticias.com\/","name":"El Puuc Noticias","description":"Noticias - Entretenimiento - Deportes","potentialAction":[{"@type":"SearchAction","target":{"@type":"EntryPoint","urlTemplate":"https:\/\/elpuucnoticias.com\/?s={search_term_string}"},"query-input":"required name=search_term_string"}],"inLanguage":"es"},{"@type":"ImageObject","@id":"https:\/\/elpuucnoticias.com\/?p=20524#primaryimage","inLanguage":"es","url":"https:\/\/elpuucnoticias.com\/wp-content\/uploads\/2025\/08\/33c71eef-39f0-4f3e-9afa-de58add0bee6-scaled-1.jpg","contentUrl":"https:\/\/elpuucnoticias.com\/wp-content\/uploads\/2025\/08\/33c71eef-39f0-4f3e-9afa-de58add0bee6-scaled-1.jpg","width":2560,"height":1156},{"@type":"WebPage","@id":"https:\/\/elpuucnoticias.com\/?p=20524#webpage","url":"https:\/\/elpuucnoticias.com\/?p=20524","name":"Promueve Mara Lezama la Construcci\u00f3n de Paz a trav\u00e9s del tradicional Curso de Verano \u201cBaaxlo\u2019ob Paalalo\u2019ob 2025\u201d - El Puuc Noticias","isPartOf":{"@id":"https:\/\/elpuucnoticias.com\/#website"},"primaryImageOfPage":{"@id":"https:\/\/elpuucnoticias.com\/?p=20524#primaryimage"},"datePublished":"2025-08-08T17:08:52+00:00","dateModified":"2025-08-08T17:08:53+00:00","author":{"@id":"https:\/\/elpuucnoticias.com\/#\/schema\/person\/d2ea09e4c97f0160b11cdfb1d856bd9e"},"breadcrumb":{"@id":"https:\/\/elpuucnoticias.com\/?p=20524#breadcrumb"},"inLanguage":"es","potentialAction":[{"@type":"ReadAction","target":["https:\/\/elpuucnoticias.com\/?p=20524"]}]},{"@type":"BreadcrumbList","@id":"https:\/\/elpuucnoticias.com\/?p=20524#breadcrumb","itemListElement":[{"@type":"ListItem","position":1,"name":"Portada","item":"https:\/\/elpuucnoticias.com\/"},{"@type":"ListItem","position":2,"name":"Promueve Mara Lezama la Construcci\u00f3n de Paz a trav\u00e9s del tradicional Curso de Verano \u201cBaaxlo\u2019ob Paalalo\u2019ob 2025\u201d"}]},{"@type":"Person","@id":"https:\/\/elpuucnoticias.com\/#\/schema\/person\/d2ea09e4c97f0160b11cdfb1d856bd9e","name":"elpuucnoticias","image":{"@type":"ImageObject","@id":"https:\/\/elpuucnoticias.com\/#personlogo","inLanguage":"es","url":"https:\/\/secure.gravatar.com\/avatar\/5290a43657c74ffa15701dbe5b846bd85cc71930d803c84e91046a7333de6ce2?s=96&d=mm&r=g","contentUrl":"https:\/\/secure.gravatar.com\/avatar\/5290a43657c74ffa15701dbe5b846bd85cc71930d803c84e91046a7333de6ce2?s=96&d=mm&r=g","caption":"elpuucnoticias"},"sameAs":["https:\/\/elpuucnoticias.com"],"url":"https:\/\/elpuucnoticias.com\/?author=1"}]}},"_links":{"self":[{"href":"https:\/\/elpuucnoticias.com\/index.php?rest_route=\/wp\/v2\/posts\/20524","targetHints":{"allow":["GET"]}}],"collection":[{"href":"https:\/\/elpuucnoticias.com\/index.php?rest_route=\/wp\/v2\/posts"}],"about":[{"href":"https:\/\/elpuucnoticias.com\/index.php?rest_route=\/wp\/v2\/types\/post"}],"author":[{"embeddable":true,"href":"https:\/\/elpuucnoticias.com\/index.php?rest_route=\/wp\/v2\/users\/1"}],"replies":[{"embeddable":true,"href":"https:\/\/elpuucnoticias.com\/index.php?rest_route=%2Fwp%2Fv2%2Fcomments&post=20524"}],"version-history":[{"count":1,"href":"https:\/\/elpuucnoticias.com\/index.php?rest_route=\/wp\/v2\/posts\/20524\/revisions"}],"predecessor-version":[{"id":20526,"href":"https:\/\/elpuucnoticias.com\/index.php?rest_route=\/wp\/v2\/posts\/20524\/revisions\/20526"}],"wp:featuredmedia":[{"embeddable":true,"href":"https:\/\/elpuucnoticias.com\/index.php?rest_route=\/wp\/v2\/media\/20525"}],"wp:attachment":[{"href":"https:\/\/elpuucnoticias.com\/index.php?rest_route=%2Fwp%2Fv2%2Fmedia&parent=20524"}],"wp:term":[{"taxonomy":"category","embeddable":true,"href":"https:\/\/elpuucnoticias.com\/index.php?rest_route=%2Fwp%2Fv2%2Fcategories&post=20524"},{"taxonomy":"post_tag","embeddable":true,"href":"https:\/\/elpuucnoticias.com\/index.php?rest_route=%2Fwp%2Fv2%2Ftags&post=20524"}],"curies":[{"name":"wp","href":"https:\/\/api.w.org\/{rel}","templated":true}]}}