{"id":20527,"date":"2025-08-08T11:14:15","date_gmt":"2025-08-08T17:14:15","guid":{"rendered":"https:\/\/elpuucnoticias.com\/?p=20527"},"modified":"2025-08-08T11:14:15","modified_gmt":"2025-08-08T17:14:15","slug":"inaugura-cristina-torres-gomez-reunion-regional-sur-del-consejo-nacional-de-funcionarios-del-registro-civil","status":"publish","type":"post","link":"https:\/\/elpuucnoticias.com\/?p=20527","title":{"rendered":"Inaugura Cristina Torres G\u00f3mez Reuni\u00f3n Regional Sur del Consejo Nacional de Funcionarios del Registro Civil"},"content":{"rendered":"\n<p>En representaci\u00f3n de la gobernadora Mara Lezama Espinosa, la secretaria de Gobierno, Cristina Torres G\u00f3mez, inaugur\u00f3 en esta ciudad la Reuni\u00f3n Regional Sur del Consejo Nacional de Funcionarios del Registro Civil (CONAFREC).<\/p>\n\n\n\n<p>Durante el encuentro se abordar\u00e1n temas relacionados con las problem\u00e1ticas sociales y jur\u00eddicas vinculadas con el ejercicio de la funci\u00f3n registral, adem\u00e1s de presentar la denominada \u201cCampa\u00f1a de Registro Biom\u00e9trico\u201d, que se realiza en el \u00e1mbito nacional.<\/p>\n\n\n\n<figure class=\"wp-block-image is-style-default\"><a href=\"https:\/\/cgc.qroo.gob.mx\/cjg\/wp-content\/uploads\/2025\/08\/WhatsApp-Image-2025-08-07-at-13.38.51.jpeg\"><img decoding=\"async\" src=\"https:\/\/cgc.qroo.gob.mx\/cjg\/wp-content\/uploads\/2025\/08\/WhatsApp-Image-2025-08-07-at-13.38.51-585x390.jpeg\" alt=\"\" title=\"WhatsApp Image 2025-08-07 at 13.38.51\"\/><\/a><\/figure>\n\n\n\n<p>La titular de la Secretar\u00eda de Gobierno (SEGOB) resalt\u00f3 que, al ser Quintana Roo sede de este encuentro regional, se reconocen las acciones que en materia registral realiza el gobierno humanista con coraz\u00f3n feminista, como el programa integral \u201cTu Identidad es tu Derecho\u201d que implement\u00f3 la gobernadora Mara Lezama Espinosa.<\/p>\n\n\n\n<p>En este sentido, Cristina Torres resalt\u00f3 que, tal como lo establece el Nuevo Acuerdo por el Bienestar y Desarrollo de Quintana Roo, los esfuerzos en materia de actuaci\u00f3n registral se realizan en forma coordinada con el Gobierno Federal.<\/p>\n\n\n\n<figure class=\"wp-block-image is-style-default\"><a href=\"https:\/\/cgc.qroo.gob.mx\/cjg\/wp-content\/uploads\/2025\/08\/WhatsApp-Image-2025-08-07-at-13.38.50-3.jpeg\"><img decoding=\"async\" src=\"https:\/\/cgc.qroo.gob.mx\/cjg\/wp-content\/uploads\/2025\/08\/WhatsApp-Image-2025-08-07-at-13.38.50-3-585x390.jpeg\" alt=\"\" title=\"WhatsApp Image 2025-08-07 at 13.38.50 (3)\"\/><\/a><\/figure>\n\n\n\n<p>Por su parte, la directora general y oficial central del Registro Civil, Lizbeth Jim\u00e9nez Cordero, resalt\u00f3 que la labor registral va m\u00e1s all\u00e1 de lo administrativo, ya que cumple con el compromiso de brindar justicia social para las personas.<\/p>\n\n\n\n<p>En este marco, destac\u00f3 el compromiso institucional de, permanentemente, actuar con integridad para garantizar a las personas el derecho a la identidad, a la nacionalidad y contribuir al bienestar social y reducci\u00f3n de las brechas de desigualdad.<\/p>\n\n\n\n<p>Asimismo, el director general del Registro Nacional de Poblaci\u00f3n e Identidad y Coordinador General del CONAFREC, F\u00e9lix Arturo Arce Vargas, alent\u00f3 a fortalecer los esfuerzos para garantizar el derecho a la identidad de todas las personas, ya que este mismo permite el cumplimiento de otros derechos, como la educaci\u00f3n y salud.<\/p>\n\n\n\n<figure class=\"wp-block-image is-style-default\"><a href=\"https:\/\/cgc.qroo.gob.mx\/cjg\/wp-content\/uploads\/2025\/08\/WhatsApp-Image-2025-08-07-at-13.38.50.jpeg\"><img decoding=\"async\" src=\"https:\/\/cgc.qroo.gob.mx\/cjg\/wp-content\/uploads\/2025\/08\/WhatsApp-Image-2025-08-07-at-13.38.50-585x390.jpeg\" alt=\"\" title=\"WhatsApp Image 2025-08-07 at 13.38.50\"\/><\/a><\/figure>\n\n\n\n<p>Tambi\u00e9n solicit\u00f3 multiplicar esfuerzos para consolidar la Campa\u00f1a de Registro Biom\u00e9trico, la cual avanza de manera positiva en el \u00e1mbito nacional y que es impulsada por la presidenta de la Rep\u00fablica, Claudia Sheinbaum Pardo.<\/p>\n\n\n\n<p>Hay que detallar que la Reuni\u00f3n Regional Sur del Consejo Nacional de Funcionarios del Registro Civil concluye este viernes y considera abordar temas, adem\u00e1s de los ya mencionados, como cumplimiento de las metas, perspectivas operativas y el fortalecimiento de los registros civiles estatales.<\/p>\n\n\n\n<p>En las reuniones de trabajo participan las personas titulares de los registros civiles estatales de Campeche, Yucat\u00e1n, Tabasco, Tlaxcala, Veracruz, Chiapas, Guerrero, Oaxaca, Puebla y Quintana Roo.<\/p>\n","protected":false},"excerpt":{"rendered":"<p>En representaci\u00f3n de la gobernadora Mara Lezama Espinosa, la secretaria de Gobierno, Cristina Torres G\u00f3mez, inaugur\u00f3 en esta<\/p>\n","protected":false},"author":1,"featured_media":20528,"comment_status":"closed","ping_status":"open","sticky":false,"template":"","format":"standard","meta":{"_monsterinsights_skip_tracking":false,"_monsterinsights_sitenote_active":false,"_monsterinsights_sitenote_note":"","_monsterinsights_sitenote_category":0,"footnotes":""},"categories":[11,24],"tags":[],"class_list":["post-20527","post","type-post","status-publish","format-standard","has-post-thumbnail","hentry","category-noticias","category-quintana-roo"],"yoast_head":"<!-- This site is optimized with the Yoast SEO plugin v18.3 - https:\/\/yoast.com\/wordpress\/plugins\/seo\/ -->\n<title>Inaugura Cristina Torres G\u00f3mez Reuni\u00f3n Regional Sur del Consejo Nacional de Funcionarios del Registro Civil - El Puuc Noticias<\/title>\n<meta name=\"robots\" content=\"index, follow, max-snippet:-1, max-image-preview:large, max-video-preview:-1\" \/>\n<link rel=\"canonical\" href=\"https:\/\/elpuucnoticias.com\/?p=20527\" \/>\n<meta property=\"og:locale\" content=\"es_ES\" \/>\n<meta property=\"og:type\" content=\"article\" \/>\n<meta property=\"og:title\" content=\"Inaugura Cristina Torres G\u00f3mez Reuni\u00f3n Regional Sur del Consejo Nacional de Funcionarios del Registro Civil - El Puuc Noticias\" \/>\n<meta property=\"og:description\" content=\"En representaci\u00f3n de la gobernadora Mara Lezama Espinosa, la secretaria de Gobierno, Cristina Torres G\u00f3mez, inaugur\u00f3 en esta\" \/>\n<meta property=\"og:url\" content=\"https:\/\/elpuucnoticias.com\/?p=20527\" \/>\n<meta property=\"og:site_name\" content=\"El Puuc Noticias\" \/>\n<meta property=\"article:published_time\" content=\"2025-08-08T17:14:15+00:00\" \/>\n<meta property=\"og:image\" content=\"https:\/\/elpuucnoticias.com\/wp-content\/uploads\/2025\/08\/whatsapp-image-2025-08-07-at-13.38.50-2.jpeg\" \/>\n\t<meta property=\"og:image:width\" content=\"1600\" \/>\n\t<meta property=\"og:image:height\" content=\"1066\" \/>\n\t<meta property=\"og:image:type\" content=\"image\/jpeg\" \/>\n<meta name=\"twitter:card\" content=\"summary_large_image\" \/>\n<meta name=\"twitter:label1\" content=\"Escrito por\" \/>\n\t<meta name=\"twitter:data1\" content=\"elpuucnoticias\" \/>\n\t<meta name=\"twitter:label2\" content=\"Tiempo de lectura\" \/>\n\t<meta name=\"twitter:data2\" content=\"2 minutos\" \/>\n<script type=\"application\/ld+json\" class=\"yoast-schema-graph\">{\"@context\":\"https:\/\/schema.org\",\"@graph\":[{\"@type\":\"WebSite\",\"@id\":\"https:\/\/elpuucnoticias.com\/#website\",\"url\":\"https:\/\/elpuucnoticias.com\/\",\"name\":\"El Puuc Noticias\",\"description\":\"Noticias - Entretenimiento - Deportes\",\"potentialAction\":[{\"@type\":\"SearchAction\",\"target\":{\"@type\":\"EntryPoint\",\"urlTemplate\":\"https:\/\/elpuucnoticias.com\/?s={search_term_string}\"},\"query-input\":\"required name=search_term_string\"}],\"inLanguage\":\"es\"},{\"@type\":\"ImageObject\",\"@id\":\"https:\/\/elpuucnoticias.com\/?p=20527#primaryimage\",\"inLanguage\":\"es\",\"url\":\"https:\/\/elpuucnoticias.com\/wp-content\/uploads\/2025\/08\/whatsapp-image-2025-08-07-at-13.38.50-2.jpeg\",\"contentUrl\":\"https:\/\/elpuucnoticias.com\/wp-content\/uploads\/2025\/08\/whatsapp-image-2025-08-07-at-13.38.50-2.jpeg\",\"width\":1600,\"height\":1066},{\"@type\":\"WebPage\",\"@id\":\"https:\/\/elpuucnoticias.com\/?p=20527#webpage\",\"url\":\"https:\/\/elpuucnoticias.com\/?p=20527\",\"name\":\"Inaugura Cristina Torres G\u00f3mez Reuni\u00f3n Regional Sur del Consejo Nacional de Funcionarios del Registro Civil - El Puuc Noticias\",\"isPartOf\":{\"@id\":\"https:\/\/elpuucnoticias.com\/#website\"},\"primaryImageOfPage\":{\"@id\":\"https:\/\/elpuucnoticias.com\/?p=20527#primaryimage\"},\"datePublished\":\"2025-08-08T17:14:15+00:00\",\"dateModified\":\"2025-08-08T17:14:15+00:00\",\"author\":{\"@id\":\"https:\/\/elpuucnoticias.com\/#\/schema\/person\/d2ea09e4c97f0160b11cdfb1d856bd9e\"},\"breadcrumb\":{\"@id\":\"https:\/\/elpuucnoticias.com\/?p=20527#breadcrumb\"},\"inLanguage\":\"es\",\"potentialAction\":[{\"@type\":\"ReadAction\",\"target\":[\"https:\/\/elpuucnoticias.com\/?p=20527\"]}]},{\"@type\":\"BreadcrumbList\",\"@id\":\"https:\/\/elpuucnoticias.com\/?p=20527#breadcrumb\",\"itemListElement\":[{\"@type\":\"ListItem\",\"position\":1,\"name\":\"Portada\",\"item\":\"https:\/\/elpuucnoticias.com\/\"},{\"@type\":\"ListItem\",\"position\":2,\"name\":\"Inaugura Cristina Torres G\u00f3mez Reuni\u00f3n Regional Sur del Consejo Nacional de Funcionarios del Registro Civil\"}]},{\"@type\":\"Person\",\"@id\":\"https:\/\/elpuucnoticias.com\/#\/schema\/person\/d2ea09e4c97f0160b11cdfb1d856bd9e\",\"name\":\"elpuucnoticias\",\"image\":{\"@type\":\"ImageObject\",\"@id\":\"https:\/\/elpuucnoticias.com\/#personlogo\",\"inLanguage\":\"es\",\"url\":\"https:\/\/secure.gravatar.com\/avatar\/5290a43657c74ffa15701dbe5b846bd85cc71930d803c84e91046a7333de6ce2?s=96&d=mm&r=g\",\"contentUrl\":\"https:\/\/secure.gravatar.com\/avatar\/5290a43657c74ffa15701dbe5b846bd85cc71930d803c84e91046a7333de6ce2?s=96&d=mm&r=g\",\"caption\":\"elpuucnoticias\"},\"sameAs\":[\"https:\/\/elpuucnoticias.com\"],\"url\":\"https:\/\/elpuucnoticias.com\/?author=1\"}]}<\/script>\n<!-- \/ Yoast SEO plugin. -->","yoast_head_json":{"title":"Inaugura Cristina Torres G\u00f3mez Reuni\u00f3n Regional Sur del Consejo Nacional de Funcionarios del Registro Civil - El Puuc Noticias","robots":{"index":"index","follow":"follow","max-snippet":"max-snippet:-1","max-image-preview":"max-image-preview:large","max-video-preview":"max-video-preview:-1"},"canonical":"https:\/\/elpuucnoticias.com\/?p=20527","og_locale":"es_ES","og_type":"article","og_title":"Inaugura Cristina Torres G\u00f3mez Reuni\u00f3n Regional Sur del Consejo Nacional de Funcionarios del Registro Civil - El Puuc Noticias","og_description":"En representaci\u00f3n de la gobernadora Mara Lezama Espinosa, la secretaria de Gobierno, Cristina Torres G\u00f3mez, inaugur\u00f3 en esta","og_url":"https:\/\/elpuucnoticias.com\/?p=20527","og_site_name":"El Puuc Noticias","article_published_time":"2025-08-08T17:14:15+00:00","og_image":[{"width":1600,"height":1066,"url":"https:\/\/elpuucnoticias.com\/wp-content\/uploads\/2025\/08\/whatsapp-image-2025-08-07-at-13.38.50-2.jpeg","type":"image\/jpeg"}],"twitter_card":"summary_large_image","twitter_misc":{"Escrito por":"elpuucnoticias","Tiempo de lectura":"2 minutos"},"schema":{"@context":"https:\/\/schema.org","@graph":[{"@type":"WebSite","@id":"https:\/\/elpuucnoticias.com\/#website","url":"https:\/\/elpuucnoticias.com\/","name":"El Puuc Noticias","description":"Noticias - Entretenimiento - Deportes","potentialAction":[{"@type":"SearchAction","target":{"@type":"EntryPoint","urlTemplate":"https:\/\/elpuucnoticias.com\/?s={search_term_string}"},"query-input":"required name=search_term_string"}],"inLanguage":"es"},{"@type":"ImageObject","@id":"https:\/\/elpuucnoticias.com\/?p=20527#primaryimage","inLanguage":"es","url":"https:\/\/elpuucnoticias.com\/wp-content\/uploads\/2025\/08\/whatsapp-image-2025-08-07-at-13.38.50-2.jpeg","contentUrl":"https:\/\/elpuucnoticias.com\/wp-content\/uploads\/2025\/08\/whatsapp-image-2025-08-07-at-13.38.50-2.jpeg","width":1600,"height":1066},{"@type":"WebPage","@id":"https:\/\/elpuucnoticias.com\/?p=20527#webpage","url":"https:\/\/elpuucnoticias.com\/?p=20527","name":"Inaugura Cristina Torres G\u00f3mez Reuni\u00f3n Regional Sur del Consejo Nacional de Funcionarios del Registro Civil - El Puuc Noticias","isPartOf":{"@id":"https:\/\/elpuucnoticias.com\/#website"},"primaryImageOfPage":{"@id":"https:\/\/elpuucnoticias.com\/?p=20527#primaryimage"},"datePublished":"2025-08-08T17:14:15+00:00","dateModified":"2025-08-08T17:14:15+00:00","author":{"@id":"https:\/\/elpuucnoticias.com\/#\/schema\/person\/d2ea09e4c97f0160b11cdfb1d856bd9e"},"breadcrumb":{"@id":"https:\/\/elpuucnoticias.com\/?p=20527#breadcrumb"},"inLanguage":"es","potentialAction":[{"@type":"ReadAction","target":["https:\/\/elpuucnoticias.com\/?p=20527"]}]},{"@type":"BreadcrumbList","@id":"https:\/\/elpuucnoticias.com\/?p=20527#breadcrumb","itemListElement":[{"@type":"ListItem","position":1,"name":"Portada","item":"https:\/\/elpuucnoticias.com\/"},{"@type":"ListItem","position":2,"name":"Inaugura Cristina Torres G\u00f3mez Reuni\u00f3n Regional Sur del Consejo Nacional de Funcionarios del Registro Civil"}]},{"@type":"Person","@id":"https:\/\/elpuucnoticias.com\/#\/schema\/person\/d2ea09e4c97f0160b11cdfb1d856bd9e","name":"elpuucnoticias","image":{"@type":"ImageObject","@id":"https:\/\/elpuucnoticias.com\/#personlogo","inLanguage":"es","url":"https:\/\/secure.gravatar.com\/avatar\/5290a43657c74ffa15701dbe5b846bd85cc71930d803c84e91046a7333de6ce2?s=96&d=mm&r=g","contentUrl":"https:\/\/secure.gravatar.com\/avatar\/5290a43657c74ffa15701dbe5b846bd85cc71930d803c84e91046a7333de6ce2?s=96&d=mm&r=g","caption":"elpuucnoticias"},"sameAs":["https:\/\/elpuucnoticias.com"],"url":"https:\/\/elpuucnoticias.com\/?author=1"}]}},"_links":{"self":[{"href":"https:\/\/elpuucnoticias.com\/index.php?rest_route=\/wp\/v2\/posts\/20527","targetHints":{"allow":["GET"]}}],"collection":[{"href":"https:\/\/elpuucnoticias.com\/index.php?rest_route=\/wp\/v2\/posts"}],"about":[{"href":"https:\/\/elpuucnoticias.com\/index.php?rest_route=\/wp\/v2\/types\/post"}],"author":[{"embeddable":true,"href":"https:\/\/elpuucnoticias.com\/index.php?rest_route=\/wp\/v2\/users\/1"}],"replies":[{"embeddable":true,"href":"https:\/\/elpuucnoticias.com\/index.php?rest_route=%2Fwp%2Fv2%2Fcomments&post=20527"}],"version-history":[{"count":1,"href":"https:\/\/elpuucnoticias.com\/index.php?rest_route=\/wp\/v2\/posts\/20527\/revisions"}],"predecessor-version":[{"id":20529,"href":"https:\/\/elpuucnoticias.com\/index.php?rest_route=\/wp\/v2\/posts\/20527\/revisions\/20529"}],"wp:featuredmedia":[{"embeddable":true,"href":"https:\/\/elpuucnoticias.com\/index.php?rest_route=\/wp\/v2\/media\/20528"}],"wp:attachment":[{"href":"https:\/\/elpuucnoticias.com\/index.php?rest_route=%2Fwp%2Fv2%2Fmedia&parent=20527"}],"wp:term":[{"taxonomy":"category","embeddable":true,"href":"https:\/\/elpuucnoticias.com\/index.php?rest_route=%2Fwp%2Fv2%2Fcategories&post=20527"},{"taxonomy":"post_tag","embeddable":true,"href":"https:\/\/elpuucnoticias.com\/index.php?rest_route=%2Fwp%2Fv2%2Ftags&post=20527"}],"curies":[{"name":"wp","href":"https:\/\/api.w.org\/{rel}","templated":true}]}}