{"id":20535,"date":"2025-08-08T12:57:21","date_gmt":"2025-08-08T18:57:21","guid":{"rendered":"https:\/\/elpuucnoticias.com\/?p=20535"},"modified":"2025-08-08T12:57:22","modified_gmt":"2025-08-08T18:57:22","slug":"listos-dos-atletas-quintanarroenses-para-representar-a-mexico-en-los-juegos-panamericanos-junior-de-asuncion-2025","status":"publish","type":"post","link":"https:\/\/elpuucnoticias.com\/?p=20535","title":{"rendered":"Listos dos atletas quintanarroenses para representar a M\u00e9xico en los Juegos Panamericanos Junior de Asunci\u00f3n 2025"},"content":{"rendered":"\n<p>Los atletas quintanarroenses Andr\u00e9s Dupont Cabrera, en la disciplina de nataci\u00f3n, y Jer\u00f3nimo Abogado Irishstephenson, en vela, fueron confirmados como integrantes de la Delegaci\u00f3n Mexicana que participar\u00e1 en la segunda edici\u00f3n de los Juegos Panamericanos Junior, a realizarse del 9 al 23 de agosto en Asunci\u00f3n, Paraguay.<\/p>\n\n\n\n<p>En concordancia con el Nuevo Acuerdo por el Bienestar y Desarrollo impulsado por la gobernadora Mara Lezama Espinosa, la Comisi\u00f3n del Deporte de Quintana Roo \u2014presidida por Jacobo Arzate Hop\u2014 trabaja para respaldar a las y los atletas del estado a trav\u00e9s de diversos apoyos, como el programa de becas deportivas.<\/p>\n\n\n\n<p>Ambos deportistas fueron notificados por sus respectivas federaciones para formar parte del grupo de 378 atletas que viajar\u00e1n a Sudam\u00e9rica para representar a M\u00e9xico en esta importante justa deportiva continental, donde buscar\u00e1n sumar medallas para el pa\u00eds.<\/p>\n\n\n\n<figure class=\"wp-block-image is-style-default\"><a href=\"https:\/\/cgc.qroo.gob.mx\/cjg\/wp-content\/uploads\/2025\/08\/Imagen-de-WhatsApp-2025-08-07-a-las-14.52.17_ae9ea875.jpg\"><img decoding=\"async\" src=\"https:\/\/cgc.qroo.gob.mx\/cjg\/wp-content\/uploads\/2025\/08\/Imagen-de-WhatsApp-2025-08-07-a-las-14.52.17_ae9ea875-585x408.jpg\" alt=\"\" title=\"Imagen de WhatsApp 2025-08-07 a las 14.52.17_ae9ea875\"\/><\/a><\/figure>\n\n\n\n<p>Cabe destacar que Andr\u00e9s Dupont regres\u00f3 recientemente del Campeonato Mundial de Deportes Acu\u00e1ticos, donde tuvo una destacada participaci\u00f3n en las pruebas de relevos. Seg\u00fan el calendario del evento, la actividad de nataci\u00f3n est\u00e1 programada del 10 al 14 de agosto.<\/p>\n\n\n\n<p>Por su parte, Jer\u00f3nimo Abogado Irishstephenson se ha consolidado como la principal figura del velerismo en Quintana Roo y buscar\u00e1 brillar a nivel internacional representando a M\u00e9xico. Las competencias de vela est\u00e1n previstas del 15 al 17 de agosto.<\/p>\n\n\n\n<p>Este evento representa una oportunidad clave dentro del ciclo de competencias rumbo a los Juegos Ol\u00edmpicos de Los \u00c1ngeles 2028, ya que permite a los atletas acumular puntos y escalar posiciones en el ranking internacional.<\/p>\n","protected":false},"excerpt":{"rendered":"<p>Los atletas quintanarroenses Andr\u00e9s Dupont Cabrera, en la disciplina de nataci\u00f3n, y Jer\u00f3nimo Abogado Irishstephenson, en vela, fueron<\/p>\n","protected":false},"author":1,"featured_media":20536,"comment_status":"closed","ping_status":"open","sticky":false,"template":"","format":"standard","meta":{"_monsterinsights_skip_tracking":false,"_monsterinsights_sitenote_active":false,"_monsterinsights_sitenote_note":"","_monsterinsights_sitenote_category":0,"footnotes":""},"categories":[11,24],"tags":[],"class_list":["post-20535","post","type-post","status-publish","format-standard","has-post-thumbnail","hentry","category-noticias","category-quintana-roo"],"yoast_head":"<!-- This site is optimized with the Yoast SEO plugin v18.3 - https:\/\/yoast.com\/wordpress\/plugins\/seo\/ -->\n<title>Listos dos atletas quintanarroenses para representar a M\u00e9xico en los Juegos Panamericanos Junior de Asunci\u00f3n 2025 - El Puuc Noticias<\/title>\n<meta name=\"robots\" content=\"index, follow, max-snippet:-1, max-image-preview:large, max-video-preview:-1\" \/>\n<link rel=\"canonical\" href=\"https:\/\/elpuucnoticias.com\/?p=20535\" \/>\n<meta property=\"og:locale\" content=\"es_ES\" \/>\n<meta property=\"og:type\" content=\"article\" \/>\n<meta property=\"og:title\" content=\"Listos dos atletas quintanarroenses para representar a M\u00e9xico en los Juegos Panamericanos Junior de Asunci\u00f3n 2025 - El Puuc Noticias\" \/>\n<meta property=\"og:description\" content=\"Los atletas quintanarroenses Andr\u00e9s Dupont Cabrera, en la disciplina de nataci\u00f3n, y Jer\u00f3nimo Abogado Irishstephenson, en vela, fueron\" \/>\n<meta property=\"og:url\" content=\"https:\/\/elpuucnoticias.com\/?p=20535\" \/>\n<meta property=\"og:site_name\" content=\"El Puuc Noticias\" \/>\n<meta property=\"article:published_time\" content=\"2025-08-08T18:57:21+00:00\" \/>\n<meta property=\"article:modified_time\" content=\"2025-08-08T18:57:22+00:00\" \/>\n<meta property=\"og:image\" content=\"https:\/\/elpuucnoticias.com\/wp-content\/uploads\/2025\/08\/imagen-de-whatsapp-2025-08-07-a-las-14.52.17_58a1e8ff.jpg\" \/>\n\t<meta property=\"og:image:width\" content=\"791\" \/>\n\t<meta property=\"og:image:height\" content=\"1123\" \/>\n\t<meta property=\"og:image:type\" content=\"image\/jpeg\" \/>\n<meta name=\"twitter:card\" content=\"summary_large_image\" \/>\n<meta name=\"twitter:label1\" content=\"Escrito por\" \/>\n\t<meta name=\"twitter:data1\" content=\"elpuucnoticias\" \/>\n\t<meta name=\"twitter:label2\" content=\"Tiempo de lectura\" \/>\n\t<meta name=\"twitter:data2\" content=\"1 minuto\" \/>\n<script type=\"application\/ld+json\" class=\"yoast-schema-graph\">{\"@context\":\"https:\/\/schema.org\",\"@graph\":[{\"@type\":\"WebSite\",\"@id\":\"https:\/\/elpuucnoticias.com\/#website\",\"url\":\"https:\/\/elpuucnoticias.com\/\",\"name\":\"El Puuc Noticias\",\"description\":\"Noticias - Entretenimiento - Deportes\",\"potentialAction\":[{\"@type\":\"SearchAction\",\"target\":{\"@type\":\"EntryPoint\",\"urlTemplate\":\"https:\/\/elpuucnoticias.com\/?s={search_term_string}\"},\"query-input\":\"required name=search_term_string\"}],\"inLanguage\":\"es\"},{\"@type\":\"ImageObject\",\"@id\":\"https:\/\/elpuucnoticias.com\/?p=20535#primaryimage\",\"inLanguage\":\"es\",\"url\":\"https:\/\/elpuucnoticias.com\/wp-content\/uploads\/2025\/08\/imagen-de-whatsapp-2025-08-07-a-las-14.52.17_58a1e8ff.jpg\",\"contentUrl\":\"https:\/\/elpuucnoticias.com\/wp-content\/uploads\/2025\/08\/imagen-de-whatsapp-2025-08-07-a-las-14.52.17_58a1e8ff.jpg\",\"width\":791,\"height\":1123},{\"@type\":\"WebPage\",\"@id\":\"https:\/\/elpuucnoticias.com\/?p=20535#webpage\",\"url\":\"https:\/\/elpuucnoticias.com\/?p=20535\",\"name\":\"Listos dos atletas quintanarroenses para representar a M\u00e9xico en los Juegos Panamericanos Junior de Asunci\u00f3n 2025 - El Puuc Noticias\",\"isPartOf\":{\"@id\":\"https:\/\/elpuucnoticias.com\/#website\"},\"primaryImageOfPage\":{\"@id\":\"https:\/\/elpuucnoticias.com\/?p=20535#primaryimage\"},\"datePublished\":\"2025-08-08T18:57:21+00:00\",\"dateModified\":\"2025-08-08T18:57:22+00:00\",\"author\":{\"@id\":\"https:\/\/elpuucnoticias.com\/#\/schema\/person\/d2ea09e4c97f0160b11cdfb1d856bd9e\"},\"breadcrumb\":{\"@id\":\"https:\/\/elpuucnoticias.com\/?p=20535#breadcrumb\"},\"inLanguage\":\"es\",\"potentialAction\":[{\"@type\":\"ReadAction\",\"target\":[\"https:\/\/elpuucnoticias.com\/?p=20535\"]}]},{\"@type\":\"BreadcrumbList\",\"@id\":\"https:\/\/elpuucnoticias.com\/?p=20535#breadcrumb\",\"itemListElement\":[{\"@type\":\"ListItem\",\"position\":1,\"name\":\"Portada\",\"item\":\"https:\/\/elpuucnoticias.com\/\"},{\"@type\":\"ListItem\",\"position\":2,\"name\":\"Listos dos atletas quintanarroenses para representar a M\u00e9xico en los Juegos Panamericanos Junior de Asunci\u00f3n 2025\"}]},{\"@type\":\"Person\",\"@id\":\"https:\/\/elpuucnoticias.com\/#\/schema\/person\/d2ea09e4c97f0160b11cdfb1d856bd9e\",\"name\":\"elpuucnoticias\",\"image\":{\"@type\":\"ImageObject\",\"@id\":\"https:\/\/elpuucnoticias.com\/#personlogo\",\"inLanguage\":\"es\",\"url\":\"https:\/\/secure.gravatar.com\/avatar\/5290a43657c74ffa15701dbe5b846bd85cc71930d803c84e91046a7333de6ce2?s=96&d=mm&r=g\",\"contentUrl\":\"https:\/\/secure.gravatar.com\/avatar\/5290a43657c74ffa15701dbe5b846bd85cc71930d803c84e91046a7333de6ce2?s=96&d=mm&r=g\",\"caption\":\"elpuucnoticias\"},\"sameAs\":[\"https:\/\/elpuucnoticias.com\"],\"url\":\"https:\/\/elpuucnoticias.com\/?author=1\"}]}<\/script>\n<!-- \/ Yoast SEO plugin. -->","yoast_head_json":{"title":"Listos dos atletas quintanarroenses para representar a M\u00e9xico en los Juegos Panamericanos Junior de Asunci\u00f3n 2025 - El Puuc Noticias","robots":{"index":"index","follow":"follow","max-snippet":"max-snippet:-1","max-image-preview":"max-image-preview:large","max-video-preview":"max-video-preview:-1"},"canonical":"https:\/\/elpuucnoticias.com\/?p=20535","og_locale":"es_ES","og_type":"article","og_title":"Listos dos atletas quintanarroenses para representar a M\u00e9xico en los Juegos Panamericanos Junior de Asunci\u00f3n 2025 - El Puuc Noticias","og_description":"Los atletas quintanarroenses Andr\u00e9s Dupont Cabrera, en la disciplina de nataci\u00f3n, y Jer\u00f3nimo Abogado Irishstephenson, en vela, fueron","og_url":"https:\/\/elpuucnoticias.com\/?p=20535","og_site_name":"El Puuc Noticias","article_published_time":"2025-08-08T18:57:21+00:00","article_modified_time":"2025-08-08T18:57:22+00:00","og_image":[{"width":791,"height":1123,"url":"https:\/\/elpuucnoticias.com\/wp-content\/uploads\/2025\/08\/imagen-de-whatsapp-2025-08-07-a-las-14.52.17_58a1e8ff.jpg","type":"image\/jpeg"}],"twitter_card":"summary_large_image","twitter_misc":{"Escrito por":"elpuucnoticias","Tiempo de lectura":"1 minuto"},"schema":{"@context":"https:\/\/schema.org","@graph":[{"@type":"WebSite","@id":"https:\/\/elpuucnoticias.com\/#website","url":"https:\/\/elpuucnoticias.com\/","name":"El Puuc Noticias","description":"Noticias - Entretenimiento - Deportes","potentialAction":[{"@type":"SearchAction","target":{"@type":"EntryPoint","urlTemplate":"https:\/\/elpuucnoticias.com\/?s={search_term_string}"},"query-input":"required name=search_term_string"}],"inLanguage":"es"},{"@type":"ImageObject","@id":"https:\/\/elpuucnoticias.com\/?p=20535#primaryimage","inLanguage":"es","url":"https:\/\/elpuucnoticias.com\/wp-content\/uploads\/2025\/08\/imagen-de-whatsapp-2025-08-07-a-las-14.52.17_58a1e8ff.jpg","contentUrl":"https:\/\/elpuucnoticias.com\/wp-content\/uploads\/2025\/08\/imagen-de-whatsapp-2025-08-07-a-las-14.52.17_58a1e8ff.jpg","width":791,"height":1123},{"@type":"WebPage","@id":"https:\/\/elpuucnoticias.com\/?p=20535#webpage","url":"https:\/\/elpuucnoticias.com\/?p=20535","name":"Listos dos atletas quintanarroenses para representar a M\u00e9xico en los Juegos Panamericanos Junior de Asunci\u00f3n 2025 - El Puuc Noticias","isPartOf":{"@id":"https:\/\/elpuucnoticias.com\/#website"},"primaryImageOfPage":{"@id":"https:\/\/elpuucnoticias.com\/?p=20535#primaryimage"},"datePublished":"2025-08-08T18:57:21+00:00","dateModified":"2025-08-08T18:57:22+00:00","author":{"@id":"https:\/\/elpuucnoticias.com\/#\/schema\/person\/d2ea09e4c97f0160b11cdfb1d856bd9e"},"breadcrumb":{"@id":"https:\/\/elpuucnoticias.com\/?p=20535#breadcrumb"},"inLanguage":"es","potentialAction":[{"@type":"ReadAction","target":["https:\/\/elpuucnoticias.com\/?p=20535"]}]},{"@type":"BreadcrumbList","@id":"https:\/\/elpuucnoticias.com\/?p=20535#breadcrumb","itemListElement":[{"@type":"ListItem","position":1,"name":"Portada","item":"https:\/\/elpuucnoticias.com\/"},{"@type":"ListItem","position":2,"name":"Listos dos atletas quintanarroenses para representar a M\u00e9xico en los Juegos Panamericanos Junior de Asunci\u00f3n 2025"}]},{"@type":"Person","@id":"https:\/\/elpuucnoticias.com\/#\/schema\/person\/d2ea09e4c97f0160b11cdfb1d856bd9e","name":"elpuucnoticias","image":{"@type":"ImageObject","@id":"https:\/\/elpuucnoticias.com\/#personlogo","inLanguage":"es","url":"https:\/\/secure.gravatar.com\/avatar\/5290a43657c74ffa15701dbe5b846bd85cc71930d803c84e91046a7333de6ce2?s=96&d=mm&r=g","contentUrl":"https:\/\/secure.gravatar.com\/avatar\/5290a43657c74ffa15701dbe5b846bd85cc71930d803c84e91046a7333de6ce2?s=96&d=mm&r=g","caption":"elpuucnoticias"},"sameAs":["https:\/\/elpuucnoticias.com"],"url":"https:\/\/elpuucnoticias.com\/?author=1"}]}},"_links":{"self":[{"href":"https:\/\/elpuucnoticias.com\/index.php?rest_route=\/wp\/v2\/posts\/20535","targetHints":{"allow":["GET"]}}],"collection":[{"href":"https:\/\/elpuucnoticias.com\/index.php?rest_route=\/wp\/v2\/posts"}],"about":[{"href":"https:\/\/elpuucnoticias.com\/index.php?rest_route=\/wp\/v2\/types\/post"}],"author":[{"embeddable":true,"href":"https:\/\/elpuucnoticias.com\/index.php?rest_route=\/wp\/v2\/users\/1"}],"replies":[{"embeddable":true,"href":"https:\/\/elpuucnoticias.com\/index.php?rest_route=%2Fwp%2Fv2%2Fcomments&post=20535"}],"version-history":[{"count":1,"href":"https:\/\/elpuucnoticias.com\/index.php?rest_route=\/wp\/v2\/posts\/20535\/revisions"}],"predecessor-version":[{"id":20537,"href":"https:\/\/elpuucnoticias.com\/index.php?rest_route=\/wp\/v2\/posts\/20535\/revisions\/20537"}],"wp:featuredmedia":[{"embeddable":true,"href":"https:\/\/elpuucnoticias.com\/index.php?rest_route=\/wp\/v2\/media\/20536"}],"wp:attachment":[{"href":"https:\/\/elpuucnoticias.com\/index.php?rest_route=%2Fwp%2Fv2%2Fmedia&parent=20535"}],"wp:term":[{"taxonomy":"category","embeddable":true,"href":"https:\/\/elpuucnoticias.com\/index.php?rest_route=%2Fwp%2Fv2%2Fcategories&post=20535"},{"taxonomy":"post_tag","embeddable":true,"href":"https:\/\/elpuucnoticias.com\/index.php?rest_route=%2Fwp%2Fv2%2Ftags&post=20535"}],"curies":[{"name":"wp","href":"https:\/\/api.w.org\/{rel}","templated":true}]}}