{"id":20541,"date":"2025-08-08T13:03:11","date_gmt":"2025-08-08T19:03:11","guid":{"rendered":"https:\/\/elpuucnoticias.com\/?p=20541"},"modified":"2025-08-08T13:03:12","modified_gmt":"2025-08-08T19:03:12","slug":"mara-lezama-y-director-nacional-de-fonatur-sebastian-ramirez-revisan-avances-en-la-coordinacion-para-fortalecer-el-desarrollo-turistico-de-quintana-roo","status":"publish","type":"post","link":"https:\/\/elpuucnoticias.com\/?p=20541","title":{"rendered":"Mara Lezama y director nacional de FONATUR, Sebasti\u00e1n Ram\u00edrez revisan avances en la coordinaci\u00f3n para fortalecer el desarrollo tur\u00edstico de Quintana Roo"},"content":{"rendered":"\n<p>La gobernadora Mara Lezama Espinosa sostuvo una reuni\u00f3n de trabajo con el director general de FONATUR, Sebasti\u00e1n Ram\u00edrez Mendoza, en la que revisaron avances de las acciones que se realizan en Quintana Roo.<\/p>\n\n\n\n<p>Entre los temas destacan la revisi\u00f3n de los avances en la planeaci\u00f3n, programaci\u00f3n, ejecuci\u00f3n, mantenimiento, administraci\u00f3n, conservaci\u00f3n, evaluaci\u00f3n o cualquier otra actividad relacionada con el funcionamiento de la zona hotelera de Canc\u00fan y la Marina Cozumel.<\/p>\n\n\n\n<p>Como se sabe, desde julio del a\u00f1o pasado qued\u00f3 ya constituido el nuevo organismo que sustituye al Fondo Nacional de Fomento al Turismo (Fonatur) en el mantenimiento de la zona hotelera de Canc\u00fan y la Marina Cozumel.<\/p>\n\n\n\n<p>Se revisaron los temas relacionados con la transferencia de las obligaciones y responsabilidades de conservaci\u00f3n, operaci\u00f3n y mantenimiento que hasta el a\u00f1o pasado desempe\u00f1aba el gobierno federal en ambos sitios.<\/p>\n\n\n\n<p>Asimismo, se analizaron esquemas de colaboraci\u00f3n para la implementaci\u00f3n de programas de infraestructura y desarrollo tur\u00edstico en los diversos destinos del estado.<\/p>\n","protected":false},"excerpt":{"rendered":"<p>La gobernadora Mara Lezama Espinosa sostuvo una reuni\u00f3n de trabajo con el director general de FONATUR, Sebasti\u00e1n Ram\u00edrez<\/p>\n","protected":false},"author":1,"featured_media":20542,"comment_status":"closed","ping_status":"open","sticky":false,"template":"","format":"standard","meta":{"_monsterinsights_skip_tracking":false,"_monsterinsights_sitenote_active":false,"_monsterinsights_sitenote_note":"","_monsterinsights_sitenote_category":0,"footnotes":""},"categories":[11,24],"tags":[],"class_list":["post-20541","post","type-post","status-publish","format-standard","has-post-thumbnail","hentry","category-noticias","category-quintana-roo"],"yoast_head":"<!-- This site is optimized with the Yoast SEO plugin v18.3 - https:\/\/yoast.com\/wordpress\/plugins\/seo\/ -->\n<title>Mara Lezama y director nacional de FONATUR, Sebasti\u00e1n Ram\u00edrez revisan avances en la coordinaci\u00f3n para fortalecer el desarrollo tur\u00edstico de Quintana Roo - El Puuc Noticias<\/title>\n<meta name=\"robots\" content=\"index, follow, max-snippet:-1, max-image-preview:large, max-video-preview:-1\" \/>\n<link rel=\"canonical\" href=\"https:\/\/elpuucnoticias.com\/?p=20541\" \/>\n<meta property=\"og:locale\" content=\"es_ES\" \/>\n<meta property=\"og:type\" content=\"article\" \/>\n<meta property=\"og:title\" content=\"Mara Lezama y director nacional de FONATUR, Sebasti\u00e1n Ram\u00edrez revisan avances en la coordinaci\u00f3n para fortalecer el desarrollo tur\u00edstico de Quintana Roo - El Puuc Noticias\" \/>\n<meta property=\"og:description\" content=\"La gobernadora Mara Lezama Espinosa sostuvo una reuni\u00f3n de trabajo con el director general de FONATUR, Sebasti\u00e1n Ram\u00edrez\" \/>\n<meta property=\"og:url\" content=\"https:\/\/elpuucnoticias.com\/?p=20541\" \/>\n<meta property=\"og:site_name\" content=\"El Puuc Noticias\" \/>\n<meta property=\"article:published_time\" content=\"2025-08-08T19:03:11+00:00\" \/>\n<meta property=\"article:modified_time\" content=\"2025-08-08T19:03:12+00:00\" \/>\n<meta property=\"og:image\" content=\"https:\/\/elpuucnoticias.com\/wp-content\/uploads\/2025\/08\/50cbfe39-9c4d-402b-88bd-fd7c2dac1f96-scaled-1.jpg\" \/>\n\t<meta property=\"og:image:width\" content=\"1706\" \/>\n\t<meta property=\"og:image:height\" content=\"2560\" \/>\n\t<meta property=\"og:image:type\" content=\"image\/jpeg\" \/>\n<meta name=\"twitter:card\" content=\"summary_large_image\" \/>\n<meta name=\"twitter:label1\" content=\"Escrito por\" \/>\n\t<meta name=\"twitter:data1\" content=\"elpuucnoticias\" \/>\n\t<meta name=\"twitter:label2\" content=\"Tiempo de lectura\" \/>\n\t<meta name=\"twitter:data2\" content=\"1 minuto\" \/>\n<script type=\"application\/ld+json\" class=\"yoast-schema-graph\">{\"@context\":\"https:\/\/schema.org\",\"@graph\":[{\"@type\":\"WebSite\",\"@id\":\"https:\/\/elpuucnoticias.com\/#website\",\"url\":\"https:\/\/elpuucnoticias.com\/\",\"name\":\"El Puuc Noticias\",\"description\":\"Noticias - Entretenimiento - Deportes\",\"potentialAction\":[{\"@type\":\"SearchAction\",\"target\":{\"@type\":\"EntryPoint\",\"urlTemplate\":\"https:\/\/elpuucnoticias.com\/?s={search_term_string}\"},\"query-input\":\"required name=search_term_string\"}],\"inLanguage\":\"es\"},{\"@type\":\"ImageObject\",\"@id\":\"https:\/\/elpuucnoticias.com\/?p=20541#primaryimage\",\"inLanguage\":\"es\",\"url\":\"https:\/\/elpuucnoticias.com\/wp-content\/uploads\/2025\/08\/50cbfe39-9c4d-402b-88bd-fd7c2dac1f96-scaled-1.jpg\",\"contentUrl\":\"https:\/\/elpuucnoticias.com\/wp-content\/uploads\/2025\/08\/50cbfe39-9c4d-402b-88bd-fd7c2dac1f96-scaled-1.jpg\",\"width\":1706,\"height\":2560},{\"@type\":\"WebPage\",\"@id\":\"https:\/\/elpuucnoticias.com\/?p=20541#webpage\",\"url\":\"https:\/\/elpuucnoticias.com\/?p=20541\",\"name\":\"Mara Lezama y director nacional de FONATUR, Sebasti\u00e1n Ram\u00edrez revisan avances en la coordinaci\u00f3n para fortalecer el desarrollo tur\u00edstico de Quintana Roo - El Puuc Noticias\",\"isPartOf\":{\"@id\":\"https:\/\/elpuucnoticias.com\/#website\"},\"primaryImageOfPage\":{\"@id\":\"https:\/\/elpuucnoticias.com\/?p=20541#primaryimage\"},\"datePublished\":\"2025-08-08T19:03:11+00:00\",\"dateModified\":\"2025-08-08T19:03:12+00:00\",\"author\":{\"@id\":\"https:\/\/elpuucnoticias.com\/#\/schema\/person\/d2ea09e4c97f0160b11cdfb1d856bd9e\"},\"breadcrumb\":{\"@id\":\"https:\/\/elpuucnoticias.com\/?p=20541#breadcrumb\"},\"inLanguage\":\"es\",\"potentialAction\":[{\"@type\":\"ReadAction\",\"target\":[\"https:\/\/elpuucnoticias.com\/?p=20541\"]}]},{\"@type\":\"BreadcrumbList\",\"@id\":\"https:\/\/elpuucnoticias.com\/?p=20541#breadcrumb\",\"itemListElement\":[{\"@type\":\"ListItem\",\"position\":1,\"name\":\"Portada\",\"item\":\"https:\/\/elpuucnoticias.com\/\"},{\"@type\":\"ListItem\",\"position\":2,\"name\":\"Mara Lezama y director nacional de FONATUR, Sebasti\u00e1n Ram\u00edrez revisan avances en la coordinaci\u00f3n para fortalecer el desarrollo tur\u00edstico de Quintana Roo\"}]},{\"@type\":\"Person\",\"@id\":\"https:\/\/elpuucnoticias.com\/#\/schema\/person\/d2ea09e4c97f0160b11cdfb1d856bd9e\",\"name\":\"elpuucnoticias\",\"image\":{\"@type\":\"ImageObject\",\"@id\":\"https:\/\/elpuucnoticias.com\/#personlogo\",\"inLanguage\":\"es\",\"url\":\"https:\/\/secure.gravatar.com\/avatar\/5290a43657c74ffa15701dbe5b846bd85cc71930d803c84e91046a7333de6ce2?s=96&d=mm&r=g\",\"contentUrl\":\"https:\/\/secure.gravatar.com\/avatar\/5290a43657c74ffa15701dbe5b846bd85cc71930d803c84e91046a7333de6ce2?s=96&d=mm&r=g\",\"caption\":\"elpuucnoticias\"},\"sameAs\":[\"https:\/\/elpuucnoticias.com\"],\"url\":\"https:\/\/elpuucnoticias.com\/?author=1\"}]}<\/script>\n<!-- \/ Yoast SEO plugin. -->","yoast_head_json":{"title":"Mara Lezama y director nacional de FONATUR, Sebasti\u00e1n Ram\u00edrez revisan avances en la coordinaci\u00f3n para fortalecer el desarrollo tur\u00edstico de Quintana Roo - El Puuc Noticias","robots":{"index":"index","follow":"follow","max-snippet":"max-snippet:-1","max-image-preview":"max-image-preview:large","max-video-preview":"max-video-preview:-1"},"canonical":"https:\/\/elpuucnoticias.com\/?p=20541","og_locale":"es_ES","og_type":"article","og_title":"Mara Lezama y director nacional de FONATUR, Sebasti\u00e1n Ram\u00edrez revisan avances en la coordinaci\u00f3n para fortalecer el desarrollo tur\u00edstico de Quintana Roo - El Puuc Noticias","og_description":"La gobernadora Mara Lezama Espinosa sostuvo una reuni\u00f3n de trabajo con el director general de FONATUR, Sebasti\u00e1n Ram\u00edrez","og_url":"https:\/\/elpuucnoticias.com\/?p=20541","og_site_name":"El Puuc Noticias","article_published_time":"2025-08-08T19:03:11+00:00","article_modified_time":"2025-08-08T19:03:12+00:00","og_image":[{"width":1706,"height":2560,"url":"https:\/\/elpuucnoticias.com\/wp-content\/uploads\/2025\/08\/50cbfe39-9c4d-402b-88bd-fd7c2dac1f96-scaled-1.jpg","type":"image\/jpeg"}],"twitter_card":"summary_large_image","twitter_misc":{"Escrito por":"elpuucnoticias","Tiempo de lectura":"1 minuto"},"schema":{"@context":"https:\/\/schema.org","@graph":[{"@type":"WebSite","@id":"https:\/\/elpuucnoticias.com\/#website","url":"https:\/\/elpuucnoticias.com\/","name":"El Puuc Noticias","description":"Noticias - Entretenimiento - Deportes","potentialAction":[{"@type":"SearchAction","target":{"@type":"EntryPoint","urlTemplate":"https:\/\/elpuucnoticias.com\/?s={search_term_string}"},"query-input":"required name=search_term_string"}],"inLanguage":"es"},{"@type":"ImageObject","@id":"https:\/\/elpuucnoticias.com\/?p=20541#primaryimage","inLanguage":"es","url":"https:\/\/elpuucnoticias.com\/wp-content\/uploads\/2025\/08\/50cbfe39-9c4d-402b-88bd-fd7c2dac1f96-scaled-1.jpg","contentUrl":"https:\/\/elpuucnoticias.com\/wp-content\/uploads\/2025\/08\/50cbfe39-9c4d-402b-88bd-fd7c2dac1f96-scaled-1.jpg","width":1706,"height":2560},{"@type":"WebPage","@id":"https:\/\/elpuucnoticias.com\/?p=20541#webpage","url":"https:\/\/elpuucnoticias.com\/?p=20541","name":"Mara Lezama y director nacional de FONATUR, Sebasti\u00e1n Ram\u00edrez revisan avances en la coordinaci\u00f3n para fortalecer el desarrollo tur\u00edstico de Quintana Roo - El Puuc Noticias","isPartOf":{"@id":"https:\/\/elpuucnoticias.com\/#website"},"primaryImageOfPage":{"@id":"https:\/\/elpuucnoticias.com\/?p=20541#primaryimage"},"datePublished":"2025-08-08T19:03:11+00:00","dateModified":"2025-08-08T19:03:12+00:00","author":{"@id":"https:\/\/elpuucnoticias.com\/#\/schema\/person\/d2ea09e4c97f0160b11cdfb1d856bd9e"},"breadcrumb":{"@id":"https:\/\/elpuucnoticias.com\/?p=20541#breadcrumb"},"inLanguage":"es","potentialAction":[{"@type":"ReadAction","target":["https:\/\/elpuucnoticias.com\/?p=20541"]}]},{"@type":"BreadcrumbList","@id":"https:\/\/elpuucnoticias.com\/?p=20541#breadcrumb","itemListElement":[{"@type":"ListItem","position":1,"name":"Portada","item":"https:\/\/elpuucnoticias.com\/"},{"@type":"ListItem","position":2,"name":"Mara Lezama y director nacional de FONATUR, Sebasti\u00e1n Ram\u00edrez revisan avances en la coordinaci\u00f3n para fortalecer el desarrollo tur\u00edstico de Quintana Roo"}]},{"@type":"Person","@id":"https:\/\/elpuucnoticias.com\/#\/schema\/person\/d2ea09e4c97f0160b11cdfb1d856bd9e","name":"elpuucnoticias","image":{"@type":"ImageObject","@id":"https:\/\/elpuucnoticias.com\/#personlogo","inLanguage":"es","url":"https:\/\/secure.gravatar.com\/avatar\/5290a43657c74ffa15701dbe5b846bd85cc71930d803c84e91046a7333de6ce2?s=96&d=mm&r=g","contentUrl":"https:\/\/secure.gravatar.com\/avatar\/5290a43657c74ffa15701dbe5b846bd85cc71930d803c84e91046a7333de6ce2?s=96&d=mm&r=g","caption":"elpuucnoticias"},"sameAs":["https:\/\/elpuucnoticias.com"],"url":"https:\/\/elpuucnoticias.com\/?author=1"}]}},"_links":{"self":[{"href":"https:\/\/elpuucnoticias.com\/index.php?rest_route=\/wp\/v2\/posts\/20541","targetHints":{"allow":["GET"]}}],"collection":[{"href":"https:\/\/elpuucnoticias.com\/index.php?rest_route=\/wp\/v2\/posts"}],"about":[{"href":"https:\/\/elpuucnoticias.com\/index.php?rest_route=\/wp\/v2\/types\/post"}],"author":[{"embeddable":true,"href":"https:\/\/elpuucnoticias.com\/index.php?rest_route=\/wp\/v2\/users\/1"}],"replies":[{"embeddable":true,"href":"https:\/\/elpuucnoticias.com\/index.php?rest_route=%2Fwp%2Fv2%2Fcomments&post=20541"}],"version-history":[{"count":1,"href":"https:\/\/elpuucnoticias.com\/index.php?rest_route=\/wp\/v2\/posts\/20541\/revisions"}],"predecessor-version":[{"id":20543,"href":"https:\/\/elpuucnoticias.com\/index.php?rest_route=\/wp\/v2\/posts\/20541\/revisions\/20543"}],"wp:featuredmedia":[{"embeddable":true,"href":"https:\/\/elpuucnoticias.com\/index.php?rest_route=\/wp\/v2\/media\/20542"}],"wp:attachment":[{"href":"https:\/\/elpuucnoticias.com\/index.php?rest_route=%2Fwp%2Fv2%2Fmedia&parent=20541"}],"wp:term":[{"taxonomy":"category","embeddable":true,"href":"https:\/\/elpuucnoticias.com\/index.php?rest_route=%2Fwp%2Fv2%2Fcategories&post=20541"},{"taxonomy":"post_tag","embeddable":true,"href":"https:\/\/elpuucnoticias.com\/index.php?rest_route=%2Fwp%2Fv2%2Ftags&post=20541"}],"curies":[{"name":"wp","href":"https:\/\/api.w.org\/{rel}","templated":true}]}}